{"id":9860,"date":"2023-03-08T17:07:51","date_gmt":"2023-03-08T20:07:51","guid":{"rendered":"https:\/\/portalmf.com.br\/?p=9860"},"modified":"2023-03-08T17:08:04","modified_gmt":"2023-03-08T20:08:04","slug":"abertas-inscricoes-do-concurso-de-majestades-da-micareta-2023","status":"publish","type":"post","link":"https:\/\/portalmf.com.br\/index.php\/2023\/03\/08\/abertas-inscricoes-do-concurso-de-majestades-da-micareta-2023\/","title":{"rendered":"Abertas inscri\u00e7\u00f5es do concurso de majestades da Micareta 2023"},"content":{"rendered":"\n<p>A Secretaria Municipal de Cultura, Esporte e Lazer publicou na edi\u00e7\u00e3o desta quarta-feira (08)&nbsp;do Di\u00e1rio Oficial do Munic\u00edpio de Feira de Santana a homologa\u00e7\u00e3o do regulamento do Concurso de Sele\u00e7\u00e3o da Rainha, Rei Momo e Princesas da Micareta 2023.&nbsp;As inscri\u00e7\u00f5es est\u00e3o abertas a partir de hoje e seguem at\u00e9 o dia 24 deste m\u00eas.&nbsp;<\/p>\n\n\n\n<p>O regulamento, que \u00e9 parte integrante da Portaria n\u00ba 02, de 07 de mar\u00e7o de 2023, tem como objetivo fomentar o desenvolvimento da produ\u00e7\u00e3o cultural, salvaguardar as tradi\u00e7\u00f5es culturais, estimular processos criativos e de pensamento cr\u00edtico que resultem em produtos culturais dos trabalhadores e trabalhadoras da cultura, e incentivar a arte popular e a cultura da Micareta.<\/p>\n\n\n\n<p>As inscri\u00e7\u00f5es s\u00e3o&nbsp;gratuitas e devem&nbsp;ser realizadas na Secretaria de Cultura, Esporte e Lazer, situada na Rua Estados Unidos, 37 \u2013 Kalil\u00e2ndia \u2013 Feira de Santana, das 08 horas \u00e0s 12 horas e das 14 horas \u00e0s 17 horas do dia 08 de mar\u00e7o de 2023, at\u00e9 o dia 24 de mar\u00e7o de 2023.<\/p>\n\n\n\n<p>Os interessados dever\u00e3o preencher os seguintes requisitos: n\u00e3o ter sido eleito na edi\u00e7\u00e3o anterior do concurso, ter disponibilidade para participar das etapas, ensaios e para cumprir, caso eleitos, os compromissos estabelecidos pela Comiss\u00e3o Organizadora, apresentar no ato da inscri\u00e7\u00e3o todos os documentos exigidos, e, para a categoria de Rainha da Micareta, a idade m\u00ednima permitida para inscri\u00e7\u00e3o \u00e9 de 18 anos. J\u00e1 para a categoria masculina (Rei Momo), o peso m\u00ednimo \u00e9 de 80kg e ter idade m\u00ednima de 18 anos.<\/p>\n\n\n\n<p>Confira o cronograma do Concurso:<\/p>\n\n\n\n<p><em>&#8211; Inscri\u00e7\u00f5es: 08.03.2023 a 24.03.2023<br>&#8211; 1\u00b0 Etapa da Sele\u00e7\u00e3o: 29.03.2023<br>&#8211; 2\u00ba Etapa da Sele\u00e7\u00e3o: 12.04.2023<\/em><\/p>\n\n\n\n<p>A Secretaria informa que tanto a c\u00f3pia da documenta\u00e7\u00e3o necess\u00e1ria para a inscri\u00e7\u00e3o, como documento de identifica\u00e7\u00e3o com foto e assinatura, t\u00edtulo de eleitor, CPF, comprovante de resid\u00eancia, ficha de inscri\u00e7\u00e3o e uma foto colorida de corpo inteiro no tamanho 10x15cm, devem ser entregues no ato da inscri\u00e7\u00e3o. O participante deve verificar toda documenta\u00e7\u00e3o entregue, n\u00e3o sendo, em hip\u00f3tese alguma, de responsabilidade da organiza\u00e7\u00e3o a confer\u00eancia.<\/p>\n\n\n\n<p>A comiss\u00e3o organizadora ressalta que este regulamento \u00e9 p\u00fablico e est\u00e1 dispon\u00edvel para consulta na Secretaria Municipal de Cultura, Esporte e Lazer.<\/p>\n\n\n\n<p>Com informa\u00e7\u00f5es da Secom<\/p>\n","protected":false},"excerpt":{"rendered":"<p>A Secretaria Municipal de Cultura, Esporte e Lazer publicou na edi\u00e7\u00e3o desta quarta-feira (08)&nbsp;do Di\u00e1rio Oficial do Munic\u00edpio de Feira de Santana a homologa\u00e7\u00e3o do regulamento do Concurso de Sele\u00e7\u00e3o da Rainha, Rei Momo e Princesas da Micareta 2023.&nbsp;As inscri\u00e7\u00f5es est\u00e3o abertas a partir de hoje e seguem at\u00e9 o dia 24 deste m\u00eas.&nbsp; O [&hellip;]<\/p>\n","protected":false},"author":3,"featured_media":9861,"comment_status":"open","ping_status":"open","sticky":false,"template":"","format":"standard","meta":{"_monsterinsights_skip_tracking":false,"_monsterinsights_sitenote_active":false,"_monsterinsights_sitenote_note":"","_monsterinsights_sitenote_category":0,"footnotes":""},"categories":[48,39],"tags":[],"yoast_head":"<!-- This site is optimized with the Yoast SEO plugin v22.9 - https:\/\/yoast.com\/wordpress\/plugins\/seo\/ -->\n<title>Abertas inscri\u00e7\u00f5es do concurso de majestades da Micareta 2023 - Portal MF<\/title>\n<meta name=\"robots\" content=\"index, follow, max-snippet:-1, max-image-preview:large, max-video-preview:-1\" \/>\n<link rel=\"canonical\" href=\"https:\/\/portalmf.com.br\/index.php\/2023\/03\/08\/abertas-inscricoes-do-concurso-de-majestades-da-micareta-2023\/\" \/>\n<meta property=\"og:locale\" content=\"pt_BR\" \/>\n<meta property=\"og:type\" content=\"article\" \/>\n<meta property=\"og:title\" content=\"Abertas inscri\u00e7\u00f5es do concurso de majestades da Micareta 2023 - Portal MF\" \/>\n<meta property=\"og:description\" content=\"A Secretaria Municipal de Cultura, Esporte e Lazer publicou na edi\u00e7\u00e3o desta quarta-feira (08)&nbsp;do Di\u00e1rio Oficial do Munic\u00edpio de Feira de Santana a homologa\u00e7\u00e3o do regulamento do Concurso de Sele\u00e7\u00e3o da Rainha, Rei Momo e Princesas da Micareta 2023.&nbsp;As inscri\u00e7\u00f5es est\u00e3o abertas a partir de hoje e seguem at\u00e9 o dia 24 deste m\u00eas.&nbsp; O [&hellip;]\" \/>\n<meta property=\"og:url\" content=\"https:\/\/portalmf.com.br\/index.php\/2023\/03\/08\/abertas-inscricoes-do-concurso-de-majestades-da-micareta-2023\/\" \/>\n<meta property=\"og:site_name\" content=\"Portal MF\" \/>\n<meta property=\"article:author\" content=\"https:\/\/www.facebook.com\/portalmfoficial\" \/>\n<meta property=\"article:published_time\" content=\"2023-03-08T20:07:51+00:00\" \/>\n<meta property=\"article:modified_time\" content=\"2023-03-08T20:08:04+00:00\" \/>\n<meta property=\"og:image\" content=\"https:\/\/portalmf.com.br\/wp-content\/uploads\/2023\/03\/08032023090915.jpg\" \/>\n\t<meta property=\"og:image:width\" content=\"1306\" \/>\n\t<meta property=\"og:image:height\" content=\"676\" \/>\n\t<meta property=\"og:image:type\" content=\"image\/jpeg\" \/>\n<meta name=\"author\" content=\"Reda\u00e7\u00e3o Portal MF\" \/>\n<meta name=\"twitter:card\" content=\"summary_large_image\" \/>\n<meta name=\"twitter:creator\" content=\"@https:\/\/x.com\/portalmfoficial\" \/>\n<meta name=\"twitter:label1\" content=\"Escrito por\" \/>\n\t<meta name=\"twitter:data1\" content=\"Reda\u00e7\u00e3o Portal MF\" \/>\n\t<meta name=\"twitter:label2\" content=\"Est. tempo de leitura\" \/>\n\t<meta name=\"twitter:data2\" content=\"2 minutos\" \/>\n<script type=\"application\/ld+json\" class=\"yoast-schema-graph\">{\"@context\":\"https:\/\/schema.org\",\"@graph\":[{\"@type\":\"WebPage\",\"@id\":\"https:\/\/portalmf.com.br\/index.php\/2023\/03\/08\/abertas-inscricoes-do-concurso-de-majestades-da-micareta-2023\/\",\"url\":\"https:\/\/portalmf.com.br\/index.php\/2023\/03\/08\/abertas-inscricoes-do-concurso-de-majestades-da-micareta-2023\/\",\"name\":\"Abertas inscri\u00e7\u00f5es do concurso de majestades da Micareta 2023 - Portal MF\",\"isPartOf\":{\"@id\":\"https:\/\/portalmf.com.br\/#website\"},\"primaryImageOfPage\":{\"@id\":\"https:\/\/portalmf.com.br\/index.php\/2023\/03\/08\/abertas-inscricoes-do-concurso-de-majestades-da-micareta-2023\/#primaryimage\"},\"image\":{\"@id\":\"https:\/\/portalmf.com.br\/index.php\/2023\/03\/08\/abertas-inscricoes-do-concurso-de-majestades-da-micareta-2023\/#primaryimage\"},\"thumbnailUrl\":\"https:\/\/portalmf.com.br\/wp-content\/uploads\/2023\/03\/08032023090915.jpg\",\"datePublished\":\"2023-03-08T20:07:51+00:00\",\"dateModified\":\"2023-03-08T20:08:04+00:00\",\"author\":{\"@id\":\"https:\/\/portalmf.com.br\/#\/schema\/person\/9ec101baf56233e53520c26de5d6f6f0\"},\"breadcrumb\":{\"@id\":\"https:\/\/portalmf.com.br\/index.php\/2023\/03\/08\/abertas-inscricoes-do-concurso-de-majestades-da-micareta-2023\/#breadcrumb\"},\"inLanguage\":\"pt-BR\",\"potentialAction\":[{\"@type\":\"ReadAction\",\"target\":[\"https:\/\/portalmf.com.br\/index.php\/2023\/03\/08\/abertas-inscricoes-do-concurso-de-majestades-da-micareta-2023\/\"]}]},{\"@type\":\"ImageObject\",\"inLanguage\":\"pt-BR\",\"@id\":\"https:\/\/portalmf.com.br\/index.php\/2023\/03\/08\/abertas-inscricoes-do-concurso-de-majestades-da-micareta-2023\/#primaryimage\",\"url\":\"https:\/\/portalmf.com.br\/wp-content\/uploads\/2023\/03\/08032023090915.jpg\",\"contentUrl\":\"https:\/\/portalmf.com.br\/wp-content\/uploads\/2023\/03\/08032023090915.jpg\",\"width\":1306,\"height\":676},{\"@type\":\"BreadcrumbList\",\"@id\":\"https:\/\/portalmf.com.br\/index.php\/2023\/03\/08\/abertas-inscricoes-do-concurso-de-majestades-da-micareta-2023\/#breadcrumb\",\"itemListElement\":[{\"@type\":\"ListItem\",\"position\":1,\"name\":\"In\u00edcio\",\"item\":\"https:\/\/portalmf.com.br\/\"},{\"@type\":\"ListItem\",\"position\":2,\"name\":\"Abertas inscri\u00e7\u00f5es do concurso de majestades da Micareta 2023\"}]},{\"@type\":\"WebSite\",\"@id\":\"https:\/\/portalmf.com.br\/#website\",\"url\":\"https:\/\/portalmf.com.br\/\",\"name\":\"Portal MF\",\"description\":\"Voc\u00ea conectado com a informa\u00e7\u00e3o\",\"potentialAction\":[{\"@type\":\"SearchAction\",\"target\":{\"@type\":\"EntryPoint\",\"urlTemplate\":\"https:\/\/portalmf.com.br\/?s={search_term_string}\"},\"query-input\":\"required name=search_term_string\"}],\"inLanguage\":\"pt-BR\"},{\"@type\":\"Person\",\"@id\":\"https:\/\/portalmf.com.br\/#\/schema\/person\/9ec101baf56233e53520c26de5d6f6f0\",\"name\":\"Reda\u00e7\u00e3o Portal MF\",\"image\":{\"@type\":\"ImageObject\",\"inLanguage\":\"pt-BR\",\"@id\":\"https:\/\/portalmf.com.br\/#\/schema\/person\/image\/\",\"url\":\"https:\/\/secure.gravatar.com\/avatar\/41b9aaeb2100835f7c64362330f74c7f?s=96&d=mm&r=g\",\"contentUrl\":\"https:\/\/secure.gravatar.com\/avatar\/41b9aaeb2100835f7c64362330f74c7f?s=96&d=mm&r=g\",\"caption\":\"Reda\u00e7\u00e3o Portal MF\"},\"description\":\"Sejam bem-vindos o portal de informa\u00e7\u00f5es de entretenimento de Feira de Santana, desde 2006 realiza coberturas dos principais eventos com entrevistas exclusivas com as principais personalidades mundiais. Fique conectado tamb\u00e9m nas redes sociais.\",\"sameAs\":[\"http:\/\/www.portalmf.com.br\/\",\"https:\/\/www.facebook.com\/portalmfoficial\",\"https:\/\/www.instagram.com\/portalmf\/\",\"https:\/\/x.com\/https:\/\/x.com\/portalmfoficial\",\"https:\/\/www.youtube.com\/@portalmfoficial\"],\"url\":\"https:\/\/portalmf.com.br\/index.php\/author\/junior\/\"}]}<\/script>\n<!-- \/ Yoast SEO plugin. -->","yoast_head_json":{"title":"Abertas inscri\u00e7\u00f5es do concurso de majestades da Micareta 2023 - Portal MF","robots":{"index":"index","follow":"follow","max-snippet":"max-snippet:-1","max-image-preview":"max-image-preview:large","max-video-preview":"max-video-preview:-1"},"canonical":"https:\/\/portalmf.com.br\/index.php\/2023\/03\/08\/abertas-inscricoes-do-concurso-de-majestades-da-micareta-2023\/","og_locale":"pt_BR","og_type":"article","og_title":"Abertas inscri\u00e7\u00f5es do concurso de majestades da Micareta 2023 - Portal MF","og_description":"A Secretaria Municipal de Cultura, Esporte e Lazer publicou na edi\u00e7\u00e3o desta quarta-feira (08)&nbsp;do Di\u00e1rio Oficial do Munic\u00edpio de Feira de Santana a homologa\u00e7\u00e3o do regulamento do Concurso de Sele\u00e7\u00e3o da Rainha, Rei Momo e Princesas da Micareta 2023.&nbsp;As inscri\u00e7\u00f5es est\u00e3o abertas a partir de hoje e seguem at\u00e9 o dia 24 deste m\u00eas.&nbsp; O [&hellip;]","og_url":"https:\/\/portalmf.com.br\/index.php\/2023\/03\/08\/abertas-inscricoes-do-concurso-de-majestades-da-micareta-2023\/","og_site_name":"Portal MF","article_author":"https:\/\/www.facebook.com\/portalmfoficial","article_published_time":"2023-03-08T20:07:51+00:00","article_modified_time":"2023-03-08T20:08:04+00:00","og_image":[{"width":1306,"height":676,"url":"https:\/\/portalmf.com.br\/wp-content\/uploads\/2023\/03\/08032023090915.jpg","type":"image\/jpeg"}],"author":"Reda\u00e7\u00e3o Portal MF","twitter_card":"summary_large_image","twitter_creator":"@https:\/\/x.com\/portalmfoficial","twitter_misc":{"Escrito por":"Reda\u00e7\u00e3o Portal MF","Est. tempo de leitura":"2 minutos"},"schema":{"@context":"https:\/\/schema.org","@graph":[{"@type":"WebPage","@id":"https:\/\/portalmf.com.br\/index.php\/2023\/03\/08\/abertas-inscricoes-do-concurso-de-majestades-da-micareta-2023\/","url":"https:\/\/portalmf.com.br\/index.php\/2023\/03\/08\/abertas-inscricoes-do-concurso-de-majestades-da-micareta-2023\/","name":"Abertas inscri\u00e7\u00f5es do concurso de majestades da Micareta 2023 - Portal MF","isPartOf":{"@id":"https:\/\/portalmf.com.br\/#website"},"primaryImageOfPage":{"@id":"https:\/\/portalmf.com.br\/index.php\/2023\/03\/08\/abertas-inscricoes-do-concurso-de-majestades-da-micareta-2023\/#primaryimage"},"image":{"@id":"https:\/\/portalmf.com.br\/index.php\/2023\/03\/08\/abertas-inscricoes-do-concurso-de-majestades-da-micareta-2023\/#primaryimage"},"thumbnailUrl":"https:\/\/portalmf.com.br\/wp-content\/uploads\/2023\/03\/08032023090915.jpg","datePublished":"2023-03-08T20:07:51+00:00","dateModified":"2023-03-08T20:08:04+00:00","author":{"@id":"https:\/\/portalmf.com.br\/#\/schema\/person\/9ec101baf56233e53520c26de5d6f6f0"},"breadcrumb":{"@id":"https:\/\/portalmf.com.br\/index.php\/2023\/03\/08\/abertas-inscricoes-do-concurso-de-majestades-da-micareta-2023\/#breadcrumb"},"inLanguage":"pt-BR","potentialAction":[{"@type":"ReadAction","target":["https:\/\/portalmf.com.br\/index.php\/2023\/03\/08\/abertas-inscricoes-do-concurso-de-majestades-da-micareta-2023\/"]}]},{"@type":"ImageObject","inLanguage":"pt-BR","@id":"https:\/\/portalmf.com.br\/index.php\/2023\/03\/08\/abertas-inscricoes-do-concurso-de-majestades-da-micareta-2023\/#primaryimage","url":"https:\/\/portalmf.com.br\/wp-content\/uploads\/2023\/03\/08032023090915.jpg","contentUrl":"https:\/\/portalmf.com.br\/wp-content\/uploads\/2023\/03\/08032023090915.jpg","width":1306,"height":676},{"@type":"BreadcrumbList","@id":"https:\/\/portalmf.com.br\/index.php\/2023\/03\/08\/abertas-inscricoes-do-concurso-de-majestades-da-micareta-2023\/#breadcrumb","itemListElement":[{"@type":"ListItem","position":1,"name":"In\u00edcio","item":"https:\/\/portalmf.com.br\/"},{"@type":"ListItem","position":2,"name":"Abertas inscri\u00e7\u00f5es do concurso de majestades da Micareta 2023"}]},{"@type":"WebSite","@id":"https:\/\/portalmf.com.br\/#website","url":"https:\/\/portalmf.com.br\/","name":"Portal MF","description":"Voc\u00ea conectado com a informa\u00e7\u00e3o","potentialAction":[{"@type":"SearchAction","target":{"@type":"EntryPoint","urlTemplate":"https:\/\/portalmf.com.br\/?s={search_term_string}"},"query-input":"required name=search_term_string"}],"inLanguage":"pt-BR"},{"@type":"Person","@id":"https:\/\/portalmf.com.br\/#\/schema\/person\/9ec101baf56233e53520c26de5d6f6f0","name":"Reda\u00e7\u00e3o Portal MF","image":{"@type":"ImageObject","inLanguage":"pt-BR","@id":"https:\/\/portalmf.com.br\/#\/schema\/person\/image\/","url":"https:\/\/secure.gravatar.com\/avatar\/41b9aaeb2100835f7c64362330f74c7f?s=96&d=mm&r=g","contentUrl":"https:\/\/secure.gravatar.com\/avatar\/41b9aaeb2100835f7c64362330f74c7f?s=96&d=mm&r=g","caption":"Reda\u00e7\u00e3o Portal MF"},"description":"Sejam bem-vindos o portal de informa\u00e7\u00f5es de entretenimento de Feira de Santana, desde 2006 realiza coberturas dos principais eventos com entrevistas exclusivas com as principais personalidades mundiais. Fique conectado tamb\u00e9m nas redes sociais.","sameAs":["http:\/\/www.portalmf.com.br\/","https:\/\/www.facebook.com\/portalmfoficial","https:\/\/www.instagram.com\/portalmf\/","https:\/\/x.com\/https:\/\/x.com\/portalmfoficial","https:\/\/www.youtube.com\/@portalmfoficial"],"url":"https:\/\/portalmf.com.br\/index.php\/author\/junior\/"}]}},"_links":{"self":[{"href":"https:\/\/portalmf.com.br\/index.php\/wp-json\/wp\/v2\/posts\/9860"}],"collection":[{"href":"https:\/\/portalmf.com.br\/index.php\/wp-json\/wp\/v2\/posts"}],"about":[{"href":"https:\/\/portalmf.com.br\/index.php\/wp-json\/wp\/v2\/types\/post"}],"author":[{"embeddable":true,"href":"https:\/\/portalmf.com.br\/index.php\/wp-json\/wp\/v2\/users\/3"}],"replies":[{"embeddable":true,"href":"https:\/\/portalmf.com.br\/index.php\/wp-json\/wp\/v2\/comments?post=9860"}],"version-history":[{"count":1,"href":"https:\/\/portalmf.com.br\/index.php\/wp-json\/wp\/v2\/posts\/9860\/revisions"}],"predecessor-version":[{"id":9862,"href":"https:\/\/portalmf.com.br\/index.php\/wp-json\/wp\/v2\/posts\/9860\/revisions\/9862"}],"wp:featuredmedia":[{"embeddable":true,"href":"https:\/\/portalmf.com.br\/index.php\/wp-json\/wp\/v2\/media\/9861"}],"wp:attachment":[{"href":"https:\/\/portalmf.com.br\/index.php\/wp-json\/wp\/v2\/media?parent=9860"}],"wp:term":[{"taxonomy":"category","embeddable":true,"href":"https:\/\/portalmf.com.br\/index.php\/wp-json\/wp\/v2\/categories?post=9860"},{"taxonomy":"post_tag","embeddable":true,"href":"https:\/\/portalmf.com.br\/index.php\/wp-json\/wp\/v2\/tags?post=9860"}],"curies":[{"name":"wp","href":"https:\/\/api.w.org\/{rel}","templated":true}]}}