{"id":9788,"date":"2023-03-07T17:12:35","date_gmt":"2023-03-07T20:12:35","guid":{"rendered":"https:\/\/portalmf.com.br\/?p=9788"},"modified":"2023-03-07T17:17:58","modified_gmt":"2023-03-07T20:17:58","slug":"camarote-da-central-mix-divulga-atracoes-para-micareta-2023","status":"publish","type":"post","link":"https:\/\/portalmf.com.br\/index.php\/2023\/03\/07\/camarote-da-central-mix-divulga-atracoes-para-micareta-2023\/","title":{"rendered":"Camarote da Central Mix divulga atra\u00e7\u00f5es para Micareta 2023"},"content":{"rendered":"\n<p>A Micareta de Feira 2023 come\u00e7a a ganhar as ruas da cidade e as primeiras atra\u00e7\u00f5es s\u00e3o reveladas ao p\u00fablico. Na tarde desta ter\u00e7a-feira (07), a Central Mix divulgou a grade completa de apresenta\u00e7\u00f5es do camarote, que funcionar\u00e1 nos dias 20 a 23 de abril no Aria Hall.<\/p>\n\n\n\n<p>Neste ano o camarote segue mesclando ritmos, com foco no Ax\u00e9, Arrocha e Pagod\u00e3o, confira:<\/p>\n\n\n\n<p><strong>Quinta-Feira (20):<\/strong> Xanddy Harmonia, Filhos de Jorge e Klessinha<\/p>\n\n\n\n<p><strong>Sexta-Feira (21):<\/strong> Tayrone, Pagode do Segredo e Toque Dez<\/p>\n\n\n\n<p><strong>S\u00e1bado (22):<\/strong> Psirico, Timbalada e Kevi Jonny<\/p>\n\n\n\n<p><strong>Domingo (23):<\/strong> Rock Salles, Oh Polemico e Lucas Queiroz<\/p>\n\n\n\n<p>Os ingressos individuais e passaporte para os quatro dias est\u00e3o \u00e0 venda atrav\u00e9s do site <a href=\"https:\/\/www.ariahall.com.br\/\">do Aria Hall<\/a>. Neste ano o camarote ser\u00e1 Open Bar e com camisa de quinta a s\u00e1bado, no domingo o acesso ser\u00e1 com ingressos.<\/p>\n\n\n\n<p><strong>Ingressos de 2020<\/strong><\/p>\n\n\n\n<p>Sobre a troca dos ingressos do camarote, adquiridos para Micareta de 2020, que foi cancelada por causa da pandemia da Covid-19, Antonio Dyggs, um dos organizadores do camarote explicou atrav\u00e9s de uma rede social, como ser\u00e1 o processo.<\/p>\n\n\n\n<p><em>\u201cQuem comprou o camarote em 2020 vai poder trocar para edi\u00e7\u00e3o de 2023, a Central Mix vai enviar um e-mail a partir de quarta-feira (08), com todas as informa\u00e7\u00f5es e o formul\u00e1rio para cada um preencher com o dia respectivo que foi comprado\u201d,<\/em> disse Dyggs.<\/p>\n\n\n\n<p>Para mais informa\u00e7\u00f5es acesse as redes sociais da Central Mix.<\/p>\n\n\n\n<p class=\"has-text-align-center\"><strong>MICARETA 2023, ALEGRIA VOLTOU! COBERTURA COMPLETA DO PORTAL MF<\/strong><\/p>\n","protected":false},"excerpt":{"rendered":"<p>A Micareta de Feira 2023 come\u00e7a a ganhar as ruas da cidade e as primeiras atra\u00e7\u00f5es s\u00e3o reveladas ao p\u00fablico. Na tarde desta ter\u00e7a-feira (07), a Central Mix divulgou a grade completa de apresenta\u00e7\u00f5es do camarote, que funcionar\u00e1 nos dias 20 a 23 de abril no Aria Hall. Neste ano o camarote segue mesclando ritmos, [&hellip;]<\/p>\n","protected":false},"author":3,"featured_media":9789,"comment_status":"open","ping_status":"open","sticky":false,"template":"","format":"standard","meta":{"_monsterinsights_skip_tracking":false,"_monsterinsights_sitenote_active":false,"_monsterinsights_sitenote_note":"","_monsterinsights_sitenote_category":0,"footnotes":""},"categories":[47,39],"tags":[],"yoast_head":"<!-- This site is optimized with the Yoast SEO plugin v22.9 - https:\/\/yoast.com\/wordpress\/plugins\/seo\/ -->\n<title>Camarote da Central Mix divulga atra\u00e7\u00f5es para Micareta 2023 - Portal MF<\/title>\n<meta name=\"robots\" content=\"index, follow, max-snippet:-1, max-image-preview:large, max-video-preview:-1\" \/>\n<link rel=\"canonical\" href=\"https:\/\/portalmf.com.br\/index.php\/2023\/03\/07\/camarote-da-central-mix-divulga-atracoes-para-micareta-2023\/\" \/>\n<meta property=\"og:locale\" content=\"pt_BR\" \/>\n<meta property=\"og:type\" content=\"article\" \/>\n<meta property=\"og:title\" content=\"Camarote da Central Mix divulga atra\u00e7\u00f5es para Micareta 2023 - Portal MF\" \/>\n<meta property=\"og:description\" content=\"A Micareta de Feira 2023 come\u00e7a a ganhar as ruas da cidade e as primeiras atra\u00e7\u00f5es s\u00e3o reveladas ao p\u00fablico. Na tarde desta ter\u00e7a-feira (07), a Central Mix divulgou a grade completa de apresenta\u00e7\u00f5es do camarote, que funcionar\u00e1 nos dias 20 a 23 de abril no Aria Hall. Neste ano o camarote segue mesclando ritmos, [&hellip;]\" \/>\n<meta property=\"og:url\" content=\"https:\/\/portalmf.com.br\/index.php\/2023\/03\/07\/camarote-da-central-mix-divulga-atracoes-para-micareta-2023\/\" \/>\n<meta property=\"og:site_name\" content=\"Portal MF\" \/>\n<meta property=\"article:author\" content=\"https:\/\/www.facebook.com\/portalmfoficial\" \/>\n<meta property=\"article:published_time\" content=\"2023-03-07T20:12:35+00:00\" \/>\n<meta property=\"article:modified_time\" content=\"2023-03-07T20:17:58+00:00\" \/>\n<meta property=\"og:image\" content=\"https:\/\/portalmf.com.br\/wp-content\/uploads\/2023\/03\/atracoes_camarotecentralmix_2023_site.jpg\" \/>\n\t<meta property=\"og:image:width\" content=\"1024\" \/>\n\t<meta property=\"og:image:height\" content=\"501\" \/>\n\t<meta property=\"og:image:type\" content=\"image\/jpeg\" \/>\n<meta name=\"author\" content=\"Reda\u00e7\u00e3o Portal MF\" \/>\n<meta name=\"twitter:card\" content=\"summary_large_image\" \/>\n<meta name=\"twitter:creator\" content=\"@https:\/\/x.com\/portalmfoficial\" \/>\n<meta name=\"twitter:label1\" content=\"Escrito por\" \/>\n\t<meta name=\"twitter:data1\" content=\"Reda\u00e7\u00e3o Portal MF\" \/>\n\t<meta name=\"twitter:label2\" content=\"Est. tempo de leitura\" \/>\n\t<meta name=\"twitter:data2\" content=\"2 minutos\" \/>\n<script type=\"application\/ld+json\" class=\"yoast-schema-graph\">{\"@context\":\"https:\/\/schema.org\",\"@graph\":[{\"@type\":\"WebPage\",\"@id\":\"https:\/\/portalmf.com.br\/index.php\/2023\/03\/07\/camarote-da-central-mix-divulga-atracoes-para-micareta-2023\/\",\"url\":\"https:\/\/portalmf.com.br\/index.php\/2023\/03\/07\/camarote-da-central-mix-divulga-atracoes-para-micareta-2023\/\",\"name\":\"Camarote da Central Mix divulga atra\u00e7\u00f5es para Micareta 2023 - Portal MF\",\"isPartOf\":{\"@id\":\"https:\/\/portalmf.com.br\/#website\"},\"primaryImageOfPage\":{\"@id\":\"https:\/\/portalmf.com.br\/index.php\/2023\/03\/07\/camarote-da-central-mix-divulga-atracoes-para-micareta-2023\/#primaryimage\"},\"image\":{\"@id\":\"https:\/\/portalmf.com.br\/index.php\/2023\/03\/07\/camarote-da-central-mix-divulga-atracoes-para-micareta-2023\/#primaryimage\"},\"thumbnailUrl\":\"https:\/\/portalmf.com.br\/wp-content\/uploads\/2023\/03\/atracoes_camarotecentralmix_2023_site.jpg\",\"datePublished\":\"2023-03-07T20:12:35+00:00\",\"dateModified\":\"2023-03-07T20:17:58+00:00\",\"author\":{\"@id\":\"https:\/\/portalmf.com.br\/#\/schema\/person\/9ec101baf56233e53520c26de5d6f6f0\"},\"breadcrumb\":{\"@id\":\"https:\/\/portalmf.com.br\/index.php\/2023\/03\/07\/camarote-da-central-mix-divulga-atracoes-para-micareta-2023\/#breadcrumb\"},\"inLanguage\":\"pt-BR\",\"potentialAction\":[{\"@type\":\"ReadAction\",\"target\":[\"https:\/\/portalmf.com.br\/index.php\/2023\/03\/07\/camarote-da-central-mix-divulga-atracoes-para-micareta-2023\/\"]}]},{\"@type\":\"ImageObject\",\"inLanguage\":\"pt-BR\",\"@id\":\"https:\/\/portalmf.com.br\/index.php\/2023\/03\/07\/camarote-da-central-mix-divulga-atracoes-para-micareta-2023\/#primaryimage\",\"url\":\"https:\/\/portalmf.com.br\/wp-content\/uploads\/2023\/03\/atracoes_camarotecentralmix_2023_site.jpg\",\"contentUrl\":\"https:\/\/portalmf.com.br\/wp-content\/uploads\/2023\/03\/atracoes_camarotecentralmix_2023_site.jpg\",\"width\":1024,\"height\":501,\"caption\":\"Foto: Divulga\u00e7\u00e3o\"},{\"@type\":\"BreadcrumbList\",\"@id\":\"https:\/\/portalmf.com.br\/index.php\/2023\/03\/07\/camarote-da-central-mix-divulga-atracoes-para-micareta-2023\/#breadcrumb\",\"itemListElement\":[{\"@type\":\"ListItem\",\"position\":1,\"name\":\"In\u00edcio\",\"item\":\"https:\/\/portalmf.com.br\/\"},{\"@type\":\"ListItem\",\"position\":2,\"name\":\"Camarote da Central Mix divulga atra\u00e7\u00f5es para Micareta 2023\"}]},{\"@type\":\"WebSite\",\"@id\":\"https:\/\/portalmf.com.br\/#website\",\"url\":\"https:\/\/portalmf.com.br\/\",\"name\":\"Portal MF\",\"description\":\"Voc\u00ea conectado com a informa\u00e7\u00e3o\",\"potentialAction\":[{\"@type\":\"SearchAction\",\"target\":{\"@type\":\"EntryPoint\",\"urlTemplate\":\"https:\/\/portalmf.com.br\/?s={search_term_string}\"},\"query-input\":\"required name=search_term_string\"}],\"inLanguage\":\"pt-BR\"},{\"@type\":\"Person\",\"@id\":\"https:\/\/portalmf.com.br\/#\/schema\/person\/9ec101baf56233e53520c26de5d6f6f0\",\"name\":\"Reda\u00e7\u00e3o Portal MF\",\"image\":{\"@type\":\"ImageObject\",\"inLanguage\":\"pt-BR\",\"@id\":\"https:\/\/portalmf.com.br\/#\/schema\/person\/image\/\",\"url\":\"https:\/\/secure.gravatar.com\/avatar\/41b9aaeb2100835f7c64362330f74c7f?s=96&d=mm&r=g\",\"contentUrl\":\"https:\/\/secure.gravatar.com\/avatar\/41b9aaeb2100835f7c64362330f74c7f?s=96&d=mm&r=g\",\"caption\":\"Reda\u00e7\u00e3o Portal MF\"},\"description\":\"Sejam bem-vindos o portal de informa\u00e7\u00f5es de entretenimento de Feira de Santana, desde 2006 realiza coberturas dos principais eventos com entrevistas exclusivas com as principais personalidades mundiais. Fique conectado tamb\u00e9m nas redes sociais.\",\"sameAs\":[\"http:\/\/www.portalmf.com.br\/\",\"https:\/\/www.facebook.com\/portalmfoficial\",\"https:\/\/www.instagram.com\/portalmf\/\",\"https:\/\/x.com\/https:\/\/x.com\/portalmfoficial\",\"https:\/\/www.youtube.com\/@portalmfoficial\"],\"url\":\"https:\/\/portalmf.com.br\/index.php\/author\/junior\/\"}]}<\/script>\n<!-- \/ Yoast SEO plugin. -->","yoast_head_json":{"title":"Camarote da Central Mix divulga atra\u00e7\u00f5es para Micareta 2023 - Portal MF","robots":{"index":"index","follow":"follow","max-snippet":"max-snippet:-1","max-image-preview":"max-image-preview:large","max-video-preview":"max-video-preview:-1"},"canonical":"https:\/\/portalmf.com.br\/index.php\/2023\/03\/07\/camarote-da-central-mix-divulga-atracoes-para-micareta-2023\/","og_locale":"pt_BR","og_type":"article","og_title":"Camarote da Central Mix divulga atra\u00e7\u00f5es para Micareta 2023 - Portal MF","og_description":"A Micareta de Feira 2023 come\u00e7a a ganhar as ruas da cidade e as primeiras atra\u00e7\u00f5es s\u00e3o reveladas ao p\u00fablico. Na tarde desta ter\u00e7a-feira (07), a Central Mix divulgou a grade completa de apresenta\u00e7\u00f5es do camarote, que funcionar\u00e1 nos dias 20 a 23 de abril no Aria Hall. Neste ano o camarote segue mesclando ritmos, [&hellip;]","og_url":"https:\/\/portalmf.com.br\/index.php\/2023\/03\/07\/camarote-da-central-mix-divulga-atracoes-para-micareta-2023\/","og_site_name":"Portal MF","article_author":"https:\/\/www.facebook.com\/portalmfoficial","article_published_time":"2023-03-07T20:12:35+00:00","article_modified_time":"2023-03-07T20:17:58+00:00","og_image":[{"width":1024,"height":501,"url":"https:\/\/portalmf.com.br\/wp-content\/uploads\/2023\/03\/atracoes_camarotecentralmix_2023_site.jpg","type":"image\/jpeg"}],"author":"Reda\u00e7\u00e3o Portal MF","twitter_card":"summary_large_image","twitter_creator":"@https:\/\/x.com\/portalmfoficial","twitter_misc":{"Escrito por":"Reda\u00e7\u00e3o Portal MF","Est. tempo de leitura":"2 minutos"},"schema":{"@context":"https:\/\/schema.org","@graph":[{"@type":"WebPage","@id":"https:\/\/portalmf.com.br\/index.php\/2023\/03\/07\/camarote-da-central-mix-divulga-atracoes-para-micareta-2023\/","url":"https:\/\/portalmf.com.br\/index.php\/2023\/03\/07\/camarote-da-central-mix-divulga-atracoes-para-micareta-2023\/","name":"Camarote da Central Mix divulga atra\u00e7\u00f5es para Micareta 2023 - Portal MF","isPartOf":{"@id":"https:\/\/portalmf.com.br\/#website"},"primaryImageOfPage":{"@id":"https:\/\/portalmf.com.br\/index.php\/2023\/03\/07\/camarote-da-central-mix-divulga-atracoes-para-micareta-2023\/#primaryimage"},"image":{"@id":"https:\/\/portalmf.com.br\/index.php\/2023\/03\/07\/camarote-da-central-mix-divulga-atracoes-para-micareta-2023\/#primaryimage"},"thumbnailUrl":"https:\/\/portalmf.com.br\/wp-content\/uploads\/2023\/03\/atracoes_camarotecentralmix_2023_site.jpg","datePublished":"2023-03-07T20:12:35+00:00","dateModified":"2023-03-07T20:17:58+00:00","author":{"@id":"https:\/\/portalmf.com.br\/#\/schema\/person\/9ec101baf56233e53520c26de5d6f6f0"},"breadcrumb":{"@id":"https:\/\/portalmf.com.br\/index.php\/2023\/03\/07\/camarote-da-central-mix-divulga-atracoes-para-micareta-2023\/#breadcrumb"},"inLanguage":"pt-BR","potentialAction":[{"@type":"ReadAction","target":["https:\/\/portalmf.com.br\/index.php\/2023\/03\/07\/camarote-da-central-mix-divulga-atracoes-para-micareta-2023\/"]}]},{"@type":"ImageObject","inLanguage":"pt-BR","@id":"https:\/\/portalmf.com.br\/index.php\/2023\/03\/07\/camarote-da-central-mix-divulga-atracoes-para-micareta-2023\/#primaryimage","url":"https:\/\/portalmf.com.br\/wp-content\/uploads\/2023\/03\/atracoes_camarotecentralmix_2023_site.jpg","contentUrl":"https:\/\/portalmf.com.br\/wp-content\/uploads\/2023\/03\/atracoes_camarotecentralmix_2023_site.jpg","width":1024,"height":501,"caption":"Foto: Divulga\u00e7\u00e3o"},{"@type":"BreadcrumbList","@id":"https:\/\/portalmf.com.br\/index.php\/2023\/03\/07\/camarote-da-central-mix-divulga-atracoes-para-micareta-2023\/#breadcrumb","itemListElement":[{"@type":"ListItem","position":1,"name":"In\u00edcio","item":"https:\/\/portalmf.com.br\/"},{"@type":"ListItem","position":2,"name":"Camarote da Central Mix divulga atra\u00e7\u00f5es para Micareta 2023"}]},{"@type":"WebSite","@id":"https:\/\/portalmf.com.br\/#website","url":"https:\/\/portalmf.com.br\/","name":"Portal MF","description":"Voc\u00ea conectado com a informa\u00e7\u00e3o","potentialAction":[{"@type":"SearchAction","target":{"@type":"EntryPoint","urlTemplate":"https:\/\/portalmf.com.br\/?s={search_term_string}"},"query-input":"required name=search_term_string"}],"inLanguage":"pt-BR"},{"@type":"Person","@id":"https:\/\/portalmf.com.br\/#\/schema\/person\/9ec101baf56233e53520c26de5d6f6f0","name":"Reda\u00e7\u00e3o Portal MF","image":{"@type":"ImageObject","inLanguage":"pt-BR","@id":"https:\/\/portalmf.com.br\/#\/schema\/person\/image\/","url":"https:\/\/secure.gravatar.com\/avatar\/41b9aaeb2100835f7c64362330f74c7f?s=96&d=mm&r=g","contentUrl":"https:\/\/secure.gravatar.com\/avatar\/41b9aaeb2100835f7c64362330f74c7f?s=96&d=mm&r=g","caption":"Reda\u00e7\u00e3o Portal MF"},"description":"Sejam bem-vindos o portal de informa\u00e7\u00f5es de entretenimento de Feira de Santana, desde 2006 realiza coberturas dos principais eventos com entrevistas exclusivas com as principais personalidades mundiais. Fique conectado tamb\u00e9m nas redes sociais.","sameAs":["http:\/\/www.portalmf.com.br\/","https:\/\/www.facebook.com\/portalmfoficial","https:\/\/www.instagram.com\/portalmf\/","https:\/\/x.com\/https:\/\/x.com\/portalmfoficial","https:\/\/www.youtube.com\/@portalmfoficial"],"url":"https:\/\/portalmf.com.br\/index.php\/author\/junior\/"}]}},"_links":{"self":[{"href":"https:\/\/portalmf.com.br\/index.php\/wp-json\/wp\/v2\/posts\/9788"}],"collection":[{"href":"https:\/\/portalmf.com.br\/index.php\/wp-json\/wp\/v2\/posts"}],"about":[{"href":"https:\/\/portalmf.com.br\/index.php\/wp-json\/wp\/v2\/types\/post"}],"author":[{"embeddable":true,"href":"https:\/\/portalmf.com.br\/index.php\/wp-json\/wp\/v2\/users\/3"}],"replies":[{"embeddable":true,"href":"https:\/\/portalmf.com.br\/index.php\/wp-json\/wp\/v2\/comments?post=9788"}],"version-history":[{"count":2,"href":"https:\/\/portalmf.com.br\/index.php\/wp-json\/wp\/v2\/posts\/9788\/revisions"}],"predecessor-version":[{"id":9792,"href":"https:\/\/portalmf.com.br\/index.php\/wp-json\/wp\/v2\/posts\/9788\/revisions\/9792"}],"wp:featuredmedia":[{"embeddable":true,"href":"https:\/\/portalmf.com.br\/index.php\/wp-json\/wp\/v2\/media\/9789"}],"wp:attachment":[{"href":"https:\/\/portalmf.com.br\/index.php\/wp-json\/wp\/v2\/media?parent=9788"}],"wp:term":[{"taxonomy":"category","embeddable":true,"href":"https:\/\/portalmf.com.br\/index.php\/wp-json\/wp\/v2\/categories?post=9788"},{"taxonomy":"post_tag","embeddable":true,"href":"https:\/\/portalmf.com.br\/index.php\/wp-json\/wp\/v2\/tags?post=9788"}],"curies":[{"name":"wp","href":"https:\/\/api.w.org\/{rel}","templated":true}]}}