{"id":8403,"date":"2023-01-30T13:23:20","date_gmt":"2023-01-30T16:23:20","guid":{"rendered":"https:\/\/portalmf.com.br\/?p=8403"},"modified":"2023-01-30T13:23:21","modified_gmt":"2023-01-30T16:23:21","slug":"andre-e-mauro-animam-feijuca-do-baoneste-sabado","status":"publish","type":"post","link":"https:\/\/portalmf.com.br\/index.php\/2023\/01\/30\/andre-e-mauro-animam-feijuca-do-baoneste-sabado\/","title":{"rendered":"Andr\u00e9 e Mauro animam Feijuca do B\u00e3oneste s\u00e1bado"},"content":{"rendered":"\n<p>Encabe\u00e7ando o projeto \u201cEncontro Sertanejo\u201d a dupla Andr\u00e9 e Mauro vai se apresentar neste s\u00e1bado, dia 04 de fevereiro, na festa \u201cFeijuca do B\u00e3o\u201d. Para o evento, Andr\u00e9 e Mauro convidam os cantores Luana Matos e Patrick Levi.<\/p>\n\n\n\n<p>Os quatro juntos no palco, v\u00e3o fazer um show especialmente montado para essa ocasi\u00e3o.&nbsp; Ser\u00e1 um grande encontro, com direito a muito mod\u00e3o e muito sertanejo.<\/p>\n\n\n\n<p><em>\u201cEstamos preparando um encontro lindo para o p\u00fablico. Luana e Patrick s\u00f3 v\u00e3o abrilhantar ainda mais a nossa apresenta\u00e7\u00e3o que promete muitas emo\u00e7\u00f5es\u201d,<\/em> adiantam os cantores Andr\u00e9 e Mauro.<\/p>\n\n\n\n<p>A \u201cFeijuca do B\u00e3o\u201d vai acontecer na Doca 1, no Com\u00e9rcio, a partir das 13 horas, com direito a feijoada e uma vista linda da Ba\u00eda de Todos os Santos. Quem tamb\u00e9m faz a festa por l\u00e1 s\u00e3o as bandas Filhos de Jorge e Fora da Real. Ainda no s\u00e1bado, depois de todo o agito na Doca 1, Andr\u00e9 e Mauro seguir\u00e3o para o Aleat\u00f3rios Bar, onde fazem show a partir das 22 horas.<\/p>\n\n\n\n<p>O evento, tem sido um dos mais badalados do s\u00e1bado \u00e0 noite na capital baiana.<\/p>\n","protected":false},"excerpt":{"rendered":"<p>Encabe\u00e7ando o projeto \u201cEncontro Sertanejo\u201d a dupla Andr\u00e9 e Mauro vai se apresentar neste s\u00e1bado, dia 04 de fevereiro, na festa \u201cFeijuca do B\u00e3o\u201d. Para o evento, Andr\u00e9 e Mauro convidam os cantores Luana Matos e Patrick Levi. Os quatro juntos no palco, v\u00e3o fazer um show especialmente montado para essa ocasi\u00e3o.&nbsp; Ser\u00e1 um grande [&hellip;]<\/p>\n","protected":false},"author":3,"featured_media":5351,"comment_status":"open","ping_status":"open","sticky":false,"template":"","format":"standard","meta":{"_monsterinsights_skip_tracking":false,"_monsterinsights_sitenote_active":false,"_monsterinsights_sitenote_note":"","_monsterinsights_sitenote_category":0,"footnotes":""},"categories":[36],"tags":[],"yoast_head":"<!-- This site is optimized with the Yoast SEO plugin v22.9 - https:\/\/yoast.com\/wordpress\/plugins\/seo\/ -->\n<title>Andr\u00e9 e Mauro animam Feijuca do B\u00e3oneste s\u00e1bado - Portal MF<\/title>\n<meta name=\"robots\" content=\"index, follow, max-snippet:-1, max-image-preview:large, max-video-preview:-1\" \/>\n<link rel=\"canonical\" href=\"https:\/\/portalmf.com.br\/index.php\/2023\/01\/30\/andre-e-mauro-animam-feijuca-do-baoneste-sabado\/\" \/>\n<meta property=\"og:locale\" content=\"pt_BR\" \/>\n<meta property=\"og:type\" content=\"article\" \/>\n<meta property=\"og:title\" content=\"Andr\u00e9 e Mauro animam Feijuca do B\u00e3oneste s\u00e1bado - Portal MF\" \/>\n<meta property=\"og:description\" content=\"Encabe\u00e7ando o projeto \u201cEncontro Sertanejo\u201d a dupla Andr\u00e9 e Mauro vai se apresentar neste s\u00e1bado, dia 04 de fevereiro, na festa \u201cFeijuca do B\u00e3o\u201d. Para o evento, Andr\u00e9 e Mauro convidam os cantores Luana Matos e Patrick Levi. Os quatro juntos no palco, v\u00e3o fazer um show especialmente montado para essa ocasi\u00e3o.&nbsp; Ser\u00e1 um grande [&hellip;]\" \/>\n<meta property=\"og:url\" content=\"https:\/\/portalmf.com.br\/index.php\/2023\/01\/30\/andre-e-mauro-animam-feijuca-do-baoneste-sabado\/\" \/>\n<meta property=\"og:site_name\" content=\"Portal MF\" \/>\n<meta property=\"article:author\" content=\"https:\/\/www.facebook.com\/portalmfoficial\" \/>\n<meta property=\"article:published_time\" content=\"2023-01-30T16:23:20+00:00\" \/>\n<meta property=\"article:modified_time\" content=\"2023-01-30T16:23:21+00:00\" \/>\n<meta property=\"og:image\" content=\"https:\/\/portalmf.com.br\/wp-content\/uploads\/2022\/10\/Andre-e-Mauro.jpeg\" \/>\n\t<meta property=\"og:image:width\" content=\"1024\" \/>\n\t<meta property=\"og:image:height\" content=\"682\" \/>\n\t<meta property=\"og:image:type\" content=\"image\/jpeg\" \/>\n<meta name=\"author\" content=\"Reda\u00e7\u00e3o Portal MF\" \/>\n<meta name=\"twitter:card\" content=\"summary_large_image\" \/>\n<meta name=\"twitter:creator\" content=\"@https:\/\/x.com\/portalmfoficial\" \/>\n<meta name=\"twitter:label1\" content=\"Escrito por\" \/>\n\t<meta name=\"twitter:data1\" content=\"Reda\u00e7\u00e3o Portal MF\" \/>\n\t<meta name=\"twitter:label2\" content=\"Est. tempo de leitura\" \/>\n\t<meta name=\"twitter:data2\" content=\"2 minutos\" \/>\n<script type=\"application\/ld+json\" class=\"yoast-schema-graph\">{\"@context\":\"https:\/\/schema.org\",\"@graph\":[{\"@type\":\"WebPage\",\"@id\":\"https:\/\/portalmf.com.br\/index.php\/2023\/01\/30\/andre-e-mauro-animam-feijuca-do-baoneste-sabado\/\",\"url\":\"https:\/\/portalmf.com.br\/index.php\/2023\/01\/30\/andre-e-mauro-animam-feijuca-do-baoneste-sabado\/\",\"name\":\"Andr\u00e9 e Mauro animam Feijuca do B\u00e3oneste s\u00e1bado - Portal MF\",\"isPartOf\":{\"@id\":\"https:\/\/portalmf.com.br\/#website\"},\"primaryImageOfPage\":{\"@id\":\"https:\/\/portalmf.com.br\/index.php\/2023\/01\/30\/andre-e-mauro-animam-feijuca-do-baoneste-sabado\/#primaryimage\"},\"image\":{\"@id\":\"https:\/\/portalmf.com.br\/index.php\/2023\/01\/30\/andre-e-mauro-animam-feijuca-do-baoneste-sabado\/#primaryimage\"},\"thumbnailUrl\":\"https:\/\/portalmf.com.br\/wp-content\/uploads\/2022\/10\/Andre-e-Mauro.jpeg\",\"datePublished\":\"2023-01-30T16:23:20+00:00\",\"dateModified\":\"2023-01-30T16:23:21+00:00\",\"author\":{\"@id\":\"https:\/\/portalmf.com.br\/#\/schema\/person\/9ec101baf56233e53520c26de5d6f6f0\"},\"breadcrumb\":{\"@id\":\"https:\/\/portalmf.com.br\/index.php\/2023\/01\/30\/andre-e-mauro-animam-feijuca-do-baoneste-sabado\/#breadcrumb\"},\"inLanguage\":\"pt-BR\",\"potentialAction\":[{\"@type\":\"ReadAction\",\"target\":[\"https:\/\/portalmf.com.br\/index.php\/2023\/01\/30\/andre-e-mauro-animam-feijuca-do-baoneste-sabado\/\"]}]},{\"@type\":\"ImageObject\",\"inLanguage\":\"pt-BR\",\"@id\":\"https:\/\/portalmf.com.br\/index.php\/2023\/01\/30\/andre-e-mauro-animam-feijuca-do-baoneste-sabado\/#primaryimage\",\"url\":\"https:\/\/portalmf.com.br\/wp-content\/uploads\/2022\/10\/Andre-e-Mauro.jpeg\",\"contentUrl\":\"https:\/\/portalmf.com.br\/wp-content\/uploads\/2022\/10\/Andre-e-Mauro.jpeg\",\"width\":1024,\"height\":682},{\"@type\":\"BreadcrumbList\",\"@id\":\"https:\/\/portalmf.com.br\/index.php\/2023\/01\/30\/andre-e-mauro-animam-feijuca-do-baoneste-sabado\/#breadcrumb\",\"itemListElement\":[{\"@type\":\"ListItem\",\"position\":1,\"name\":\"In\u00edcio\",\"item\":\"https:\/\/portalmf.com.br\/\"},{\"@type\":\"ListItem\",\"position\":2,\"name\":\"Andr\u00e9 e Mauro animam Feijuca do B\u00e3oneste s\u00e1bado\"}]},{\"@type\":\"WebSite\",\"@id\":\"https:\/\/portalmf.com.br\/#website\",\"url\":\"https:\/\/portalmf.com.br\/\",\"name\":\"Portal MF\",\"description\":\"Voc\u00ea conectado com a informa\u00e7\u00e3o\",\"potentialAction\":[{\"@type\":\"SearchAction\",\"target\":{\"@type\":\"EntryPoint\",\"urlTemplate\":\"https:\/\/portalmf.com.br\/?s={search_term_string}\"},\"query-input\":\"required name=search_term_string\"}],\"inLanguage\":\"pt-BR\"},{\"@type\":\"Person\",\"@id\":\"https:\/\/portalmf.com.br\/#\/schema\/person\/9ec101baf56233e53520c26de5d6f6f0\",\"name\":\"Reda\u00e7\u00e3o Portal MF\",\"image\":{\"@type\":\"ImageObject\",\"inLanguage\":\"pt-BR\",\"@id\":\"https:\/\/portalmf.com.br\/#\/schema\/person\/image\/\",\"url\":\"https:\/\/secure.gravatar.com\/avatar\/41b9aaeb2100835f7c64362330f74c7f?s=96&d=mm&r=g\",\"contentUrl\":\"https:\/\/secure.gravatar.com\/avatar\/41b9aaeb2100835f7c64362330f74c7f?s=96&d=mm&r=g\",\"caption\":\"Reda\u00e7\u00e3o Portal MF\"},\"description\":\"Sejam bem-vindos o portal de informa\u00e7\u00f5es de entretenimento de Feira de Santana, desde 2006 realiza coberturas dos principais eventos com entrevistas exclusivas com as principais personalidades mundiais. Fique conectado tamb\u00e9m nas redes sociais.\",\"sameAs\":[\"http:\/\/www.portalmf.com.br\/\",\"https:\/\/www.facebook.com\/portalmfoficial\",\"https:\/\/www.instagram.com\/portalmf\/\",\"https:\/\/x.com\/https:\/\/x.com\/portalmfoficial\",\"https:\/\/www.youtube.com\/@portalmfoficial\"],\"url\":\"https:\/\/portalmf.com.br\/index.php\/author\/junior\/\"}]}<\/script>\n<!-- \/ Yoast SEO plugin. -->","yoast_head_json":{"title":"Andr\u00e9 e Mauro animam Feijuca do B\u00e3oneste s\u00e1bado - Portal MF","robots":{"index":"index","follow":"follow","max-snippet":"max-snippet:-1","max-image-preview":"max-image-preview:large","max-video-preview":"max-video-preview:-1"},"canonical":"https:\/\/portalmf.com.br\/index.php\/2023\/01\/30\/andre-e-mauro-animam-feijuca-do-baoneste-sabado\/","og_locale":"pt_BR","og_type":"article","og_title":"Andr\u00e9 e Mauro animam Feijuca do B\u00e3oneste s\u00e1bado - Portal MF","og_description":"Encabe\u00e7ando o projeto \u201cEncontro Sertanejo\u201d a dupla Andr\u00e9 e Mauro vai se apresentar neste s\u00e1bado, dia 04 de fevereiro, na festa \u201cFeijuca do B\u00e3o\u201d. Para o evento, Andr\u00e9 e Mauro convidam os cantores Luana Matos e Patrick Levi. Os quatro juntos no palco, v\u00e3o fazer um show especialmente montado para essa ocasi\u00e3o.&nbsp; Ser\u00e1 um grande [&hellip;]","og_url":"https:\/\/portalmf.com.br\/index.php\/2023\/01\/30\/andre-e-mauro-animam-feijuca-do-baoneste-sabado\/","og_site_name":"Portal MF","article_author":"https:\/\/www.facebook.com\/portalmfoficial","article_published_time":"2023-01-30T16:23:20+00:00","article_modified_time":"2023-01-30T16:23:21+00:00","og_image":[{"width":1024,"height":682,"url":"https:\/\/portalmf.com.br\/wp-content\/uploads\/2022\/10\/Andre-e-Mauro.jpeg","type":"image\/jpeg"}],"author":"Reda\u00e7\u00e3o Portal MF","twitter_card":"summary_large_image","twitter_creator":"@https:\/\/x.com\/portalmfoficial","twitter_misc":{"Escrito por":"Reda\u00e7\u00e3o Portal MF","Est. tempo de leitura":"2 minutos"},"schema":{"@context":"https:\/\/schema.org","@graph":[{"@type":"WebPage","@id":"https:\/\/portalmf.com.br\/index.php\/2023\/01\/30\/andre-e-mauro-animam-feijuca-do-baoneste-sabado\/","url":"https:\/\/portalmf.com.br\/index.php\/2023\/01\/30\/andre-e-mauro-animam-feijuca-do-baoneste-sabado\/","name":"Andr\u00e9 e Mauro animam Feijuca do B\u00e3oneste s\u00e1bado - Portal MF","isPartOf":{"@id":"https:\/\/portalmf.com.br\/#website"},"primaryImageOfPage":{"@id":"https:\/\/portalmf.com.br\/index.php\/2023\/01\/30\/andre-e-mauro-animam-feijuca-do-baoneste-sabado\/#primaryimage"},"image":{"@id":"https:\/\/portalmf.com.br\/index.php\/2023\/01\/30\/andre-e-mauro-animam-feijuca-do-baoneste-sabado\/#primaryimage"},"thumbnailUrl":"https:\/\/portalmf.com.br\/wp-content\/uploads\/2022\/10\/Andre-e-Mauro.jpeg","datePublished":"2023-01-30T16:23:20+00:00","dateModified":"2023-01-30T16:23:21+00:00","author":{"@id":"https:\/\/portalmf.com.br\/#\/schema\/person\/9ec101baf56233e53520c26de5d6f6f0"},"breadcrumb":{"@id":"https:\/\/portalmf.com.br\/index.php\/2023\/01\/30\/andre-e-mauro-animam-feijuca-do-baoneste-sabado\/#breadcrumb"},"inLanguage":"pt-BR","potentialAction":[{"@type":"ReadAction","target":["https:\/\/portalmf.com.br\/index.php\/2023\/01\/30\/andre-e-mauro-animam-feijuca-do-baoneste-sabado\/"]}]},{"@type":"ImageObject","inLanguage":"pt-BR","@id":"https:\/\/portalmf.com.br\/index.php\/2023\/01\/30\/andre-e-mauro-animam-feijuca-do-baoneste-sabado\/#primaryimage","url":"https:\/\/portalmf.com.br\/wp-content\/uploads\/2022\/10\/Andre-e-Mauro.jpeg","contentUrl":"https:\/\/portalmf.com.br\/wp-content\/uploads\/2022\/10\/Andre-e-Mauro.jpeg","width":1024,"height":682},{"@type":"BreadcrumbList","@id":"https:\/\/portalmf.com.br\/index.php\/2023\/01\/30\/andre-e-mauro-animam-feijuca-do-baoneste-sabado\/#breadcrumb","itemListElement":[{"@type":"ListItem","position":1,"name":"In\u00edcio","item":"https:\/\/portalmf.com.br\/"},{"@type":"ListItem","position":2,"name":"Andr\u00e9 e Mauro animam Feijuca do B\u00e3oneste s\u00e1bado"}]},{"@type":"WebSite","@id":"https:\/\/portalmf.com.br\/#website","url":"https:\/\/portalmf.com.br\/","name":"Portal MF","description":"Voc\u00ea conectado com a informa\u00e7\u00e3o","potentialAction":[{"@type":"SearchAction","target":{"@type":"EntryPoint","urlTemplate":"https:\/\/portalmf.com.br\/?s={search_term_string}"},"query-input":"required name=search_term_string"}],"inLanguage":"pt-BR"},{"@type":"Person","@id":"https:\/\/portalmf.com.br\/#\/schema\/person\/9ec101baf56233e53520c26de5d6f6f0","name":"Reda\u00e7\u00e3o Portal MF","image":{"@type":"ImageObject","inLanguage":"pt-BR","@id":"https:\/\/portalmf.com.br\/#\/schema\/person\/image\/","url":"https:\/\/secure.gravatar.com\/avatar\/41b9aaeb2100835f7c64362330f74c7f?s=96&d=mm&r=g","contentUrl":"https:\/\/secure.gravatar.com\/avatar\/41b9aaeb2100835f7c64362330f74c7f?s=96&d=mm&r=g","caption":"Reda\u00e7\u00e3o Portal MF"},"description":"Sejam bem-vindos o portal de informa\u00e7\u00f5es de entretenimento de Feira de Santana, desde 2006 realiza coberturas dos principais eventos com entrevistas exclusivas com as principais personalidades mundiais. Fique conectado tamb\u00e9m nas redes sociais.","sameAs":["http:\/\/www.portalmf.com.br\/","https:\/\/www.facebook.com\/portalmfoficial","https:\/\/www.instagram.com\/portalmf\/","https:\/\/x.com\/https:\/\/x.com\/portalmfoficial","https:\/\/www.youtube.com\/@portalmfoficial"],"url":"https:\/\/portalmf.com.br\/index.php\/author\/junior\/"}]}},"_links":{"self":[{"href":"https:\/\/portalmf.com.br\/index.php\/wp-json\/wp\/v2\/posts\/8403"}],"collection":[{"href":"https:\/\/portalmf.com.br\/index.php\/wp-json\/wp\/v2\/posts"}],"about":[{"href":"https:\/\/portalmf.com.br\/index.php\/wp-json\/wp\/v2\/types\/post"}],"author":[{"embeddable":true,"href":"https:\/\/portalmf.com.br\/index.php\/wp-json\/wp\/v2\/users\/3"}],"replies":[{"embeddable":true,"href":"https:\/\/portalmf.com.br\/index.php\/wp-json\/wp\/v2\/comments?post=8403"}],"version-history":[{"count":1,"href":"https:\/\/portalmf.com.br\/index.php\/wp-json\/wp\/v2\/posts\/8403\/revisions"}],"predecessor-version":[{"id":8404,"href":"https:\/\/portalmf.com.br\/index.php\/wp-json\/wp\/v2\/posts\/8403\/revisions\/8404"}],"wp:featuredmedia":[{"embeddable":true,"href":"https:\/\/portalmf.com.br\/index.php\/wp-json\/wp\/v2\/media\/5351"}],"wp:attachment":[{"href":"https:\/\/portalmf.com.br\/index.php\/wp-json\/wp\/v2\/media?parent=8403"}],"wp:term":[{"taxonomy":"category","embeddable":true,"href":"https:\/\/portalmf.com.br\/index.php\/wp-json\/wp\/v2\/categories?post=8403"},{"taxonomy":"post_tag","embeddable":true,"href":"https:\/\/portalmf.com.br\/index.php\/wp-json\/wp\/v2\/tags?post=8403"}],"curies":[{"name":"wp","href":"https:\/\/api.w.org\/{rel}","templated":true}]}}