{"id":8389,"date":"2023-01-30T13:10:52","date_gmt":"2023-01-30T16:10:52","guid":{"rendered":"https:\/\/portalmf.com.br\/?p=8389"},"modified":"2023-01-30T13:10:53","modified_gmt":"2023-01-30T16:10:53","slug":"camarote-club-divulga-cores-dos-abadas-dos-6-dias-de-festa","status":"publish","type":"post","link":"https:\/\/portalmf.com.br\/index.php\/2023\/01\/30\/camarote-club-divulga-cores-dos-abadas-dos-6-dias-de-festa\/","title":{"rendered":"Camarote Club divulga cores dos abad\u00e1s dos 6 dias de festa"},"content":{"rendered":"\n<p>O Camarote Club \u2013 um dos espa\u00e7os mais disputados do Circuito Barra-Ondina no Carnaval de Salvador acabou de divulgar as cores dos abad\u00e1s para os 6 dias de festa, onde ir\u00e1 receber grandes nomes do cen\u00e1rio musical, em uma superestrutura com um all inclusive de primeira.<\/p>\n\n\n\n<p>Com uma localiza\u00e7\u00e3o privilegiada e oferecendo servi\u00e7os exclusivos e de qualidade, o Camarote Club trar\u00e1 para os foli\u00f5es que v\u00e3o curtir, experi\u00eancias sensoriais e \u00fanicas em todos os ambientes, al\u00e9m de possibilitar que o p\u00fablico aproveite a maior festa popular do planeta com uma vista privilegiada.<\/p>\n\n\n\n<p>Com um all inclusive que ter\u00e1 bebidas premium e um buffet repleto de variedade, o Camarote Club trar\u00e1 seis cores diferentes para cada um dos dias de festa, que receber\u00e1 grandes shows em uma estrutura repleta de conforto e qualidade.<\/p>\n\n\n\n<figure class=\"wp-block-image size-large\"><img fetchpriority=\"high\" decoding=\"async\" width=\"1024\" height=\"1024\" src=\"https:\/\/portalmf.com.br\/wp-content\/uploads\/2023\/01\/Camarote-Club-Cores-Abadas-1-1024x1024.jpg\" alt=\"\" class=\"wp-image-8392\" srcset=\"https:\/\/portalmf.com.br\/wp-content\/uploads\/2023\/01\/Camarote-Club-Cores-Abadas-1-1024x1024.jpg 1024w, https:\/\/portalmf.com.br\/wp-content\/uploads\/2023\/01\/Camarote-Club-Cores-Abadas-1-300x300.jpg 300w, https:\/\/portalmf.com.br\/wp-content\/uploads\/2023\/01\/Camarote-Club-Cores-Abadas-1-150x150.jpg 150w, https:\/\/portalmf.com.br\/wp-content\/uploads\/2023\/01\/Camarote-Club-Cores-Abadas-1-768x768.jpg 768w, https:\/\/portalmf.com.br\/wp-content\/uploads\/2023\/01\/Camarote-Club-Cores-Abadas-1-1536x1536.jpg 1536w, https:\/\/portalmf.com.br\/wp-content\/uploads\/2023\/01\/Camarote-Club-Cores-Abadas-1-1170x1170.jpg 1170w, https:\/\/portalmf.com.br\/wp-content\/uploads\/2023\/01\/Camarote-Club-Cores-Abadas-1-585x585.jpg 585w, https:\/\/portalmf.com.br\/wp-content\/uploads\/2023\/01\/Camarote-Club-Cores-Abadas-1.jpg 1600w\" sizes=\"(max-width: 1024px) 100vw, 1024px\" \/><\/figure>\n\n\n\n<p>Na quinta-feira \u2013 primeira noite de festa, a cor do abad\u00e1 ser\u00e1 o roxo. Na segunda noite, a cor da sexta-feira ser\u00e1 o branco. No s\u00e1bado o p\u00fablico usar\u00e1 o abad\u00e1 preto e no domingo, a cor ser\u00e1 o amarelo. Os dois \u00faltimos dias de festa ser\u00e3o marcados pelo vermelho na segunda-feira e na ter\u00e7a sem fim, o azul ser\u00e1 a cor.<\/p>\n\n\n\n<p>Trazendo para o palco do Club nomes como Timbalada, Wesley Safad\u00e3o, L\u00e9o Santana, Bell Marques e a dupla Mateus &amp; Kauan. O Camarote Club vai trazer momentos \u00fanicos e especiais para o retorno do Carnaval de Salvador, fazendo com que a experi\u00eancia vivenciada pelo p\u00fablico durante os 6 dias seja inesquec\u00edvel!<\/p>\n\n\n\n<p>Se voc\u00ea ainda n\u00e3o comprou seu abad\u00e1, a oportunidade de adquirir as \u00faltimas camisas dispon\u00edveis e ir curtir um dos melhores espa\u00e7os do Carnaval de Salvador \u00e9 agora!&nbsp; As vendas dos abad\u00e1s est\u00e3o acontecendo na Central do Carnaval e atrav\u00e9s do site&nbsp;<a href=\"http:\/\/home.centraldocarnaval.com.br\/\" target=\"_blank\" rel=\"noreferrer noopener\">home.centraldocarnaval.com.br\/<\/a>&nbsp;.<\/p>\n\n\n\n<p>Para maiores informa\u00e7\u00f5es, acesse o perfil oficial do Camarote Club atrav\u00e9s do Instagram @camarotecluboficial .<\/p>\n","protected":false},"excerpt":{"rendered":"<p>O Camarote Club \u2013 um dos espa\u00e7os mais disputados do Circuito Barra-Ondina no Carnaval de Salvador acabou de divulgar as cores dos abad\u00e1s para os 6 dias de festa, onde ir\u00e1 receber grandes nomes do cen\u00e1rio musical, em uma superestrutura com um all inclusive de primeira. Com uma localiza\u00e7\u00e3o privilegiada e oferecendo servi\u00e7os exclusivos e [&hellip;]<\/p>\n","protected":false},"author":3,"featured_media":8391,"comment_status":"open","ping_status":"open","sticky":false,"template":"","format":"standard","meta":{"_monsterinsights_skip_tracking":false,"_monsterinsights_sitenote_active":false,"_monsterinsights_sitenote_note":"","_monsterinsights_sitenote_category":0,"footnotes":""},"categories":[44,48],"tags":[],"yoast_head":"<!-- This site is optimized with the Yoast SEO plugin v22.9 - https:\/\/yoast.com\/wordpress\/plugins\/seo\/ -->\n<title>Camarote Club divulga cores dos abad\u00e1s dos 6 dias de festa - Portal MF<\/title>\n<meta name=\"robots\" content=\"index, follow, max-snippet:-1, max-image-preview:large, max-video-preview:-1\" \/>\n<link rel=\"canonical\" href=\"https:\/\/portalmf.com.br\/index.php\/2023\/01\/30\/camarote-club-divulga-cores-dos-abadas-dos-6-dias-de-festa\/\" \/>\n<meta property=\"og:locale\" content=\"pt_BR\" \/>\n<meta property=\"og:type\" content=\"article\" \/>\n<meta property=\"og:title\" content=\"Camarote Club divulga cores dos abad\u00e1s dos 6 dias de festa - Portal MF\" \/>\n<meta property=\"og:description\" content=\"O Camarote Club \u2013 um dos espa\u00e7os mais disputados do Circuito Barra-Ondina no Carnaval de Salvador acabou de divulgar as cores dos abad\u00e1s para os 6 dias de festa, onde ir\u00e1 receber grandes nomes do cen\u00e1rio musical, em uma superestrutura com um all inclusive de primeira. Com uma localiza\u00e7\u00e3o privilegiada e oferecendo servi\u00e7os exclusivos e [&hellip;]\" \/>\n<meta property=\"og:url\" content=\"https:\/\/portalmf.com.br\/index.php\/2023\/01\/30\/camarote-club-divulga-cores-dos-abadas-dos-6-dias-de-festa\/\" \/>\n<meta property=\"og:site_name\" content=\"Portal MF\" \/>\n<meta property=\"article:author\" content=\"https:\/\/www.facebook.com\/portalmfoficial\" \/>\n<meta property=\"article:published_time\" content=\"2023-01-30T16:10:52+00:00\" \/>\n<meta property=\"article:modified_time\" content=\"2023-01-30T16:10:53+00:00\" \/>\n<meta property=\"og:image\" content=\"https:\/\/portalmf.com.br\/wp-content\/uploads\/2023\/01\/Camarote-Club.jpg\" \/>\n\t<meta property=\"og:image:width\" content=\"1170\" \/>\n\t<meta property=\"og:image:height\" content=\"778\" \/>\n\t<meta property=\"og:image:type\" content=\"image\/jpeg\" \/>\n<meta name=\"author\" content=\"Reda\u00e7\u00e3o Portal MF\" \/>\n<meta name=\"twitter:card\" content=\"summary_large_image\" \/>\n<meta name=\"twitter:creator\" content=\"@https:\/\/x.com\/portalmfoficial\" \/>\n<meta name=\"twitter:label1\" content=\"Escrito por\" \/>\n\t<meta name=\"twitter:data1\" content=\"Reda\u00e7\u00e3o Portal MF\" \/>\n\t<meta name=\"twitter:label2\" content=\"Est. tempo de leitura\" \/>\n\t<meta name=\"twitter:data2\" content=\"2 minutos\" \/>\n<script type=\"application\/ld+json\" class=\"yoast-schema-graph\">{\"@context\":\"https:\/\/schema.org\",\"@graph\":[{\"@type\":\"WebPage\",\"@id\":\"https:\/\/portalmf.com.br\/index.php\/2023\/01\/30\/camarote-club-divulga-cores-dos-abadas-dos-6-dias-de-festa\/\",\"url\":\"https:\/\/portalmf.com.br\/index.php\/2023\/01\/30\/camarote-club-divulga-cores-dos-abadas-dos-6-dias-de-festa\/\",\"name\":\"Camarote Club divulga cores dos abad\u00e1s dos 6 dias de festa - Portal MF\",\"isPartOf\":{\"@id\":\"https:\/\/portalmf.com.br\/#website\"},\"primaryImageOfPage\":{\"@id\":\"https:\/\/portalmf.com.br\/index.php\/2023\/01\/30\/camarote-club-divulga-cores-dos-abadas-dos-6-dias-de-festa\/#primaryimage\"},\"image\":{\"@id\":\"https:\/\/portalmf.com.br\/index.php\/2023\/01\/30\/camarote-club-divulga-cores-dos-abadas-dos-6-dias-de-festa\/#primaryimage\"},\"thumbnailUrl\":\"https:\/\/portalmf.com.br\/wp-content\/uploads\/2023\/01\/Camarote-Club.jpg\",\"datePublished\":\"2023-01-30T16:10:52+00:00\",\"dateModified\":\"2023-01-30T16:10:53+00:00\",\"author\":{\"@id\":\"https:\/\/portalmf.com.br\/#\/schema\/person\/9ec101baf56233e53520c26de5d6f6f0\"},\"breadcrumb\":{\"@id\":\"https:\/\/portalmf.com.br\/index.php\/2023\/01\/30\/camarote-club-divulga-cores-dos-abadas-dos-6-dias-de-festa\/#breadcrumb\"},\"inLanguage\":\"pt-BR\",\"potentialAction\":[{\"@type\":\"ReadAction\",\"target\":[\"https:\/\/portalmf.com.br\/index.php\/2023\/01\/30\/camarote-club-divulga-cores-dos-abadas-dos-6-dias-de-festa\/\"]}]},{\"@type\":\"ImageObject\",\"inLanguage\":\"pt-BR\",\"@id\":\"https:\/\/portalmf.com.br\/index.php\/2023\/01\/30\/camarote-club-divulga-cores-dos-abadas-dos-6-dias-de-festa\/#primaryimage\",\"url\":\"https:\/\/portalmf.com.br\/wp-content\/uploads\/2023\/01\/Camarote-Club.jpg\",\"contentUrl\":\"https:\/\/portalmf.com.br\/wp-content\/uploads\/2023\/01\/Camarote-Club.jpg\",\"width\":1170,\"height\":778},{\"@type\":\"BreadcrumbList\",\"@id\":\"https:\/\/portalmf.com.br\/index.php\/2023\/01\/30\/camarote-club-divulga-cores-dos-abadas-dos-6-dias-de-festa\/#breadcrumb\",\"itemListElement\":[{\"@type\":\"ListItem\",\"position\":1,\"name\":\"In\u00edcio\",\"item\":\"https:\/\/portalmf.com.br\/\"},{\"@type\":\"ListItem\",\"position\":2,\"name\":\"Camarote Club divulga cores dos abad\u00e1s dos 6 dias de festa\"}]},{\"@type\":\"WebSite\",\"@id\":\"https:\/\/portalmf.com.br\/#website\",\"url\":\"https:\/\/portalmf.com.br\/\",\"name\":\"Portal MF\",\"description\":\"Voc\u00ea conectado com a informa\u00e7\u00e3o\",\"potentialAction\":[{\"@type\":\"SearchAction\",\"target\":{\"@type\":\"EntryPoint\",\"urlTemplate\":\"https:\/\/portalmf.com.br\/?s={search_term_string}\"},\"query-input\":\"required name=search_term_string\"}],\"inLanguage\":\"pt-BR\"},{\"@type\":\"Person\",\"@id\":\"https:\/\/portalmf.com.br\/#\/schema\/person\/9ec101baf56233e53520c26de5d6f6f0\",\"name\":\"Reda\u00e7\u00e3o Portal MF\",\"image\":{\"@type\":\"ImageObject\",\"inLanguage\":\"pt-BR\",\"@id\":\"https:\/\/portalmf.com.br\/#\/schema\/person\/image\/\",\"url\":\"https:\/\/secure.gravatar.com\/avatar\/41b9aaeb2100835f7c64362330f74c7f?s=96&d=mm&r=g\",\"contentUrl\":\"https:\/\/secure.gravatar.com\/avatar\/41b9aaeb2100835f7c64362330f74c7f?s=96&d=mm&r=g\",\"caption\":\"Reda\u00e7\u00e3o Portal MF\"},\"description\":\"Sejam bem-vindos o portal de informa\u00e7\u00f5es de entretenimento de Feira de Santana, desde 2006 realiza coberturas dos principais eventos com entrevistas exclusivas com as principais personalidades mundiais. Fique conectado tamb\u00e9m nas redes sociais.\",\"sameAs\":[\"http:\/\/www.portalmf.com.br\/\",\"https:\/\/www.facebook.com\/portalmfoficial\",\"https:\/\/www.instagram.com\/portalmf\/\",\"https:\/\/x.com\/https:\/\/x.com\/portalmfoficial\",\"https:\/\/www.youtube.com\/@portalmfoficial\"],\"url\":\"https:\/\/portalmf.com.br\/index.php\/author\/junior\/\"}]}<\/script>\n<!-- \/ Yoast SEO plugin. -->","yoast_head_json":{"title":"Camarote Club divulga cores dos abad\u00e1s dos 6 dias de festa - Portal MF","robots":{"index":"index","follow":"follow","max-snippet":"max-snippet:-1","max-image-preview":"max-image-preview:large","max-video-preview":"max-video-preview:-1"},"canonical":"https:\/\/portalmf.com.br\/index.php\/2023\/01\/30\/camarote-club-divulga-cores-dos-abadas-dos-6-dias-de-festa\/","og_locale":"pt_BR","og_type":"article","og_title":"Camarote Club divulga cores dos abad\u00e1s dos 6 dias de festa - Portal MF","og_description":"O Camarote Club \u2013 um dos espa\u00e7os mais disputados do Circuito Barra-Ondina no Carnaval de Salvador acabou de divulgar as cores dos abad\u00e1s para os 6 dias de festa, onde ir\u00e1 receber grandes nomes do cen\u00e1rio musical, em uma superestrutura com um all inclusive de primeira. Com uma localiza\u00e7\u00e3o privilegiada e oferecendo servi\u00e7os exclusivos e [&hellip;]","og_url":"https:\/\/portalmf.com.br\/index.php\/2023\/01\/30\/camarote-club-divulga-cores-dos-abadas-dos-6-dias-de-festa\/","og_site_name":"Portal MF","article_author":"https:\/\/www.facebook.com\/portalmfoficial","article_published_time":"2023-01-30T16:10:52+00:00","article_modified_time":"2023-01-30T16:10:53+00:00","og_image":[{"width":1170,"height":778,"url":"https:\/\/portalmf.com.br\/wp-content\/uploads\/2023\/01\/Camarote-Club.jpg","type":"image\/jpeg"}],"author":"Reda\u00e7\u00e3o Portal MF","twitter_card":"summary_large_image","twitter_creator":"@https:\/\/x.com\/portalmfoficial","twitter_misc":{"Escrito por":"Reda\u00e7\u00e3o Portal MF","Est. tempo de leitura":"2 minutos"},"schema":{"@context":"https:\/\/schema.org","@graph":[{"@type":"WebPage","@id":"https:\/\/portalmf.com.br\/index.php\/2023\/01\/30\/camarote-club-divulga-cores-dos-abadas-dos-6-dias-de-festa\/","url":"https:\/\/portalmf.com.br\/index.php\/2023\/01\/30\/camarote-club-divulga-cores-dos-abadas-dos-6-dias-de-festa\/","name":"Camarote Club divulga cores dos abad\u00e1s dos 6 dias de festa - Portal MF","isPartOf":{"@id":"https:\/\/portalmf.com.br\/#website"},"primaryImageOfPage":{"@id":"https:\/\/portalmf.com.br\/index.php\/2023\/01\/30\/camarote-club-divulga-cores-dos-abadas-dos-6-dias-de-festa\/#primaryimage"},"image":{"@id":"https:\/\/portalmf.com.br\/index.php\/2023\/01\/30\/camarote-club-divulga-cores-dos-abadas-dos-6-dias-de-festa\/#primaryimage"},"thumbnailUrl":"https:\/\/portalmf.com.br\/wp-content\/uploads\/2023\/01\/Camarote-Club.jpg","datePublished":"2023-01-30T16:10:52+00:00","dateModified":"2023-01-30T16:10:53+00:00","author":{"@id":"https:\/\/portalmf.com.br\/#\/schema\/person\/9ec101baf56233e53520c26de5d6f6f0"},"breadcrumb":{"@id":"https:\/\/portalmf.com.br\/index.php\/2023\/01\/30\/camarote-club-divulga-cores-dos-abadas-dos-6-dias-de-festa\/#breadcrumb"},"inLanguage":"pt-BR","potentialAction":[{"@type":"ReadAction","target":["https:\/\/portalmf.com.br\/index.php\/2023\/01\/30\/camarote-club-divulga-cores-dos-abadas-dos-6-dias-de-festa\/"]}]},{"@type":"ImageObject","inLanguage":"pt-BR","@id":"https:\/\/portalmf.com.br\/index.php\/2023\/01\/30\/camarote-club-divulga-cores-dos-abadas-dos-6-dias-de-festa\/#primaryimage","url":"https:\/\/portalmf.com.br\/wp-content\/uploads\/2023\/01\/Camarote-Club.jpg","contentUrl":"https:\/\/portalmf.com.br\/wp-content\/uploads\/2023\/01\/Camarote-Club.jpg","width":1170,"height":778},{"@type":"BreadcrumbList","@id":"https:\/\/portalmf.com.br\/index.php\/2023\/01\/30\/camarote-club-divulga-cores-dos-abadas-dos-6-dias-de-festa\/#breadcrumb","itemListElement":[{"@type":"ListItem","position":1,"name":"In\u00edcio","item":"https:\/\/portalmf.com.br\/"},{"@type":"ListItem","position":2,"name":"Camarote Club divulga cores dos abad\u00e1s dos 6 dias de festa"}]},{"@type":"WebSite","@id":"https:\/\/portalmf.com.br\/#website","url":"https:\/\/portalmf.com.br\/","name":"Portal MF","description":"Voc\u00ea conectado com a informa\u00e7\u00e3o","potentialAction":[{"@type":"SearchAction","target":{"@type":"EntryPoint","urlTemplate":"https:\/\/portalmf.com.br\/?s={search_term_string}"},"query-input":"required name=search_term_string"}],"inLanguage":"pt-BR"},{"@type":"Person","@id":"https:\/\/portalmf.com.br\/#\/schema\/person\/9ec101baf56233e53520c26de5d6f6f0","name":"Reda\u00e7\u00e3o Portal MF","image":{"@type":"ImageObject","inLanguage":"pt-BR","@id":"https:\/\/portalmf.com.br\/#\/schema\/person\/image\/","url":"https:\/\/secure.gravatar.com\/avatar\/41b9aaeb2100835f7c64362330f74c7f?s=96&d=mm&r=g","contentUrl":"https:\/\/secure.gravatar.com\/avatar\/41b9aaeb2100835f7c64362330f74c7f?s=96&d=mm&r=g","caption":"Reda\u00e7\u00e3o Portal MF"},"description":"Sejam bem-vindos o portal de informa\u00e7\u00f5es de entretenimento de Feira de Santana, desde 2006 realiza coberturas dos principais eventos com entrevistas exclusivas com as principais personalidades mundiais. Fique conectado tamb\u00e9m nas redes sociais.","sameAs":["http:\/\/www.portalmf.com.br\/","https:\/\/www.facebook.com\/portalmfoficial","https:\/\/www.instagram.com\/portalmf\/","https:\/\/x.com\/https:\/\/x.com\/portalmfoficial","https:\/\/www.youtube.com\/@portalmfoficial"],"url":"https:\/\/portalmf.com.br\/index.php\/author\/junior\/"}]}},"_links":{"self":[{"href":"https:\/\/portalmf.com.br\/index.php\/wp-json\/wp\/v2\/posts\/8389"}],"collection":[{"href":"https:\/\/portalmf.com.br\/index.php\/wp-json\/wp\/v2\/posts"}],"about":[{"href":"https:\/\/portalmf.com.br\/index.php\/wp-json\/wp\/v2\/types\/post"}],"author":[{"embeddable":true,"href":"https:\/\/portalmf.com.br\/index.php\/wp-json\/wp\/v2\/users\/3"}],"replies":[{"embeddable":true,"href":"https:\/\/portalmf.com.br\/index.php\/wp-json\/wp\/v2\/comments?post=8389"}],"version-history":[{"count":1,"href":"https:\/\/portalmf.com.br\/index.php\/wp-json\/wp\/v2\/posts\/8389\/revisions"}],"predecessor-version":[{"id":8393,"href":"https:\/\/portalmf.com.br\/index.php\/wp-json\/wp\/v2\/posts\/8389\/revisions\/8393"}],"wp:featuredmedia":[{"embeddable":true,"href":"https:\/\/portalmf.com.br\/index.php\/wp-json\/wp\/v2\/media\/8391"}],"wp:attachment":[{"href":"https:\/\/portalmf.com.br\/index.php\/wp-json\/wp\/v2\/media?parent=8389"}],"wp:term":[{"taxonomy":"category","embeddable":true,"href":"https:\/\/portalmf.com.br\/index.php\/wp-json\/wp\/v2\/categories?post=8389"},{"taxonomy":"post_tag","embeddable":true,"href":"https:\/\/portalmf.com.br\/index.php\/wp-json\/wp\/v2\/tags?post=8389"}],"curies":[{"name":"wp","href":"https:\/\/api.w.org\/{rel}","templated":true}]}}