{"id":8386,"date":"2023-01-30T13:08:32","date_gmt":"2023-01-30T16:08:32","guid":{"rendered":"https:\/\/portalmf.com.br\/?p=8386"},"modified":"2023-01-30T13:08:33","modified_gmt":"2023-01-30T16:08:33","slug":"bloco-alerta-prime-promete-mais-animacao-com-arlindinho-e-eduardinho-fm","status":"publish","type":"post","link":"https:\/\/portalmf.com.br\/index.php\/2023\/01\/30\/bloco-alerta-prime-promete-mais-animacao-com-arlindinho-e-eduardinho-fm\/","title":{"rendered":"<strong>Bloco\u00a0Alerta Prime promete mais anima\u00e7\u00e3o com Arlindinho e Eduardinho FM<\/strong>"},"content":{"rendered":"\n<p>Desfilando pela 2\u00aa vez no carnaval, o Bloco Alerta Prime entra no Circuito Dod\u00f4 (Barra\/Ondina), no s\u00e1bado (18\/02), sob o comando do cantor, sambista e compositor carioca Arlindinho e o baiano Eduardinho FM, apresentado mais uma vez, um tema a inclusivo.<\/p>\n\n\n\n<p>O Bloco Alerta Prime surgiu no final do ano de 2019, com o intuito de levantar a bandeira do samba, num circuito cuja predomin\u00e2ncia \u00e9 o g\u00eanero da Ax\u00e9 Music e com projetos voltados para inclus\u00e3o social, trabalha seus temas. A exemplo do 1\u00ba ano, que defendeu o tema \u201cO samba sem fronteiras\u201d. E para este ano, \u201cRessignificando Express\u00f5es Racistas\u201d.<\/p>\n\n\n\n<p>Ressignifica\u00e7\u00e3o \u00e9 o m\u00e9todo utilizado em neurolingu\u00edstica para fazer com que pessoas possam atribuir novo significado a acontecimentos atrav\u00e9s da mudan\u00e7a da vis\u00e3o do mundo. Voltado para um discurso inclusivo, n\u00e3o por acaso, as cores do bloco s\u00e3o: preto e dourado. O preto para desassociar a ideia de algo negativo e o dourado \u00e9 a sofistica\u00e7\u00e3o, a contemporaneidade, mas sem deixar de lado a tradi\u00e7\u00e3o; que vem aliada a fantasia, representada pelo chap\u00e9u Panam\u00e1.<\/p>\n\n\n\n<p>E para este ano, a agremia\u00e7\u00e3o formada por uma diretoria jovem, prop\u00f5e que express\u00f5es racistas devem ser banidas de nosso vocabul\u00e1rio, a exemplo, de: denegrir, lista negra, ovelha negra, criado mudo, entre outras, que ainda resistem ao hist\u00f3rico de escravid\u00e3o e discrimina\u00e7\u00e3o do negro. E esta mensagem ser\u00e1 passada atrav\u00e9s do, painel de LED, alas que desfilar\u00e3o e canais que o bloco pode dispor para divulgar.<\/p>\n\n\n\n<p>Pensando em construir uma sociedade justa, este ano, o Bloco Alerta Prime conta com um forte aliado e parceiro, a Defensoria P\u00fablica do Estado da Bahia, que em 2020 abordou esta defesa no Dia da Consci\u00eancia Negra, celebrado em 20 de novembro, lan\u00e7ando um guia do que consideram ser express\u00f5es racistas, o qual pretendemos distribuir exemplares durante o desfile.<\/p>\n","protected":false},"excerpt":{"rendered":"<p>Desfilando pela 2\u00aa vez no carnaval, o Bloco Alerta Prime entra no Circuito Dod\u00f4 (Barra\/Ondina), no s\u00e1bado (18\/02), sob o comando do cantor, sambista e compositor carioca Arlindinho e o baiano Eduardinho FM, apresentado mais uma vez, um tema a inclusivo. O Bloco Alerta Prime surgiu no final do ano de 2019, com o intuito [&hellip;]<\/p>\n","protected":false},"author":3,"featured_media":8387,"comment_status":"open","ping_status":"open","sticky":false,"template":"","format":"standard","meta":{"_monsterinsights_skip_tracking":false,"_monsterinsights_sitenote_active":false,"_monsterinsights_sitenote_note":"","_monsterinsights_sitenote_category":0,"footnotes":""},"categories":[44,47],"tags":[],"yoast_head":"<!-- This site is optimized with the Yoast SEO plugin v22.9 - https:\/\/yoast.com\/wordpress\/plugins\/seo\/ -->\n<title>Bloco\u00a0Alerta Prime promete mais anima\u00e7\u00e3o com Arlindinho e Eduardinho FM - Portal MF<\/title>\n<meta name=\"robots\" content=\"index, follow, max-snippet:-1, max-image-preview:large, max-video-preview:-1\" \/>\n<link rel=\"canonical\" href=\"https:\/\/portalmf.com.br\/index.php\/2023\/01\/30\/bloco-alerta-prime-promete-mais-animacao-com-arlindinho-e-eduardinho-fm\/\" \/>\n<meta property=\"og:locale\" content=\"pt_BR\" \/>\n<meta property=\"og:type\" content=\"article\" \/>\n<meta property=\"og:title\" content=\"Bloco\u00a0Alerta Prime promete mais anima\u00e7\u00e3o com Arlindinho e Eduardinho FM - Portal MF\" \/>\n<meta property=\"og:description\" content=\"Desfilando pela 2\u00aa vez no carnaval, o Bloco Alerta Prime entra no Circuito Dod\u00f4 (Barra\/Ondina), no s\u00e1bado (18\/02), sob o comando do cantor, sambista e compositor carioca Arlindinho e o baiano Eduardinho FM, apresentado mais uma vez, um tema a inclusivo. O Bloco Alerta Prime surgiu no final do ano de 2019, com o intuito [&hellip;]\" \/>\n<meta property=\"og:url\" content=\"https:\/\/portalmf.com.br\/index.php\/2023\/01\/30\/bloco-alerta-prime-promete-mais-animacao-com-arlindinho-e-eduardinho-fm\/\" \/>\n<meta property=\"og:site_name\" content=\"Portal MF\" \/>\n<meta property=\"article:author\" content=\"https:\/\/www.facebook.com\/portalmfoficial\" \/>\n<meta property=\"article:published_time\" content=\"2023-01-30T16:08:32+00:00\" \/>\n<meta property=\"article:modified_time\" content=\"2023-01-30T16:08:33+00:00\" \/>\n<meta property=\"og:image\" content=\"https:\/\/portalmf.com.br\/wp-content\/uploads\/2023\/01\/ARLINDINHO-5-1.jpg\" \/>\n\t<meta property=\"og:image:width\" content=\"1080\" \/>\n\t<meta property=\"og:image:height\" content=\"764\" \/>\n\t<meta property=\"og:image:type\" content=\"image\/jpeg\" \/>\n<meta name=\"author\" content=\"Reda\u00e7\u00e3o Portal MF\" \/>\n<meta name=\"twitter:card\" content=\"summary_large_image\" \/>\n<meta name=\"twitter:creator\" content=\"@https:\/\/x.com\/portalmfoficial\" \/>\n<meta name=\"twitter:label1\" content=\"Escrito por\" \/>\n\t<meta name=\"twitter:data1\" content=\"Reda\u00e7\u00e3o Portal MF\" \/>\n\t<meta name=\"twitter:label2\" content=\"Est. tempo de leitura\" \/>\n\t<meta name=\"twitter:data2\" content=\"2 minutos\" \/>\n<script type=\"application\/ld+json\" class=\"yoast-schema-graph\">{\"@context\":\"https:\/\/schema.org\",\"@graph\":[{\"@type\":\"WebPage\",\"@id\":\"https:\/\/portalmf.com.br\/index.php\/2023\/01\/30\/bloco-alerta-prime-promete-mais-animacao-com-arlindinho-e-eduardinho-fm\/\",\"url\":\"https:\/\/portalmf.com.br\/index.php\/2023\/01\/30\/bloco-alerta-prime-promete-mais-animacao-com-arlindinho-e-eduardinho-fm\/\",\"name\":\"Bloco\u00a0Alerta Prime promete mais anima\u00e7\u00e3o com Arlindinho e Eduardinho FM - Portal MF\",\"isPartOf\":{\"@id\":\"https:\/\/portalmf.com.br\/#website\"},\"primaryImageOfPage\":{\"@id\":\"https:\/\/portalmf.com.br\/index.php\/2023\/01\/30\/bloco-alerta-prime-promete-mais-animacao-com-arlindinho-e-eduardinho-fm\/#primaryimage\"},\"image\":{\"@id\":\"https:\/\/portalmf.com.br\/index.php\/2023\/01\/30\/bloco-alerta-prime-promete-mais-animacao-com-arlindinho-e-eduardinho-fm\/#primaryimage\"},\"thumbnailUrl\":\"https:\/\/portalmf.com.br\/wp-content\/uploads\/2023\/01\/ARLINDINHO-5-1.jpg\",\"datePublished\":\"2023-01-30T16:08:32+00:00\",\"dateModified\":\"2023-01-30T16:08:33+00:00\",\"author\":{\"@id\":\"https:\/\/portalmf.com.br\/#\/schema\/person\/9ec101baf56233e53520c26de5d6f6f0\"},\"breadcrumb\":{\"@id\":\"https:\/\/portalmf.com.br\/index.php\/2023\/01\/30\/bloco-alerta-prime-promete-mais-animacao-com-arlindinho-e-eduardinho-fm\/#breadcrumb\"},\"inLanguage\":\"pt-BR\",\"potentialAction\":[{\"@type\":\"ReadAction\",\"target\":[\"https:\/\/portalmf.com.br\/index.php\/2023\/01\/30\/bloco-alerta-prime-promete-mais-animacao-com-arlindinho-e-eduardinho-fm\/\"]}]},{\"@type\":\"ImageObject\",\"inLanguage\":\"pt-BR\",\"@id\":\"https:\/\/portalmf.com.br\/index.php\/2023\/01\/30\/bloco-alerta-prime-promete-mais-animacao-com-arlindinho-e-eduardinho-fm\/#primaryimage\",\"url\":\"https:\/\/portalmf.com.br\/wp-content\/uploads\/2023\/01\/ARLINDINHO-5-1.jpg\",\"contentUrl\":\"https:\/\/portalmf.com.br\/wp-content\/uploads\/2023\/01\/ARLINDINHO-5-1.jpg\",\"width\":1080,\"height\":764},{\"@type\":\"BreadcrumbList\",\"@id\":\"https:\/\/portalmf.com.br\/index.php\/2023\/01\/30\/bloco-alerta-prime-promete-mais-animacao-com-arlindinho-e-eduardinho-fm\/#breadcrumb\",\"itemListElement\":[{\"@type\":\"ListItem\",\"position\":1,\"name\":\"In\u00edcio\",\"item\":\"https:\/\/portalmf.com.br\/\"},{\"@type\":\"ListItem\",\"position\":2,\"name\":\"Bloco\u00a0Alerta Prime promete mais anima\u00e7\u00e3o com Arlindinho e Eduardinho FM\"}]},{\"@type\":\"WebSite\",\"@id\":\"https:\/\/portalmf.com.br\/#website\",\"url\":\"https:\/\/portalmf.com.br\/\",\"name\":\"Portal MF\",\"description\":\"Voc\u00ea conectado com a informa\u00e7\u00e3o\",\"potentialAction\":[{\"@type\":\"SearchAction\",\"target\":{\"@type\":\"EntryPoint\",\"urlTemplate\":\"https:\/\/portalmf.com.br\/?s={search_term_string}\"},\"query-input\":\"required name=search_term_string\"}],\"inLanguage\":\"pt-BR\"},{\"@type\":\"Person\",\"@id\":\"https:\/\/portalmf.com.br\/#\/schema\/person\/9ec101baf56233e53520c26de5d6f6f0\",\"name\":\"Reda\u00e7\u00e3o Portal MF\",\"image\":{\"@type\":\"ImageObject\",\"inLanguage\":\"pt-BR\",\"@id\":\"https:\/\/portalmf.com.br\/#\/schema\/person\/image\/\",\"url\":\"https:\/\/secure.gravatar.com\/avatar\/41b9aaeb2100835f7c64362330f74c7f?s=96&d=mm&r=g\",\"contentUrl\":\"https:\/\/secure.gravatar.com\/avatar\/41b9aaeb2100835f7c64362330f74c7f?s=96&d=mm&r=g\",\"caption\":\"Reda\u00e7\u00e3o Portal MF\"},\"description\":\"Sejam bem-vindos o portal de informa\u00e7\u00f5es de entretenimento de Feira de Santana, desde 2006 realiza coberturas dos principais eventos com entrevistas exclusivas com as principais personalidades mundiais. Fique conectado tamb\u00e9m nas redes sociais.\",\"sameAs\":[\"http:\/\/www.portalmf.com.br\/\",\"https:\/\/www.facebook.com\/portalmfoficial\",\"https:\/\/www.instagram.com\/portalmf\/\",\"https:\/\/x.com\/https:\/\/x.com\/portalmfoficial\",\"https:\/\/www.youtube.com\/@portalmfoficial\"],\"url\":\"https:\/\/portalmf.com.br\/index.php\/author\/junior\/\"}]}<\/script>\n<!-- \/ Yoast SEO plugin. -->","yoast_head_json":{"title":"Bloco\u00a0Alerta Prime promete mais anima\u00e7\u00e3o com Arlindinho e Eduardinho FM - Portal MF","robots":{"index":"index","follow":"follow","max-snippet":"max-snippet:-1","max-image-preview":"max-image-preview:large","max-video-preview":"max-video-preview:-1"},"canonical":"https:\/\/portalmf.com.br\/index.php\/2023\/01\/30\/bloco-alerta-prime-promete-mais-animacao-com-arlindinho-e-eduardinho-fm\/","og_locale":"pt_BR","og_type":"article","og_title":"Bloco\u00a0Alerta Prime promete mais anima\u00e7\u00e3o com Arlindinho e Eduardinho FM - Portal MF","og_description":"Desfilando pela 2\u00aa vez no carnaval, o Bloco Alerta Prime entra no Circuito Dod\u00f4 (Barra\/Ondina), no s\u00e1bado (18\/02), sob o comando do cantor, sambista e compositor carioca Arlindinho e o baiano Eduardinho FM, apresentado mais uma vez, um tema a inclusivo. O Bloco Alerta Prime surgiu no final do ano de 2019, com o intuito [&hellip;]","og_url":"https:\/\/portalmf.com.br\/index.php\/2023\/01\/30\/bloco-alerta-prime-promete-mais-animacao-com-arlindinho-e-eduardinho-fm\/","og_site_name":"Portal MF","article_author":"https:\/\/www.facebook.com\/portalmfoficial","article_published_time":"2023-01-30T16:08:32+00:00","article_modified_time":"2023-01-30T16:08:33+00:00","og_image":[{"width":1080,"height":764,"url":"https:\/\/portalmf.com.br\/wp-content\/uploads\/2023\/01\/ARLINDINHO-5-1.jpg","type":"image\/jpeg"}],"author":"Reda\u00e7\u00e3o Portal MF","twitter_card":"summary_large_image","twitter_creator":"@https:\/\/x.com\/portalmfoficial","twitter_misc":{"Escrito por":"Reda\u00e7\u00e3o Portal MF","Est. tempo de leitura":"2 minutos"},"schema":{"@context":"https:\/\/schema.org","@graph":[{"@type":"WebPage","@id":"https:\/\/portalmf.com.br\/index.php\/2023\/01\/30\/bloco-alerta-prime-promete-mais-animacao-com-arlindinho-e-eduardinho-fm\/","url":"https:\/\/portalmf.com.br\/index.php\/2023\/01\/30\/bloco-alerta-prime-promete-mais-animacao-com-arlindinho-e-eduardinho-fm\/","name":"Bloco\u00a0Alerta Prime promete mais anima\u00e7\u00e3o com Arlindinho e Eduardinho FM - Portal MF","isPartOf":{"@id":"https:\/\/portalmf.com.br\/#website"},"primaryImageOfPage":{"@id":"https:\/\/portalmf.com.br\/index.php\/2023\/01\/30\/bloco-alerta-prime-promete-mais-animacao-com-arlindinho-e-eduardinho-fm\/#primaryimage"},"image":{"@id":"https:\/\/portalmf.com.br\/index.php\/2023\/01\/30\/bloco-alerta-prime-promete-mais-animacao-com-arlindinho-e-eduardinho-fm\/#primaryimage"},"thumbnailUrl":"https:\/\/portalmf.com.br\/wp-content\/uploads\/2023\/01\/ARLINDINHO-5-1.jpg","datePublished":"2023-01-30T16:08:32+00:00","dateModified":"2023-01-30T16:08:33+00:00","author":{"@id":"https:\/\/portalmf.com.br\/#\/schema\/person\/9ec101baf56233e53520c26de5d6f6f0"},"breadcrumb":{"@id":"https:\/\/portalmf.com.br\/index.php\/2023\/01\/30\/bloco-alerta-prime-promete-mais-animacao-com-arlindinho-e-eduardinho-fm\/#breadcrumb"},"inLanguage":"pt-BR","potentialAction":[{"@type":"ReadAction","target":["https:\/\/portalmf.com.br\/index.php\/2023\/01\/30\/bloco-alerta-prime-promete-mais-animacao-com-arlindinho-e-eduardinho-fm\/"]}]},{"@type":"ImageObject","inLanguage":"pt-BR","@id":"https:\/\/portalmf.com.br\/index.php\/2023\/01\/30\/bloco-alerta-prime-promete-mais-animacao-com-arlindinho-e-eduardinho-fm\/#primaryimage","url":"https:\/\/portalmf.com.br\/wp-content\/uploads\/2023\/01\/ARLINDINHO-5-1.jpg","contentUrl":"https:\/\/portalmf.com.br\/wp-content\/uploads\/2023\/01\/ARLINDINHO-5-1.jpg","width":1080,"height":764},{"@type":"BreadcrumbList","@id":"https:\/\/portalmf.com.br\/index.php\/2023\/01\/30\/bloco-alerta-prime-promete-mais-animacao-com-arlindinho-e-eduardinho-fm\/#breadcrumb","itemListElement":[{"@type":"ListItem","position":1,"name":"In\u00edcio","item":"https:\/\/portalmf.com.br\/"},{"@type":"ListItem","position":2,"name":"Bloco\u00a0Alerta Prime promete mais anima\u00e7\u00e3o com Arlindinho e Eduardinho FM"}]},{"@type":"WebSite","@id":"https:\/\/portalmf.com.br\/#website","url":"https:\/\/portalmf.com.br\/","name":"Portal MF","description":"Voc\u00ea conectado com a informa\u00e7\u00e3o","potentialAction":[{"@type":"SearchAction","target":{"@type":"EntryPoint","urlTemplate":"https:\/\/portalmf.com.br\/?s={search_term_string}"},"query-input":"required name=search_term_string"}],"inLanguage":"pt-BR"},{"@type":"Person","@id":"https:\/\/portalmf.com.br\/#\/schema\/person\/9ec101baf56233e53520c26de5d6f6f0","name":"Reda\u00e7\u00e3o Portal MF","image":{"@type":"ImageObject","inLanguage":"pt-BR","@id":"https:\/\/portalmf.com.br\/#\/schema\/person\/image\/","url":"https:\/\/secure.gravatar.com\/avatar\/41b9aaeb2100835f7c64362330f74c7f?s=96&d=mm&r=g","contentUrl":"https:\/\/secure.gravatar.com\/avatar\/41b9aaeb2100835f7c64362330f74c7f?s=96&d=mm&r=g","caption":"Reda\u00e7\u00e3o Portal MF"},"description":"Sejam bem-vindos o portal de informa\u00e7\u00f5es de entretenimento de Feira de Santana, desde 2006 realiza coberturas dos principais eventos com entrevistas exclusivas com as principais personalidades mundiais. Fique conectado tamb\u00e9m nas redes sociais.","sameAs":["http:\/\/www.portalmf.com.br\/","https:\/\/www.facebook.com\/portalmfoficial","https:\/\/www.instagram.com\/portalmf\/","https:\/\/x.com\/https:\/\/x.com\/portalmfoficial","https:\/\/www.youtube.com\/@portalmfoficial"],"url":"https:\/\/portalmf.com.br\/index.php\/author\/junior\/"}]}},"_links":{"self":[{"href":"https:\/\/portalmf.com.br\/index.php\/wp-json\/wp\/v2\/posts\/8386"}],"collection":[{"href":"https:\/\/portalmf.com.br\/index.php\/wp-json\/wp\/v2\/posts"}],"about":[{"href":"https:\/\/portalmf.com.br\/index.php\/wp-json\/wp\/v2\/types\/post"}],"author":[{"embeddable":true,"href":"https:\/\/portalmf.com.br\/index.php\/wp-json\/wp\/v2\/users\/3"}],"replies":[{"embeddable":true,"href":"https:\/\/portalmf.com.br\/index.php\/wp-json\/wp\/v2\/comments?post=8386"}],"version-history":[{"count":1,"href":"https:\/\/portalmf.com.br\/index.php\/wp-json\/wp\/v2\/posts\/8386\/revisions"}],"predecessor-version":[{"id":8388,"href":"https:\/\/portalmf.com.br\/index.php\/wp-json\/wp\/v2\/posts\/8386\/revisions\/8388"}],"wp:featuredmedia":[{"embeddable":true,"href":"https:\/\/portalmf.com.br\/index.php\/wp-json\/wp\/v2\/media\/8387"}],"wp:attachment":[{"href":"https:\/\/portalmf.com.br\/index.php\/wp-json\/wp\/v2\/media?parent=8386"}],"wp:term":[{"taxonomy":"category","embeddable":true,"href":"https:\/\/portalmf.com.br\/index.php\/wp-json\/wp\/v2\/categories?post=8386"},{"taxonomy":"post_tag","embeddable":true,"href":"https:\/\/portalmf.com.br\/index.php\/wp-json\/wp\/v2\/tags?post=8386"}],"curies":[{"name":"wp","href":"https:\/\/api.w.org\/{rel}","templated":true}]}}