{"id":8382,"date":"2023-01-30T13:03:04","date_gmt":"2023-01-30T16:03:04","guid":{"rendered":"https:\/\/portalmf.com.br\/?p=8382"},"modified":"2023-01-30T13:03:05","modified_gmt":"2023-01-30T16:03:05","slug":"jeronimo-rodrigues-prestigia-a-42a-noite-da-beleza-negra","status":"publish","type":"post","link":"https:\/\/portalmf.com.br\/index.php\/2023\/01\/30\/jeronimo-rodrigues-prestigia-a-42a-noite-da-beleza-negra\/","title":{"rendered":"Jer\u00f4nimo Rodrigues prestigia a 42\u00aa Noite da Beleza Negra"},"content":{"rendered":"\n<p>Depois de dois anos suspensa por causa da pandemia da Covid-19, o bloco afro Il\u00ea Aiy\u00ea voltou a realizar a Noite da Beleza Negra. A 42\u00aa edi\u00e7\u00e3o do evento ocorreu, na noite deste s\u00e1bado (28), na Senzala do Barro Preto, no bairro Curuzu, em Salvador, e elegeu Dalila Santos, de 20 anos, como a Deusa do \u00c9bano para o Carnaval 2023. A concorrida cerim\u00f4nia contou com a presen\u00e7a do governador Jer\u00f4nimo Rodrigues, do secret\u00e1rio da Cultura, Bruno Monteiro, e demais autoridades.<\/p>\n\n\n\n<p><em>\u201cA Beleza Negra, al\u00e9m de uma festa cultural bonita do Il\u00ea Aiy\u00ea, tem como destaque, a preocupa\u00e7\u00e3o com a mulher. O papel da mulher em um cen\u00e1rio, em um lugar estrat\u00e9gico\u201d,<\/em> declarou Jer\u00f4nimo.<\/p>\n\n\n\n<p>O governador refor\u00e7ou a emo\u00e7\u00e3o de comparecer a esta noite festiva: <em>\u201cN\u00e3o poderia deixar de participar desta celebra\u00e7\u00e3o como uma forma de agradecimento e reconhecimento, mas revelando o meu compromisso com a cultura negra do estado da Bahia\u201d.<\/em><\/p>\n\n\n<div class=\"wp-block-image\">\n<figure class=\"alignleft size-full is-resized\"><img fetchpriority=\"high\" decoding=\"async\" src=\"https:\/\/portalmf.com.br\/wp-content\/uploads\/2023\/01\/Jeronimo-Rodrigues-prestigia-a-42a-Noite-da-Beleza-Negra.jpeg\" alt=\"\" class=\"wp-image-8383\" width=\"251\" height=\"376\" srcset=\"https:\/\/portalmf.com.br\/wp-content\/uploads\/2023\/01\/Jeronimo-Rodrigues-prestigia-a-42a-Noite-da-Beleza-Negra.jpeg 533w, https:\/\/portalmf.com.br\/wp-content\/uploads\/2023\/01\/Jeronimo-Rodrigues-prestigia-a-42a-Noite-da-Beleza-Negra-200x300.jpeg 200w\" sizes=\"(max-width: 251px) 100vw, 251px\" \/><figcaption class=\"wp-element-caption\">Fotos: Mateus Pereira\/GOVBA<\/figcaption><\/figure><\/div>\n\n\n<p>O centen\u00e1rio de M\u00e3e Hilda Jitolu, l\u00edder espiritual do Il\u00ea Aiy\u00ea, e uma das fundadoras do bloco foi celebrado com leitura de texto do ator Suliv\u00e3 Bispo, com a representa\u00e7\u00e3o do orix\u00e1 Omolu, dono de significado profundo relacionado \u00e0 vida e \u00e0 morte. J\u00e1 o her\u00f3i angolano, Agostinho Neto, tema do bloco neste ano, foi representado pelo ator Diogo Lopes Filho. Outra homenagem realizada durante a noite foi \u00e0 mem\u00f3ria de S\u00e9rgio Roberto dos Santos, idealizador da Noite da Beleza Negra, que faleceu no \u00faltimo dia 22 de janeiro.<\/p>\n\n\n\n<p>O secret\u00e1rio de Cultura do estado, Bruno Monteiro refor\u00e7ou que a solenidade \u00e9 um marco na hist\u00f3ria da cultura baiana<em>. \u201cToda essa manifesta\u00e7\u00e3o, \u00e9 t\u00e3o forte, t\u00e3o tradicional, e at\u00e9 o surgimento dessa manifesta\u00e7\u00e3o, as mulheres negras n\u00e3o tinham esse protagonismo. Ent\u00e3o, \u00e9 um evento muito importante por toda hist\u00f3ria que representa\u201d.<\/em> Ele lembrou o investimento do governo baiano na cultura negra: <em>\u201cA gente est\u00e1 aqui tamb\u00e9m celebrando a divulga\u00e7\u00e3o do edital Ouro Negro, que contou com um investimento recorde nos blocos afro, blocos de \u00edndigenas, em toda a cultura raiz, a cultura popular\u201d.<\/em><\/p>\n\n\n\n<p><strong>Pioneirismo e tradi\u00e7\u00e3o<\/strong><\/p>\n\n\n\n<p>De acordo com a secret\u00e1ria de Promo\u00e7\u00e3o da Igualdade Racial, ngela Guimar\u00e3es, a celebra\u00e7\u00e3o realizada pelo pelo bloco afro enaltece a conquista de todo um povo<em>. \u201cUma noite de uma festa, a primeira no Brasil que exalta a representatividade, a beleza, que valoriza a autoestima das mulheres negras. Celebrar 42 anos, a longevidade dessa festa \u00e9 dizer que o Il\u00ea Aiy\u00ea sempre foi pioneiro, sempre apontou rumo, sempre abriu caminho, porque hoje a gente tem uma efervesc\u00eancia desse debate antiracista na agenda nacional e isso se deve a quem veio primeiro\u201d,<\/em> enfatizou.<\/p>\n\n\n\n<p>O tema desta edi\u00e7\u00e3o foi \u201cIroko \u00e9 Liberdade \u2013 Um espet\u00e1culo para festejar o tempo\u201d, e reverenciou a m\u00fasica e a cultura negra do Brasil. Para a secret\u00e1ria de Assist\u00eancia e Desenvolvimento Social da Bahia, Fabya Reis, essa celebra\u00e7\u00e3o representa <em>\u201ctodo o fortalecimento da nossa cultura negra, da for\u00e7a das mulheres negras. Fazendo essa tradi\u00e7\u00e3o com a ancestralidade, com a comunidade da Liberdade, e do bairro do Curuzu. Uma mensagem de liberdade, de igualdade, democracia e de toda a pot\u00eancia das mulheres negras\u201d.<\/em><\/p>\n","protected":false},"excerpt":{"rendered":"<p>Depois de dois anos suspensa por causa da pandemia da Covid-19, o bloco afro Il\u00ea Aiy\u00ea voltou a realizar a Noite da Beleza Negra. A 42\u00aa edi\u00e7\u00e3o do evento ocorreu, na noite deste s\u00e1bado (28), na Senzala do Barro Preto, no bairro Curuzu, em Salvador, e elegeu Dalila Santos, de 20 anos, como a Deusa [&hellip;]<\/p>\n","protected":false},"author":3,"featured_media":8384,"comment_status":"open","ping_status":"open","sticky":false,"template":"","format":"standard","meta":{"_monsterinsights_skip_tracking":false,"_monsterinsights_sitenote_active":false,"_monsterinsights_sitenote_note":"","_monsterinsights_sitenote_category":0,"footnotes":""},"categories":[40,34],"tags":[],"yoast_head":"<!-- This site is optimized with the Yoast SEO plugin v22.9 - https:\/\/yoast.com\/wordpress\/plugins\/seo\/ -->\n<title>Jer\u00f4nimo Rodrigues prestigia a 42\u00aa Noite da Beleza Negra - Portal MF<\/title>\n<meta name=\"robots\" content=\"index, follow, max-snippet:-1, max-image-preview:large, max-video-preview:-1\" \/>\n<link rel=\"canonical\" href=\"https:\/\/portalmf.com.br\/index.php\/2023\/01\/30\/jeronimo-rodrigues-prestigia-a-42a-noite-da-beleza-negra\/\" \/>\n<meta property=\"og:locale\" content=\"pt_BR\" \/>\n<meta property=\"og:type\" content=\"article\" \/>\n<meta property=\"og:title\" content=\"Jer\u00f4nimo Rodrigues prestigia a 42\u00aa Noite da Beleza Negra - Portal MF\" \/>\n<meta property=\"og:description\" content=\"Depois de dois anos suspensa por causa da pandemia da Covid-19, o bloco afro Il\u00ea Aiy\u00ea voltou a realizar a Noite da Beleza Negra. A 42\u00aa edi\u00e7\u00e3o do evento ocorreu, na noite deste s\u00e1bado (28), na Senzala do Barro Preto, no bairro Curuzu, em Salvador, e elegeu Dalila Santos, de 20 anos, como a Deusa [&hellip;]\" \/>\n<meta property=\"og:url\" content=\"https:\/\/portalmf.com.br\/index.php\/2023\/01\/30\/jeronimo-rodrigues-prestigia-a-42a-noite-da-beleza-negra\/\" \/>\n<meta property=\"og:site_name\" content=\"Portal MF\" \/>\n<meta property=\"article:author\" content=\"https:\/\/www.facebook.com\/portalmfoficial\" \/>\n<meta property=\"article:published_time\" content=\"2023-01-30T16:03:04+00:00\" \/>\n<meta property=\"article:modified_time\" content=\"2023-01-30T16:03:05+00:00\" \/>\n<meta property=\"og:image\" content=\"https:\/\/portalmf.com.br\/wp-content\/uploads\/2023\/01\/Jeronimo-Rodrigues-prestigia-a-42a-Noite-da-Beleza-Negra-2.jpeg\" \/>\n\t<meta property=\"og:image:width\" content=\"799\" \/>\n\t<meta property=\"og:image:height\" content=\"533\" \/>\n\t<meta property=\"og:image:type\" content=\"image\/jpeg\" \/>\n<meta name=\"author\" content=\"Reda\u00e7\u00e3o Portal MF\" \/>\n<meta name=\"twitter:card\" content=\"summary_large_image\" \/>\n<meta name=\"twitter:creator\" content=\"@https:\/\/x.com\/portalmfoficial\" \/>\n<meta name=\"twitter:label1\" content=\"Escrito por\" \/>\n\t<meta name=\"twitter:data1\" content=\"Reda\u00e7\u00e3o Portal MF\" \/>\n\t<meta name=\"twitter:label2\" content=\"Est. tempo de leitura\" \/>\n\t<meta name=\"twitter:data2\" content=\"4 minutos\" \/>\n<script type=\"application\/ld+json\" class=\"yoast-schema-graph\">{\"@context\":\"https:\/\/schema.org\",\"@graph\":[{\"@type\":\"WebPage\",\"@id\":\"https:\/\/portalmf.com.br\/index.php\/2023\/01\/30\/jeronimo-rodrigues-prestigia-a-42a-noite-da-beleza-negra\/\",\"url\":\"https:\/\/portalmf.com.br\/index.php\/2023\/01\/30\/jeronimo-rodrigues-prestigia-a-42a-noite-da-beleza-negra\/\",\"name\":\"Jer\u00f4nimo Rodrigues prestigia a 42\u00aa Noite da Beleza Negra - Portal MF\",\"isPartOf\":{\"@id\":\"https:\/\/portalmf.com.br\/#website\"},\"primaryImageOfPage\":{\"@id\":\"https:\/\/portalmf.com.br\/index.php\/2023\/01\/30\/jeronimo-rodrigues-prestigia-a-42a-noite-da-beleza-negra\/#primaryimage\"},\"image\":{\"@id\":\"https:\/\/portalmf.com.br\/index.php\/2023\/01\/30\/jeronimo-rodrigues-prestigia-a-42a-noite-da-beleza-negra\/#primaryimage\"},\"thumbnailUrl\":\"https:\/\/portalmf.com.br\/wp-content\/uploads\/2023\/01\/Jeronimo-Rodrigues-prestigia-a-42a-Noite-da-Beleza-Negra-2.jpeg\",\"datePublished\":\"2023-01-30T16:03:04+00:00\",\"dateModified\":\"2023-01-30T16:03:05+00:00\",\"author\":{\"@id\":\"https:\/\/portalmf.com.br\/#\/schema\/person\/9ec101baf56233e53520c26de5d6f6f0\"},\"breadcrumb\":{\"@id\":\"https:\/\/portalmf.com.br\/index.php\/2023\/01\/30\/jeronimo-rodrigues-prestigia-a-42a-noite-da-beleza-negra\/#breadcrumb\"},\"inLanguage\":\"pt-BR\",\"potentialAction\":[{\"@type\":\"ReadAction\",\"target\":[\"https:\/\/portalmf.com.br\/index.php\/2023\/01\/30\/jeronimo-rodrigues-prestigia-a-42a-noite-da-beleza-negra\/\"]}]},{\"@type\":\"ImageObject\",\"inLanguage\":\"pt-BR\",\"@id\":\"https:\/\/portalmf.com.br\/index.php\/2023\/01\/30\/jeronimo-rodrigues-prestigia-a-42a-noite-da-beleza-negra\/#primaryimage\",\"url\":\"https:\/\/portalmf.com.br\/wp-content\/uploads\/2023\/01\/Jeronimo-Rodrigues-prestigia-a-42a-Noite-da-Beleza-Negra-2.jpeg\",\"contentUrl\":\"https:\/\/portalmf.com.br\/wp-content\/uploads\/2023\/01\/Jeronimo-Rodrigues-prestigia-a-42a-Noite-da-Beleza-Negra-2.jpeg\",\"width\":799,\"height\":533},{\"@type\":\"BreadcrumbList\",\"@id\":\"https:\/\/portalmf.com.br\/index.php\/2023\/01\/30\/jeronimo-rodrigues-prestigia-a-42a-noite-da-beleza-negra\/#breadcrumb\",\"itemListElement\":[{\"@type\":\"ListItem\",\"position\":1,\"name\":\"In\u00edcio\",\"item\":\"https:\/\/portalmf.com.br\/\"},{\"@type\":\"ListItem\",\"position\":2,\"name\":\"Jer\u00f4nimo Rodrigues prestigia a 42\u00aa Noite da Beleza Negra\"}]},{\"@type\":\"WebSite\",\"@id\":\"https:\/\/portalmf.com.br\/#website\",\"url\":\"https:\/\/portalmf.com.br\/\",\"name\":\"Portal MF\",\"description\":\"Voc\u00ea conectado com a informa\u00e7\u00e3o\",\"potentialAction\":[{\"@type\":\"SearchAction\",\"target\":{\"@type\":\"EntryPoint\",\"urlTemplate\":\"https:\/\/portalmf.com.br\/?s={search_term_string}\"},\"query-input\":\"required name=search_term_string\"}],\"inLanguage\":\"pt-BR\"},{\"@type\":\"Person\",\"@id\":\"https:\/\/portalmf.com.br\/#\/schema\/person\/9ec101baf56233e53520c26de5d6f6f0\",\"name\":\"Reda\u00e7\u00e3o Portal MF\",\"image\":{\"@type\":\"ImageObject\",\"inLanguage\":\"pt-BR\",\"@id\":\"https:\/\/portalmf.com.br\/#\/schema\/person\/image\/\",\"url\":\"https:\/\/secure.gravatar.com\/avatar\/41b9aaeb2100835f7c64362330f74c7f?s=96&d=mm&r=g\",\"contentUrl\":\"https:\/\/secure.gravatar.com\/avatar\/41b9aaeb2100835f7c64362330f74c7f?s=96&d=mm&r=g\",\"caption\":\"Reda\u00e7\u00e3o Portal MF\"},\"description\":\"Sejam bem-vindos o portal de informa\u00e7\u00f5es de entretenimento de Feira de Santana, desde 2006 realiza coberturas dos principais eventos com entrevistas exclusivas com as principais personalidades mundiais. Fique conectado tamb\u00e9m nas redes sociais.\",\"sameAs\":[\"http:\/\/www.portalmf.com.br\/\",\"https:\/\/www.facebook.com\/portalmfoficial\",\"https:\/\/www.instagram.com\/portalmf\/\",\"https:\/\/x.com\/https:\/\/x.com\/portalmfoficial\",\"https:\/\/www.youtube.com\/@portalmfoficial\"],\"url\":\"https:\/\/portalmf.com.br\/index.php\/author\/junior\/\"}]}<\/script>\n<!-- \/ Yoast SEO plugin. -->","yoast_head_json":{"title":"Jer\u00f4nimo Rodrigues prestigia a 42\u00aa Noite da Beleza Negra - Portal MF","robots":{"index":"index","follow":"follow","max-snippet":"max-snippet:-1","max-image-preview":"max-image-preview:large","max-video-preview":"max-video-preview:-1"},"canonical":"https:\/\/portalmf.com.br\/index.php\/2023\/01\/30\/jeronimo-rodrigues-prestigia-a-42a-noite-da-beleza-negra\/","og_locale":"pt_BR","og_type":"article","og_title":"Jer\u00f4nimo Rodrigues prestigia a 42\u00aa Noite da Beleza Negra - Portal MF","og_description":"Depois de dois anos suspensa por causa da pandemia da Covid-19, o bloco afro Il\u00ea Aiy\u00ea voltou a realizar a Noite da Beleza Negra. A 42\u00aa edi\u00e7\u00e3o do evento ocorreu, na noite deste s\u00e1bado (28), na Senzala do Barro Preto, no bairro Curuzu, em Salvador, e elegeu Dalila Santos, de 20 anos, como a Deusa [&hellip;]","og_url":"https:\/\/portalmf.com.br\/index.php\/2023\/01\/30\/jeronimo-rodrigues-prestigia-a-42a-noite-da-beleza-negra\/","og_site_name":"Portal MF","article_author":"https:\/\/www.facebook.com\/portalmfoficial","article_published_time":"2023-01-30T16:03:04+00:00","article_modified_time":"2023-01-30T16:03:05+00:00","og_image":[{"width":799,"height":533,"url":"https:\/\/portalmf.com.br\/wp-content\/uploads\/2023\/01\/Jeronimo-Rodrigues-prestigia-a-42a-Noite-da-Beleza-Negra-2.jpeg","type":"image\/jpeg"}],"author":"Reda\u00e7\u00e3o Portal MF","twitter_card":"summary_large_image","twitter_creator":"@https:\/\/x.com\/portalmfoficial","twitter_misc":{"Escrito por":"Reda\u00e7\u00e3o Portal MF","Est. tempo de leitura":"4 minutos"},"schema":{"@context":"https:\/\/schema.org","@graph":[{"@type":"WebPage","@id":"https:\/\/portalmf.com.br\/index.php\/2023\/01\/30\/jeronimo-rodrigues-prestigia-a-42a-noite-da-beleza-negra\/","url":"https:\/\/portalmf.com.br\/index.php\/2023\/01\/30\/jeronimo-rodrigues-prestigia-a-42a-noite-da-beleza-negra\/","name":"Jer\u00f4nimo Rodrigues prestigia a 42\u00aa Noite da Beleza Negra - Portal MF","isPartOf":{"@id":"https:\/\/portalmf.com.br\/#website"},"primaryImageOfPage":{"@id":"https:\/\/portalmf.com.br\/index.php\/2023\/01\/30\/jeronimo-rodrigues-prestigia-a-42a-noite-da-beleza-negra\/#primaryimage"},"image":{"@id":"https:\/\/portalmf.com.br\/index.php\/2023\/01\/30\/jeronimo-rodrigues-prestigia-a-42a-noite-da-beleza-negra\/#primaryimage"},"thumbnailUrl":"https:\/\/portalmf.com.br\/wp-content\/uploads\/2023\/01\/Jeronimo-Rodrigues-prestigia-a-42a-Noite-da-Beleza-Negra-2.jpeg","datePublished":"2023-01-30T16:03:04+00:00","dateModified":"2023-01-30T16:03:05+00:00","author":{"@id":"https:\/\/portalmf.com.br\/#\/schema\/person\/9ec101baf56233e53520c26de5d6f6f0"},"breadcrumb":{"@id":"https:\/\/portalmf.com.br\/index.php\/2023\/01\/30\/jeronimo-rodrigues-prestigia-a-42a-noite-da-beleza-negra\/#breadcrumb"},"inLanguage":"pt-BR","potentialAction":[{"@type":"ReadAction","target":["https:\/\/portalmf.com.br\/index.php\/2023\/01\/30\/jeronimo-rodrigues-prestigia-a-42a-noite-da-beleza-negra\/"]}]},{"@type":"ImageObject","inLanguage":"pt-BR","@id":"https:\/\/portalmf.com.br\/index.php\/2023\/01\/30\/jeronimo-rodrigues-prestigia-a-42a-noite-da-beleza-negra\/#primaryimage","url":"https:\/\/portalmf.com.br\/wp-content\/uploads\/2023\/01\/Jeronimo-Rodrigues-prestigia-a-42a-Noite-da-Beleza-Negra-2.jpeg","contentUrl":"https:\/\/portalmf.com.br\/wp-content\/uploads\/2023\/01\/Jeronimo-Rodrigues-prestigia-a-42a-Noite-da-Beleza-Negra-2.jpeg","width":799,"height":533},{"@type":"BreadcrumbList","@id":"https:\/\/portalmf.com.br\/index.php\/2023\/01\/30\/jeronimo-rodrigues-prestigia-a-42a-noite-da-beleza-negra\/#breadcrumb","itemListElement":[{"@type":"ListItem","position":1,"name":"In\u00edcio","item":"https:\/\/portalmf.com.br\/"},{"@type":"ListItem","position":2,"name":"Jer\u00f4nimo Rodrigues prestigia a 42\u00aa Noite da Beleza Negra"}]},{"@type":"WebSite","@id":"https:\/\/portalmf.com.br\/#website","url":"https:\/\/portalmf.com.br\/","name":"Portal MF","description":"Voc\u00ea conectado com a informa\u00e7\u00e3o","potentialAction":[{"@type":"SearchAction","target":{"@type":"EntryPoint","urlTemplate":"https:\/\/portalmf.com.br\/?s={search_term_string}"},"query-input":"required name=search_term_string"}],"inLanguage":"pt-BR"},{"@type":"Person","@id":"https:\/\/portalmf.com.br\/#\/schema\/person\/9ec101baf56233e53520c26de5d6f6f0","name":"Reda\u00e7\u00e3o Portal MF","image":{"@type":"ImageObject","inLanguage":"pt-BR","@id":"https:\/\/portalmf.com.br\/#\/schema\/person\/image\/","url":"https:\/\/secure.gravatar.com\/avatar\/41b9aaeb2100835f7c64362330f74c7f?s=96&d=mm&r=g","contentUrl":"https:\/\/secure.gravatar.com\/avatar\/41b9aaeb2100835f7c64362330f74c7f?s=96&d=mm&r=g","caption":"Reda\u00e7\u00e3o Portal MF"},"description":"Sejam bem-vindos o portal de informa\u00e7\u00f5es de entretenimento de Feira de Santana, desde 2006 realiza coberturas dos principais eventos com entrevistas exclusivas com as principais personalidades mundiais. Fique conectado tamb\u00e9m nas redes sociais.","sameAs":["http:\/\/www.portalmf.com.br\/","https:\/\/www.facebook.com\/portalmfoficial","https:\/\/www.instagram.com\/portalmf\/","https:\/\/x.com\/https:\/\/x.com\/portalmfoficial","https:\/\/www.youtube.com\/@portalmfoficial"],"url":"https:\/\/portalmf.com.br\/index.php\/author\/junior\/"}]}},"_links":{"self":[{"href":"https:\/\/portalmf.com.br\/index.php\/wp-json\/wp\/v2\/posts\/8382"}],"collection":[{"href":"https:\/\/portalmf.com.br\/index.php\/wp-json\/wp\/v2\/posts"}],"about":[{"href":"https:\/\/portalmf.com.br\/index.php\/wp-json\/wp\/v2\/types\/post"}],"author":[{"embeddable":true,"href":"https:\/\/portalmf.com.br\/index.php\/wp-json\/wp\/v2\/users\/3"}],"replies":[{"embeddable":true,"href":"https:\/\/portalmf.com.br\/index.php\/wp-json\/wp\/v2\/comments?post=8382"}],"version-history":[{"count":1,"href":"https:\/\/portalmf.com.br\/index.php\/wp-json\/wp\/v2\/posts\/8382\/revisions"}],"predecessor-version":[{"id":8385,"href":"https:\/\/portalmf.com.br\/index.php\/wp-json\/wp\/v2\/posts\/8382\/revisions\/8385"}],"wp:featuredmedia":[{"embeddable":true,"href":"https:\/\/portalmf.com.br\/index.php\/wp-json\/wp\/v2\/media\/8384"}],"wp:attachment":[{"href":"https:\/\/portalmf.com.br\/index.php\/wp-json\/wp\/v2\/media?parent=8382"}],"wp:term":[{"taxonomy":"category","embeddable":true,"href":"https:\/\/portalmf.com.br\/index.php\/wp-json\/wp\/v2\/categories?post=8382"},{"taxonomy":"post_tag","embeddable":true,"href":"https:\/\/portalmf.com.br\/index.php\/wp-json\/wp\/v2\/tags?post=8382"}],"curies":[{"name":"wp","href":"https:\/\/api.w.org\/{rel}","templated":true}]}}