{"id":8375,"date":"2023-01-28T16:19:54","date_gmt":"2023-01-28T19:19:54","guid":{"rendered":"https:\/\/portalmf.com.br\/?p=8375"},"modified":"2023-01-28T16:19:55","modified_gmt":"2023-01-28T19:19:55","slug":"larissa-luz-comandara-bloco-os-mascarados-no-carnaval-de-salvador","status":"publish","type":"post","link":"https:\/\/portalmf.com.br\/index.php\/2023\/01\/28\/larissa-luz-comandara-bloco-os-mascarados-no-carnaval-de-salvador\/","title":{"rendered":"Larissa Luz comandar\u00e1 bloco \u2018Os Mascarados\u2019 no Carnaval de Salvador"},"content":{"rendered":"\n<p>O Bloco \u201cOs Mascarados\u201d escolheu a cantora Larissa Luz para assumir o comando de seu 22\u00ba Carnaval. Larissa sobe ao trio para substituir Margareth Menezes, atual Ministra da Cultura, que estar\u00e1 em um compromisso durante a festa.<\/p>\n\n\n\n<p>Na quinta-feira, 16 de fevereiro de 2023, do tradicional Circuito Dod\u00f4 (Barra-Ondina), quem vai puxar o bloco ser\u00e1 Larissa, que receber\u00e1 diversos artistas para puxar o trio.<\/p>\n\n\n\n<figure class=\"wp-block-image size-large\"><img fetchpriority=\"high\" decoding=\"async\" width=\"819\" height=\"1024\" src=\"https:\/\/portalmf.com.br\/wp-content\/uploads\/2023\/01\/Larissa-LuZ-Foto-Victor-Balde-819x1024.jpg\" alt=\"\" class=\"wp-image-8376\" srcset=\"https:\/\/portalmf.com.br\/wp-content\/uploads\/2023\/01\/Larissa-LuZ-Foto-Victor-Balde-819x1024.jpg 819w, https:\/\/portalmf.com.br\/wp-content\/uploads\/2023\/01\/Larissa-LuZ-Foto-Victor-Balde-240x300.jpg 240w, https:\/\/portalmf.com.br\/wp-content\/uploads\/2023\/01\/Larissa-LuZ-Foto-Victor-Balde-768x960.jpg 768w, https:\/\/portalmf.com.br\/wp-content\/uploads\/2023\/01\/Larissa-LuZ-Foto-Victor-Balde-585x731.jpg 585w, https:\/\/portalmf.com.br\/wp-content\/uploads\/2023\/01\/Larissa-LuZ-Foto-Victor-Balde.jpg 1080w\" sizes=\"(max-width: 819px) 100vw, 819px\" \/><figcaption class=\"wp-element-caption\">Foto: Victor Balde<\/figcaption><\/figure>\n\n\n\n<p>Al\u00e9m de cantora, Larissa Luz \u00e9 compositora, produtora e atriz e possui um trabalho que \u00e9 refer\u00eancia na Bahia.<\/p>\n\n\n\n<p>Misturando ritmos como o trap e o funk, a artista se encaixa perfeitamente na proposta de inova\u00e7\u00e3o do bloco \u201cOs Mascarados\u201d.  Larissa despontou para o p\u00fablico no bloco Ara Ketu, onde cantou entre 2007 e 2012.Logo depois, a cantora seguiu para carreira solo e lan\u00e7ou tr\u00eas \u00e1lbuns: \u2018Mundan\u00e7a\u2019 (2012), \u2018Territ\u00f3rio Conquistado\u2019 (2016) e \u2018Trov\u00e3o\u2019 (2019) \u2013 e um EP \u2013 \u2018Deusa Dulov\u2019 (2022). Em 2016, Larissa foi indicada ao Grammy Latino na categoria de Melhor \u00c1lbum Pop Contempor\u00e2neo em L\u00edngua Portuguesa pelo \u00e1lbum \u201cTerrit\u00f3rio Conquisto\u201d.<\/p>\n\n\n\n<p>Com informa\u00e7\u00f5es do Ibahia <\/p>\n","protected":false},"excerpt":{"rendered":"<p>O Bloco \u201cOs Mascarados\u201d escolheu a cantora Larissa Luz para assumir o comando de seu 22\u00ba Carnaval. Larissa sobe ao trio para substituir Margareth Menezes, atual Ministra da Cultura, que estar\u00e1 em um compromisso durante a festa. Na quinta-feira, 16 de fevereiro de 2023, do tradicional Circuito Dod\u00f4 (Barra-Ondina), quem vai puxar o bloco ser\u00e1 [&hellip;]<\/p>\n","protected":false},"author":3,"featured_media":8377,"comment_status":"open","ping_status":"open","sticky":false,"template":"","format":"standard","meta":{"_monsterinsights_skip_tracking":false,"_monsterinsights_sitenote_active":false,"_monsterinsights_sitenote_note":"","_monsterinsights_sitenote_category":0,"footnotes":""},"categories":[44,47],"tags":[],"yoast_head":"<!-- This site is optimized with the Yoast SEO plugin v22.9 - https:\/\/yoast.com\/wordpress\/plugins\/seo\/ -->\n<title>Larissa Luz comandar\u00e1 bloco \u2018Os Mascarados\u2019 no Carnaval de Salvador - Portal MF<\/title>\n<meta name=\"robots\" content=\"index, follow, max-snippet:-1, max-image-preview:large, max-video-preview:-1\" \/>\n<link rel=\"canonical\" href=\"https:\/\/portalmf.com.br\/index.php\/2023\/01\/28\/larissa-luz-comandara-bloco-os-mascarados-no-carnaval-de-salvador\/\" \/>\n<meta property=\"og:locale\" content=\"pt_BR\" \/>\n<meta property=\"og:type\" content=\"article\" \/>\n<meta property=\"og:title\" content=\"Larissa Luz comandar\u00e1 bloco \u2018Os Mascarados\u2019 no Carnaval de Salvador - Portal MF\" \/>\n<meta property=\"og:description\" content=\"O Bloco \u201cOs Mascarados\u201d escolheu a cantora Larissa Luz para assumir o comando de seu 22\u00ba Carnaval. Larissa sobe ao trio para substituir Margareth Menezes, atual Ministra da Cultura, que estar\u00e1 em um compromisso durante a festa. Na quinta-feira, 16 de fevereiro de 2023, do tradicional Circuito Dod\u00f4 (Barra-Ondina), quem vai puxar o bloco ser\u00e1 [&hellip;]\" \/>\n<meta property=\"og:url\" content=\"https:\/\/portalmf.com.br\/index.php\/2023\/01\/28\/larissa-luz-comandara-bloco-os-mascarados-no-carnaval-de-salvador\/\" \/>\n<meta property=\"og:site_name\" content=\"Portal MF\" \/>\n<meta property=\"article:author\" content=\"https:\/\/www.facebook.com\/portalmfoficial\" \/>\n<meta property=\"article:published_time\" content=\"2023-01-28T19:19:54+00:00\" \/>\n<meta property=\"article:modified_time\" content=\"2023-01-28T19:19:55+00:00\" \/>\n<meta property=\"og:image\" content=\"https:\/\/portalmf.com.br\/wp-content\/uploads\/2023\/01\/Larissa_fotovitorbalde.jpg\" \/>\n\t<meta property=\"og:image:width\" content=\"1080\" \/>\n\t<meta property=\"og:image:height\" content=\"720\" \/>\n\t<meta property=\"og:image:type\" content=\"image\/jpeg\" \/>\n<meta name=\"author\" content=\"Reda\u00e7\u00e3o Portal MF\" \/>\n<meta name=\"twitter:card\" content=\"summary_large_image\" \/>\n<meta name=\"twitter:creator\" content=\"@https:\/\/x.com\/portalmfoficial\" \/>\n<meta name=\"twitter:label1\" content=\"Escrito por\" \/>\n\t<meta name=\"twitter:data1\" content=\"Reda\u00e7\u00e3o Portal MF\" \/>\n\t<meta name=\"twitter:label2\" content=\"Est. tempo de leitura\" \/>\n\t<meta name=\"twitter:data2\" content=\"2 minutos\" \/>\n<script type=\"application\/ld+json\" class=\"yoast-schema-graph\">{\"@context\":\"https:\/\/schema.org\",\"@graph\":[{\"@type\":\"WebPage\",\"@id\":\"https:\/\/portalmf.com.br\/index.php\/2023\/01\/28\/larissa-luz-comandara-bloco-os-mascarados-no-carnaval-de-salvador\/\",\"url\":\"https:\/\/portalmf.com.br\/index.php\/2023\/01\/28\/larissa-luz-comandara-bloco-os-mascarados-no-carnaval-de-salvador\/\",\"name\":\"Larissa Luz comandar\u00e1 bloco \u2018Os Mascarados\u2019 no Carnaval de Salvador - Portal MF\",\"isPartOf\":{\"@id\":\"https:\/\/portalmf.com.br\/#website\"},\"primaryImageOfPage\":{\"@id\":\"https:\/\/portalmf.com.br\/index.php\/2023\/01\/28\/larissa-luz-comandara-bloco-os-mascarados-no-carnaval-de-salvador\/#primaryimage\"},\"image\":{\"@id\":\"https:\/\/portalmf.com.br\/index.php\/2023\/01\/28\/larissa-luz-comandara-bloco-os-mascarados-no-carnaval-de-salvador\/#primaryimage\"},\"thumbnailUrl\":\"https:\/\/portalmf.com.br\/wp-content\/uploads\/2023\/01\/Larissa_fotovitorbalde.jpg\",\"datePublished\":\"2023-01-28T19:19:54+00:00\",\"dateModified\":\"2023-01-28T19:19:55+00:00\",\"author\":{\"@id\":\"https:\/\/portalmf.com.br\/#\/schema\/person\/9ec101baf56233e53520c26de5d6f6f0\"},\"breadcrumb\":{\"@id\":\"https:\/\/portalmf.com.br\/index.php\/2023\/01\/28\/larissa-luz-comandara-bloco-os-mascarados-no-carnaval-de-salvador\/#breadcrumb\"},\"inLanguage\":\"pt-BR\",\"potentialAction\":[{\"@type\":\"ReadAction\",\"target\":[\"https:\/\/portalmf.com.br\/index.php\/2023\/01\/28\/larissa-luz-comandara-bloco-os-mascarados-no-carnaval-de-salvador\/\"]}]},{\"@type\":\"ImageObject\",\"inLanguage\":\"pt-BR\",\"@id\":\"https:\/\/portalmf.com.br\/index.php\/2023\/01\/28\/larissa-luz-comandara-bloco-os-mascarados-no-carnaval-de-salvador\/#primaryimage\",\"url\":\"https:\/\/portalmf.com.br\/wp-content\/uploads\/2023\/01\/Larissa_fotovitorbalde.jpg\",\"contentUrl\":\"https:\/\/portalmf.com.br\/wp-content\/uploads\/2023\/01\/Larissa_fotovitorbalde.jpg\",\"width\":1080,\"height\":720},{\"@type\":\"BreadcrumbList\",\"@id\":\"https:\/\/portalmf.com.br\/index.php\/2023\/01\/28\/larissa-luz-comandara-bloco-os-mascarados-no-carnaval-de-salvador\/#breadcrumb\",\"itemListElement\":[{\"@type\":\"ListItem\",\"position\":1,\"name\":\"In\u00edcio\",\"item\":\"https:\/\/portalmf.com.br\/\"},{\"@type\":\"ListItem\",\"position\":2,\"name\":\"Larissa Luz comandar\u00e1 bloco \u2018Os Mascarados\u2019 no Carnaval de Salvador\"}]},{\"@type\":\"WebSite\",\"@id\":\"https:\/\/portalmf.com.br\/#website\",\"url\":\"https:\/\/portalmf.com.br\/\",\"name\":\"Portal MF\",\"description\":\"Voc\u00ea conectado com a informa\u00e7\u00e3o\",\"potentialAction\":[{\"@type\":\"SearchAction\",\"target\":{\"@type\":\"EntryPoint\",\"urlTemplate\":\"https:\/\/portalmf.com.br\/?s={search_term_string}\"},\"query-input\":\"required name=search_term_string\"}],\"inLanguage\":\"pt-BR\"},{\"@type\":\"Person\",\"@id\":\"https:\/\/portalmf.com.br\/#\/schema\/person\/9ec101baf56233e53520c26de5d6f6f0\",\"name\":\"Reda\u00e7\u00e3o Portal MF\",\"image\":{\"@type\":\"ImageObject\",\"inLanguage\":\"pt-BR\",\"@id\":\"https:\/\/portalmf.com.br\/#\/schema\/person\/image\/\",\"url\":\"https:\/\/secure.gravatar.com\/avatar\/41b9aaeb2100835f7c64362330f74c7f?s=96&d=mm&r=g\",\"contentUrl\":\"https:\/\/secure.gravatar.com\/avatar\/41b9aaeb2100835f7c64362330f74c7f?s=96&d=mm&r=g\",\"caption\":\"Reda\u00e7\u00e3o Portal MF\"},\"description\":\"Sejam bem-vindos o portal de informa\u00e7\u00f5es de entretenimento de Feira de Santana, desde 2006 realiza coberturas dos principais eventos com entrevistas exclusivas com as principais personalidades mundiais. Fique conectado tamb\u00e9m nas redes sociais.\",\"sameAs\":[\"http:\/\/www.portalmf.com.br\/\",\"https:\/\/www.facebook.com\/portalmfoficial\",\"https:\/\/www.instagram.com\/portalmf\/\",\"https:\/\/x.com\/https:\/\/x.com\/portalmfoficial\",\"https:\/\/www.youtube.com\/@portalmfoficial\"],\"url\":\"https:\/\/portalmf.com.br\/index.php\/author\/junior\/\"}]}<\/script>\n<!-- \/ Yoast SEO plugin. -->","yoast_head_json":{"title":"Larissa Luz comandar\u00e1 bloco \u2018Os Mascarados\u2019 no Carnaval de Salvador - Portal MF","robots":{"index":"index","follow":"follow","max-snippet":"max-snippet:-1","max-image-preview":"max-image-preview:large","max-video-preview":"max-video-preview:-1"},"canonical":"https:\/\/portalmf.com.br\/index.php\/2023\/01\/28\/larissa-luz-comandara-bloco-os-mascarados-no-carnaval-de-salvador\/","og_locale":"pt_BR","og_type":"article","og_title":"Larissa Luz comandar\u00e1 bloco \u2018Os Mascarados\u2019 no Carnaval de Salvador - Portal MF","og_description":"O Bloco \u201cOs Mascarados\u201d escolheu a cantora Larissa Luz para assumir o comando de seu 22\u00ba Carnaval. Larissa sobe ao trio para substituir Margareth Menezes, atual Ministra da Cultura, que estar\u00e1 em um compromisso durante a festa. Na quinta-feira, 16 de fevereiro de 2023, do tradicional Circuito Dod\u00f4 (Barra-Ondina), quem vai puxar o bloco ser\u00e1 [&hellip;]","og_url":"https:\/\/portalmf.com.br\/index.php\/2023\/01\/28\/larissa-luz-comandara-bloco-os-mascarados-no-carnaval-de-salvador\/","og_site_name":"Portal MF","article_author":"https:\/\/www.facebook.com\/portalmfoficial","article_published_time":"2023-01-28T19:19:54+00:00","article_modified_time":"2023-01-28T19:19:55+00:00","og_image":[{"width":1080,"height":720,"url":"https:\/\/portalmf.com.br\/wp-content\/uploads\/2023\/01\/Larissa_fotovitorbalde.jpg","type":"image\/jpeg"}],"author":"Reda\u00e7\u00e3o Portal MF","twitter_card":"summary_large_image","twitter_creator":"@https:\/\/x.com\/portalmfoficial","twitter_misc":{"Escrito por":"Reda\u00e7\u00e3o Portal MF","Est. tempo de leitura":"2 minutos"},"schema":{"@context":"https:\/\/schema.org","@graph":[{"@type":"WebPage","@id":"https:\/\/portalmf.com.br\/index.php\/2023\/01\/28\/larissa-luz-comandara-bloco-os-mascarados-no-carnaval-de-salvador\/","url":"https:\/\/portalmf.com.br\/index.php\/2023\/01\/28\/larissa-luz-comandara-bloco-os-mascarados-no-carnaval-de-salvador\/","name":"Larissa Luz comandar\u00e1 bloco \u2018Os Mascarados\u2019 no Carnaval de Salvador - Portal MF","isPartOf":{"@id":"https:\/\/portalmf.com.br\/#website"},"primaryImageOfPage":{"@id":"https:\/\/portalmf.com.br\/index.php\/2023\/01\/28\/larissa-luz-comandara-bloco-os-mascarados-no-carnaval-de-salvador\/#primaryimage"},"image":{"@id":"https:\/\/portalmf.com.br\/index.php\/2023\/01\/28\/larissa-luz-comandara-bloco-os-mascarados-no-carnaval-de-salvador\/#primaryimage"},"thumbnailUrl":"https:\/\/portalmf.com.br\/wp-content\/uploads\/2023\/01\/Larissa_fotovitorbalde.jpg","datePublished":"2023-01-28T19:19:54+00:00","dateModified":"2023-01-28T19:19:55+00:00","author":{"@id":"https:\/\/portalmf.com.br\/#\/schema\/person\/9ec101baf56233e53520c26de5d6f6f0"},"breadcrumb":{"@id":"https:\/\/portalmf.com.br\/index.php\/2023\/01\/28\/larissa-luz-comandara-bloco-os-mascarados-no-carnaval-de-salvador\/#breadcrumb"},"inLanguage":"pt-BR","potentialAction":[{"@type":"ReadAction","target":["https:\/\/portalmf.com.br\/index.php\/2023\/01\/28\/larissa-luz-comandara-bloco-os-mascarados-no-carnaval-de-salvador\/"]}]},{"@type":"ImageObject","inLanguage":"pt-BR","@id":"https:\/\/portalmf.com.br\/index.php\/2023\/01\/28\/larissa-luz-comandara-bloco-os-mascarados-no-carnaval-de-salvador\/#primaryimage","url":"https:\/\/portalmf.com.br\/wp-content\/uploads\/2023\/01\/Larissa_fotovitorbalde.jpg","contentUrl":"https:\/\/portalmf.com.br\/wp-content\/uploads\/2023\/01\/Larissa_fotovitorbalde.jpg","width":1080,"height":720},{"@type":"BreadcrumbList","@id":"https:\/\/portalmf.com.br\/index.php\/2023\/01\/28\/larissa-luz-comandara-bloco-os-mascarados-no-carnaval-de-salvador\/#breadcrumb","itemListElement":[{"@type":"ListItem","position":1,"name":"In\u00edcio","item":"https:\/\/portalmf.com.br\/"},{"@type":"ListItem","position":2,"name":"Larissa Luz comandar\u00e1 bloco \u2018Os Mascarados\u2019 no Carnaval de Salvador"}]},{"@type":"WebSite","@id":"https:\/\/portalmf.com.br\/#website","url":"https:\/\/portalmf.com.br\/","name":"Portal MF","description":"Voc\u00ea conectado com a informa\u00e7\u00e3o","potentialAction":[{"@type":"SearchAction","target":{"@type":"EntryPoint","urlTemplate":"https:\/\/portalmf.com.br\/?s={search_term_string}"},"query-input":"required name=search_term_string"}],"inLanguage":"pt-BR"},{"@type":"Person","@id":"https:\/\/portalmf.com.br\/#\/schema\/person\/9ec101baf56233e53520c26de5d6f6f0","name":"Reda\u00e7\u00e3o Portal MF","image":{"@type":"ImageObject","inLanguage":"pt-BR","@id":"https:\/\/portalmf.com.br\/#\/schema\/person\/image\/","url":"https:\/\/secure.gravatar.com\/avatar\/41b9aaeb2100835f7c64362330f74c7f?s=96&d=mm&r=g","contentUrl":"https:\/\/secure.gravatar.com\/avatar\/41b9aaeb2100835f7c64362330f74c7f?s=96&d=mm&r=g","caption":"Reda\u00e7\u00e3o Portal MF"},"description":"Sejam bem-vindos o portal de informa\u00e7\u00f5es de entretenimento de Feira de Santana, desde 2006 realiza coberturas dos principais eventos com entrevistas exclusivas com as principais personalidades mundiais. Fique conectado tamb\u00e9m nas redes sociais.","sameAs":["http:\/\/www.portalmf.com.br\/","https:\/\/www.facebook.com\/portalmfoficial","https:\/\/www.instagram.com\/portalmf\/","https:\/\/x.com\/https:\/\/x.com\/portalmfoficial","https:\/\/www.youtube.com\/@portalmfoficial"],"url":"https:\/\/portalmf.com.br\/index.php\/author\/junior\/"}]}},"_links":{"self":[{"href":"https:\/\/portalmf.com.br\/index.php\/wp-json\/wp\/v2\/posts\/8375"}],"collection":[{"href":"https:\/\/portalmf.com.br\/index.php\/wp-json\/wp\/v2\/posts"}],"about":[{"href":"https:\/\/portalmf.com.br\/index.php\/wp-json\/wp\/v2\/types\/post"}],"author":[{"embeddable":true,"href":"https:\/\/portalmf.com.br\/index.php\/wp-json\/wp\/v2\/users\/3"}],"replies":[{"embeddable":true,"href":"https:\/\/portalmf.com.br\/index.php\/wp-json\/wp\/v2\/comments?post=8375"}],"version-history":[{"count":1,"href":"https:\/\/portalmf.com.br\/index.php\/wp-json\/wp\/v2\/posts\/8375\/revisions"}],"predecessor-version":[{"id":8378,"href":"https:\/\/portalmf.com.br\/index.php\/wp-json\/wp\/v2\/posts\/8375\/revisions\/8378"}],"wp:featuredmedia":[{"embeddable":true,"href":"https:\/\/portalmf.com.br\/index.php\/wp-json\/wp\/v2\/media\/8377"}],"wp:attachment":[{"href":"https:\/\/portalmf.com.br\/index.php\/wp-json\/wp\/v2\/media?parent=8375"}],"wp:term":[{"taxonomy":"category","embeddable":true,"href":"https:\/\/portalmf.com.br\/index.php\/wp-json\/wp\/v2\/categories?post=8375"},{"taxonomy":"post_tag","embeddable":true,"href":"https:\/\/portalmf.com.br\/index.php\/wp-json\/wp\/v2\/tags?post=8375"}],"curies":[{"name":"wp","href":"https:\/\/api.w.org\/{rel}","templated":true}]}}