{"id":8367,"date":"2023-01-20T17:34:22","date_gmt":"2023-01-20T20:34:22","guid":{"rendered":"https:\/\/portalmf.com.br\/?p=8367"},"modified":"2023-01-27T17:35:58","modified_gmt":"2023-01-27T20:35:58","slug":"esquadrao-de-motociclistas-asa-branca-celebra-aniversario-com-mais-uma-edicao-da-corrida-asa-branca","status":"publish","type":"post","link":"https:\/\/portalmf.com.br\/index.php\/2023\/01\/20\/esquadrao-de-motociclistas-asa-branca-celebra-aniversario-com-mais-uma-edicao-da-corrida-asa-branca\/","title":{"rendered":"Esquadr\u00e3o de Motociclistas Asa Branca celebra anivers\u00e1rio com mais uma edi\u00e7\u00e3o da Corrida Asa Branca"},"content":{"rendered":"\n<p>Feira de Santana recebe, na pr\u00f3xima sexta-feira (27), a 8\u00aa corrida Asa Branca. O evento faz parte da programa\u00e7\u00e3o do m\u00eas de anivers\u00e1rio de cria\u00e7\u00e3o do Esquadr\u00e3o de Motociclistas Asa Branca, que em 2023 completa 33 anos.<br>O ponto de partida \u00e9 na Avenida Fraga Maia, \u00e0s 20h. As inscri\u00e7\u00f5es podem ser feitas at\u00e9 a quinta-feira (26). Os participantes dever\u00e3o levar uma lata de leite em p\u00f3. Todo o leite arrecadado ser\u00e1 doado a institui\u00e7\u00f5es filantr\u00f3picas da cidade.<\/p>\n\n\n\n<p>A corrida ter\u00e1 percurso de 5km e 10km e ser\u00e1 dividida em categorias: masculino militar, masculino civil, feminino militar e feminino civil. Todos os atletas que cruzarem a linha de chegada, receber\u00e3o medalhas de participa\u00e7\u00e3o e os tr\u00eas primeiros colocados, ser\u00e3o premiados com trof\u00e9us e pr\u00eamios.<\/p>\n\n\n\n<p>Al\u00e9m da corrida, ser\u00e3o oferecidos aos participantes:<br>Kit do Atleta: Camisa manga longa, Chip de Cronometragem e Medalha de Participa\u00e7\u00e3o (para os que cruzarem a linha de chegada obedecendo o regulamento);<br>Estrutura para retirada do Kit do Atleta;<br>Trajetos demarcados e com isolamento de tr\u00e2nsito para ve\u00edculos;<br>Apoio M\u00e9dico;<br>Hidrata\u00e7\u00e3o;<br>Kit de Frutas;<br>Guarda Volumes<br>Estrutura de entretenimento nas \u00e1reas de concentra\u00e7\u00e3o de p\u00fablico (Locutor do Evento, DJ, Exposi\u00e7\u00e3o de produtos e servi\u00e7os).<\/p>\n\n\n\n<p>S\u00e3o Parceiros do Esquadr\u00e3o de Motociclistas Asa Branca neste evento, o 2\u00ba GBM \/ Feira de Santana, a Superintend\u00eancia Municipal de Tr\u00e2nsito \u2013 SMT, a Secretaria Municipal de Sa\u00fade empresas e Institui\u00e7\u00f5es privadas.<\/p>\n\n\n\n<p><strong>Sobre a Corrida<\/strong><\/p>\n\n\n\n<p>Idealizada em 2014 como evento alusivo aos 25 anos do ent\u00e3o \u201cPelot\u00e3o Asa Branca\u201d, a I Corrida Asa Branca foi um sucesso. Uma corrida noturna, cercada de charme e eleg\u00e2ncia t\u00edpica das mais tradicionais corridas neste formato. Fato \u00e9 que em menos de 10 dias de inscri\u00e7\u00f5es abertas, todas as inscri\u00e7\u00f5es estavam preenchidas. Aliando a intera\u00e7\u00e3o Pol\u00edcia Militar e Comunidade, foram arrecadadas latas de leite em p\u00f3 para doa\u00e7\u00e3o a institui\u00e7\u00f5es filantr\u00f3picas da cidade.<br>Tal sucesso fez surgir a necessidade de se manter a corrida entre os grandes eventos esportivos de Feira de Santana anualmente. Durante as sete edi\u00e7\u00f5es do evento, milhares de atletas desfrutaram de uma estrutura de primeira qualidade em tempo que contribu\u00edram com doa\u00e7\u00f5es a pessoas em estado de vulnerabilidade.<br>Completar 33 anos de hist\u00f3ria e grandes pr\u00e9stimos a comunidade feirense merecem ser comemorados, mantendo na tropa e na sociedade a import\u00e2ncia das institui\u00e7\u00f5es de Seguran\u00e7a P\u00fablica do nosso Estado.<br>A realiza\u00e7\u00e3o de um Evento Esportivo como comemora\u00e7\u00e3o se deu por ser uma importante pr\u00e1tica social para aproximar as pessoas, visando fazer n\u00e3o somente o exerc\u00edcio f\u00edsico e mental, mas tamb\u00e9m uma forte inclus\u00e3o social, que abarca um ciclo de amizades e divers\u00e3o. A import\u00e2ncia do esporte \u00e9 reconhecida universalmente e sua pr\u00e1tica raramente deixa de beneficiar o seu praticante \u2013 seja crian\u00e7a, jovem, adulto ou idoso.<\/p>\n\n\n\n<p>Servi\u00e7o<br>O que: Corrida Asa Branca<br>Quando: Sexta-feira, 27 de janeiro de 2023, \u00e0s 20h<br>Onde: Avenida fraga Maia &#8211; Feira de Santana<\/p>\n","protected":false},"excerpt":{"rendered":"<p>Feira de Santana recebe, na pr\u00f3xima sexta-feira (27), a 8\u00aa corrida Asa Branca. O evento faz parte da programa\u00e7\u00e3o do m\u00eas de anivers\u00e1rio de cria\u00e7\u00e3o do Esquadr\u00e3o de Motociclistas Asa Branca, que em 2023 completa 33 anos.O ponto de partida \u00e9 na Avenida Fraga Maia, \u00e0s 20h. As inscri\u00e7\u00f5es podem ser feitas at\u00e9 a quinta-feira [&hellip;]<\/p>\n","protected":false},"author":3,"featured_media":8368,"comment_status":"open","ping_status":"open","sticky":false,"template":"","format":"standard","meta":{"_monsterinsights_skip_tracking":false,"_monsterinsights_sitenote_active":false,"_monsterinsights_sitenote_note":"","_monsterinsights_sitenote_category":0,"footnotes":""},"categories":[42],"tags":[],"yoast_head":"<!-- This site is optimized with the Yoast SEO plugin v22.9 - https:\/\/yoast.com\/wordpress\/plugins\/seo\/ -->\n<title>Esquadr\u00e3o de Motociclistas Asa Branca celebra anivers\u00e1rio com mais uma edi\u00e7\u00e3o da Corrida Asa Branca - Portal MF<\/title>\n<meta name=\"robots\" content=\"index, follow, max-snippet:-1, max-image-preview:large, max-video-preview:-1\" \/>\n<link rel=\"canonical\" href=\"https:\/\/portalmf.com.br\/index.php\/2023\/01\/20\/esquadrao-de-motociclistas-asa-branca-celebra-aniversario-com-mais-uma-edicao-da-corrida-asa-branca\/\" \/>\n<meta property=\"og:locale\" content=\"pt_BR\" \/>\n<meta property=\"og:type\" content=\"article\" \/>\n<meta property=\"og:title\" content=\"Esquadr\u00e3o de Motociclistas Asa Branca celebra anivers\u00e1rio com mais uma edi\u00e7\u00e3o da Corrida Asa Branca - Portal MF\" \/>\n<meta property=\"og:description\" content=\"Feira de Santana recebe, na pr\u00f3xima sexta-feira (27), a 8\u00aa corrida Asa Branca. O evento faz parte da programa\u00e7\u00e3o do m\u00eas de anivers\u00e1rio de cria\u00e7\u00e3o do Esquadr\u00e3o de Motociclistas Asa Branca, que em 2023 completa 33 anos.O ponto de partida \u00e9 na Avenida Fraga Maia, \u00e0s 20h. As inscri\u00e7\u00f5es podem ser feitas at\u00e9 a quinta-feira [&hellip;]\" \/>\n<meta property=\"og:url\" content=\"https:\/\/portalmf.com.br\/index.php\/2023\/01\/20\/esquadrao-de-motociclistas-asa-branca-celebra-aniversario-com-mais-uma-edicao-da-corrida-asa-branca\/\" \/>\n<meta property=\"og:site_name\" content=\"Portal MF\" \/>\n<meta property=\"article:author\" content=\"https:\/\/www.facebook.com\/portalmfoficial\" \/>\n<meta property=\"article:published_time\" content=\"2023-01-20T20:34:22+00:00\" \/>\n<meta property=\"article:modified_time\" content=\"2023-01-27T20:35:58+00:00\" \/>\n<meta property=\"og:image\" content=\"https:\/\/portalmf.com.br\/wp-content\/uploads\/2023\/01\/WhatsApp-Image-2023-01-27-at-08.27.28.jpeg\" \/>\n\t<meta property=\"og:image:width\" content=\"1024\" \/>\n\t<meta property=\"og:image:height\" content=\"683\" \/>\n\t<meta property=\"og:image:type\" content=\"image\/jpeg\" \/>\n<meta name=\"author\" content=\"Reda\u00e7\u00e3o Portal MF\" \/>\n<meta name=\"twitter:card\" content=\"summary_large_image\" \/>\n<meta name=\"twitter:creator\" content=\"@https:\/\/x.com\/portalmfoficial\" \/>\n<meta name=\"twitter:label1\" content=\"Escrito por\" \/>\n\t<meta name=\"twitter:data1\" content=\"Reda\u00e7\u00e3o Portal MF\" \/>\n\t<meta name=\"twitter:label2\" content=\"Est. tempo de leitura\" \/>\n\t<meta name=\"twitter:data2\" content=\"3 minutos\" \/>\n<script type=\"application\/ld+json\" class=\"yoast-schema-graph\">{\"@context\":\"https:\/\/schema.org\",\"@graph\":[{\"@type\":\"WebPage\",\"@id\":\"https:\/\/portalmf.com.br\/index.php\/2023\/01\/20\/esquadrao-de-motociclistas-asa-branca-celebra-aniversario-com-mais-uma-edicao-da-corrida-asa-branca\/\",\"url\":\"https:\/\/portalmf.com.br\/index.php\/2023\/01\/20\/esquadrao-de-motociclistas-asa-branca-celebra-aniversario-com-mais-uma-edicao-da-corrida-asa-branca\/\",\"name\":\"Esquadr\u00e3o de Motociclistas Asa Branca celebra anivers\u00e1rio com mais uma edi\u00e7\u00e3o da Corrida Asa Branca - Portal MF\",\"isPartOf\":{\"@id\":\"https:\/\/portalmf.com.br\/#website\"},\"primaryImageOfPage\":{\"@id\":\"https:\/\/portalmf.com.br\/index.php\/2023\/01\/20\/esquadrao-de-motociclistas-asa-branca-celebra-aniversario-com-mais-uma-edicao-da-corrida-asa-branca\/#primaryimage\"},\"image\":{\"@id\":\"https:\/\/portalmf.com.br\/index.php\/2023\/01\/20\/esquadrao-de-motociclistas-asa-branca-celebra-aniversario-com-mais-uma-edicao-da-corrida-asa-branca\/#primaryimage\"},\"thumbnailUrl\":\"https:\/\/portalmf.com.br\/wp-content\/uploads\/2023\/01\/WhatsApp-Image-2023-01-27-at-08.27.28.jpeg\",\"datePublished\":\"2023-01-20T20:34:22+00:00\",\"dateModified\":\"2023-01-27T20:35:58+00:00\",\"author\":{\"@id\":\"https:\/\/portalmf.com.br\/#\/schema\/person\/9ec101baf56233e53520c26de5d6f6f0\"},\"breadcrumb\":{\"@id\":\"https:\/\/portalmf.com.br\/index.php\/2023\/01\/20\/esquadrao-de-motociclistas-asa-branca-celebra-aniversario-com-mais-uma-edicao-da-corrida-asa-branca\/#breadcrumb\"},\"inLanguage\":\"pt-BR\",\"potentialAction\":[{\"@type\":\"ReadAction\",\"target\":[\"https:\/\/portalmf.com.br\/index.php\/2023\/01\/20\/esquadrao-de-motociclistas-asa-branca-celebra-aniversario-com-mais-uma-edicao-da-corrida-asa-branca\/\"]}]},{\"@type\":\"ImageObject\",\"inLanguage\":\"pt-BR\",\"@id\":\"https:\/\/portalmf.com.br\/index.php\/2023\/01\/20\/esquadrao-de-motociclistas-asa-branca-celebra-aniversario-com-mais-uma-edicao-da-corrida-asa-branca\/#primaryimage\",\"url\":\"https:\/\/portalmf.com.br\/wp-content\/uploads\/2023\/01\/WhatsApp-Image-2023-01-27-at-08.27.28.jpeg\",\"contentUrl\":\"https:\/\/portalmf.com.br\/wp-content\/uploads\/2023\/01\/WhatsApp-Image-2023-01-27-at-08.27.28.jpeg\",\"width\":1024,\"height\":683},{\"@type\":\"BreadcrumbList\",\"@id\":\"https:\/\/portalmf.com.br\/index.php\/2023\/01\/20\/esquadrao-de-motociclistas-asa-branca-celebra-aniversario-com-mais-uma-edicao-da-corrida-asa-branca\/#breadcrumb\",\"itemListElement\":[{\"@type\":\"ListItem\",\"position\":1,\"name\":\"In\u00edcio\",\"item\":\"https:\/\/portalmf.com.br\/\"},{\"@type\":\"ListItem\",\"position\":2,\"name\":\"Esquadr\u00e3o de Motociclistas Asa Branca celebra anivers\u00e1rio com mais uma edi\u00e7\u00e3o da Corrida Asa Branca\"}]},{\"@type\":\"WebSite\",\"@id\":\"https:\/\/portalmf.com.br\/#website\",\"url\":\"https:\/\/portalmf.com.br\/\",\"name\":\"Portal MF\",\"description\":\"Voc\u00ea conectado com a informa\u00e7\u00e3o\",\"potentialAction\":[{\"@type\":\"SearchAction\",\"target\":{\"@type\":\"EntryPoint\",\"urlTemplate\":\"https:\/\/portalmf.com.br\/?s={search_term_string}\"},\"query-input\":\"required name=search_term_string\"}],\"inLanguage\":\"pt-BR\"},{\"@type\":\"Person\",\"@id\":\"https:\/\/portalmf.com.br\/#\/schema\/person\/9ec101baf56233e53520c26de5d6f6f0\",\"name\":\"Reda\u00e7\u00e3o Portal MF\",\"image\":{\"@type\":\"ImageObject\",\"inLanguage\":\"pt-BR\",\"@id\":\"https:\/\/portalmf.com.br\/#\/schema\/person\/image\/\",\"url\":\"https:\/\/secure.gravatar.com\/avatar\/41b9aaeb2100835f7c64362330f74c7f?s=96&d=mm&r=g\",\"contentUrl\":\"https:\/\/secure.gravatar.com\/avatar\/41b9aaeb2100835f7c64362330f74c7f?s=96&d=mm&r=g\",\"caption\":\"Reda\u00e7\u00e3o Portal MF\"},\"description\":\"Sejam bem-vindos o portal de informa\u00e7\u00f5es de entretenimento de Feira de Santana, desde 2006 realiza coberturas dos principais eventos com entrevistas exclusivas com as principais personalidades mundiais. Fique conectado tamb\u00e9m nas redes sociais.\",\"sameAs\":[\"http:\/\/www.portalmf.com.br\/\",\"https:\/\/www.facebook.com\/portalmfoficial\",\"https:\/\/www.instagram.com\/portalmf\/\",\"https:\/\/x.com\/https:\/\/x.com\/portalmfoficial\",\"https:\/\/www.youtube.com\/@portalmfoficial\"],\"url\":\"https:\/\/portalmf.com.br\/index.php\/author\/junior\/\"}]}<\/script>\n<!-- \/ Yoast SEO plugin. -->","yoast_head_json":{"title":"Esquadr\u00e3o de Motociclistas Asa Branca celebra anivers\u00e1rio com mais uma edi\u00e7\u00e3o da Corrida Asa Branca - Portal MF","robots":{"index":"index","follow":"follow","max-snippet":"max-snippet:-1","max-image-preview":"max-image-preview:large","max-video-preview":"max-video-preview:-1"},"canonical":"https:\/\/portalmf.com.br\/index.php\/2023\/01\/20\/esquadrao-de-motociclistas-asa-branca-celebra-aniversario-com-mais-uma-edicao-da-corrida-asa-branca\/","og_locale":"pt_BR","og_type":"article","og_title":"Esquadr\u00e3o de Motociclistas Asa Branca celebra anivers\u00e1rio com mais uma edi\u00e7\u00e3o da Corrida Asa Branca - Portal MF","og_description":"Feira de Santana recebe, na pr\u00f3xima sexta-feira (27), a 8\u00aa corrida Asa Branca. O evento faz parte da programa\u00e7\u00e3o do m\u00eas de anivers\u00e1rio de cria\u00e7\u00e3o do Esquadr\u00e3o de Motociclistas Asa Branca, que em 2023 completa 33 anos.O ponto de partida \u00e9 na Avenida Fraga Maia, \u00e0s 20h. As inscri\u00e7\u00f5es podem ser feitas at\u00e9 a quinta-feira [&hellip;]","og_url":"https:\/\/portalmf.com.br\/index.php\/2023\/01\/20\/esquadrao-de-motociclistas-asa-branca-celebra-aniversario-com-mais-uma-edicao-da-corrida-asa-branca\/","og_site_name":"Portal MF","article_author":"https:\/\/www.facebook.com\/portalmfoficial","article_published_time":"2023-01-20T20:34:22+00:00","article_modified_time":"2023-01-27T20:35:58+00:00","og_image":[{"width":1024,"height":683,"url":"https:\/\/portalmf.com.br\/wp-content\/uploads\/2023\/01\/WhatsApp-Image-2023-01-27-at-08.27.28.jpeg","type":"image\/jpeg"}],"author":"Reda\u00e7\u00e3o Portal MF","twitter_card":"summary_large_image","twitter_creator":"@https:\/\/x.com\/portalmfoficial","twitter_misc":{"Escrito por":"Reda\u00e7\u00e3o Portal MF","Est. tempo de leitura":"3 minutos"},"schema":{"@context":"https:\/\/schema.org","@graph":[{"@type":"WebPage","@id":"https:\/\/portalmf.com.br\/index.php\/2023\/01\/20\/esquadrao-de-motociclistas-asa-branca-celebra-aniversario-com-mais-uma-edicao-da-corrida-asa-branca\/","url":"https:\/\/portalmf.com.br\/index.php\/2023\/01\/20\/esquadrao-de-motociclistas-asa-branca-celebra-aniversario-com-mais-uma-edicao-da-corrida-asa-branca\/","name":"Esquadr\u00e3o de Motociclistas Asa Branca celebra anivers\u00e1rio com mais uma edi\u00e7\u00e3o da Corrida Asa Branca - Portal MF","isPartOf":{"@id":"https:\/\/portalmf.com.br\/#website"},"primaryImageOfPage":{"@id":"https:\/\/portalmf.com.br\/index.php\/2023\/01\/20\/esquadrao-de-motociclistas-asa-branca-celebra-aniversario-com-mais-uma-edicao-da-corrida-asa-branca\/#primaryimage"},"image":{"@id":"https:\/\/portalmf.com.br\/index.php\/2023\/01\/20\/esquadrao-de-motociclistas-asa-branca-celebra-aniversario-com-mais-uma-edicao-da-corrida-asa-branca\/#primaryimage"},"thumbnailUrl":"https:\/\/portalmf.com.br\/wp-content\/uploads\/2023\/01\/WhatsApp-Image-2023-01-27-at-08.27.28.jpeg","datePublished":"2023-01-20T20:34:22+00:00","dateModified":"2023-01-27T20:35:58+00:00","author":{"@id":"https:\/\/portalmf.com.br\/#\/schema\/person\/9ec101baf56233e53520c26de5d6f6f0"},"breadcrumb":{"@id":"https:\/\/portalmf.com.br\/index.php\/2023\/01\/20\/esquadrao-de-motociclistas-asa-branca-celebra-aniversario-com-mais-uma-edicao-da-corrida-asa-branca\/#breadcrumb"},"inLanguage":"pt-BR","potentialAction":[{"@type":"ReadAction","target":["https:\/\/portalmf.com.br\/index.php\/2023\/01\/20\/esquadrao-de-motociclistas-asa-branca-celebra-aniversario-com-mais-uma-edicao-da-corrida-asa-branca\/"]}]},{"@type":"ImageObject","inLanguage":"pt-BR","@id":"https:\/\/portalmf.com.br\/index.php\/2023\/01\/20\/esquadrao-de-motociclistas-asa-branca-celebra-aniversario-com-mais-uma-edicao-da-corrida-asa-branca\/#primaryimage","url":"https:\/\/portalmf.com.br\/wp-content\/uploads\/2023\/01\/WhatsApp-Image-2023-01-27-at-08.27.28.jpeg","contentUrl":"https:\/\/portalmf.com.br\/wp-content\/uploads\/2023\/01\/WhatsApp-Image-2023-01-27-at-08.27.28.jpeg","width":1024,"height":683},{"@type":"BreadcrumbList","@id":"https:\/\/portalmf.com.br\/index.php\/2023\/01\/20\/esquadrao-de-motociclistas-asa-branca-celebra-aniversario-com-mais-uma-edicao-da-corrida-asa-branca\/#breadcrumb","itemListElement":[{"@type":"ListItem","position":1,"name":"In\u00edcio","item":"https:\/\/portalmf.com.br\/"},{"@type":"ListItem","position":2,"name":"Esquadr\u00e3o de Motociclistas Asa Branca celebra anivers\u00e1rio com mais uma edi\u00e7\u00e3o da Corrida Asa Branca"}]},{"@type":"WebSite","@id":"https:\/\/portalmf.com.br\/#website","url":"https:\/\/portalmf.com.br\/","name":"Portal MF","description":"Voc\u00ea conectado com a informa\u00e7\u00e3o","potentialAction":[{"@type":"SearchAction","target":{"@type":"EntryPoint","urlTemplate":"https:\/\/portalmf.com.br\/?s={search_term_string}"},"query-input":"required name=search_term_string"}],"inLanguage":"pt-BR"},{"@type":"Person","@id":"https:\/\/portalmf.com.br\/#\/schema\/person\/9ec101baf56233e53520c26de5d6f6f0","name":"Reda\u00e7\u00e3o Portal MF","image":{"@type":"ImageObject","inLanguage":"pt-BR","@id":"https:\/\/portalmf.com.br\/#\/schema\/person\/image\/","url":"https:\/\/secure.gravatar.com\/avatar\/41b9aaeb2100835f7c64362330f74c7f?s=96&d=mm&r=g","contentUrl":"https:\/\/secure.gravatar.com\/avatar\/41b9aaeb2100835f7c64362330f74c7f?s=96&d=mm&r=g","caption":"Reda\u00e7\u00e3o Portal MF"},"description":"Sejam bem-vindos o portal de informa\u00e7\u00f5es de entretenimento de Feira de Santana, desde 2006 realiza coberturas dos principais eventos com entrevistas exclusivas com as principais personalidades mundiais. Fique conectado tamb\u00e9m nas redes sociais.","sameAs":["http:\/\/www.portalmf.com.br\/","https:\/\/www.facebook.com\/portalmfoficial","https:\/\/www.instagram.com\/portalmf\/","https:\/\/x.com\/https:\/\/x.com\/portalmfoficial","https:\/\/www.youtube.com\/@portalmfoficial"],"url":"https:\/\/portalmf.com.br\/index.php\/author\/junior\/"}]}},"_links":{"self":[{"href":"https:\/\/portalmf.com.br\/index.php\/wp-json\/wp\/v2\/posts\/8367"}],"collection":[{"href":"https:\/\/portalmf.com.br\/index.php\/wp-json\/wp\/v2\/posts"}],"about":[{"href":"https:\/\/portalmf.com.br\/index.php\/wp-json\/wp\/v2\/types\/post"}],"author":[{"embeddable":true,"href":"https:\/\/portalmf.com.br\/index.php\/wp-json\/wp\/v2\/users\/3"}],"replies":[{"embeddable":true,"href":"https:\/\/portalmf.com.br\/index.php\/wp-json\/wp\/v2\/comments?post=8367"}],"version-history":[{"count":1,"href":"https:\/\/portalmf.com.br\/index.php\/wp-json\/wp\/v2\/posts\/8367\/revisions"}],"predecessor-version":[{"id":8369,"href":"https:\/\/portalmf.com.br\/index.php\/wp-json\/wp\/v2\/posts\/8367\/revisions\/8369"}],"wp:featuredmedia":[{"embeddable":true,"href":"https:\/\/portalmf.com.br\/index.php\/wp-json\/wp\/v2\/media\/8368"}],"wp:attachment":[{"href":"https:\/\/portalmf.com.br\/index.php\/wp-json\/wp\/v2\/media?parent=8367"}],"wp:term":[{"taxonomy":"category","embeddable":true,"href":"https:\/\/portalmf.com.br\/index.php\/wp-json\/wp\/v2\/categories?post=8367"},{"taxonomy":"post_tag","embeddable":true,"href":"https:\/\/portalmf.com.br\/index.php\/wp-json\/wp\/v2\/tags?post=8367"}],"curies":[{"name":"wp","href":"https:\/\/api.w.org\/{rel}","templated":true}]}}