{"id":8364,"date":"2023-01-27T09:30:00","date_gmt":"2023-01-27T12:30:00","guid":{"rendered":"https:\/\/portalmf.com.br\/?p=8364"},"modified":"2023-01-27T17:33:33","modified_gmt":"2023-01-27T20:33:33","slug":"prefeito-tarcisio-pedreira-e-inocentado-pela-justica-por-acusacao-de-provocar-aglomeracoes-em-2021","status":"publish","type":"post","link":"https:\/\/portalmf.com.br\/index.php\/2023\/01\/27\/prefeito-tarcisio-pedreira-e-inocentado-pela-justica-por-acusacao-de-provocar-aglomeracoes-em-2021\/","title":{"rendered":"Prefeito Tarc\u00edsio Pedreira \u00e9 inocentado pela justi\u00e7a por acusa\u00e7\u00e3o de provocar aglomera\u00e7\u00f5es em 2021"},"content":{"rendered":"\n<p>Nesta quinta-feira (26), o prefeito de S\u00e3o Gon\u00e7alo dos Campos, Tarc\u00edsio Pedreira, teve uma grande vit\u00f3ria no Tribunal de Justi\u00e7a da Bahia. Por sete votos contra tr\u00eas, o prefeito foi inocentado da acusa\u00e7\u00e3o de provocar aglomera\u00e7\u00f5es durante a pandemia da Covid-19 no per\u00edodo junino. A situa\u00e7\u00e3o ocorreu quando o prefeito promoveu o Forr\u00f3 Itinerante que consistia num carro de som passando pelas ruas enquanto as pessoas ficavam em suas resid\u00eancias e utilizavam m\u00e1scaras.<\/p>\n\n\n\n<p>Nas noites de ter\u00e7a e quarta-feira, 22 e 23 de junho de 2021 em S\u00e3o Gon\u00e7alo, seria realizada uma a\u00e7\u00e3o intitulada &#8220;II Forr\u00f3 Itinerante&#8221;, promovido pelo sanfoneiro Raimundo do Acordeon, com o apoio do Governo Municipal. Entretanto, conforme j\u00e1 veiculado, soldados da Pol\u00edcia Militar da Bahia impediram a realiza\u00e7\u00e3o da apresenta\u00e7\u00e3o do m\u00fasico, em um carro de som, que circularia pelas ruas da cidade, sem promover qualquer tipo de aglomera\u00e7\u00e3o, assim como j\u00e1 ocorreu no ano de 2020. Na manh\u00e3 da quinta-feira, 24 de junho, por volta das 6h, o evento transcorria sem aglomera\u00e7\u00f5es, tendo passado pelo centro da cidade, formado pelo carro de som com o sanfoneiro da cidade, motociclistas da Guarda Civil Municipal, 4 carros da equipe de organiza\u00e7\u00e3o do evento e nenhum pedestre seguindo o cortejo, quando, mais uma vez, mesmo constatando que n\u00e3o havia qualquer aglomera\u00e7\u00e3o, a Pol\u00edcia Militar da Bahia impediu seu prosseguimento.<\/p>\n\n\n\n<p>O motorista do carro de som, que estava no exerc\u00edcio do seu trabalho, foi detido pela Pol\u00edcia Militar e colocado no cambur\u00e3o da viatura, onde permaneceu durante todo o ocorrido. Por n\u00e3o aceitar a situa\u00e7\u00e3o imposta \u00e0quele trabalhador e, junto com a popula\u00e7\u00e3o, protestar, o prefeito municipal Tarc\u00edsio Pedreira foi tamb\u00e9m detido, acusado de supostos atos de desrespeito \u00e0 pol\u00edcia. Como j\u00e1 constatado por v\u00eddeos, o II Forr\u00f3 Itinerante n\u00e3o \u00e9 um evento com p\u00fablico aglomerado e aconteceria seguindo todas as normas de preven\u00e7\u00e3o a Covid-19 e com as determina\u00e7\u00f5es do decreto municipal que na \u00e9poca estava dispon\u00edvel no Di\u00e1rio Oficial do Munic\u00edpio.<\/p>\n\n\n\n<p>Com a not\u00edcia de que a den\u00fancia n\u00e3o foi recebida e que a justi\u00e7a determinou o arquivo do processo, o prefeito Tarc\u00edsio Pedreira se pronunciou em suas redes sociais comemorando a vit\u00f3ria e exaltando o poder da justi\u00e7a.<\/p>\n\n\n\n<p><em>\u201cHoje posso comemorar uma grande vit\u00f3ria, a vit\u00f3ria da verdade, da liberdade e da justi\u00e7a. O Tribunal de Justi\u00e7a da Bahia por sete votos a tr\u00eas, rejeitou a den\u00fancia infundada do Minist\u00e9rio P\u00fablico que pretendia me responsabilizar indevidamente por suposta aglomera\u00e7\u00e3o e atos de desrespeito \u00e0 pol\u00edcia militar no S\u00e3o Jo\u00e3o Itinerante de 2021, onde eu, meu irm\u00e3o, o advogado Dr. Targino Neto, no exerc\u00edcio de sua profiss\u00e3o e o motorista do carro de som, Jorge, fomos injustamente detidos. Gra\u00e7as a Deus, a verdade venceu e a justi\u00e7a se fez. O Tribunal de Justi\u00e7a compreendeu que eu jamais estimulei aglomera\u00e7\u00e3o, que eu jamais violei qualquer medida sanit\u00e1ria, e que eu jamais desacatei ou desrespeitei os policiais militares e nem muito menos agredi verbal ou fisicamente ningu\u00e9m. Continuarei sempre na luta e na defesa de nossa cidade. Sigo, portanto, como sempre, confiando na justi\u00e7a de Deus e no poder do judici\u00e1rio baiano\u201d.<\/em> finalizou Tarc\u00edsio.<\/p>\n","protected":false},"excerpt":{"rendered":"<p>Nesta quinta-feira (26), o prefeito de S\u00e3o Gon\u00e7alo dos Campos, Tarc\u00edsio Pedreira, teve uma grande vit\u00f3ria no Tribunal de Justi\u00e7a da Bahia. Por sete votos contra tr\u00eas, o prefeito foi inocentado da acusa\u00e7\u00e3o de provocar aglomera\u00e7\u00f5es durante a pandemia da Covid-19 no per\u00edodo junino. A situa\u00e7\u00e3o ocorreu quando o prefeito promoveu o Forr\u00f3 Itinerante que [&hellip;]<\/p>\n","protected":false},"author":3,"featured_media":8365,"comment_status":"open","ping_status":"open","sticky":false,"template":"","format":"standard","meta":{"_monsterinsights_skip_tracking":false,"_monsterinsights_sitenote_active":false,"_monsterinsights_sitenote_note":"","_monsterinsights_sitenote_category":0,"footnotes":""},"categories":[34],"tags":[],"yoast_head":"<!-- This site is optimized with the Yoast SEO plugin v22.9 - https:\/\/yoast.com\/wordpress\/plugins\/seo\/ -->\n<title>Prefeito Tarc\u00edsio Pedreira \u00e9 inocentado pela justi\u00e7a por acusa\u00e7\u00e3o de provocar aglomera\u00e7\u00f5es em 2021 - Portal MF<\/title>\n<meta name=\"robots\" content=\"index, follow, max-snippet:-1, max-image-preview:large, max-video-preview:-1\" \/>\n<link rel=\"canonical\" href=\"https:\/\/portalmf.com.br\/index.php\/2023\/01\/27\/prefeito-tarcisio-pedreira-e-inocentado-pela-justica-por-acusacao-de-provocar-aglomeracoes-em-2021\/\" \/>\n<meta property=\"og:locale\" content=\"pt_BR\" \/>\n<meta property=\"og:type\" content=\"article\" \/>\n<meta property=\"og:title\" content=\"Prefeito Tarc\u00edsio Pedreira \u00e9 inocentado pela justi\u00e7a por acusa\u00e7\u00e3o de provocar aglomera\u00e7\u00f5es em 2021 - Portal MF\" \/>\n<meta property=\"og:description\" content=\"Nesta quinta-feira (26), o prefeito de S\u00e3o Gon\u00e7alo dos Campos, Tarc\u00edsio Pedreira, teve uma grande vit\u00f3ria no Tribunal de Justi\u00e7a da Bahia. Por sete votos contra tr\u00eas, o prefeito foi inocentado da acusa\u00e7\u00e3o de provocar aglomera\u00e7\u00f5es durante a pandemia da Covid-19 no per\u00edodo junino. A situa\u00e7\u00e3o ocorreu quando o prefeito promoveu o Forr\u00f3 Itinerante que [&hellip;]\" \/>\n<meta property=\"og:url\" content=\"https:\/\/portalmf.com.br\/index.php\/2023\/01\/27\/prefeito-tarcisio-pedreira-e-inocentado-pela-justica-por-acusacao-de-provocar-aglomeracoes-em-2021\/\" \/>\n<meta property=\"og:site_name\" content=\"Portal MF\" \/>\n<meta property=\"article:author\" content=\"https:\/\/www.facebook.com\/portalmfoficial\" \/>\n<meta property=\"article:published_time\" content=\"2023-01-27T12:30:00+00:00\" \/>\n<meta property=\"article:modified_time\" content=\"2023-01-27T20:33:33+00:00\" \/>\n<meta property=\"og:image\" content=\"https:\/\/portalmf.com.br\/wp-content\/uploads\/2023\/01\/Prefeito-Tarcisio-Pedreira.jpg\" \/>\n\t<meta property=\"og:image:width\" content=\"1242\" \/>\n\t<meta property=\"og:image:height\" content=\"818\" \/>\n\t<meta property=\"og:image:type\" content=\"image\/jpeg\" \/>\n<meta name=\"author\" content=\"Reda\u00e7\u00e3o Portal MF\" \/>\n<meta name=\"twitter:card\" content=\"summary_large_image\" \/>\n<meta name=\"twitter:creator\" content=\"@https:\/\/x.com\/portalmfoficial\" \/>\n<meta name=\"twitter:label1\" content=\"Escrito por\" \/>\n\t<meta name=\"twitter:data1\" content=\"Reda\u00e7\u00e3o Portal MF\" \/>\n\t<meta name=\"twitter:label2\" content=\"Est. tempo de leitura\" \/>\n\t<meta name=\"twitter:data2\" content=\"3 minutos\" \/>\n<script type=\"application\/ld+json\" class=\"yoast-schema-graph\">{\"@context\":\"https:\/\/schema.org\",\"@graph\":[{\"@type\":\"WebPage\",\"@id\":\"https:\/\/portalmf.com.br\/index.php\/2023\/01\/27\/prefeito-tarcisio-pedreira-e-inocentado-pela-justica-por-acusacao-de-provocar-aglomeracoes-em-2021\/\",\"url\":\"https:\/\/portalmf.com.br\/index.php\/2023\/01\/27\/prefeito-tarcisio-pedreira-e-inocentado-pela-justica-por-acusacao-de-provocar-aglomeracoes-em-2021\/\",\"name\":\"Prefeito Tarc\u00edsio Pedreira \u00e9 inocentado pela justi\u00e7a por acusa\u00e7\u00e3o de provocar aglomera\u00e7\u00f5es em 2021 - Portal MF\",\"isPartOf\":{\"@id\":\"https:\/\/portalmf.com.br\/#website\"},\"primaryImageOfPage\":{\"@id\":\"https:\/\/portalmf.com.br\/index.php\/2023\/01\/27\/prefeito-tarcisio-pedreira-e-inocentado-pela-justica-por-acusacao-de-provocar-aglomeracoes-em-2021\/#primaryimage\"},\"image\":{\"@id\":\"https:\/\/portalmf.com.br\/index.php\/2023\/01\/27\/prefeito-tarcisio-pedreira-e-inocentado-pela-justica-por-acusacao-de-provocar-aglomeracoes-em-2021\/#primaryimage\"},\"thumbnailUrl\":\"https:\/\/portalmf.com.br\/wp-content\/uploads\/2023\/01\/Prefeito-Tarcisio-Pedreira.jpg\",\"datePublished\":\"2023-01-27T12:30:00+00:00\",\"dateModified\":\"2023-01-27T20:33:33+00:00\",\"author\":{\"@id\":\"https:\/\/portalmf.com.br\/#\/schema\/person\/9ec101baf56233e53520c26de5d6f6f0\"},\"breadcrumb\":{\"@id\":\"https:\/\/portalmf.com.br\/index.php\/2023\/01\/27\/prefeito-tarcisio-pedreira-e-inocentado-pela-justica-por-acusacao-de-provocar-aglomeracoes-em-2021\/#breadcrumb\"},\"inLanguage\":\"pt-BR\",\"potentialAction\":[{\"@type\":\"ReadAction\",\"target\":[\"https:\/\/portalmf.com.br\/index.php\/2023\/01\/27\/prefeito-tarcisio-pedreira-e-inocentado-pela-justica-por-acusacao-de-provocar-aglomeracoes-em-2021\/\"]}]},{\"@type\":\"ImageObject\",\"inLanguage\":\"pt-BR\",\"@id\":\"https:\/\/portalmf.com.br\/index.php\/2023\/01\/27\/prefeito-tarcisio-pedreira-e-inocentado-pela-justica-por-acusacao-de-provocar-aglomeracoes-em-2021\/#primaryimage\",\"url\":\"https:\/\/portalmf.com.br\/wp-content\/uploads\/2023\/01\/Prefeito-Tarcisio-Pedreira.jpg\",\"contentUrl\":\"https:\/\/portalmf.com.br\/wp-content\/uploads\/2023\/01\/Prefeito-Tarcisio-Pedreira.jpg\",\"width\":1242,\"height\":818},{\"@type\":\"BreadcrumbList\",\"@id\":\"https:\/\/portalmf.com.br\/index.php\/2023\/01\/27\/prefeito-tarcisio-pedreira-e-inocentado-pela-justica-por-acusacao-de-provocar-aglomeracoes-em-2021\/#breadcrumb\",\"itemListElement\":[{\"@type\":\"ListItem\",\"position\":1,\"name\":\"In\u00edcio\",\"item\":\"https:\/\/portalmf.com.br\/\"},{\"@type\":\"ListItem\",\"position\":2,\"name\":\"Prefeito Tarc\u00edsio Pedreira \u00e9 inocentado pela justi\u00e7a por acusa\u00e7\u00e3o de provocar aglomera\u00e7\u00f5es em 2021\"}]},{\"@type\":\"WebSite\",\"@id\":\"https:\/\/portalmf.com.br\/#website\",\"url\":\"https:\/\/portalmf.com.br\/\",\"name\":\"Portal MF\",\"description\":\"Voc\u00ea conectado com a informa\u00e7\u00e3o\",\"potentialAction\":[{\"@type\":\"SearchAction\",\"target\":{\"@type\":\"EntryPoint\",\"urlTemplate\":\"https:\/\/portalmf.com.br\/?s={search_term_string}\"},\"query-input\":\"required name=search_term_string\"}],\"inLanguage\":\"pt-BR\"},{\"@type\":\"Person\",\"@id\":\"https:\/\/portalmf.com.br\/#\/schema\/person\/9ec101baf56233e53520c26de5d6f6f0\",\"name\":\"Reda\u00e7\u00e3o Portal MF\",\"image\":{\"@type\":\"ImageObject\",\"inLanguage\":\"pt-BR\",\"@id\":\"https:\/\/portalmf.com.br\/#\/schema\/person\/image\/\",\"url\":\"https:\/\/secure.gravatar.com\/avatar\/41b9aaeb2100835f7c64362330f74c7f?s=96&d=mm&r=g\",\"contentUrl\":\"https:\/\/secure.gravatar.com\/avatar\/41b9aaeb2100835f7c64362330f74c7f?s=96&d=mm&r=g\",\"caption\":\"Reda\u00e7\u00e3o Portal MF\"},\"description\":\"Sejam bem-vindos o portal de informa\u00e7\u00f5es de entretenimento de Feira de Santana, desde 2006 realiza coberturas dos principais eventos com entrevistas exclusivas com as principais personalidades mundiais. Fique conectado tamb\u00e9m nas redes sociais.\",\"sameAs\":[\"http:\/\/www.portalmf.com.br\/\",\"https:\/\/www.facebook.com\/portalmfoficial\",\"https:\/\/www.instagram.com\/portalmf\/\",\"https:\/\/x.com\/https:\/\/x.com\/portalmfoficial\",\"https:\/\/www.youtube.com\/@portalmfoficial\"],\"url\":\"https:\/\/portalmf.com.br\/index.php\/author\/junior\/\"}]}<\/script>\n<!-- \/ Yoast SEO plugin. -->","yoast_head_json":{"title":"Prefeito Tarc\u00edsio Pedreira \u00e9 inocentado pela justi\u00e7a por acusa\u00e7\u00e3o de provocar aglomera\u00e7\u00f5es em 2021 - Portal MF","robots":{"index":"index","follow":"follow","max-snippet":"max-snippet:-1","max-image-preview":"max-image-preview:large","max-video-preview":"max-video-preview:-1"},"canonical":"https:\/\/portalmf.com.br\/index.php\/2023\/01\/27\/prefeito-tarcisio-pedreira-e-inocentado-pela-justica-por-acusacao-de-provocar-aglomeracoes-em-2021\/","og_locale":"pt_BR","og_type":"article","og_title":"Prefeito Tarc\u00edsio Pedreira \u00e9 inocentado pela justi\u00e7a por acusa\u00e7\u00e3o de provocar aglomera\u00e7\u00f5es em 2021 - Portal MF","og_description":"Nesta quinta-feira (26), o prefeito de S\u00e3o Gon\u00e7alo dos Campos, Tarc\u00edsio Pedreira, teve uma grande vit\u00f3ria no Tribunal de Justi\u00e7a da Bahia. Por sete votos contra tr\u00eas, o prefeito foi inocentado da acusa\u00e7\u00e3o de provocar aglomera\u00e7\u00f5es durante a pandemia da Covid-19 no per\u00edodo junino. A situa\u00e7\u00e3o ocorreu quando o prefeito promoveu o Forr\u00f3 Itinerante que [&hellip;]","og_url":"https:\/\/portalmf.com.br\/index.php\/2023\/01\/27\/prefeito-tarcisio-pedreira-e-inocentado-pela-justica-por-acusacao-de-provocar-aglomeracoes-em-2021\/","og_site_name":"Portal MF","article_author":"https:\/\/www.facebook.com\/portalmfoficial","article_published_time":"2023-01-27T12:30:00+00:00","article_modified_time":"2023-01-27T20:33:33+00:00","og_image":[{"width":1242,"height":818,"url":"https:\/\/portalmf.com.br\/wp-content\/uploads\/2023\/01\/Prefeito-Tarcisio-Pedreira.jpg","type":"image\/jpeg"}],"author":"Reda\u00e7\u00e3o Portal MF","twitter_card":"summary_large_image","twitter_creator":"@https:\/\/x.com\/portalmfoficial","twitter_misc":{"Escrito por":"Reda\u00e7\u00e3o Portal MF","Est. tempo de leitura":"3 minutos"},"schema":{"@context":"https:\/\/schema.org","@graph":[{"@type":"WebPage","@id":"https:\/\/portalmf.com.br\/index.php\/2023\/01\/27\/prefeito-tarcisio-pedreira-e-inocentado-pela-justica-por-acusacao-de-provocar-aglomeracoes-em-2021\/","url":"https:\/\/portalmf.com.br\/index.php\/2023\/01\/27\/prefeito-tarcisio-pedreira-e-inocentado-pela-justica-por-acusacao-de-provocar-aglomeracoes-em-2021\/","name":"Prefeito Tarc\u00edsio Pedreira \u00e9 inocentado pela justi\u00e7a por acusa\u00e7\u00e3o de provocar aglomera\u00e7\u00f5es em 2021 - Portal MF","isPartOf":{"@id":"https:\/\/portalmf.com.br\/#website"},"primaryImageOfPage":{"@id":"https:\/\/portalmf.com.br\/index.php\/2023\/01\/27\/prefeito-tarcisio-pedreira-e-inocentado-pela-justica-por-acusacao-de-provocar-aglomeracoes-em-2021\/#primaryimage"},"image":{"@id":"https:\/\/portalmf.com.br\/index.php\/2023\/01\/27\/prefeito-tarcisio-pedreira-e-inocentado-pela-justica-por-acusacao-de-provocar-aglomeracoes-em-2021\/#primaryimage"},"thumbnailUrl":"https:\/\/portalmf.com.br\/wp-content\/uploads\/2023\/01\/Prefeito-Tarcisio-Pedreira.jpg","datePublished":"2023-01-27T12:30:00+00:00","dateModified":"2023-01-27T20:33:33+00:00","author":{"@id":"https:\/\/portalmf.com.br\/#\/schema\/person\/9ec101baf56233e53520c26de5d6f6f0"},"breadcrumb":{"@id":"https:\/\/portalmf.com.br\/index.php\/2023\/01\/27\/prefeito-tarcisio-pedreira-e-inocentado-pela-justica-por-acusacao-de-provocar-aglomeracoes-em-2021\/#breadcrumb"},"inLanguage":"pt-BR","potentialAction":[{"@type":"ReadAction","target":["https:\/\/portalmf.com.br\/index.php\/2023\/01\/27\/prefeito-tarcisio-pedreira-e-inocentado-pela-justica-por-acusacao-de-provocar-aglomeracoes-em-2021\/"]}]},{"@type":"ImageObject","inLanguage":"pt-BR","@id":"https:\/\/portalmf.com.br\/index.php\/2023\/01\/27\/prefeito-tarcisio-pedreira-e-inocentado-pela-justica-por-acusacao-de-provocar-aglomeracoes-em-2021\/#primaryimage","url":"https:\/\/portalmf.com.br\/wp-content\/uploads\/2023\/01\/Prefeito-Tarcisio-Pedreira.jpg","contentUrl":"https:\/\/portalmf.com.br\/wp-content\/uploads\/2023\/01\/Prefeito-Tarcisio-Pedreira.jpg","width":1242,"height":818},{"@type":"BreadcrumbList","@id":"https:\/\/portalmf.com.br\/index.php\/2023\/01\/27\/prefeito-tarcisio-pedreira-e-inocentado-pela-justica-por-acusacao-de-provocar-aglomeracoes-em-2021\/#breadcrumb","itemListElement":[{"@type":"ListItem","position":1,"name":"In\u00edcio","item":"https:\/\/portalmf.com.br\/"},{"@type":"ListItem","position":2,"name":"Prefeito Tarc\u00edsio Pedreira \u00e9 inocentado pela justi\u00e7a por acusa\u00e7\u00e3o de provocar aglomera\u00e7\u00f5es em 2021"}]},{"@type":"WebSite","@id":"https:\/\/portalmf.com.br\/#website","url":"https:\/\/portalmf.com.br\/","name":"Portal MF","description":"Voc\u00ea conectado com a informa\u00e7\u00e3o","potentialAction":[{"@type":"SearchAction","target":{"@type":"EntryPoint","urlTemplate":"https:\/\/portalmf.com.br\/?s={search_term_string}"},"query-input":"required name=search_term_string"}],"inLanguage":"pt-BR"},{"@type":"Person","@id":"https:\/\/portalmf.com.br\/#\/schema\/person\/9ec101baf56233e53520c26de5d6f6f0","name":"Reda\u00e7\u00e3o Portal MF","image":{"@type":"ImageObject","inLanguage":"pt-BR","@id":"https:\/\/portalmf.com.br\/#\/schema\/person\/image\/","url":"https:\/\/secure.gravatar.com\/avatar\/41b9aaeb2100835f7c64362330f74c7f?s=96&d=mm&r=g","contentUrl":"https:\/\/secure.gravatar.com\/avatar\/41b9aaeb2100835f7c64362330f74c7f?s=96&d=mm&r=g","caption":"Reda\u00e7\u00e3o Portal MF"},"description":"Sejam bem-vindos o portal de informa\u00e7\u00f5es de entretenimento de Feira de Santana, desde 2006 realiza coberturas dos principais eventos com entrevistas exclusivas com as principais personalidades mundiais. Fique conectado tamb\u00e9m nas redes sociais.","sameAs":["http:\/\/www.portalmf.com.br\/","https:\/\/www.facebook.com\/portalmfoficial","https:\/\/www.instagram.com\/portalmf\/","https:\/\/x.com\/https:\/\/x.com\/portalmfoficial","https:\/\/www.youtube.com\/@portalmfoficial"],"url":"https:\/\/portalmf.com.br\/index.php\/author\/junior\/"}]}},"_links":{"self":[{"href":"https:\/\/portalmf.com.br\/index.php\/wp-json\/wp\/v2\/posts\/8364"}],"collection":[{"href":"https:\/\/portalmf.com.br\/index.php\/wp-json\/wp\/v2\/posts"}],"about":[{"href":"https:\/\/portalmf.com.br\/index.php\/wp-json\/wp\/v2\/types\/post"}],"author":[{"embeddable":true,"href":"https:\/\/portalmf.com.br\/index.php\/wp-json\/wp\/v2\/users\/3"}],"replies":[{"embeddable":true,"href":"https:\/\/portalmf.com.br\/index.php\/wp-json\/wp\/v2\/comments?post=8364"}],"version-history":[{"count":1,"href":"https:\/\/portalmf.com.br\/index.php\/wp-json\/wp\/v2\/posts\/8364\/revisions"}],"predecessor-version":[{"id":8366,"href":"https:\/\/portalmf.com.br\/index.php\/wp-json\/wp\/v2\/posts\/8364\/revisions\/8366"}],"wp:featuredmedia":[{"embeddable":true,"href":"https:\/\/portalmf.com.br\/index.php\/wp-json\/wp\/v2\/media\/8365"}],"wp:attachment":[{"href":"https:\/\/portalmf.com.br\/index.php\/wp-json\/wp\/v2\/media?parent=8364"}],"wp:term":[{"taxonomy":"category","embeddable":true,"href":"https:\/\/portalmf.com.br\/index.php\/wp-json\/wp\/v2\/categories?post=8364"},{"taxonomy":"post_tag","embeddable":true,"href":"https:\/\/portalmf.com.br\/index.php\/wp-json\/wp\/v2\/tags?post=8364"}],"curies":[{"name":"wp","href":"https:\/\/api.w.org\/{rel}","templated":true}]}}