{"id":8361,"date":"2023-01-27T17:30:42","date_gmt":"2023-01-27T20:30:42","guid":{"rendered":"https:\/\/portalmf.com.br\/?p=8361"},"modified":"2023-01-27T17:30:42","modified_gmt":"2023-01-27T20:30:42","slug":"simone-mendes-lanca-cintilante-e-anuncia-o-primeiro-video-do-ep-solo","status":"publish","type":"post","link":"https:\/\/portalmf.com.br\/index.php\/2023\/01\/27\/simone-mendes-lanca-cintilante-e-anuncia-o-primeiro-video-do-ep-solo\/","title":{"rendered":"Simone Mendes lan\u00e7a \u201cCintilante\u201d e anuncia o primeiro v\u00eddeo do EP solo"},"content":{"rendered":"\n<p>Simone Mendes estreia sua carreira solo com o lan\u00e7amento do EP \u201cCintilante\u201d! As quatro can\u00e7\u00f5es in\u00e9ditas: \u201cErro Gostoso\u201d, \u201cDois Fugitivos\u201d, \u201cArruma a Mala\u201d e \u201cAmn\u00e9sia do Beijo\u201d j\u00e1 est\u00e3o dispon\u00edveis nas plataformas digitais. O EP \u00e9 a primeira parte do projeto hom\u00f4nimo, gravado no dia 14 de dezembro de 2022, na Villa Mandacaru, na cidade de Itu, no interior de S\u00e3o Paulo. <\/p>\n\n\n\n<p><em>\u201cEscolhi esse nome porque tudo que \u00e9 cintilante pra mim representa coisa boa, alto astral. Eu me sinto acolhida e abra\u00e7ada em todos os lugares por onde eu passo. E \u00e9 isso que estou vivendo\u201d, <\/em>diz a cantora.<\/p>\n\n\n\n<p>Para a alegria do p\u00fablico, a faixa de trabalho, \u201cErro Gostoso\u201d, chega com v\u00eddeo lan\u00e7ado hoje (27)&nbsp;. Nas semanas seguintes, todas as quintas-feiras, Simone Mendes apresentar\u00e1 os pr\u00f3ximos v\u00eddeos do projeto: \u201cDois Fugitivos\u201d (dia 02\/02), \u201cArruma a Mala\u201d (dia 09\/02) e \u201cAmn\u00e9sia do Beijo\u201d (dia 16\/02).<\/p>\n\n\n\n<figure class=\"wp-block-embed is-type-video is-provider-youtube wp-block-embed-youtube wp-embed-aspect-16-9 wp-has-aspect-ratio\"><div class=\"wp-block-embed__wrapper\">\n<iframe title=\"Simone Mendes - ERRO GOSTOSO (DVD CINTILANTE)\" width=\"696\" height=\"392\" src=\"https:\/\/www.youtube.com\/embed\/mr09lDl_Tfk?feature=oembed\" frameborder=\"0\" allow=\"accelerometer; autoplay; clipboard-write; encrypted-media; gyroscope; picture-in-picture; web-share\" allowfullscreen><\/iframe>\n<\/div><\/figure>\n\n\n\n<p>Para este t\u00e3o marcante projeto, a cantora convidou dois dos mais experientes profissionais da m\u00fasica sertaneja: Fernando Trevisan \u201cCatatau\u201d e\u00a0Eduardo Pepato.<\/p>\n\n\n\n<p><em>&#8220;Esse projeto est\u00e1 sendo todo preparado com muito carinho. Escolhi cada faixa com muito amor. E o que me deixa mais feliz \u00e9 que todos que escutam amam o repert\u00f3rio&#8221;<\/em>, antecipa a artista.<\/p>\n\n\n\n<p>Parte do novo repert\u00f3rio j\u00e1 caiu na boca do povo. As m\u00fasicas \u201cErro Gostoso\u201d e \u201cDois Fugitivos\u201d, j\u00e1 divulgadas por Simone Mendes, somam mais de 1.5 milh\u00e3o de visualiza\u00e7\u00f5es no canal da cantora no YouTube (onde ela tem 4.5 milh\u00f5es de inscritos). Al\u00e9m dessas, Simone gravou mais nove faixas in\u00e9ditas, que estar\u00e3o dispon\u00edveis em breve nas plataformas digitais.<\/p>\n\n\n\n<p>Em breve, Simone Mendes levar\u00e1 sua voz potente para todos os cantos do pa\u00eds em uma grande turn\u00ea com a mesma equipe que acompanhou a dupla Simone &amp; Simaria nos \u00faltimos anos. Ela ainda manteve a parceria com a RSS Produ\u00e7\u00f5es Art\u00edsticas, do empres\u00e1rio Roberto Costa, respons\u00e1vel pela agenda e a carreira da cantora, agora em fase solo.<\/p>\n","protected":false},"excerpt":{"rendered":"<p>Simone Mendes estreia sua carreira solo com o lan\u00e7amento do EP \u201cCintilante\u201d! As quatro can\u00e7\u00f5es in\u00e9ditas: \u201cErro Gostoso\u201d, \u201cDois Fugitivos\u201d, \u201cArruma a Mala\u201d e \u201cAmn\u00e9sia do Beijo\u201d j\u00e1 est\u00e3o dispon\u00edveis nas plataformas digitais. O EP \u00e9 a primeira parte do projeto hom\u00f4nimo, gravado no dia 14 de dezembro de 2022, na Villa Mandacaru, na cidade [&hellip;]<\/p>\n","protected":false},"author":3,"featured_media":8362,"comment_status":"open","ping_status":"open","sticky":false,"template":"","format":"standard","meta":{"_monsterinsights_skip_tracking":false,"_monsterinsights_sitenote_active":false,"_monsterinsights_sitenote_note":"","_monsterinsights_sitenote_category":0,"footnotes":""},"categories":[48,36],"tags":[],"yoast_head":"<!-- This site is optimized with the Yoast SEO plugin v22.9 - https:\/\/yoast.com\/wordpress\/plugins\/seo\/ -->\n<title>Simone Mendes lan\u00e7a \u201cCintilante\u201d e anuncia o primeiro v\u00eddeo do EP solo - Portal MF<\/title>\n<meta name=\"robots\" content=\"index, follow, max-snippet:-1, max-image-preview:large, max-video-preview:-1\" \/>\n<link rel=\"canonical\" href=\"https:\/\/portalmf.com.br\/index.php\/2023\/01\/27\/simone-mendes-lanca-cintilante-e-anuncia-o-primeiro-video-do-ep-solo\/\" \/>\n<meta property=\"og:locale\" content=\"pt_BR\" \/>\n<meta property=\"og:type\" content=\"article\" \/>\n<meta property=\"og:title\" content=\"Simone Mendes lan\u00e7a \u201cCintilante\u201d e anuncia o primeiro v\u00eddeo do EP solo - Portal MF\" \/>\n<meta property=\"og:description\" content=\"Simone Mendes estreia sua carreira solo com o lan\u00e7amento do EP \u201cCintilante\u201d! As quatro can\u00e7\u00f5es in\u00e9ditas: \u201cErro Gostoso\u201d, \u201cDois Fugitivos\u201d, \u201cArruma a Mala\u201d e \u201cAmn\u00e9sia do Beijo\u201d j\u00e1 est\u00e3o dispon\u00edveis nas plataformas digitais. O EP \u00e9 a primeira parte do projeto hom\u00f4nimo, gravado no dia 14 de dezembro de 2022, na Villa Mandacaru, na cidade [&hellip;]\" \/>\n<meta property=\"og:url\" content=\"https:\/\/portalmf.com.br\/index.php\/2023\/01\/27\/simone-mendes-lanca-cintilante-e-anuncia-o-primeiro-video-do-ep-solo\/\" \/>\n<meta property=\"og:site_name\" content=\"Portal MF\" \/>\n<meta property=\"article:author\" content=\"https:\/\/www.facebook.com\/portalmfoficial\" \/>\n<meta property=\"article:published_time\" content=\"2023-01-27T20:30:42+00:00\" \/>\n<meta property=\"og:image\" content=\"https:\/\/portalmf.com.br\/wp-content\/uploads\/2023\/01\/simone-mendes-Foto-Alisson-Demetrio.jpg\" \/>\n\t<meta property=\"og:image:width\" content=\"1200\" \/>\n\t<meta property=\"og:image:height\" content=\"640\" \/>\n\t<meta property=\"og:image:type\" content=\"image\/jpeg\" \/>\n<meta name=\"author\" content=\"Reda\u00e7\u00e3o Portal MF\" \/>\n<meta name=\"twitter:card\" content=\"summary_large_image\" \/>\n<meta name=\"twitter:creator\" content=\"@https:\/\/x.com\/portalmfoficial\" \/>\n<meta name=\"twitter:label1\" content=\"Escrito por\" \/>\n\t<meta name=\"twitter:data1\" content=\"Reda\u00e7\u00e3o Portal MF\" \/>\n\t<meta name=\"twitter:label2\" content=\"Est. tempo de leitura\" \/>\n\t<meta name=\"twitter:data2\" content=\"2 minutos\" \/>\n<script type=\"application\/ld+json\" class=\"yoast-schema-graph\">{\"@context\":\"https:\/\/schema.org\",\"@graph\":[{\"@type\":\"WebPage\",\"@id\":\"https:\/\/portalmf.com.br\/index.php\/2023\/01\/27\/simone-mendes-lanca-cintilante-e-anuncia-o-primeiro-video-do-ep-solo\/\",\"url\":\"https:\/\/portalmf.com.br\/index.php\/2023\/01\/27\/simone-mendes-lanca-cintilante-e-anuncia-o-primeiro-video-do-ep-solo\/\",\"name\":\"Simone Mendes lan\u00e7a \u201cCintilante\u201d e anuncia o primeiro v\u00eddeo do EP solo - Portal MF\",\"isPartOf\":{\"@id\":\"https:\/\/portalmf.com.br\/#website\"},\"primaryImageOfPage\":{\"@id\":\"https:\/\/portalmf.com.br\/index.php\/2023\/01\/27\/simone-mendes-lanca-cintilante-e-anuncia-o-primeiro-video-do-ep-solo\/#primaryimage\"},\"image\":{\"@id\":\"https:\/\/portalmf.com.br\/index.php\/2023\/01\/27\/simone-mendes-lanca-cintilante-e-anuncia-o-primeiro-video-do-ep-solo\/#primaryimage\"},\"thumbnailUrl\":\"https:\/\/portalmf.com.br\/wp-content\/uploads\/2023\/01\/simone-mendes-Foto-Alisson-Demetrio.jpg\",\"datePublished\":\"2023-01-27T20:30:42+00:00\",\"dateModified\":\"2023-01-27T20:30:42+00:00\",\"author\":{\"@id\":\"https:\/\/portalmf.com.br\/#\/schema\/person\/9ec101baf56233e53520c26de5d6f6f0\"},\"breadcrumb\":{\"@id\":\"https:\/\/portalmf.com.br\/index.php\/2023\/01\/27\/simone-mendes-lanca-cintilante-e-anuncia-o-primeiro-video-do-ep-solo\/#breadcrumb\"},\"inLanguage\":\"pt-BR\",\"potentialAction\":[{\"@type\":\"ReadAction\",\"target\":[\"https:\/\/portalmf.com.br\/index.php\/2023\/01\/27\/simone-mendes-lanca-cintilante-e-anuncia-o-primeiro-video-do-ep-solo\/\"]}]},{\"@type\":\"ImageObject\",\"inLanguage\":\"pt-BR\",\"@id\":\"https:\/\/portalmf.com.br\/index.php\/2023\/01\/27\/simone-mendes-lanca-cintilante-e-anuncia-o-primeiro-video-do-ep-solo\/#primaryimage\",\"url\":\"https:\/\/portalmf.com.br\/wp-content\/uploads\/2023\/01\/simone-mendes-Foto-Alisson-Demetrio.jpg\",\"contentUrl\":\"https:\/\/portalmf.com.br\/wp-content\/uploads\/2023\/01\/simone-mendes-Foto-Alisson-Demetrio.jpg\",\"width\":1200,\"height\":640,\"caption\":\"Foto: Alisson Demetrio\"},{\"@type\":\"BreadcrumbList\",\"@id\":\"https:\/\/portalmf.com.br\/index.php\/2023\/01\/27\/simone-mendes-lanca-cintilante-e-anuncia-o-primeiro-video-do-ep-solo\/#breadcrumb\",\"itemListElement\":[{\"@type\":\"ListItem\",\"position\":1,\"name\":\"In\u00edcio\",\"item\":\"https:\/\/portalmf.com.br\/\"},{\"@type\":\"ListItem\",\"position\":2,\"name\":\"Simone Mendes lan\u00e7a \u201cCintilante\u201d e anuncia o primeiro v\u00eddeo do EP solo\"}]},{\"@type\":\"WebSite\",\"@id\":\"https:\/\/portalmf.com.br\/#website\",\"url\":\"https:\/\/portalmf.com.br\/\",\"name\":\"Portal MF\",\"description\":\"Voc\u00ea conectado com a informa\u00e7\u00e3o\",\"potentialAction\":[{\"@type\":\"SearchAction\",\"target\":{\"@type\":\"EntryPoint\",\"urlTemplate\":\"https:\/\/portalmf.com.br\/?s={search_term_string}\"},\"query-input\":\"required name=search_term_string\"}],\"inLanguage\":\"pt-BR\"},{\"@type\":\"Person\",\"@id\":\"https:\/\/portalmf.com.br\/#\/schema\/person\/9ec101baf56233e53520c26de5d6f6f0\",\"name\":\"Reda\u00e7\u00e3o Portal MF\",\"image\":{\"@type\":\"ImageObject\",\"inLanguage\":\"pt-BR\",\"@id\":\"https:\/\/portalmf.com.br\/#\/schema\/person\/image\/\",\"url\":\"https:\/\/secure.gravatar.com\/avatar\/41b9aaeb2100835f7c64362330f74c7f?s=96&d=mm&r=g\",\"contentUrl\":\"https:\/\/secure.gravatar.com\/avatar\/41b9aaeb2100835f7c64362330f74c7f?s=96&d=mm&r=g\",\"caption\":\"Reda\u00e7\u00e3o Portal MF\"},\"description\":\"Sejam bem-vindos o portal de informa\u00e7\u00f5es de entretenimento de Feira de Santana, desde 2006 realiza coberturas dos principais eventos com entrevistas exclusivas com as principais personalidades mundiais. Fique conectado tamb\u00e9m nas redes sociais.\",\"sameAs\":[\"http:\/\/www.portalmf.com.br\/\",\"https:\/\/www.facebook.com\/portalmfoficial\",\"https:\/\/www.instagram.com\/portalmf\/\",\"https:\/\/x.com\/https:\/\/x.com\/portalmfoficial\",\"https:\/\/www.youtube.com\/@portalmfoficial\"],\"url\":\"https:\/\/portalmf.com.br\/index.php\/author\/junior\/\"}]}<\/script>\n<!-- \/ Yoast SEO plugin. -->","yoast_head_json":{"title":"Simone Mendes lan\u00e7a \u201cCintilante\u201d e anuncia o primeiro v\u00eddeo do EP solo - Portal MF","robots":{"index":"index","follow":"follow","max-snippet":"max-snippet:-1","max-image-preview":"max-image-preview:large","max-video-preview":"max-video-preview:-1"},"canonical":"https:\/\/portalmf.com.br\/index.php\/2023\/01\/27\/simone-mendes-lanca-cintilante-e-anuncia-o-primeiro-video-do-ep-solo\/","og_locale":"pt_BR","og_type":"article","og_title":"Simone Mendes lan\u00e7a \u201cCintilante\u201d e anuncia o primeiro v\u00eddeo do EP solo - Portal MF","og_description":"Simone Mendes estreia sua carreira solo com o lan\u00e7amento do EP \u201cCintilante\u201d! As quatro can\u00e7\u00f5es in\u00e9ditas: \u201cErro Gostoso\u201d, \u201cDois Fugitivos\u201d, \u201cArruma a Mala\u201d e \u201cAmn\u00e9sia do Beijo\u201d j\u00e1 est\u00e3o dispon\u00edveis nas plataformas digitais. O EP \u00e9 a primeira parte do projeto hom\u00f4nimo, gravado no dia 14 de dezembro de 2022, na Villa Mandacaru, na cidade [&hellip;]","og_url":"https:\/\/portalmf.com.br\/index.php\/2023\/01\/27\/simone-mendes-lanca-cintilante-e-anuncia-o-primeiro-video-do-ep-solo\/","og_site_name":"Portal MF","article_author":"https:\/\/www.facebook.com\/portalmfoficial","article_published_time":"2023-01-27T20:30:42+00:00","og_image":[{"width":1200,"height":640,"url":"https:\/\/portalmf.com.br\/wp-content\/uploads\/2023\/01\/simone-mendes-Foto-Alisson-Demetrio.jpg","type":"image\/jpeg"}],"author":"Reda\u00e7\u00e3o Portal MF","twitter_card":"summary_large_image","twitter_creator":"@https:\/\/x.com\/portalmfoficial","twitter_misc":{"Escrito por":"Reda\u00e7\u00e3o Portal MF","Est. tempo de leitura":"2 minutos"},"schema":{"@context":"https:\/\/schema.org","@graph":[{"@type":"WebPage","@id":"https:\/\/portalmf.com.br\/index.php\/2023\/01\/27\/simone-mendes-lanca-cintilante-e-anuncia-o-primeiro-video-do-ep-solo\/","url":"https:\/\/portalmf.com.br\/index.php\/2023\/01\/27\/simone-mendes-lanca-cintilante-e-anuncia-o-primeiro-video-do-ep-solo\/","name":"Simone Mendes lan\u00e7a \u201cCintilante\u201d e anuncia o primeiro v\u00eddeo do EP solo - Portal MF","isPartOf":{"@id":"https:\/\/portalmf.com.br\/#website"},"primaryImageOfPage":{"@id":"https:\/\/portalmf.com.br\/index.php\/2023\/01\/27\/simone-mendes-lanca-cintilante-e-anuncia-o-primeiro-video-do-ep-solo\/#primaryimage"},"image":{"@id":"https:\/\/portalmf.com.br\/index.php\/2023\/01\/27\/simone-mendes-lanca-cintilante-e-anuncia-o-primeiro-video-do-ep-solo\/#primaryimage"},"thumbnailUrl":"https:\/\/portalmf.com.br\/wp-content\/uploads\/2023\/01\/simone-mendes-Foto-Alisson-Demetrio.jpg","datePublished":"2023-01-27T20:30:42+00:00","dateModified":"2023-01-27T20:30:42+00:00","author":{"@id":"https:\/\/portalmf.com.br\/#\/schema\/person\/9ec101baf56233e53520c26de5d6f6f0"},"breadcrumb":{"@id":"https:\/\/portalmf.com.br\/index.php\/2023\/01\/27\/simone-mendes-lanca-cintilante-e-anuncia-o-primeiro-video-do-ep-solo\/#breadcrumb"},"inLanguage":"pt-BR","potentialAction":[{"@type":"ReadAction","target":["https:\/\/portalmf.com.br\/index.php\/2023\/01\/27\/simone-mendes-lanca-cintilante-e-anuncia-o-primeiro-video-do-ep-solo\/"]}]},{"@type":"ImageObject","inLanguage":"pt-BR","@id":"https:\/\/portalmf.com.br\/index.php\/2023\/01\/27\/simone-mendes-lanca-cintilante-e-anuncia-o-primeiro-video-do-ep-solo\/#primaryimage","url":"https:\/\/portalmf.com.br\/wp-content\/uploads\/2023\/01\/simone-mendes-Foto-Alisson-Demetrio.jpg","contentUrl":"https:\/\/portalmf.com.br\/wp-content\/uploads\/2023\/01\/simone-mendes-Foto-Alisson-Demetrio.jpg","width":1200,"height":640,"caption":"Foto: Alisson Demetrio"},{"@type":"BreadcrumbList","@id":"https:\/\/portalmf.com.br\/index.php\/2023\/01\/27\/simone-mendes-lanca-cintilante-e-anuncia-o-primeiro-video-do-ep-solo\/#breadcrumb","itemListElement":[{"@type":"ListItem","position":1,"name":"In\u00edcio","item":"https:\/\/portalmf.com.br\/"},{"@type":"ListItem","position":2,"name":"Simone Mendes lan\u00e7a \u201cCintilante\u201d e anuncia o primeiro v\u00eddeo do EP solo"}]},{"@type":"WebSite","@id":"https:\/\/portalmf.com.br\/#website","url":"https:\/\/portalmf.com.br\/","name":"Portal MF","description":"Voc\u00ea conectado com a informa\u00e7\u00e3o","potentialAction":[{"@type":"SearchAction","target":{"@type":"EntryPoint","urlTemplate":"https:\/\/portalmf.com.br\/?s={search_term_string}"},"query-input":"required name=search_term_string"}],"inLanguage":"pt-BR"},{"@type":"Person","@id":"https:\/\/portalmf.com.br\/#\/schema\/person\/9ec101baf56233e53520c26de5d6f6f0","name":"Reda\u00e7\u00e3o Portal MF","image":{"@type":"ImageObject","inLanguage":"pt-BR","@id":"https:\/\/portalmf.com.br\/#\/schema\/person\/image\/","url":"https:\/\/secure.gravatar.com\/avatar\/41b9aaeb2100835f7c64362330f74c7f?s=96&d=mm&r=g","contentUrl":"https:\/\/secure.gravatar.com\/avatar\/41b9aaeb2100835f7c64362330f74c7f?s=96&d=mm&r=g","caption":"Reda\u00e7\u00e3o Portal MF"},"description":"Sejam bem-vindos o portal de informa\u00e7\u00f5es de entretenimento de Feira de Santana, desde 2006 realiza coberturas dos principais eventos com entrevistas exclusivas com as principais personalidades mundiais. Fique conectado tamb\u00e9m nas redes sociais.","sameAs":["http:\/\/www.portalmf.com.br\/","https:\/\/www.facebook.com\/portalmfoficial","https:\/\/www.instagram.com\/portalmf\/","https:\/\/x.com\/https:\/\/x.com\/portalmfoficial","https:\/\/www.youtube.com\/@portalmfoficial"],"url":"https:\/\/portalmf.com.br\/index.php\/author\/junior\/"}]}},"_links":{"self":[{"href":"https:\/\/portalmf.com.br\/index.php\/wp-json\/wp\/v2\/posts\/8361"}],"collection":[{"href":"https:\/\/portalmf.com.br\/index.php\/wp-json\/wp\/v2\/posts"}],"about":[{"href":"https:\/\/portalmf.com.br\/index.php\/wp-json\/wp\/v2\/types\/post"}],"author":[{"embeddable":true,"href":"https:\/\/portalmf.com.br\/index.php\/wp-json\/wp\/v2\/users\/3"}],"replies":[{"embeddable":true,"href":"https:\/\/portalmf.com.br\/index.php\/wp-json\/wp\/v2\/comments?post=8361"}],"version-history":[{"count":1,"href":"https:\/\/portalmf.com.br\/index.php\/wp-json\/wp\/v2\/posts\/8361\/revisions"}],"predecessor-version":[{"id":8363,"href":"https:\/\/portalmf.com.br\/index.php\/wp-json\/wp\/v2\/posts\/8361\/revisions\/8363"}],"wp:featuredmedia":[{"embeddable":true,"href":"https:\/\/portalmf.com.br\/index.php\/wp-json\/wp\/v2\/media\/8362"}],"wp:attachment":[{"href":"https:\/\/portalmf.com.br\/index.php\/wp-json\/wp\/v2\/media?parent=8361"}],"wp:term":[{"taxonomy":"category","embeddable":true,"href":"https:\/\/portalmf.com.br\/index.php\/wp-json\/wp\/v2\/categories?post=8361"},{"taxonomy":"post_tag","embeddable":true,"href":"https:\/\/portalmf.com.br\/index.php\/wp-json\/wp\/v2\/tags?post=8361"}],"curies":[{"name":"wp","href":"https:\/\/api.w.org\/{rel}","templated":true}]}}