{"id":8342,"date":"2023-01-27T17:11:34","date_gmt":"2023-01-27T20:11:34","guid":{"rendered":"https:\/\/portalmf.com.br\/?p=8342"},"modified":"2023-01-27T17:11:36","modified_gmt":"2023-01-27T20:11:36","slug":"leo-santana-anuncia-mirante-do-gigante-com-nova-localizacao","status":"publish","type":"post","link":"https:\/\/portalmf.com.br\/index.php\/2023\/01\/27\/leo-santana-anuncia-mirante-do-gigante-com-nova-localizacao\/","title":{"rendered":"L\u00e9o Santana anuncia Mirante do Gigante com nova localiza\u00e7\u00e3o"},"content":{"rendered":"\n<p>L\u00e9o Santana anuncia mais um ano do Mirante do Gigante com nova localiza\u00e7\u00e3o em frente ao Cristo na Barra no carnaval de Salvador.<\/p>\n\n\n\n<p>O GG n\u00e3o para e acaba de anunciar mais uma super novidade: O Mirante do Gigante, um dos espa\u00e7os mais concorridos do Carnaval de Salvador.<\/p>\n\n\n\n<p>O Mirante do Gigante desembarca em 2023 em uma das melhores localiza\u00e7\u00f5es no circuito Barra-Ondina em frente ao Cristo na Barra, uma das vistas mais belas e um dos pontos mais disputados para curtir a folia no carnaval de Salvador.<\/p>\n\n\n\n<p>Com f\u00e1cil acesso e com uma vis\u00e3o privilegiada para o circuito, o Mirante do Gigante \u00e9 um espa\u00e7o com capacidade para receber 400 pessoas por dia com conforto, seguran\u00e7a e uma estrutura super agrad\u00e1vel com bares, banheiros e pra\u00e7a de alimenta\u00e7\u00e3o e uma boate mega animada assinada pelo Hype Bar comandada por diversos DJ\u2019s que animar\u00e1 o p\u00fablico entre a passagem dos trios a pre\u00e7os mais do que justos oferecendo uma experi\u00eancia \u00fanica ao foli\u00e3o.<\/p>\n\n\n\n<p>O Mirante do Gigante vai funcionar no dia 12 no Furdun\u00e7o, e do dia 14 com o Pipoco, at\u00e9 \u00e0 quarta-feira de cinzas onde dever\u00e1 acontecer um super after fechando a folia com chave de ouro.<\/p>\n\n\n\n<p>Confira os hor\u00e1rios de funcionamento de cada dia nas redes sociais oficiais @mirantedogigante.<\/p>\n\n\n\n<p>Os ingressos j\u00e1 podem ser comprados na loja do Bora Tickets, no 2\u00ba piso do Shopping da Bahia, na loja e no site da Central do Carnaval e no site <a href=\"https:\/\/www.boratickets.com.br\/evento\/204\/mirante-do-gigante\">www.boratickets.com.br<\/a> .<\/p>\n\n\n\n<figure class=\"wp-block-image size-large\"><img fetchpriority=\"high\" decoding=\"async\" width=\"1024\" height=\"1024\" src=\"https:\/\/portalmf.com.br\/wp-content\/uploads\/2023\/01\/Mirante-do-Gigante-1024x1024.jpg\" alt=\"\" class=\"wp-image-8343\" srcset=\"https:\/\/portalmf.com.br\/wp-content\/uploads\/2023\/01\/Mirante-do-Gigante-1024x1024.jpg 1024w, https:\/\/portalmf.com.br\/wp-content\/uploads\/2023\/01\/Mirante-do-Gigante-300x300.jpg 300w, https:\/\/portalmf.com.br\/wp-content\/uploads\/2023\/01\/Mirante-do-Gigante-150x150.jpg 150w, https:\/\/portalmf.com.br\/wp-content\/uploads\/2023\/01\/Mirante-do-Gigante-768x768.jpg 768w, https:\/\/portalmf.com.br\/wp-content\/uploads\/2023\/01\/Mirante-do-Gigante-585x585.jpg 585w, https:\/\/portalmf.com.br\/wp-content\/uploads\/2023\/01\/Mirante-do-Gigante.jpg 1080w\" sizes=\"(max-width: 1024px) 100vw, 1024px\" \/><\/figure>\n","protected":false},"excerpt":{"rendered":"<p>L\u00e9o Santana anuncia mais um ano do Mirante do Gigante com nova localiza\u00e7\u00e3o em frente ao Cristo na Barra no carnaval de Salvador. O GG n\u00e3o para e acaba de anunciar mais uma super novidade: O Mirante do Gigante, um dos espa\u00e7os mais concorridos do Carnaval de Salvador. O Mirante do Gigante desembarca em 2023 [&hellip;]<\/p>\n","protected":false},"author":3,"featured_media":8344,"comment_status":"open","ping_status":"open","sticky":false,"template":"","format":"standard","meta":{"_monsterinsights_skip_tracking":false,"_monsterinsights_sitenote_active":false,"_monsterinsights_sitenote_note":"","_monsterinsights_sitenote_category":0,"footnotes":""},"categories":[44,47],"tags":[],"yoast_head":"<!-- This site is optimized with the Yoast SEO plugin v22.9 - https:\/\/yoast.com\/wordpress\/plugins\/seo\/ -->\n<title>L\u00e9o Santana anuncia Mirante do Gigante com nova localiza\u00e7\u00e3o - Portal MF<\/title>\n<meta name=\"robots\" content=\"index, follow, max-snippet:-1, max-image-preview:large, max-video-preview:-1\" \/>\n<link rel=\"canonical\" href=\"https:\/\/portalmf.com.br\/index.php\/2023\/01\/27\/leo-santana-anuncia-mirante-do-gigante-com-nova-localizacao\/\" \/>\n<meta property=\"og:locale\" content=\"pt_BR\" \/>\n<meta property=\"og:type\" content=\"article\" \/>\n<meta property=\"og:title\" content=\"L\u00e9o Santana anuncia Mirante do Gigante com nova localiza\u00e7\u00e3o - Portal MF\" \/>\n<meta property=\"og:description\" content=\"L\u00e9o Santana anuncia mais um ano do Mirante do Gigante com nova localiza\u00e7\u00e3o em frente ao Cristo na Barra no carnaval de Salvador. O GG n\u00e3o para e acaba de anunciar mais uma super novidade: O Mirante do Gigante, um dos espa\u00e7os mais concorridos do Carnaval de Salvador. O Mirante do Gigante desembarca em 2023 [&hellip;]\" \/>\n<meta property=\"og:url\" content=\"https:\/\/portalmf.com.br\/index.php\/2023\/01\/27\/leo-santana-anuncia-mirante-do-gigante-com-nova-localizacao\/\" \/>\n<meta property=\"og:site_name\" content=\"Portal MF\" \/>\n<meta property=\"article:author\" content=\"https:\/\/www.facebook.com\/portalmfoficial\" \/>\n<meta property=\"article:published_time\" content=\"2023-01-27T20:11:34+00:00\" \/>\n<meta property=\"article:modified_time\" content=\"2023-01-27T20:11:36+00:00\" \/>\n<meta property=\"og:image\" content=\"https:\/\/portalmf.com.br\/wp-content\/uploads\/2023\/01\/Leo-Santana.jpg\" \/>\n\t<meta property=\"og:image:width\" content=\"1280\" \/>\n\t<meta property=\"og:image:height\" content=\"781\" \/>\n\t<meta property=\"og:image:type\" content=\"image\/jpeg\" \/>\n<meta name=\"author\" content=\"Reda\u00e7\u00e3o Portal MF\" \/>\n<meta name=\"twitter:card\" content=\"summary_large_image\" \/>\n<meta name=\"twitter:creator\" content=\"@https:\/\/x.com\/portalmfoficial\" \/>\n<meta name=\"twitter:label1\" content=\"Escrito por\" \/>\n\t<meta name=\"twitter:data1\" content=\"Reda\u00e7\u00e3o Portal MF\" \/>\n\t<meta name=\"twitter:label2\" content=\"Est. tempo de leitura\" \/>\n\t<meta name=\"twitter:data2\" content=\"2 minutos\" \/>\n<script type=\"application\/ld+json\" class=\"yoast-schema-graph\">{\"@context\":\"https:\/\/schema.org\",\"@graph\":[{\"@type\":\"WebPage\",\"@id\":\"https:\/\/portalmf.com.br\/index.php\/2023\/01\/27\/leo-santana-anuncia-mirante-do-gigante-com-nova-localizacao\/\",\"url\":\"https:\/\/portalmf.com.br\/index.php\/2023\/01\/27\/leo-santana-anuncia-mirante-do-gigante-com-nova-localizacao\/\",\"name\":\"L\u00e9o Santana anuncia Mirante do Gigante com nova localiza\u00e7\u00e3o - Portal MF\",\"isPartOf\":{\"@id\":\"https:\/\/portalmf.com.br\/#website\"},\"primaryImageOfPage\":{\"@id\":\"https:\/\/portalmf.com.br\/index.php\/2023\/01\/27\/leo-santana-anuncia-mirante-do-gigante-com-nova-localizacao\/#primaryimage\"},\"image\":{\"@id\":\"https:\/\/portalmf.com.br\/index.php\/2023\/01\/27\/leo-santana-anuncia-mirante-do-gigante-com-nova-localizacao\/#primaryimage\"},\"thumbnailUrl\":\"https:\/\/portalmf.com.br\/wp-content\/uploads\/2023\/01\/Leo-Santana.jpg\",\"datePublished\":\"2023-01-27T20:11:34+00:00\",\"dateModified\":\"2023-01-27T20:11:36+00:00\",\"author\":{\"@id\":\"https:\/\/portalmf.com.br\/#\/schema\/person\/9ec101baf56233e53520c26de5d6f6f0\"},\"breadcrumb\":{\"@id\":\"https:\/\/portalmf.com.br\/index.php\/2023\/01\/27\/leo-santana-anuncia-mirante-do-gigante-com-nova-localizacao\/#breadcrumb\"},\"inLanguage\":\"pt-BR\",\"potentialAction\":[{\"@type\":\"ReadAction\",\"target\":[\"https:\/\/portalmf.com.br\/index.php\/2023\/01\/27\/leo-santana-anuncia-mirante-do-gigante-com-nova-localizacao\/\"]}]},{\"@type\":\"ImageObject\",\"inLanguage\":\"pt-BR\",\"@id\":\"https:\/\/portalmf.com.br\/index.php\/2023\/01\/27\/leo-santana-anuncia-mirante-do-gigante-com-nova-localizacao\/#primaryimage\",\"url\":\"https:\/\/portalmf.com.br\/wp-content\/uploads\/2023\/01\/Leo-Santana.jpg\",\"contentUrl\":\"https:\/\/portalmf.com.br\/wp-content\/uploads\/2023\/01\/Leo-Santana.jpg\",\"width\":1280,\"height\":781},{\"@type\":\"BreadcrumbList\",\"@id\":\"https:\/\/portalmf.com.br\/index.php\/2023\/01\/27\/leo-santana-anuncia-mirante-do-gigante-com-nova-localizacao\/#breadcrumb\",\"itemListElement\":[{\"@type\":\"ListItem\",\"position\":1,\"name\":\"In\u00edcio\",\"item\":\"https:\/\/portalmf.com.br\/\"},{\"@type\":\"ListItem\",\"position\":2,\"name\":\"L\u00e9o Santana anuncia Mirante do Gigante com nova localiza\u00e7\u00e3o\"}]},{\"@type\":\"WebSite\",\"@id\":\"https:\/\/portalmf.com.br\/#website\",\"url\":\"https:\/\/portalmf.com.br\/\",\"name\":\"Portal MF\",\"description\":\"Voc\u00ea conectado com a informa\u00e7\u00e3o\",\"potentialAction\":[{\"@type\":\"SearchAction\",\"target\":{\"@type\":\"EntryPoint\",\"urlTemplate\":\"https:\/\/portalmf.com.br\/?s={search_term_string}\"},\"query-input\":\"required name=search_term_string\"}],\"inLanguage\":\"pt-BR\"},{\"@type\":\"Person\",\"@id\":\"https:\/\/portalmf.com.br\/#\/schema\/person\/9ec101baf56233e53520c26de5d6f6f0\",\"name\":\"Reda\u00e7\u00e3o Portal MF\",\"image\":{\"@type\":\"ImageObject\",\"inLanguage\":\"pt-BR\",\"@id\":\"https:\/\/portalmf.com.br\/#\/schema\/person\/image\/\",\"url\":\"https:\/\/secure.gravatar.com\/avatar\/41b9aaeb2100835f7c64362330f74c7f?s=96&d=mm&r=g\",\"contentUrl\":\"https:\/\/secure.gravatar.com\/avatar\/41b9aaeb2100835f7c64362330f74c7f?s=96&d=mm&r=g\",\"caption\":\"Reda\u00e7\u00e3o Portal MF\"},\"description\":\"Sejam bem-vindos o portal de informa\u00e7\u00f5es de entretenimento de Feira de Santana, desde 2006 realiza coberturas dos principais eventos com entrevistas exclusivas com as principais personalidades mundiais. Fique conectado tamb\u00e9m nas redes sociais.\",\"sameAs\":[\"http:\/\/www.portalmf.com.br\/\",\"https:\/\/www.facebook.com\/portalmfoficial\",\"https:\/\/www.instagram.com\/portalmf\/\",\"https:\/\/x.com\/https:\/\/x.com\/portalmfoficial\",\"https:\/\/www.youtube.com\/@portalmfoficial\"],\"url\":\"https:\/\/portalmf.com.br\/index.php\/author\/junior\/\"}]}<\/script>\n<!-- \/ Yoast SEO plugin. -->","yoast_head_json":{"title":"L\u00e9o Santana anuncia Mirante do Gigante com nova localiza\u00e7\u00e3o - Portal MF","robots":{"index":"index","follow":"follow","max-snippet":"max-snippet:-1","max-image-preview":"max-image-preview:large","max-video-preview":"max-video-preview:-1"},"canonical":"https:\/\/portalmf.com.br\/index.php\/2023\/01\/27\/leo-santana-anuncia-mirante-do-gigante-com-nova-localizacao\/","og_locale":"pt_BR","og_type":"article","og_title":"L\u00e9o Santana anuncia Mirante do Gigante com nova localiza\u00e7\u00e3o - Portal MF","og_description":"L\u00e9o Santana anuncia mais um ano do Mirante do Gigante com nova localiza\u00e7\u00e3o em frente ao Cristo na Barra no carnaval de Salvador. O GG n\u00e3o para e acaba de anunciar mais uma super novidade: O Mirante do Gigante, um dos espa\u00e7os mais concorridos do Carnaval de Salvador. O Mirante do Gigante desembarca em 2023 [&hellip;]","og_url":"https:\/\/portalmf.com.br\/index.php\/2023\/01\/27\/leo-santana-anuncia-mirante-do-gigante-com-nova-localizacao\/","og_site_name":"Portal MF","article_author":"https:\/\/www.facebook.com\/portalmfoficial","article_published_time":"2023-01-27T20:11:34+00:00","article_modified_time":"2023-01-27T20:11:36+00:00","og_image":[{"width":1280,"height":781,"url":"https:\/\/portalmf.com.br\/wp-content\/uploads\/2023\/01\/Leo-Santana.jpg","type":"image\/jpeg"}],"author":"Reda\u00e7\u00e3o Portal MF","twitter_card":"summary_large_image","twitter_creator":"@https:\/\/x.com\/portalmfoficial","twitter_misc":{"Escrito por":"Reda\u00e7\u00e3o Portal MF","Est. tempo de leitura":"2 minutos"},"schema":{"@context":"https:\/\/schema.org","@graph":[{"@type":"WebPage","@id":"https:\/\/portalmf.com.br\/index.php\/2023\/01\/27\/leo-santana-anuncia-mirante-do-gigante-com-nova-localizacao\/","url":"https:\/\/portalmf.com.br\/index.php\/2023\/01\/27\/leo-santana-anuncia-mirante-do-gigante-com-nova-localizacao\/","name":"L\u00e9o Santana anuncia Mirante do Gigante com nova localiza\u00e7\u00e3o - Portal MF","isPartOf":{"@id":"https:\/\/portalmf.com.br\/#website"},"primaryImageOfPage":{"@id":"https:\/\/portalmf.com.br\/index.php\/2023\/01\/27\/leo-santana-anuncia-mirante-do-gigante-com-nova-localizacao\/#primaryimage"},"image":{"@id":"https:\/\/portalmf.com.br\/index.php\/2023\/01\/27\/leo-santana-anuncia-mirante-do-gigante-com-nova-localizacao\/#primaryimage"},"thumbnailUrl":"https:\/\/portalmf.com.br\/wp-content\/uploads\/2023\/01\/Leo-Santana.jpg","datePublished":"2023-01-27T20:11:34+00:00","dateModified":"2023-01-27T20:11:36+00:00","author":{"@id":"https:\/\/portalmf.com.br\/#\/schema\/person\/9ec101baf56233e53520c26de5d6f6f0"},"breadcrumb":{"@id":"https:\/\/portalmf.com.br\/index.php\/2023\/01\/27\/leo-santana-anuncia-mirante-do-gigante-com-nova-localizacao\/#breadcrumb"},"inLanguage":"pt-BR","potentialAction":[{"@type":"ReadAction","target":["https:\/\/portalmf.com.br\/index.php\/2023\/01\/27\/leo-santana-anuncia-mirante-do-gigante-com-nova-localizacao\/"]}]},{"@type":"ImageObject","inLanguage":"pt-BR","@id":"https:\/\/portalmf.com.br\/index.php\/2023\/01\/27\/leo-santana-anuncia-mirante-do-gigante-com-nova-localizacao\/#primaryimage","url":"https:\/\/portalmf.com.br\/wp-content\/uploads\/2023\/01\/Leo-Santana.jpg","contentUrl":"https:\/\/portalmf.com.br\/wp-content\/uploads\/2023\/01\/Leo-Santana.jpg","width":1280,"height":781},{"@type":"BreadcrumbList","@id":"https:\/\/portalmf.com.br\/index.php\/2023\/01\/27\/leo-santana-anuncia-mirante-do-gigante-com-nova-localizacao\/#breadcrumb","itemListElement":[{"@type":"ListItem","position":1,"name":"In\u00edcio","item":"https:\/\/portalmf.com.br\/"},{"@type":"ListItem","position":2,"name":"L\u00e9o Santana anuncia Mirante do Gigante com nova localiza\u00e7\u00e3o"}]},{"@type":"WebSite","@id":"https:\/\/portalmf.com.br\/#website","url":"https:\/\/portalmf.com.br\/","name":"Portal MF","description":"Voc\u00ea conectado com a informa\u00e7\u00e3o","potentialAction":[{"@type":"SearchAction","target":{"@type":"EntryPoint","urlTemplate":"https:\/\/portalmf.com.br\/?s={search_term_string}"},"query-input":"required name=search_term_string"}],"inLanguage":"pt-BR"},{"@type":"Person","@id":"https:\/\/portalmf.com.br\/#\/schema\/person\/9ec101baf56233e53520c26de5d6f6f0","name":"Reda\u00e7\u00e3o Portal MF","image":{"@type":"ImageObject","inLanguage":"pt-BR","@id":"https:\/\/portalmf.com.br\/#\/schema\/person\/image\/","url":"https:\/\/secure.gravatar.com\/avatar\/41b9aaeb2100835f7c64362330f74c7f?s=96&d=mm&r=g","contentUrl":"https:\/\/secure.gravatar.com\/avatar\/41b9aaeb2100835f7c64362330f74c7f?s=96&d=mm&r=g","caption":"Reda\u00e7\u00e3o Portal MF"},"description":"Sejam bem-vindos o portal de informa\u00e7\u00f5es de entretenimento de Feira de Santana, desde 2006 realiza coberturas dos principais eventos com entrevistas exclusivas com as principais personalidades mundiais. Fique conectado tamb\u00e9m nas redes sociais.","sameAs":["http:\/\/www.portalmf.com.br\/","https:\/\/www.facebook.com\/portalmfoficial","https:\/\/www.instagram.com\/portalmf\/","https:\/\/x.com\/https:\/\/x.com\/portalmfoficial","https:\/\/www.youtube.com\/@portalmfoficial"],"url":"https:\/\/portalmf.com.br\/index.php\/author\/junior\/"}]}},"_links":{"self":[{"href":"https:\/\/portalmf.com.br\/index.php\/wp-json\/wp\/v2\/posts\/8342"}],"collection":[{"href":"https:\/\/portalmf.com.br\/index.php\/wp-json\/wp\/v2\/posts"}],"about":[{"href":"https:\/\/portalmf.com.br\/index.php\/wp-json\/wp\/v2\/types\/post"}],"author":[{"embeddable":true,"href":"https:\/\/portalmf.com.br\/index.php\/wp-json\/wp\/v2\/users\/3"}],"replies":[{"embeddable":true,"href":"https:\/\/portalmf.com.br\/index.php\/wp-json\/wp\/v2\/comments?post=8342"}],"version-history":[{"count":1,"href":"https:\/\/portalmf.com.br\/index.php\/wp-json\/wp\/v2\/posts\/8342\/revisions"}],"predecessor-version":[{"id":8345,"href":"https:\/\/portalmf.com.br\/index.php\/wp-json\/wp\/v2\/posts\/8342\/revisions\/8345"}],"wp:featuredmedia":[{"embeddable":true,"href":"https:\/\/portalmf.com.br\/index.php\/wp-json\/wp\/v2\/media\/8344"}],"wp:attachment":[{"href":"https:\/\/portalmf.com.br\/index.php\/wp-json\/wp\/v2\/media?parent=8342"}],"wp:term":[{"taxonomy":"category","embeddable":true,"href":"https:\/\/portalmf.com.br\/index.php\/wp-json\/wp\/v2\/categories?post=8342"},{"taxonomy":"post_tag","embeddable":true,"href":"https:\/\/portalmf.com.br\/index.php\/wp-json\/wp\/v2\/tags?post=8342"}],"curies":[{"name":"wp","href":"https:\/\/api.w.org\/{rel}","templated":true}]}}