{"id":8318,"date":"2023-01-24T16:45:00","date_gmt":"2023-01-24T19:45:00","guid":{"rendered":"https:\/\/portalmf.com.br\/?p=8318"},"modified":"2023-01-24T17:44:11","modified_gmt":"2023-01-24T20:44:11","slug":"lady-night-esta-de-volta-nesta-quinta","status":"publish","type":"post","link":"https:\/\/portalmf.com.br\/index.php\/2023\/01\/24\/lady-night-esta-de-volta-nesta-quinta\/","title":{"rendered":"Lady Night est\u00e1 de volta nesta quinta!"},"content":{"rendered":"\n<p>As entrevistas impag\u00e1veis de Tat\u00e1 Werneck est\u00e3o de volta \u00e0 TV Globo a partir desta quinta-feira, dia 26, na quarta temporada do &#8216;Lady Night&#8217;. A nova leva de epis\u00f3dios corresponde \u00e0 s\u00e9tima temporada do Multishow, exibida no canal em 2022.<\/p>\n\n\n\n<p>O primeiro bate-papo que vai ao ar \u00e9 com o diretor de g\u00eanero de variedades da TV Globo Boninho e nas semanas seguintes, sempre \u00e0s quintas ap\u00f3s o &#8216;BBB 23&#8217;, o programa trar\u00e1 nomes como Sabrina Sato, Tony Ramos, Marcelo Adnet, Tadeu Schmidt, Vit\u00f3ria Strada e Leticia Colin, entre outros.&nbsp;&nbsp;<\/p>\n\n\n\n<p>Tony Ramos conta que n\u00e3o pensou duas vezes quando recebeu o convite para participar do &#8216;Lady Night&#8217;.<\/p>\n\n\n\n<p><em>&nbsp;&#8220;Quando me perguntaram se eu toparia participar, eu disse: evidente que sim. Tat\u00e1 \u00e9 uma artista criativa, espont\u00e2nea, e o programa \u00e9 surpreendente, moderno e atrevido no bom sentido, no sentido da cria\u00e7\u00e3o. Foi \u00f3timo participar e gostei demais de conhecer a Tat\u00e1, conversar com ela, tivemos momentos muito emocionantes. E agora \u00e9 um presente poder rever na TV aberta. Existe um p\u00fablico enorme que n\u00e3o teve a chance de assistir. Vai ser bom sentir a repercuss\u00e3o do grande p\u00fablico, como as pessoas ir\u00e3o reagir&#8221;,<\/em> comenta o ator.&nbsp;<\/p>\n\n\n\n<p>Tadeu Schmidt diz que nunca se divertiu tanto ao participar de um programa. &#8220;Eu sa\u00ed do est\u00fadio pensando: nunca falei tanta bobagem publicamente, tanta loucura na minha vida!. S\u00f3 a Tat\u00e1 mesmo para arrancar isso dos convidados, o que ela faz ningu\u00e9m consegue imitar. Tat\u00e1 \u00e9 incr\u00edvel, uma artista incompar\u00e1vel, sensacional. Nunca ri tanto em um programa&#8221;, conta o apresentador.<\/p>\n\n\n\n<p>\u2018Lady Night\u2019 vai ao ar ap\u00f3s o \u2018BBB 23\u2019 e tem apresenta\u00e7\u00e3o de Tat\u00e1 Werneck<\/p>\n","protected":false},"excerpt":{"rendered":"<p>As entrevistas impag\u00e1veis de Tat\u00e1 Werneck est\u00e3o de volta \u00e0 TV Globo a partir desta quinta-feira, dia 26, na quarta temporada do &#8216;Lady Night&#8217;. A nova leva de epis\u00f3dios corresponde \u00e0 s\u00e9tima temporada do Multishow, exibida no canal em 2022. O primeiro bate-papo que vai ao ar \u00e9 com o diretor de g\u00eanero de variedades [&hellip;]<\/p>\n","protected":false},"author":3,"featured_media":8319,"comment_status":"open","ping_status":"open","sticky":false,"template":"","format":"standard","meta":{"_monsterinsights_skip_tracking":false,"_monsterinsights_sitenote_active":false,"_monsterinsights_sitenote_note":"","_monsterinsights_sitenote_category":0,"footnotes":""},"categories":[47,43],"tags":[],"yoast_head":"<!-- This site is optimized with the Yoast SEO plugin v22.9 - https:\/\/yoast.com\/wordpress\/plugins\/seo\/ -->\n<title>Lady Night est\u00e1 de volta nesta quinta! - Portal MF<\/title>\n<meta name=\"robots\" content=\"index, follow, max-snippet:-1, max-image-preview:large, max-video-preview:-1\" \/>\n<link rel=\"canonical\" href=\"https:\/\/portalmf.com.br\/index.php\/2023\/01\/24\/lady-night-esta-de-volta-nesta-quinta\/\" \/>\n<meta property=\"og:locale\" content=\"pt_BR\" \/>\n<meta property=\"og:type\" content=\"article\" \/>\n<meta property=\"og:title\" content=\"Lady Night est\u00e1 de volta nesta quinta! - Portal MF\" \/>\n<meta property=\"og:description\" content=\"As entrevistas impag\u00e1veis de Tat\u00e1 Werneck est\u00e3o de volta \u00e0 TV Globo a partir desta quinta-feira, dia 26, na quarta temporada do &#8216;Lady Night&#8217;. A nova leva de epis\u00f3dios corresponde \u00e0 s\u00e9tima temporada do Multishow, exibida no canal em 2022. O primeiro bate-papo que vai ao ar \u00e9 com o diretor de g\u00eanero de variedades [&hellip;]\" \/>\n<meta property=\"og:url\" content=\"https:\/\/portalmf.com.br\/index.php\/2023\/01\/24\/lady-night-esta-de-volta-nesta-quinta\/\" \/>\n<meta property=\"og:site_name\" content=\"Portal MF\" \/>\n<meta property=\"article:author\" content=\"https:\/\/www.facebook.com\/portalmfoficial\" \/>\n<meta property=\"article:published_time\" content=\"2023-01-24T19:45:00+00:00\" \/>\n<meta property=\"article:modified_time\" content=\"2023-01-24T20:44:11+00:00\" \/>\n<meta property=\"og:image\" content=\"https:\/\/portalmf.com.br\/wp-content\/uploads\/2023\/01\/assets_fotos_825_lady-night-esta-de-volta-nesta-quinta-008863675bc1.jpg\" \/>\n\t<meta property=\"og:image:width\" content=\"2362\" \/>\n\t<meta property=\"og:image:height\" content=\"1575\" \/>\n\t<meta property=\"og:image:type\" content=\"image\/jpeg\" \/>\n<meta name=\"author\" content=\"Reda\u00e7\u00e3o Portal MF\" \/>\n<meta name=\"twitter:card\" content=\"summary_large_image\" \/>\n<meta name=\"twitter:creator\" content=\"@https:\/\/x.com\/portalmfoficial\" \/>\n<meta name=\"twitter:label1\" content=\"Escrito por\" \/>\n\t<meta name=\"twitter:data1\" content=\"Reda\u00e7\u00e3o Portal MF\" \/>\n\t<meta name=\"twitter:label2\" content=\"Est. tempo de leitura\" \/>\n\t<meta name=\"twitter:data2\" content=\"2 minutos\" \/>\n<script type=\"application\/ld+json\" class=\"yoast-schema-graph\">{\"@context\":\"https:\/\/schema.org\",\"@graph\":[{\"@type\":\"WebPage\",\"@id\":\"https:\/\/portalmf.com.br\/index.php\/2023\/01\/24\/lady-night-esta-de-volta-nesta-quinta\/\",\"url\":\"https:\/\/portalmf.com.br\/index.php\/2023\/01\/24\/lady-night-esta-de-volta-nesta-quinta\/\",\"name\":\"Lady Night est\u00e1 de volta nesta quinta! - Portal MF\",\"isPartOf\":{\"@id\":\"https:\/\/portalmf.com.br\/#website\"},\"primaryImageOfPage\":{\"@id\":\"https:\/\/portalmf.com.br\/index.php\/2023\/01\/24\/lady-night-esta-de-volta-nesta-quinta\/#primaryimage\"},\"image\":{\"@id\":\"https:\/\/portalmf.com.br\/index.php\/2023\/01\/24\/lady-night-esta-de-volta-nesta-quinta\/#primaryimage\"},\"thumbnailUrl\":\"https:\/\/portalmf.com.br\/wp-content\/uploads\/2023\/01\/assets_fotos_825_lady-night-esta-de-volta-nesta-quinta-008863675bc1.jpg\",\"datePublished\":\"2023-01-24T19:45:00+00:00\",\"dateModified\":\"2023-01-24T20:44:11+00:00\",\"author\":{\"@id\":\"https:\/\/portalmf.com.br\/#\/schema\/person\/9ec101baf56233e53520c26de5d6f6f0\"},\"breadcrumb\":{\"@id\":\"https:\/\/portalmf.com.br\/index.php\/2023\/01\/24\/lady-night-esta-de-volta-nesta-quinta\/#breadcrumb\"},\"inLanguage\":\"pt-BR\",\"potentialAction\":[{\"@type\":\"ReadAction\",\"target\":[\"https:\/\/portalmf.com.br\/index.php\/2023\/01\/24\/lady-night-esta-de-volta-nesta-quinta\/\"]}]},{\"@type\":\"ImageObject\",\"inLanguage\":\"pt-BR\",\"@id\":\"https:\/\/portalmf.com.br\/index.php\/2023\/01\/24\/lady-night-esta-de-volta-nesta-quinta\/#primaryimage\",\"url\":\"https:\/\/portalmf.com.br\/wp-content\/uploads\/2023\/01\/assets_fotos_825_lady-night-esta-de-volta-nesta-quinta-008863675bc1.jpg\",\"contentUrl\":\"https:\/\/portalmf.com.br\/wp-content\/uploads\/2023\/01\/assets_fotos_825_lady-night-esta-de-volta-nesta-quinta-008863675bc1.jpg\",\"width\":2362,\"height\":1575,\"caption\":\"Tadeu Schmidt participa do Lady Night\"},{\"@type\":\"BreadcrumbList\",\"@id\":\"https:\/\/portalmf.com.br\/index.php\/2023\/01\/24\/lady-night-esta-de-volta-nesta-quinta\/#breadcrumb\",\"itemListElement\":[{\"@type\":\"ListItem\",\"position\":1,\"name\":\"In\u00edcio\",\"item\":\"https:\/\/portalmf.com.br\/\"},{\"@type\":\"ListItem\",\"position\":2,\"name\":\"Lady Night est\u00e1 de volta nesta quinta!\"}]},{\"@type\":\"WebSite\",\"@id\":\"https:\/\/portalmf.com.br\/#website\",\"url\":\"https:\/\/portalmf.com.br\/\",\"name\":\"Portal MF\",\"description\":\"Voc\u00ea conectado com a informa\u00e7\u00e3o\",\"potentialAction\":[{\"@type\":\"SearchAction\",\"target\":{\"@type\":\"EntryPoint\",\"urlTemplate\":\"https:\/\/portalmf.com.br\/?s={search_term_string}\"},\"query-input\":\"required name=search_term_string\"}],\"inLanguage\":\"pt-BR\"},{\"@type\":\"Person\",\"@id\":\"https:\/\/portalmf.com.br\/#\/schema\/person\/9ec101baf56233e53520c26de5d6f6f0\",\"name\":\"Reda\u00e7\u00e3o Portal MF\",\"image\":{\"@type\":\"ImageObject\",\"inLanguage\":\"pt-BR\",\"@id\":\"https:\/\/portalmf.com.br\/#\/schema\/person\/image\/\",\"url\":\"https:\/\/secure.gravatar.com\/avatar\/41b9aaeb2100835f7c64362330f74c7f?s=96&d=mm&r=g\",\"contentUrl\":\"https:\/\/secure.gravatar.com\/avatar\/41b9aaeb2100835f7c64362330f74c7f?s=96&d=mm&r=g\",\"caption\":\"Reda\u00e7\u00e3o Portal MF\"},\"description\":\"Sejam bem-vindos o portal de informa\u00e7\u00f5es de entretenimento de Feira de Santana, desde 2006 realiza coberturas dos principais eventos com entrevistas exclusivas com as principais personalidades mundiais. Fique conectado tamb\u00e9m nas redes sociais.\",\"sameAs\":[\"http:\/\/www.portalmf.com.br\/\",\"https:\/\/www.facebook.com\/portalmfoficial\",\"https:\/\/www.instagram.com\/portalmf\/\",\"https:\/\/x.com\/https:\/\/x.com\/portalmfoficial\",\"https:\/\/www.youtube.com\/@portalmfoficial\"],\"url\":\"https:\/\/portalmf.com.br\/index.php\/author\/junior\/\"}]}<\/script>\n<!-- \/ Yoast SEO plugin. -->","yoast_head_json":{"title":"Lady Night est\u00e1 de volta nesta quinta! - Portal MF","robots":{"index":"index","follow":"follow","max-snippet":"max-snippet:-1","max-image-preview":"max-image-preview:large","max-video-preview":"max-video-preview:-1"},"canonical":"https:\/\/portalmf.com.br\/index.php\/2023\/01\/24\/lady-night-esta-de-volta-nesta-quinta\/","og_locale":"pt_BR","og_type":"article","og_title":"Lady Night est\u00e1 de volta nesta quinta! - Portal MF","og_description":"As entrevistas impag\u00e1veis de Tat\u00e1 Werneck est\u00e3o de volta \u00e0 TV Globo a partir desta quinta-feira, dia 26, na quarta temporada do &#8216;Lady Night&#8217;. A nova leva de epis\u00f3dios corresponde \u00e0 s\u00e9tima temporada do Multishow, exibida no canal em 2022. O primeiro bate-papo que vai ao ar \u00e9 com o diretor de g\u00eanero de variedades [&hellip;]","og_url":"https:\/\/portalmf.com.br\/index.php\/2023\/01\/24\/lady-night-esta-de-volta-nesta-quinta\/","og_site_name":"Portal MF","article_author":"https:\/\/www.facebook.com\/portalmfoficial","article_published_time":"2023-01-24T19:45:00+00:00","article_modified_time":"2023-01-24T20:44:11+00:00","og_image":[{"width":2362,"height":1575,"url":"https:\/\/portalmf.com.br\/wp-content\/uploads\/2023\/01\/assets_fotos_825_lady-night-esta-de-volta-nesta-quinta-008863675bc1.jpg","type":"image\/jpeg"}],"author":"Reda\u00e7\u00e3o Portal MF","twitter_card":"summary_large_image","twitter_creator":"@https:\/\/x.com\/portalmfoficial","twitter_misc":{"Escrito por":"Reda\u00e7\u00e3o Portal MF","Est. tempo de leitura":"2 minutos"},"schema":{"@context":"https:\/\/schema.org","@graph":[{"@type":"WebPage","@id":"https:\/\/portalmf.com.br\/index.php\/2023\/01\/24\/lady-night-esta-de-volta-nesta-quinta\/","url":"https:\/\/portalmf.com.br\/index.php\/2023\/01\/24\/lady-night-esta-de-volta-nesta-quinta\/","name":"Lady Night est\u00e1 de volta nesta quinta! - Portal MF","isPartOf":{"@id":"https:\/\/portalmf.com.br\/#website"},"primaryImageOfPage":{"@id":"https:\/\/portalmf.com.br\/index.php\/2023\/01\/24\/lady-night-esta-de-volta-nesta-quinta\/#primaryimage"},"image":{"@id":"https:\/\/portalmf.com.br\/index.php\/2023\/01\/24\/lady-night-esta-de-volta-nesta-quinta\/#primaryimage"},"thumbnailUrl":"https:\/\/portalmf.com.br\/wp-content\/uploads\/2023\/01\/assets_fotos_825_lady-night-esta-de-volta-nesta-quinta-008863675bc1.jpg","datePublished":"2023-01-24T19:45:00+00:00","dateModified":"2023-01-24T20:44:11+00:00","author":{"@id":"https:\/\/portalmf.com.br\/#\/schema\/person\/9ec101baf56233e53520c26de5d6f6f0"},"breadcrumb":{"@id":"https:\/\/portalmf.com.br\/index.php\/2023\/01\/24\/lady-night-esta-de-volta-nesta-quinta\/#breadcrumb"},"inLanguage":"pt-BR","potentialAction":[{"@type":"ReadAction","target":["https:\/\/portalmf.com.br\/index.php\/2023\/01\/24\/lady-night-esta-de-volta-nesta-quinta\/"]}]},{"@type":"ImageObject","inLanguage":"pt-BR","@id":"https:\/\/portalmf.com.br\/index.php\/2023\/01\/24\/lady-night-esta-de-volta-nesta-quinta\/#primaryimage","url":"https:\/\/portalmf.com.br\/wp-content\/uploads\/2023\/01\/assets_fotos_825_lady-night-esta-de-volta-nesta-quinta-008863675bc1.jpg","contentUrl":"https:\/\/portalmf.com.br\/wp-content\/uploads\/2023\/01\/assets_fotos_825_lady-night-esta-de-volta-nesta-quinta-008863675bc1.jpg","width":2362,"height":1575,"caption":"Tadeu Schmidt participa do Lady Night"},{"@type":"BreadcrumbList","@id":"https:\/\/portalmf.com.br\/index.php\/2023\/01\/24\/lady-night-esta-de-volta-nesta-quinta\/#breadcrumb","itemListElement":[{"@type":"ListItem","position":1,"name":"In\u00edcio","item":"https:\/\/portalmf.com.br\/"},{"@type":"ListItem","position":2,"name":"Lady Night est\u00e1 de volta nesta quinta!"}]},{"@type":"WebSite","@id":"https:\/\/portalmf.com.br\/#website","url":"https:\/\/portalmf.com.br\/","name":"Portal MF","description":"Voc\u00ea conectado com a informa\u00e7\u00e3o","potentialAction":[{"@type":"SearchAction","target":{"@type":"EntryPoint","urlTemplate":"https:\/\/portalmf.com.br\/?s={search_term_string}"},"query-input":"required name=search_term_string"}],"inLanguage":"pt-BR"},{"@type":"Person","@id":"https:\/\/portalmf.com.br\/#\/schema\/person\/9ec101baf56233e53520c26de5d6f6f0","name":"Reda\u00e7\u00e3o Portal MF","image":{"@type":"ImageObject","inLanguage":"pt-BR","@id":"https:\/\/portalmf.com.br\/#\/schema\/person\/image\/","url":"https:\/\/secure.gravatar.com\/avatar\/41b9aaeb2100835f7c64362330f74c7f?s=96&d=mm&r=g","contentUrl":"https:\/\/secure.gravatar.com\/avatar\/41b9aaeb2100835f7c64362330f74c7f?s=96&d=mm&r=g","caption":"Reda\u00e7\u00e3o Portal MF"},"description":"Sejam bem-vindos o portal de informa\u00e7\u00f5es de entretenimento de Feira de Santana, desde 2006 realiza coberturas dos principais eventos com entrevistas exclusivas com as principais personalidades mundiais. Fique conectado tamb\u00e9m nas redes sociais.","sameAs":["http:\/\/www.portalmf.com.br\/","https:\/\/www.facebook.com\/portalmfoficial","https:\/\/www.instagram.com\/portalmf\/","https:\/\/x.com\/https:\/\/x.com\/portalmfoficial","https:\/\/www.youtube.com\/@portalmfoficial"],"url":"https:\/\/portalmf.com.br\/index.php\/author\/junior\/"}]}},"_links":{"self":[{"href":"https:\/\/portalmf.com.br\/index.php\/wp-json\/wp\/v2\/posts\/8318"}],"collection":[{"href":"https:\/\/portalmf.com.br\/index.php\/wp-json\/wp\/v2\/posts"}],"about":[{"href":"https:\/\/portalmf.com.br\/index.php\/wp-json\/wp\/v2\/types\/post"}],"author":[{"embeddable":true,"href":"https:\/\/portalmf.com.br\/index.php\/wp-json\/wp\/v2\/users\/3"}],"replies":[{"embeddable":true,"href":"https:\/\/portalmf.com.br\/index.php\/wp-json\/wp\/v2\/comments?post=8318"}],"version-history":[{"count":2,"href":"https:\/\/portalmf.com.br\/index.php\/wp-json\/wp\/v2\/posts\/8318\/revisions"}],"predecessor-version":[{"id":8321,"href":"https:\/\/portalmf.com.br\/index.php\/wp-json\/wp\/v2\/posts\/8318\/revisions\/8321"}],"wp:featuredmedia":[{"embeddable":true,"href":"https:\/\/portalmf.com.br\/index.php\/wp-json\/wp\/v2\/media\/8319"}],"wp:attachment":[{"href":"https:\/\/portalmf.com.br\/index.php\/wp-json\/wp\/v2\/media?parent=8318"}],"wp:term":[{"taxonomy":"category","embeddable":true,"href":"https:\/\/portalmf.com.br\/index.php\/wp-json\/wp\/v2\/categories?post=8318"},{"taxonomy":"post_tag","embeddable":true,"href":"https:\/\/portalmf.com.br\/index.php\/wp-json\/wp\/v2\/tags?post=8318"}],"curies":[{"name":"wp","href":"https:\/\/api.w.org\/{rel}","templated":true}]}}