{"id":8303,"date":"2023-01-24T17:25:13","date_gmt":"2023-01-24T20:25:13","guid":{"rendered":"https:\/\/portalmf.com.br\/?p=8303"},"modified":"2023-01-24T17:25:13","modified_gmt":"2023-01-24T20:25:13","slug":"festa-vip-do-rj-desembarca-no-carnaval-de-salvador-e-sera-sediada-no-camarote-harem","status":"publish","type":"post","link":"https:\/\/portalmf.com.br\/index.php\/2023\/01\/24\/festa-vip-do-rj-desembarca-no-carnaval-de-salvador-e-sera-sediada-no-camarote-harem\/","title":{"rendered":"<strong>Festa VIP do RJ desembarca no Carnaval de Salvador e ser\u00e1 sediada no Camarote Har\u00e9m<\/strong>"},"content":{"rendered":"\n<p>A festa \u201cPra Poucos\u201d, um evento que j\u00e1 \u00e9 de enorme sucesso no Sudeste, acaba de anunciar que vai desembarcar no Carnaval de Salvador pela primeira vez! E vir\u00e1 em parceria com o Camarote Har\u00e9m 2023, que vai sediar a balada na ter\u00e7a-feira de Carnaval.<\/p>\n\n\n\n<p>Al\u00e9m da banda Babado Novo, que j\u00e1 havia sido divulgada, tamb\u00e9m ir\u00e3o se apresentar os DJS Luan Poffo, Karol Figueiredo, Ricardo Goii, Gabriel Tibery e Van Muller.<\/p>\n\n\n\n<p>O evento vai acontecer dentro do camarote, no mesmo local, hor\u00e1rio e com direito ao servi\u00e7o All Inclusive, j\u00e1 conhecido pelos foli\u00f5es. Al\u00e9m disso, a festa ir\u00e1 at\u00e9 \u00e0s 06 da manh\u00e3, para fechar o carnaval com a vibe l\u00e1 em cima!<\/p>\n\n\n\n<p>\u201cPra Poucos\u201d \u00e9 uma festa criada por amigos no Rio de Janeiro, com o prop\u00f3sito de reunir gente animada e promover uma boa curti\u00e7\u00e3o. O sucesso \u00e9 tanto que terminou virando uma grife sin\u00f4nimo de alto padr\u00e3o! \u201cFaltam 25&nbsp;dias para o Carnaval e n\u00f3s, do Camarote Har\u00e9m, n\u00e3o nos cansamos de buscar inova\u00e7\u00f5es e novidades para nosso foli\u00e3o! Com certeza, essa ter\u00e7a-feira ser\u00e1 muito mais animada\u201d, conta Michel Cohen, s\u00f3cio da Diva Entretenimento, produtora respons\u00e1vel pelo Camarote Har\u00e9m.<\/p>\n\n\n\n<p>Vale lembrar que o Har\u00e9m este ano est\u00e1 em um novo espa\u00e7o, localizado em um luxuoso cerimonial no Morro do Gato. Para saber detalhes sobre a festa, basta acessar o<a href=\"https:\/\/www.digita.com.br\/ticketmaker?ct=2119&amp;cl=291\"> site&nbsp;<\/a>ou ir diretamente \u00e0 loja da Diva Entretenimento, localizada no Piso L1 do Salvador Shopping.<\/p>\n","protected":false},"excerpt":{"rendered":"<p>A festa \u201cPra Poucos\u201d, um evento que j\u00e1 \u00e9 de enorme sucesso no Sudeste, acaba de anunciar que vai desembarcar no Carnaval de Salvador pela primeira vez! E vir\u00e1 em parceria com o Camarote Har\u00e9m 2023, que vai sediar a balada na ter\u00e7a-feira de Carnaval. Al\u00e9m da banda Babado Novo, que j\u00e1 havia sido divulgada, [&hellip;]<\/p>\n","protected":false},"author":3,"featured_media":8304,"comment_status":"open","ping_status":"open","sticky":false,"template":"","format":"standard","meta":{"_monsterinsights_skip_tracking":false,"_monsterinsights_sitenote_active":false,"_monsterinsights_sitenote_note":"","_monsterinsights_sitenote_category":0,"footnotes":""},"categories":[44,48],"tags":[],"yoast_head":"<!-- This site is optimized with the Yoast SEO plugin v22.9 - https:\/\/yoast.com\/wordpress\/plugins\/seo\/ -->\n<title>Festa VIP do RJ desembarca no Carnaval de Salvador e ser\u00e1 sediada no Camarote Har\u00e9m - Portal MF<\/title>\n<meta name=\"robots\" content=\"index, follow, max-snippet:-1, max-image-preview:large, max-video-preview:-1\" \/>\n<link rel=\"canonical\" href=\"https:\/\/portalmf.com.br\/index.php\/2023\/01\/24\/festa-vip-do-rj-desembarca-no-carnaval-de-salvador-e-sera-sediada-no-camarote-harem\/\" \/>\n<meta property=\"og:locale\" content=\"pt_BR\" \/>\n<meta property=\"og:type\" content=\"article\" \/>\n<meta property=\"og:title\" content=\"Festa VIP do RJ desembarca no Carnaval de Salvador e ser\u00e1 sediada no Camarote Har\u00e9m - Portal MF\" \/>\n<meta property=\"og:description\" content=\"A festa \u201cPra Poucos\u201d, um evento que j\u00e1 \u00e9 de enorme sucesso no Sudeste, acaba de anunciar que vai desembarcar no Carnaval de Salvador pela primeira vez! E vir\u00e1 em parceria com o Camarote Har\u00e9m 2023, que vai sediar a balada na ter\u00e7a-feira de Carnaval. Al\u00e9m da banda Babado Novo, que j\u00e1 havia sido divulgada, [&hellip;]\" \/>\n<meta property=\"og:url\" content=\"https:\/\/portalmf.com.br\/index.php\/2023\/01\/24\/festa-vip-do-rj-desembarca-no-carnaval-de-salvador-e-sera-sediada-no-camarote-harem\/\" \/>\n<meta property=\"og:site_name\" content=\"Portal MF\" \/>\n<meta property=\"article:author\" content=\"https:\/\/www.facebook.com\/portalmfoficial\" \/>\n<meta property=\"article:published_time\" content=\"2023-01-24T20:25:13+00:00\" \/>\n<meta property=\"og:image\" content=\"https:\/\/portalmf.com.br\/wp-content\/uploads\/2023\/01\/Mari-Antunes-Babado-Novo.jpg\" \/>\n\t<meta property=\"og:image:width\" content=\"1200\" \/>\n\t<meta property=\"og:image:height\" content=\"675\" \/>\n\t<meta property=\"og:image:type\" content=\"image\/jpeg\" \/>\n<meta name=\"author\" content=\"Reda\u00e7\u00e3o Portal MF\" \/>\n<meta name=\"twitter:card\" content=\"summary_large_image\" \/>\n<meta name=\"twitter:creator\" content=\"@https:\/\/x.com\/portalmfoficial\" \/>\n<meta name=\"twitter:label1\" content=\"Escrito por\" \/>\n\t<meta name=\"twitter:data1\" content=\"Reda\u00e7\u00e3o Portal MF\" \/>\n\t<meta name=\"twitter:label2\" content=\"Est. tempo de leitura\" \/>\n\t<meta name=\"twitter:data2\" content=\"2 minutos\" \/>\n<script type=\"application\/ld+json\" class=\"yoast-schema-graph\">{\"@context\":\"https:\/\/schema.org\",\"@graph\":[{\"@type\":\"WebPage\",\"@id\":\"https:\/\/portalmf.com.br\/index.php\/2023\/01\/24\/festa-vip-do-rj-desembarca-no-carnaval-de-salvador-e-sera-sediada-no-camarote-harem\/\",\"url\":\"https:\/\/portalmf.com.br\/index.php\/2023\/01\/24\/festa-vip-do-rj-desembarca-no-carnaval-de-salvador-e-sera-sediada-no-camarote-harem\/\",\"name\":\"Festa VIP do RJ desembarca no Carnaval de Salvador e ser\u00e1 sediada no Camarote Har\u00e9m - Portal MF\",\"isPartOf\":{\"@id\":\"https:\/\/portalmf.com.br\/#website\"},\"primaryImageOfPage\":{\"@id\":\"https:\/\/portalmf.com.br\/index.php\/2023\/01\/24\/festa-vip-do-rj-desembarca-no-carnaval-de-salvador-e-sera-sediada-no-camarote-harem\/#primaryimage\"},\"image\":{\"@id\":\"https:\/\/portalmf.com.br\/index.php\/2023\/01\/24\/festa-vip-do-rj-desembarca-no-carnaval-de-salvador-e-sera-sediada-no-camarote-harem\/#primaryimage\"},\"thumbnailUrl\":\"https:\/\/portalmf.com.br\/wp-content\/uploads\/2023\/01\/Mari-Antunes-Babado-Novo.jpg\",\"datePublished\":\"2023-01-24T20:25:13+00:00\",\"dateModified\":\"2023-01-24T20:25:13+00:00\",\"author\":{\"@id\":\"https:\/\/portalmf.com.br\/#\/schema\/person\/9ec101baf56233e53520c26de5d6f6f0\"},\"breadcrumb\":{\"@id\":\"https:\/\/portalmf.com.br\/index.php\/2023\/01\/24\/festa-vip-do-rj-desembarca-no-carnaval-de-salvador-e-sera-sediada-no-camarote-harem\/#breadcrumb\"},\"inLanguage\":\"pt-BR\",\"potentialAction\":[{\"@type\":\"ReadAction\",\"target\":[\"https:\/\/portalmf.com.br\/index.php\/2023\/01\/24\/festa-vip-do-rj-desembarca-no-carnaval-de-salvador-e-sera-sediada-no-camarote-harem\/\"]}]},{\"@type\":\"ImageObject\",\"inLanguage\":\"pt-BR\",\"@id\":\"https:\/\/portalmf.com.br\/index.php\/2023\/01\/24\/festa-vip-do-rj-desembarca-no-carnaval-de-salvador-e-sera-sediada-no-camarote-harem\/#primaryimage\",\"url\":\"https:\/\/portalmf.com.br\/wp-content\/uploads\/2023\/01\/Mari-Antunes-Babado-Novo.jpg\",\"contentUrl\":\"https:\/\/portalmf.com.br\/wp-content\/uploads\/2023\/01\/Mari-Antunes-Babado-Novo.jpg\",\"width\":1200,\"height\":675},{\"@type\":\"BreadcrumbList\",\"@id\":\"https:\/\/portalmf.com.br\/index.php\/2023\/01\/24\/festa-vip-do-rj-desembarca-no-carnaval-de-salvador-e-sera-sediada-no-camarote-harem\/#breadcrumb\",\"itemListElement\":[{\"@type\":\"ListItem\",\"position\":1,\"name\":\"In\u00edcio\",\"item\":\"https:\/\/portalmf.com.br\/\"},{\"@type\":\"ListItem\",\"position\":2,\"name\":\"Festa VIP do RJ desembarca no Carnaval de Salvador e ser\u00e1 sediada no Camarote Har\u00e9m\"}]},{\"@type\":\"WebSite\",\"@id\":\"https:\/\/portalmf.com.br\/#website\",\"url\":\"https:\/\/portalmf.com.br\/\",\"name\":\"Portal MF\",\"description\":\"Voc\u00ea conectado com a informa\u00e7\u00e3o\",\"potentialAction\":[{\"@type\":\"SearchAction\",\"target\":{\"@type\":\"EntryPoint\",\"urlTemplate\":\"https:\/\/portalmf.com.br\/?s={search_term_string}\"},\"query-input\":\"required name=search_term_string\"}],\"inLanguage\":\"pt-BR\"},{\"@type\":\"Person\",\"@id\":\"https:\/\/portalmf.com.br\/#\/schema\/person\/9ec101baf56233e53520c26de5d6f6f0\",\"name\":\"Reda\u00e7\u00e3o Portal MF\",\"image\":{\"@type\":\"ImageObject\",\"inLanguage\":\"pt-BR\",\"@id\":\"https:\/\/portalmf.com.br\/#\/schema\/person\/image\/\",\"url\":\"https:\/\/secure.gravatar.com\/avatar\/41b9aaeb2100835f7c64362330f74c7f?s=96&d=mm&r=g\",\"contentUrl\":\"https:\/\/secure.gravatar.com\/avatar\/41b9aaeb2100835f7c64362330f74c7f?s=96&d=mm&r=g\",\"caption\":\"Reda\u00e7\u00e3o Portal MF\"},\"description\":\"Sejam bem-vindos o portal de informa\u00e7\u00f5es de entretenimento de Feira de Santana, desde 2006 realiza coberturas dos principais eventos com entrevistas exclusivas com as principais personalidades mundiais. Fique conectado tamb\u00e9m nas redes sociais.\",\"sameAs\":[\"http:\/\/www.portalmf.com.br\/\",\"https:\/\/www.facebook.com\/portalmfoficial\",\"https:\/\/www.instagram.com\/portalmf\/\",\"https:\/\/x.com\/https:\/\/x.com\/portalmfoficial\",\"https:\/\/www.youtube.com\/@portalmfoficial\"],\"url\":\"https:\/\/portalmf.com.br\/index.php\/author\/junior\/\"}]}<\/script>\n<!-- \/ Yoast SEO plugin. -->","yoast_head_json":{"title":"Festa VIP do RJ desembarca no Carnaval de Salvador e ser\u00e1 sediada no Camarote Har\u00e9m - Portal MF","robots":{"index":"index","follow":"follow","max-snippet":"max-snippet:-1","max-image-preview":"max-image-preview:large","max-video-preview":"max-video-preview:-1"},"canonical":"https:\/\/portalmf.com.br\/index.php\/2023\/01\/24\/festa-vip-do-rj-desembarca-no-carnaval-de-salvador-e-sera-sediada-no-camarote-harem\/","og_locale":"pt_BR","og_type":"article","og_title":"Festa VIP do RJ desembarca no Carnaval de Salvador e ser\u00e1 sediada no Camarote Har\u00e9m - Portal MF","og_description":"A festa \u201cPra Poucos\u201d, um evento que j\u00e1 \u00e9 de enorme sucesso no Sudeste, acaba de anunciar que vai desembarcar no Carnaval de Salvador pela primeira vez! E vir\u00e1 em parceria com o Camarote Har\u00e9m 2023, que vai sediar a balada na ter\u00e7a-feira de Carnaval. Al\u00e9m da banda Babado Novo, que j\u00e1 havia sido divulgada, [&hellip;]","og_url":"https:\/\/portalmf.com.br\/index.php\/2023\/01\/24\/festa-vip-do-rj-desembarca-no-carnaval-de-salvador-e-sera-sediada-no-camarote-harem\/","og_site_name":"Portal MF","article_author":"https:\/\/www.facebook.com\/portalmfoficial","article_published_time":"2023-01-24T20:25:13+00:00","og_image":[{"width":1200,"height":675,"url":"https:\/\/portalmf.com.br\/wp-content\/uploads\/2023\/01\/Mari-Antunes-Babado-Novo.jpg","type":"image\/jpeg"}],"author":"Reda\u00e7\u00e3o Portal MF","twitter_card":"summary_large_image","twitter_creator":"@https:\/\/x.com\/portalmfoficial","twitter_misc":{"Escrito por":"Reda\u00e7\u00e3o Portal MF","Est. tempo de leitura":"2 minutos"},"schema":{"@context":"https:\/\/schema.org","@graph":[{"@type":"WebPage","@id":"https:\/\/portalmf.com.br\/index.php\/2023\/01\/24\/festa-vip-do-rj-desembarca-no-carnaval-de-salvador-e-sera-sediada-no-camarote-harem\/","url":"https:\/\/portalmf.com.br\/index.php\/2023\/01\/24\/festa-vip-do-rj-desembarca-no-carnaval-de-salvador-e-sera-sediada-no-camarote-harem\/","name":"Festa VIP do RJ desembarca no Carnaval de Salvador e ser\u00e1 sediada no Camarote Har\u00e9m - Portal MF","isPartOf":{"@id":"https:\/\/portalmf.com.br\/#website"},"primaryImageOfPage":{"@id":"https:\/\/portalmf.com.br\/index.php\/2023\/01\/24\/festa-vip-do-rj-desembarca-no-carnaval-de-salvador-e-sera-sediada-no-camarote-harem\/#primaryimage"},"image":{"@id":"https:\/\/portalmf.com.br\/index.php\/2023\/01\/24\/festa-vip-do-rj-desembarca-no-carnaval-de-salvador-e-sera-sediada-no-camarote-harem\/#primaryimage"},"thumbnailUrl":"https:\/\/portalmf.com.br\/wp-content\/uploads\/2023\/01\/Mari-Antunes-Babado-Novo.jpg","datePublished":"2023-01-24T20:25:13+00:00","dateModified":"2023-01-24T20:25:13+00:00","author":{"@id":"https:\/\/portalmf.com.br\/#\/schema\/person\/9ec101baf56233e53520c26de5d6f6f0"},"breadcrumb":{"@id":"https:\/\/portalmf.com.br\/index.php\/2023\/01\/24\/festa-vip-do-rj-desembarca-no-carnaval-de-salvador-e-sera-sediada-no-camarote-harem\/#breadcrumb"},"inLanguage":"pt-BR","potentialAction":[{"@type":"ReadAction","target":["https:\/\/portalmf.com.br\/index.php\/2023\/01\/24\/festa-vip-do-rj-desembarca-no-carnaval-de-salvador-e-sera-sediada-no-camarote-harem\/"]}]},{"@type":"ImageObject","inLanguage":"pt-BR","@id":"https:\/\/portalmf.com.br\/index.php\/2023\/01\/24\/festa-vip-do-rj-desembarca-no-carnaval-de-salvador-e-sera-sediada-no-camarote-harem\/#primaryimage","url":"https:\/\/portalmf.com.br\/wp-content\/uploads\/2023\/01\/Mari-Antunes-Babado-Novo.jpg","contentUrl":"https:\/\/portalmf.com.br\/wp-content\/uploads\/2023\/01\/Mari-Antunes-Babado-Novo.jpg","width":1200,"height":675},{"@type":"BreadcrumbList","@id":"https:\/\/portalmf.com.br\/index.php\/2023\/01\/24\/festa-vip-do-rj-desembarca-no-carnaval-de-salvador-e-sera-sediada-no-camarote-harem\/#breadcrumb","itemListElement":[{"@type":"ListItem","position":1,"name":"In\u00edcio","item":"https:\/\/portalmf.com.br\/"},{"@type":"ListItem","position":2,"name":"Festa VIP do RJ desembarca no Carnaval de Salvador e ser\u00e1 sediada no Camarote Har\u00e9m"}]},{"@type":"WebSite","@id":"https:\/\/portalmf.com.br\/#website","url":"https:\/\/portalmf.com.br\/","name":"Portal MF","description":"Voc\u00ea conectado com a informa\u00e7\u00e3o","potentialAction":[{"@type":"SearchAction","target":{"@type":"EntryPoint","urlTemplate":"https:\/\/portalmf.com.br\/?s={search_term_string}"},"query-input":"required name=search_term_string"}],"inLanguage":"pt-BR"},{"@type":"Person","@id":"https:\/\/portalmf.com.br\/#\/schema\/person\/9ec101baf56233e53520c26de5d6f6f0","name":"Reda\u00e7\u00e3o Portal MF","image":{"@type":"ImageObject","inLanguage":"pt-BR","@id":"https:\/\/portalmf.com.br\/#\/schema\/person\/image\/","url":"https:\/\/secure.gravatar.com\/avatar\/41b9aaeb2100835f7c64362330f74c7f?s=96&d=mm&r=g","contentUrl":"https:\/\/secure.gravatar.com\/avatar\/41b9aaeb2100835f7c64362330f74c7f?s=96&d=mm&r=g","caption":"Reda\u00e7\u00e3o Portal MF"},"description":"Sejam bem-vindos o portal de informa\u00e7\u00f5es de entretenimento de Feira de Santana, desde 2006 realiza coberturas dos principais eventos com entrevistas exclusivas com as principais personalidades mundiais. Fique conectado tamb\u00e9m nas redes sociais.","sameAs":["http:\/\/www.portalmf.com.br\/","https:\/\/www.facebook.com\/portalmfoficial","https:\/\/www.instagram.com\/portalmf\/","https:\/\/x.com\/https:\/\/x.com\/portalmfoficial","https:\/\/www.youtube.com\/@portalmfoficial"],"url":"https:\/\/portalmf.com.br\/index.php\/author\/junior\/"}]}},"_links":{"self":[{"href":"https:\/\/portalmf.com.br\/index.php\/wp-json\/wp\/v2\/posts\/8303"}],"collection":[{"href":"https:\/\/portalmf.com.br\/index.php\/wp-json\/wp\/v2\/posts"}],"about":[{"href":"https:\/\/portalmf.com.br\/index.php\/wp-json\/wp\/v2\/types\/post"}],"author":[{"embeddable":true,"href":"https:\/\/portalmf.com.br\/index.php\/wp-json\/wp\/v2\/users\/3"}],"replies":[{"embeddable":true,"href":"https:\/\/portalmf.com.br\/index.php\/wp-json\/wp\/v2\/comments?post=8303"}],"version-history":[{"count":1,"href":"https:\/\/portalmf.com.br\/index.php\/wp-json\/wp\/v2\/posts\/8303\/revisions"}],"predecessor-version":[{"id":8305,"href":"https:\/\/portalmf.com.br\/index.php\/wp-json\/wp\/v2\/posts\/8303\/revisions\/8305"}],"wp:featuredmedia":[{"embeddable":true,"href":"https:\/\/portalmf.com.br\/index.php\/wp-json\/wp\/v2\/media\/8304"}],"wp:attachment":[{"href":"https:\/\/portalmf.com.br\/index.php\/wp-json\/wp\/v2\/media?parent=8303"}],"wp:term":[{"taxonomy":"category","embeddable":true,"href":"https:\/\/portalmf.com.br\/index.php\/wp-json\/wp\/v2\/categories?post=8303"},{"taxonomy":"post_tag","embeddable":true,"href":"https:\/\/portalmf.com.br\/index.php\/wp-json\/wp\/v2\/tags?post=8303"}],"curies":[{"name":"wp","href":"https:\/\/api.w.org\/{rel}","templated":true}]}}