{"id":8287,"date":"2023-01-24T16:44:55","date_gmt":"2023-01-24T19:44:55","guid":{"rendered":"https:\/\/portalmf.com.br\/?p=8287"},"modified":"2023-01-24T16:48:49","modified_gmt":"2023-01-24T19:48:49","slug":"tatuagem-foi-fator-decisivo-na-prisao-de-dani-alves-diz-jornal-espanhol","status":"publish","type":"post","link":"https:\/\/portalmf.com.br\/index.php\/2023\/01\/24\/tatuagem-foi-fator-decisivo-na-prisao-de-dani-alves-diz-jornal-espanhol\/","title":{"rendered":"Tatuagem foi fator decisivo na pris\u00e3o de Daniel Alves, diz jornal espanhol"},"content":{"rendered":"\n<p>Uma tatuagem teria sido decisiva para a pris\u00e3o de Daniel Alves, acusado de agress\u00e3o sexual na Espanha. Segundo o jornal espanhol &#8220;El Mundo&#8221;, a v\u00edtima teria descrito com detalhes o desenho de uma meia-lua, tatuado entre o abd\u00f4men e o p\u00eanis do jogador, em depoimento \u00e0 pol\u00edcia. A alega\u00e7\u00e3o foi decisiva para a Justi\u00e7a entender que o ex-Barcelona tirou a roupa no banheiro da boate.<\/p>\n\n\n\n<p>De acordo com o ve\u00edculo, Dani teria dito que estava sentado no vaso sanit\u00e1rio do banheiro da casa noturna quando a mulher entrou na cabine e sentou em seu colo. Ap\u00f3s o questionamento da Justi\u00e7a sobre a v\u00edtima ter visto a tatuagem, o brasileiro teria mudado sua vers\u00e3o e afirmado que levantou no momento em que ela entrou no local, permitindo que ela visse a tatuagem.<\/p>\n\n\n\n<p>O lateral-direito brasileiro est\u00e1 preso preventivamente na Espanha desde a \u00faltima sexta-feira. A Justi\u00e7a ordenou a pris\u00e3o do atleta depois de ouvir depoimentos contradit\u00f3rios sobre o caso. \u00c0 imprensa, o jogador havia afirmado que n\u00e3o conhecia a suposta v\u00edtima. J\u00e1 nos relatos \u00e0 Justi\u00e7a, ele teria negado ter feito sexo com a mulher, mas alterado o depoimento na sequ\u00eancia e admitido a ocorr\u00eancia de rela\u00e7\u00f5es sexuais, segundo ele, de forma consensual.<\/p>\n\n\n\n<p>O epis\u00f3dio teria acontecido em uma boate em Barcelona, na Espanha, durante uma festa no fim do ano passado. A v\u00edtima foi auxiliada por seguran\u00e7as depois de deixar o local chorando e, logo em seguida, prestou queixa em uma delegacia catal\u00e3.<\/p>\n\n\n\n<p>Daniel Alves foi transferido de pres\u00eddio nesta segunda-feira. O jogador estava preso preventivamente no Centro Penitenci\u00e1rio Brians 1, na Espanha, desde a \u00faltima sexta-feira. Segundo a apura\u00e7\u00e3o da emissora &#8220;ESPN&#8221;, o lateral-direito da Sele\u00e7\u00e3o Brasileira foi levado para uma cela individual no Centro Penitenci\u00e1rio Brians 2.<\/p>\n\n\n\n<p>Com informa\u00e7\u00f5es do Lance!<\/p>\n","protected":false},"excerpt":{"rendered":"<p>Uma tatuagem teria sido decisiva para a pris\u00e3o de Daniel Alves, acusado de agress\u00e3o sexual na Espanha. Segundo o jornal espanhol &#8220;El Mundo&#8221;, a v\u00edtima teria descrito com detalhes o desenho de uma meia-lua, tatuado entre o abd\u00f4men e o p\u00eanis do jogador, em depoimento \u00e0 pol\u00edcia. A alega\u00e7\u00e3o foi decisiva para a Justi\u00e7a entender [&hellip;]<\/p>\n","protected":false},"author":3,"featured_media":8288,"comment_status":"open","ping_status":"open","sticky":false,"template":"","format":"standard","meta":{"_monsterinsights_skip_tracking":false,"_monsterinsights_sitenote_active":false,"_monsterinsights_sitenote_note":"","_monsterinsights_sitenote_category":0,"footnotes":""},"categories":[47,42,35],"tags":[],"yoast_head":"<!-- This site is optimized with the Yoast SEO plugin v22.9 - https:\/\/yoast.com\/wordpress\/plugins\/seo\/ -->\n<title>Tatuagem foi fator decisivo na pris\u00e3o de Daniel Alves, diz jornal espanhol - Portal MF<\/title>\n<meta name=\"robots\" content=\"index, follow, max-snippet:-1, max-image-preview:large, max-video-preview:-1\" \/>\n<link rel=\"canonical\" href=\"https:\/\/portalmf.com.br\/index.php\/2023\/01\/24\/tatuagem-foi-fator-decisivo-na-prisao-de-dani-alves-diz-jornal-espanhol\/\" \/>\n<meta property=\"og:locale\" content=\"pt_BR\" \/>\n<meta property=\"og:type\" content=\"article\" \/>\n<meta property=\"og:title\" content=\"Tatuagem foi fator decisivo na pris\u00e3o de Daniel Alves, diz jornal espanhol - Portal MF\" \/>\n<meta property=\"og:description\" content=\"Uma tatuagem teria sido decisiva para a pris\u00e3o de Daniel Alves, acusado de agress\u00e3o sexual na Espanha. Segundo o jornal espanhol &#8220;El Mundo&#8221;, a v\u00edtima teria descrito com detalhes o desenho de uma meia-lua, tatuado entre o abd\u00f4men e o p\u00eanis do jogador, em depoimento \u00e0 pol\u00edcia. A alega\u00e7\u00e3o foi decisiva para a Justi\u00e7a entender [&hellip;]\" \/>\n<meta property=\"og:url\" content=\"https:\/\/portalmf.com.br\/index.php\/2023\/01\/24\/tatuagem-foi-fator-decisivo-na-prisao-de-dani-alves-diz-jornal-espanhol\/\" \/>\n<meta property=\"og:site_name\" content=\"Portal MF\" \/>\n<meta property=\"article:author\" content=\"https:\/\/www.facebook.com\/portalmfoficial\" \/>\n<meta property=\"article:published_time\" content=\"2023-01-24T19:44:55+00:00\" \/>\n<meta property=\"article:modified_time\" content=\"2023-01-24T19:48:49+00:00\" \/>\n<meta property=\"og:image\" content=\"https:\/\/portalmf.com.br\/wp-content\/uploads\/2023\/01\/Daniel-Alves-1.jpg\" \/>\n\t<meta property=\"og:image:width\" content=\"1280\" \/>\n\t<meta property=\"og:image:height\" content=\"720\" \/>\n\t<meta property=\"og:image:type\" content=\"image\/jpeg\" \/>\n<meta name=\"author\" content=\"Reda\u00e7\u00e3o Portal MF\" \/>\n<meta name=\"twitter:card\" content=\"summary_large_image\" \/>\n<meta name=\"twitter:creator\" content=\"@https:\/\/x.com\/portalmfoficial\" \/>\n<meta name=\"twitter:label1\" content=\"Escrito por\" \/>\n\t<meta name=\"twitter:data1\" content=\"Reda\u00e7\u00e3o Portal MF\" \/>\n\t<meta name=\"twitter:label2\" content=\"Est. tempo de leitura\" \/>\n\t<meta name=\"twitter:data2\" content=\"2 minutos\" \/>\n<script type=\"application\/ld+json\" class=\"yoast-schema-graph\">{\"@context\":\"https:\/\/schema.org\",\"@graph\":[{\"@type\":\"WebPage\",\"@id\":\"https:\/\/portalmf.com.br\/index.php\/2023\/01\/24\/tatuagem-foi-fator-decisivo-na-prisao-de-dani-alves-diz-jornal-espanhol\/\",\"url\":\"https:\/\/portalmf.com.br\/index.php\/2023\/01\/24\/tatuagem-foi-fator-decisivo-na-prisao-de-dani-alves-diz-jornal-espanhol\/\",\"name\":\"Tatuagem foi fator decisivo na pris\u00e3o de Daniel Alves, diz jornal espanhol - Portal MF\",\"isPartOf\":{\"@id\":\"https:\/\/portalmf.com.br\/#website\"},\"primaryImageOfPage\":{\"@id\":\"https:\/\/portalmf.com.br\/index.php\/2023\/01\/24\/tatuagem-foi-fator-decisivo-na-prisao-de-dani-alves-diz-jornal-espanhol\/#primaryimage\"},\"image\":{\"@id\":\"https:\/\/portalmf.com.br\/index.php\/2023\/01\/24\/tatuagem-foi-fator-decisivo-na-prisao-de-dani-alves-diz-jornal-espanhol\/#primaryimage\"},\"thumbnailUrl\":\"https:\/\/portalmf.com.br\/wp-content\/uploads\/2023\/01\/Daniel-Alves-1.jpg\",\"datePublished\":\"2023-01-24T19:44:55+00:00\",\"dateModified\":\"2023-01-24T19:48:49+00:00\",\"author\":{\"@id\":\"https:\/\/portalmf.com.br\/#\/schema\/person\/9ec101baf56233e53520c26de5d6f6f0\"},\"breadcrumb\":{\"@id\":\"https:\/\/portalmf.com.br\/index.php\/2023\/01\/24\/tatuagem-foi-fator-decisivo-na-prisao-de-dani-alves-diz-jornal-espanhol\/#breadcrumb\"},\"inLanguage\":\"pt-BR\",\"potentialAction\":[{\"@type\":\"ReadAction\",\"target\":[\"https:\/\/portalmf.com.br\/index.php\/2023\/01\/24\/tatuagem-foi-fator-decisivo-na-prisao-de-dani-alves-diz-jornal-espanhol\/\"]}]},{\"@type\":\"ImageObject\",\"inLanguage\":\"pt-BR\",\"@id\":\"https:\/\/portalmf.com.br\/index.php\/2023\/01\/24\/tatuagem-foi-fator-decisivo-na-prisao-de-dani-alves-diz-jornal-espanhol\/#primaryimage\",\"url\":\"https:\/\/portalmf.com.br\/wp-content\/uploads\/2023\/01\/Daniel-Alves-1.jpg\",\"contentUrl\":\"https:\/\/portalmf.com.br\/wp-content\/uploads\/2023\/01\/Daniel-Alves-1.jpg\",\"width\":1280,\"height\":720,\"caption\":\"Foto: Divulga\u00e7\u00e3o\/CBF\"},{\"@type\":\"BreadcrumbList\",\"@id\":\"https:\/\/portalmf.com.br\/index.php\/2023\/01\/24\/tatuagem-foi-fator-decisivo-na-prisao-de-dani-alves-diz-jornal-espanhol\/#breadcrumb\",\"itemListElement\":[{\"@type\":\"ListItem\",\"position\":1,\"name\":\"In\u00edcio\",\"item\":\"https:\/\/portalmf.com.br\/\"},{\"@type\":\"ListItem\",\"position\":2,\"name\":\"Tatuagem foi fator decisivo na pris\u00e3o de Daniel Alves, diz jornal espanhol\"}]},{\"@type\":\"WebSite\",\"@id\":\"https:\/\/portalmf.com.br\/#website\",\"url\":\"https:\/\/portalmf.com.br\/\",\"name\":\"Portal MF\",\"description\":\"Voc\u00ea conectado com a informa\u00e7\u00e3o\",\"potentialAction\":[{\"@type\":\"SearchAction\",\"target\":{\"@type\":\"EntryPoint\",\"urlTemplate\":\"https:\/\/portalmf.com.br\/?s={search_term_string}\"},\"query-input\":\"required name=search_term_string\"}],\"inLanguage\":\"pt-BR\"},{\"@type\":\"Person\",\"@id\":\"https:\/\/portalmf.com.br\/#\/schema\/person\/9ec101baf56233e53520c26de5d6f6f0\",\"name\":\"Reda\u00e7\u00e3o Portal MF\",\"image\":{\"@type\":\"ImageObject\",\"inLanguage\":\"pt-BR\",\"@id\":\"https:\/\/portalmf.com.br\/#\/schema\/person\/image\/\",\"url\":\"https:\/\/secure.gravatar.com\/avatar\/41b9aaeb2100835f7c64362330f74c7f?s=96&d=mm&r=g\",\"contentUrl\":\"https:\/\/secure.gravatar.com\/avatar\/41b9aaeb2100835f7c64362330f74c7f?s=96&d=mm&r=g\",\"caption\":\"Reda\u00e7\u00e3o Portal MF\"},\"description\":\"Sejam bem-vindos o portal de informa\u00e7\u00f5es de entretenimento de Feira de Santana, desde 2006 realiza coberturas dos principais eventos com entrevistas exclusivas com as principais personalidades mundiais. Fique conectado tamb\u00e9m nas redes sociais.\",\"sameAs\":[\"http:\/\/www.portalmf.com.br\/\",\"https:\/\/www.facebook.com\/portalmfoficial\",\"https:\/\/www.instagram.com\/portalmf\/\",\"https:\/\/x.com\/https:\/\/x.com\/portalmfoficial\",\"https:\/\/www.youtube.com\/@portalmfoficial\"],\"url\":\"https:\/\/portalmf.com.br\/index.php\/author\/junior\/\"}]}<\/script>\n<!-- \/ Yoast SEO plugin. -->","yoast_head_json":{"title":"Tatuagem foi fator decisivo na pris\u00e3o de Daniel Alves, diz jornal espanhol - Portal MF","robots":{"index":"index","follow":"follow","max-snippet":"max-snippet:-1","max-image-preview":"max-image-preview:large","max-video-preview":"max-video-preview:-1"},"canonical":"https:\/\/portalmf.com.br\/index.php\/2023\/01\/24\/tatuagem-foi-fator-decisivo-na-prisao-de-dani-alves-diz-jornal-espanhol\/","og_locale":"pt_BR","og_type":"article","og_title":"Tatuagem foi fator decisivo na pris\u00e3o de Daniel Alves, diz jornal espanhol - Portal MF","og_description":"Uma tatuagem teria sido decisiva para a pris\u00e3o de Daniel Alves, acusado de agress\u00e3o sexual na Espanha. Segundo o jornal espanhol &#8220;El Mundo&#8221;, a v\u00edtima teria descrito com detalhes o desenho de uma meia-lua, tatuado entre o abd\u00f4men e o p\u00eanis do jogador, em depoimento \u00e0 pol\u00edcia. A alega\u00e7\u00e3o foi decisiva para a Justi\u00e7a entender [&hellip;]","og_url":"https:\/\/portalmf.com.br\/index.php\/2023\/01\/24\/tatuagem-foi-fator-decisivo-na-prisao-de-dani-alves-diz-jornal-espanhol\/","og_site_name":"Portal MF","article_author":"https:\/\/www.facebook.com\/portalmfoficial","article_published_time":"2023-01-24T19:44:55+00:00","article_modified_time":"2023-01-24T19:48:49+00:00","og_image":[{"width":1280,"height":720,"url":"https:\/\/portalmf.com.br\/wp-content\/uploads\/2023\/01\/Daniel-Alves-1.jpg","type":"image\/jpeg"}],"author":"Reda\u00e7\u00e3o Portal MF","twitter_card":"summary_large_image","twitter_creator":"@https:\/\/x.com\/portalmfoficial","twitter_misc":{"Escrito por":"Reda\u00e7\u00e3o Portal MF","Est. tempo de leitura":"2 minutos"},"schema":{"@context":"https:\/\/schema.org","@graph":[{"@type":"WebPage","@id":"https:\/\/portalmf.com.br\/index.php\/2023\/01\/24\/tatuagem-foi-fator-decisivo-na-prisao-de-dani-alves-diz-jornal-espanhol\/","url":"https:\/\/portalmf.com.br\/index.php\/2023\/01\/24\/tatuagem-foi-fator-decisivo-na-prisao-de-dani-alves-diz-jornal-espanhol\/","name":"Tatuagem foi fator decisivo na pris\u00e3o de Daniel Alves, diz jornal espanhol - Portal MF","isPartOf":{"@id":"https:\/\/portalmf.com.br\/#website"},"primaryImageOfPage":{"@id":"https:\/\/portalmf.com.br\/index.php\/2023\/01\/24\/tatuagem-foi-fator-decisivo-na-prisao-de-dani-alves-diz-jornal-espanhol\/#primaryimage"},"image":{"@id":"https:\/\/portalmf.com.br\/index.php\/2023\/01\/24\/tatuagem-foi-fator-decisivo-na-prisao-de-dani-alves-diz-jornal-espanhol\/#primaryimage"},"thumbnailUrl":"https:\/\/portalmf.com.br\/wp-content\/uploads\/2023\/01\/Daniel-Alves-1.jpg","datePublished":"2023-01-24T19:44:55+00:00","dateModified":"2023-01-24T19:48:49+00:00","author":{"@id":"https:\/\/portalmf.com.br\/#\/schema\/person\/9ec101baf56233e53520c26de5d6f6f0"},"breadcrumb":{"@id":"https:\/\/portalmf.com.br\/index.php\/2023\/01\/24\/tatuagem-foi-fator-decisivo-na-prisao-de-dani-alves-diz-jornal-espanhol\/#breadcrumb"},"inLanguage":"pt-BR","potentialAction":[{"@type":"ReadAction","target":["https:\/\/portalmf.com.br\/index.php\/2023\/01\/24\/tatuagem-foi-fator-decisivo-na-prisao-de-dani-alves-diz-jornal-espanhol\/"]}]},{"@type":"ImageObject","inLanguage":"pt-BR","@id":"https:\/\/portalmf.com.br\/index.php\/2023\/01\/24\/tatuagem-foi-fator-decisivo-na-prisao-de-dani-alves-diz-jornal-espanhol\/#primaryimage","url":"https:\/\/portalmf.com.br\/wp-content\/uploads\/2023\/01\/Daniel-Alves-1.jpg","contentUrl":"https:\/\/portalmf.com.br\/wp-content\/uploads\/2023\/01\/Daniel-Alves-1.jpg","width":1280,"height":720,"caption":"Foto: Divulga\u00e7\u00e3o\/CBF"},{"@type":"BreadcrumbList","@id":"https:\/\/portalmf.com.br\/index.php\/2023\/01\/24\/tatuagem-foi-fator-decisivo-na-prisao-de-dani-alves-diz-jornal-espanhol\/#breadcrumb","itemListElement":[{"@type":"ListItem","position":1,"name":"In\u00edcio","item":"https:\/\/portalmf.com.br\/"},{"@type":"ListItem","position":2,"name":"Tatuagem foi fator decisivo na pris\u00e3o de Daniel Alves, diz jornal espanhol"}]},{"@type":"WebSite","@id":"https:\/\/portalmf.com.br\/#website","url":"https:\/\/portalmf.com.br\/","name":"Portal MF","description":"Voc\u00ea conectado com a informa\u00e7\u00e3o","potentialAction":[{"@type":"SearchAction","target":{"@type":"EntryPoint","urlTemplate":"https:\/\/portalmf.com.br\/?s={search_term_string}"},"query-input":"required name=search_term_string"}],"inLanguage":"pt-BR"},{"@type":"Person","@id":"https:\/\/portalmf.com.br\/#\/schema\/person\/9ec101baf56233e53520c26de5d6f6f0","name":"Reda\u00e7\u00e3o Portal MF","image":{"@type":"ImageObject","inLanguage":"pt-BR","@id":"https:\/\/portalmf.com.br\/#\/schema\/person\/image\/","url":"https:\/\/secure.gravatar.com\/avatar\/41b9aaeb2100835f7c64362330f74c7f?s=96&d=mm&r=g","contentUrl":"https:\/\/secure.gravatar.com\/avatar\/41b9aaeb2100835f7c64362330f74c7f?s=96&d=mm&r=g","caption":"Reda\u00e7\u00e3o Portal MF"},"description":"Sejam bem-vindos o portal de informa\u00e7\u00f5es de entretenimento de Feira de Santana, desde 2006 realiza coberturas dos principais eventos com entrevistas exclusivas com as principais personalidades mundiais. Fique conectado tamb\u00e9m nas redes sociais.","sameAs":["http:\/\/www.portalmf.com.br\/","https:\/\/www.facebook.com\/portalmfoficial","https:\/\/www.instagram.com\/portalmf\/","https:\/\/x.com\/https:\/\/x.com\/portalmfoficial","https:\/\/www.youtube.com\/@portalmfoficial"],"url":"https:\/\/portalmf.com.br\/index.php\/author\/junior\/"}]}},"_links":{"self":[{"href":"https:\/\/portalmf.com.br\/index.php\/wp-json\/wp\/v2\/posts\/8287"}],"collection":[{"href":"https:\/\/portalmf.com.br\/index.php\/wp-json\/wp\/v2\/posts"}],"about":[{"href":"https:\/\/portalmf.com.br\/index.php\/wp-json\/wp\/v2\/types\/post"}],"author":[{"embeddable":true,"href":"https:\/\/portalmf.com.br\/index.php\/wp-json\/wp\/v2\/users\/3"}],"replies":[{"embeddable":true,"href":"https:\/\/portalmf.com.br\/index.php\/wp-json\/wp\/v2\/comments?post=8287"}],"version-history":[{"count":2,"href":"https:\/\/portalmf.com.br\/index.php\/wp-json\/wp\/v2\/posts\/8287\/revisions"}],"predecessor-version":[{"id":8290,"href":"https:\/\/portalmf.com.br\/index.php\/wp-json\/wp\/v2\/posts\/8287\/revisions\/8290"}],"wp:featuredmedia":[{"embeddable":true,"href":"https:\/\/portalmf.com.br\/index.php\/wp-json\/wp\/v2\/media\/8288"}],"wp:attachment":[{"href":"https:\/\/portalmf.com.br\/index.php\/wp-json\/wp\/v2\/media?parent=8287"}],"wp:term":[{"taxonomy":"category","embeddable":true,"href":"https:\/\/portalmf.com.br\/index.php\/wp-json\/wp\/v2\/categories?post=8287"},{"taxonomy":"post_tag","embeddable":true,"href":"https:\/\/portalmf.com.br\/index.php\/wp-json\/wp\/v2\/tags?post=8287"}],"curies":[{"name":"wp","href":"https:\/\/api.w.org\/{rel}","templated":true}]}}