{"id":8281,"date":"2023-01-23T15:44:06","date_gmt":"2023-01-23T18:44:06","guid":{"rendered":"https:\/\/portalmf.com.br\/?p=8281"},"modified":"2023-01-24T15:54:30","modified_gmt":"2023-01-24T18:54:30","slug":"pepsico-abre-vagas-para-o-seu-programa-de-estagio","status":"publish","type":"post","link":"https:\/\/portalmf.com.br\/index.php\/2023\/01\/23\/pepsico-abre-vagas-para-o-seu-programa-de-estagio\/","title":{"rendered":"<strong>PepsiCo abre vagas para o seu programa de est\u00e1gio<\/strong>"},"content":{"rendered":"\n<p>O First Gen, programa de est\u00e1gio da PepsiCo, est\u00e1 com inscri\u00e7\u00f5es abertas at\u00e9 o dia&nbsp;<strong>16 de fevereiro<\/strong>, com cerca de&nbsp;<strong>50 vagas<\/strong>&nbsp;para as \u00e1reas de Recursos Humanos, Vendas, Opera\u00e7\u00f5es, Pesquisa e Desenvolvimento e Finan\u00e7as. As oportunidades s\u00e3o para atuar em diversas cidades:&nbsp;<strong>S\u00e3o Paulo, Sorocaba e Itu (SP); Curitiba e S\u00e3o Jos\u00e9 dos Pinhais (PR); Rio de Janeiro (RJ); Jaboat\u00e3o e Petrolina (PE); Belo Horizonte (MG).<\/strong>&nbsp;No ano em que completa 70 anos no Brasil, a empresa refor\u00e7a o seu compromisso com a diversidade e com processos de recrutamento mais inclusivos e tem o objetivo de contratar, idealmente, 50% de mulheres e 50% de pessoas negras. Na \u00faltima edi\u00e7\u00e3o, a representatividade de g\u00eanero e ra\u00e7a superou as expectativas com mais de 60% de mulheres e 52% de pessoas negras contratadas.<\/p>\n\n\n\n<p>Para participar, \u00e9 necess\u00e1rio estar no pen\u00faltimo ou \u00faltimo ano da gradua\u00e7\u00e3o, com formatura prevista entre dezembro de 2023 a dezembro de 2024. O processo seletivo segue sem exig\u00eancias de ingl\u00eas, faixa-et\u00e1ria, universidade ou cursos espec\u00edficos.&nbsp;Os (as) estudantes que forem selecionados (as) ter\u00e3o a oportunidade de desenvolver o ingl\u00eas e outros idiomas por meio de uma plataforma de cursos gratuita, que \u00e9 oferecida a todos (as) os (as) funcion\u00e1rios (as) da PepsiCo.<\/p>\n\n\n\n<p>Neste ciclo, o First Gen conta com as marcas PEPSI\u00ae&nbsp;e RUFFLES\u00ae&nbsp;como embaixadoras, que&nbsp;prometem&nbsp;tornar a experi\u00eancia do processo seletivo ainda mais din\u00e2mica, irreverente e divertida. A sele\u00e7\u00e3o ser\u00e1 100% online e contar\u00e1 com uma jornada gamificada, al\u00e9m de fases imersivas onde os (as) participantes poder\u00e3o conhecer mais sobre a PepsiCo e temas importantes para a agenda da companhia como PepsiCo Positive (pep+), DE&amp;I &#8211; Diversidade, Equidade e Inclus\u00e3o e Carreira.<\/p>\n\n\n\n<p>Fabio Barbagli, vice-presidente de RH da PepsiCo, destaca&nbsp;o que buscam nos perfis desses (as) novos (as) profissionais: <em>\u201cValorizamos talentos \u00fanicos, que agregam valor \u00e0s equipes e ao nosso neg\u00f3cio com suas experi\u00eancias de vida e habilidades, que tenham como motor a inova\u00e7\u00e3o, ajam como donos e donas, atuando com autonomia. Esperamos que cheguem abertos (as) a aprender e contribuir para tornar a PepsiCo um lugar ainda mais colaborativo e diverso, e que assim possam crescer todos os dias dentro da companhia vivendo a nossa cultura The PepsiCo Way.\u201d<\/em><\/p>\n\n\n\n<p>Al\u00e9m disso, Fabio refor\u00e7a que os programas de entrada, como o First Gen, aceleram a jornada de DE&amp;I da companhia. <em>\u201cTemos como meta geral atingir, ao menos, 30% de pessoas negras e&nbsp;50% de representatividade feminina em posi\u00e7\u00f5es de lideran\u00e7a at\u00e9 2025 no pa\u00eds, e os programas de est\u00e1gio e trainee, de onde saem os (as) nossos(as) futuros(as) l\u00edderes, t\u00eam contribu\u00eddo para chegarmos a esse objetivo. Ainda h\u00e1 muito a se fazer, mas estamos trabalhando essa agenda com prioridade para impulsionar nossos resultados. \u201d,<\/em> complementa o vice-presidente de RH.&nbsp;<\/p>\n\n\n\n<p>Os(as) interessados(as) podem se inscrever por meio do site da&nbsp;<a href=\"https:\/\/vagas.ciadetalentos.com.br\/hotsite\/estagiopepsico2023?visualization=1\" target=\"_blank\" rel=\"noreferrer noopener\">Cia de Talentos<\/a>.<\/p>\n","protected":false},"excerpt":{"rendered":"<p>O First Gen, programa de est\u00e1gio da PepsiCo, est\u00e1 com inscri\u00e7\u00f5es abertas at\u00e9 o dia&nbsp;16 de fevereiro, com cerca de&nbsp;50 vagas&nbsp;para as \u00e1reas de Recursos Humanos, Vendas, Opera\u00e7\u00f5es, Pesquisa e Desenvolvimento e Finan\u00e7as. As oportunidades s\u00e3o para atuar em diversas cidades:&nbsp;S\u00e3o Paulo, Sorocaba e Itu (SP); Curitiba e S\u00e3o Jos\u00e9 dos Pinhais (PR); Rio de [&hellip;]<\/p>\n","protected":false},"author":3,"featured_media":8282,"comment_status":"open","ping_status":"open","sticky":false,"template":"","format":"standard","meta":{"_monsterinsights_skip_tracking":false,"_monsterinsights_sitenote_active":false,"_monsterinsights_sitenote_note":"","_monsterinsights_sitenote_category":0,"footnotes":""},"categories":[34],"tags":[],"yoast_head":"<!-- This site is optimized with the Yoast SEO plugin v22.9 - https:\/\/yoast.com\/wordpress\/plugins\/seo\/ -->\n<title>PepsiCo abre vagas para o seu programa de est\u00e1gio - Portal MF<\/title>\n<meta name=\"robots\" content=\"index, follow, max-snippet:-1, max-image-preview:large, max-video-preview:-1\" \/>\n<link rel=\"canonical\" href=\"https:\/\/portalmf.com.br\/index.php\/2023\/01\/23\/pepsico-abre-vagas-para-o-seu-programa-de-estagio\/\" \/>\n<meta property=\"og:locale\" content=\"pt_BR\" \/>\n<meta property=\"og:type\" content=\"article\" \/>\n<meta property=\"og:title\" content=\"PepsiCo abre vagas para o seu programa de est\u00e1gio - Portal MF\" \/>\n<meta property=\"og:description\" content=\"O First Gen, programa de est\u00e1gio da PepsiCo, est\u00e1 com inscri\u00e7\u00f5es abertas at\u00e9 o dia&nbsp;16 de fevereiro, com cerca de&nbsp;50 vagas&nbsp;para as \u00e1reas de Recursos Humanos, Vendas, Opera\u00e7\u00f5es, Pesquisa e Desenvolvimento e Finan\u00e7as. As oportunidades s\u00e3o para atuar em diversas cidades:&nbsp;S\u00e3o Paulo, Sorocaba e Itu (SP); Curitiba e S\u00e3o Jos\u00e9 dos Pinhais (PR); Rio de [&hellip;]\" \/>\n<meta property=\"og:url\" content=\"https:\/\/portalmf.com.br\/index.php\/2023\/01\/23\/pepsico-abre-vagas-para-o-seu-programa-de-estagio\/\" \/>\n<meta property=\"og:site_name\" content=\"Portal MF\" \/>\n<meta property=\"article:author\" content=\"https:\/\/www.facebook.com\/portalmfoficial\" \/>\n<meta property=\"article:published_time\" content=\"2023-01-23T18:44:06+00:00\" \/>\n<meta property=\"article:modified_time\" content=\"2023-01-24T18:54:30+00:00\" \/>\n<meta property=\"og:image\" content=\"https:\/\/portalmf.com.br\/wp-content\/uploads\/2023\/01\/PepsiCo.jpg\" \/>\n\t<meta property=\"og:image:width\" content=\"800\" \/>\n\t<meta property=\"og:image:height\" content=\"533\" \/>\n\t<meta property=\"og:image:type\" content=\"image\/jpeg\" \/>\n<meta name=\"author\" content=\"Reda\u00e7\u00e3o Portal MF\" \/>\n<meta name=\"twitter:card\" content=\"summary_large_image\" \/>\n<meta name=\"twitter:creator\" content=\"@https:\/\/x.com\/portalmfoficial\" \/>\n<meta name=\"twitter:label1\" content=\"Escrito por\" \/>\n\t<meta name=\"twitter:data1\" content=\"Reda\u00e7\u00e3o Portal MF\" \/>\n\t<meta name=\"twitter:label2\" content=\"Est. tempo de leitura\" \/>\n\t<meta name=\"twitter:data2\" content=\"3 minutos\" \/>\n<script type=\"application\/ld+json\" class=\"yoast-schema-graph\">{\"@context\":\"https:\/\/schema.org\",\"@graph\":[{\"@type\":\"WebPage\",\"@id\":\"https:\/\/portalmf.com.br\/index.php\/2023\/01\/23\/pepsico-abre-vagas-para-o-seu-programa-de-estagio\/\",\"url\":\"https:\/\/portalmf.com.br\/index.php\/2023\/01\/23\/pepsico-abre-vagas-para-o-seu-programa-de-estagio\/\",\"name\":\"PepsiCo abre vagas para o seu programa de est\u00e1gio - Portal MF\",\"isPartOf\":{\"@id\":\"https:\/\/portalmf.com.br\/#website\"},\"primaryImageOfPage\":{\"@id\":\"https:\/\/portalmf.com.br\/index.php\/2023\/01\/23\/pepsico-abre-vagas-para-o-seu-programa-de-estagio\/#primaryimage\"},\"image\":{\"@id\":\"https:\/\/portalmf.com.br\/index.php\/2023\/01\/23\/pepsico-abre-vagas-para-o-seu-programa-de-estagio\/#primaryimage\"},\"thumbnailUrl\":\"https:\/\/portalmf.com.br\/wp-content\/uploads\/2023\/01\/PepsiCo.jpg\",\"datePublished\":\"2023-01-23T18:44:06+00:00\",\"dateModified\":\"2023-01-24T18:54:30+00:00\",\"author\":{\"@id\":\"https:\/\/portalmf.com.br\/#\/schema\/person\/9ec101baf56233e53520c26de5d6f6f0\"},\"breadcrumb\":{\"@id\":\"https:\/\/portalmf.com.br\/index.php\/2023\/01\/23\/pepsico-abre-vagas-para-o-seu-programa-de-estagio\/#breadcrumb\"},\"inLanguage\":\"pt-BR\",\"potentialAction\":[{\"@type\":\"ReadAction\",\"target\":[\"https:\/\/portalmf.com.br\/index.php\/2023\/01\/23\/pepsico-abre-vagas-para-o-seu-programa-de-estagio\/\"]}]},{\"@type\":\"ImageObject\",\"inLanguage\":\"pt-BR\",\"@id\":\"https:\/\/portalmf.com.br\/index.php\/2023\/01\/23\/pepsico-abre-vagas-para-o-seu-programa-de-estagio\/#primaryimage\",\"url\":\"https:\/\/portalmf.com.br\/wp-content\/uploads\/2023\/01\/PepsiCo.jpg\",\"contentUrl\":\"https:\/\/portalmf.com.br\/wp-content\/uploads\/2023\/01\/PepsiCo.jpg\",\"width\":800,\"height\":533,\"caption\":\"Sorocaba- 30-11-2022. Fotos para banco de imagens da Pepsico Brasil, em Sorocaba, SP. Foto Joerl Silva\"},{\"@type\":\"BreadcrumbList\",\"@id\":\"https:\/\/portalmf.com.br\/index.php\/2023\/01\/23\/pepsico-abre-vagas-para-o-seu-programa-de-estagio\/#breadcrumb\",\"itemListElement\":[{\"@type\":\"ListItem\",\"position\":1,\"name\":\"In\u00edcio\",\"item\":\"https:\/\/portalmf.com.br\/\"},{\"@type\":\"ListItem\",\"position\":2,\"name\":\"PepsiCo abre vagas para o seu programa de est\u00e1gio\"}]},{\"@type\":\"WebSite\",\"@id\":\"https:\/\/portalmf.com.br\/#website\",\"url\":\"https:\/\/portalmf.com.br\/\",\"name\":\"Portal MF\",\"description\":\"Voc\u00ea conectado com a informa\u00e7\u00e3o\",\"potentialAction\":[{\"@type\":\"SearchAction\",\"target\":{\"@type\":\"EntryPoint\",\"urlTemplate\":\"https:\/\/portalmf.com.br\/?s={search_term_string}\"},\"query-input\":\"required name=search_term_string\"}],\"inLanguage\":\"pt-BR\"},{\"@type\":\"Person\",\"@id\":\"https:\/\/portalmf.com.br\/#\/schema\/person\/9ec101baf56233e53520c26de5d6f6f0\",\"name\":\"Reda\u00e7\u00e3o Portal MF\",\"image\":{\"@type\":\"ImageObject\",\"inLanguage\":\"pt-BR\",\"@id\":\"https:\/\/portalmf.com.br\/#\/schema\/person\/image\/\",\"url\":\"https:\/\/secure.gravatar.com\/avatar\/41b9aaeb2100835f7c64362330f74c7f?s=96&d=mm&r=g\",\"contentUrl\":\"https:\/\/secure.gravatar.com\/avatar\/41b9aaeb2100835f7c64362330f74c7f?s=96&d=mm&r=g\",\"caption\":\"Reda\u00e7\u00e3o Portal MF\"},\"description\":\"Sejam bem-vindos o portal de informa\u00e7\u00f5es de entretenimento de Feira de Santana, desde 2006 realiza coberturas dos principais eventos com entrevistas exclusivas com as principais personalidades mundiais. Fique conectado tamb\u00e9m nas redes sociais.\",\"sameAs\":[\"http:\/\/www.portalmf.com.br\/\",\"https:\/\/www.facebook.com\/portalmfoficial\",\"https:\/\/www.instagram.com\/portalmf\/\",\"https:\/\/x.com\/https:\/\/x.com\/portalmfoficial\",\"https:\/\/www.youtube.com\/@portalmfoficial\"],\"url\":\"https:\/\/portalmf.com.br\/index.php\/author\/junior\/\"}]}<\/script>\n<!-- \/ Yoast SEO plugin. -->","yoast_head_json":{"title":"PepsiCo abre vagas para o seu programa de est\u00e1gio - Portal MF","robots":{"index":"index","follow":"follow","max-snippet":"max-snippet:-1","max-image-preview":"max-image-preview:large","max-video-preview":"max-video-preview:-1"},"canonical":"https:\/\/portalmf.com.br\/index.php\/2023\/01\/23\/pepsico-abre-vagas-para-o-seu-programa-de-estagio\/","og_locale":"pt_BR","og_type":"article","og_title":"PepsiCo abre vagas para o seu programa de est\u00e1gio - Portal MF","og_description":"O First Gen, programa de est\u00e1gio da PepsiCo, est\u00e1 com inscri\u00e7\u00f5es abertas at\u00e9 o dia&nbsp;16 de fevereiro, com cerca de&nbsp;50 vagas&nbsp;para as \u00e1reas de Recursos Humanos, Vendas, Opera\u00e7\u00f5es, Pesquisa e Desenvolvimento e Finan\u00e7as. As oportunidades s\u00e3o para atuar em diversas cidades:&nbsp;S\u00e3o Paulo, Sorocaba e Itu (SP); Curitiba e S\u00e3o Jos\u00e9 dos Pinhais (PR); Rio de [&hellip;]","og_url":"https:\/\/portalmf.com.br\/index.php\/2023\/01\/23\/pepsico-abre-vagas-para-o-seu-programa-de-estagio\/","og_site_name":"Portal MF","article_author":"https:\/\/www.facebook.com\/portalmfoficial","article_published_time":"2023-01-23T18:44:06+00:00","article_modified_time":"2023-01-24T18:54:30+00:00","og_image":[{"width":800,"height":533,"url":"https:\/\/portalmf.com.br\/wp-content\/uploads\/2023\/01\/PepsiCo.jpg","type":"image\/jpeg"}],"author":"Reda\u00e7\u00e3o Portal MF","twitter_card":"summary_large_image","twitter_creator":"@https:\/\/x.com\/portalmfoficial","twitter_misc":{"Escrito por":"Reda\u00e7\u00e3o Portal MF","Est. tempo de leitura":"3 minutos"},"schema":{"@context":"https:\/\/schema.org","@graph":[{"@type":"WebPage","@id":"https:\/\/portalmf.com.br\/index.php\/2023\/01\/23\/pepsico-abre-vagas-para-o-seu-programa-de-estagio\/","url":"https:\/\/portalmf.com.br\/index.php\/2023\/01\/23\/pepsico-abre-vagas-para-o-seu-programa-de-estagio\/","name":"PepsiCo abre vagas para o seu programa de est\u00e1gio - Portal MF","isPartOf":{"@id":"https:\/\/portalmf.com.br\/#website"},"primaryImageOfPage":{"@id":"https:\/\/portalmf.com.br\/index.php\/2023\/01\/23\/pepsico-abre-vagas-para-o-seu-programa-de-estagio\/#primaryimage"},"image":{"@id":"https:\/\/portalmf.com.br\/index.php\/2023\/01\/23\/pepsico-abre-vagas-para-o-seu-programa-de-estagio\/#primaryimage"},"thumbnailUrl":"https:\/\/portalmf.com.br\/wp-content\/uploads\/2023\/01\/PepsiCo.jpg","datePublished":"2023-01-23T18:44:06+00:00","dateModified":"2023-01-24T18:54:30+00:00","author":{"@id":"https:\/\/portalmf.com.br\/#\/schema\/person\/9ec101baf56233e53520c26de5d6f6f0"},"breadcrumb":{"@id":"https:\/\/portalmf.com.br\/index.php\/2023\/01\/23\/pepsico-abre-vagas-para-o-seu-programa-de-estagio\/#breadcrumb"},"inLanguage":"pt-BR","potentialAction":[{"@type":"ReadAction","target":["https:\/\/portalmf.com.br\/index.php\/2023\/01\/23\/pepsico-abre-vagas-para-o-seu-programa-de-estagio\/"]}]},{"@type":"ImageObject","inLanguage":"pt-BR","@id":"https:\/\/portalmf.com.br\/index.php\/2023\/01\/23\/pepsico-abre-vagas-para-o-seu-programa-de-estagio\/#primaryimage","url":"https:\/\/portalmf.com.br\/wp-content\/uploads\/2023\/01\/PepsiCo.jpg","contentUrl":"https:\/\/portalmf.com.br\/wp-content\/uploads\/2023\/01\/PepsiCo.jpg","width":800,"height":533,"caption":"Sorocaba- 30-11-2022. Fotos para banco de imagens da Pepsico Brasil, em Sorocaba, SP. Foto Joerl Silva"},{"@type":"BreadcrumbList","@id":"https:\/\/portalmf.com.br\/index.php\/2023\/01\/23\/pepsico-abre-vagas-para-o-seu-programa-de-estagio\/#breadcrumb","itemListElement":[{"@type":"ListItem","position":1,"name":"In\u00edcio","item":"https:\/\/portalmf.com.br\/"},{"@type":"ListItem","position":2,"name":"PepsiCo abre vagas para o seu programa de est\u00e1gio"}]},{"@type":"WebSite","@id":"https:\/\/portalmf.com.br\/#website","url":"https:\/\/portalmf.com.br\/","name":"Portal MF","description":"Voc\u00ea conectado com a informa\u00e7\u00e3o","potentialAction":[{"@type":"SearchAction","target":{"@type":"EntryPoint","urlTemplate":"https:\/\/portalmf.com.br\/?s={search_term_string}"},"query-input":"required name=search_term_string"}],"inLanguage":"pt-BR"},{"@type":"Person","@id":"https:\/\/portalmf.com.br\/#\/schema\/person\/9ec101baf56233e53520c26de5d6f6f0","name":"Reda\u00e7\u00e3o Portal MF","image":{"@type":"ImageObject","inLanguage":"pt-BR","@id":"https:\/\/portalmf.com.br\/#\/schema\/person\/image\/","url":"https:\/\/secure.gravatar.com\/avatar\/41b9aaeb2100835f7c64362330f74c7f?s=96&d=mm&r=g","contentUrl":"https:\/\/secure.gravatar.com\/avatar\/41b9aaeb2100835f7c64362330f74c7f?s=96&d=mm&r=g","caption":"Reda\u00e7\u00e3o Portal MF"},"description":"Sejam bem-vindos o portal de informa\u00e7\u00f5es de entretenimento de Feira de Santana, desde 2006 realiza coberturas dos principais eventos com entrevistas exclusivas com as principais personalidades mundiais. Fique conectado tamb\u00e9m nas redes sociais.","sameAs":["http:\/\/www.portalmf.com.br\/","https:\/\/www.facebook.com\/portalmfoficial","https:\/\/www.instagram.com\/portalmf\/","https:\/\/x.com\/https:\/\/x.com\/portalmfoficial","https:\/\/www.youtube.com\/@portalmfoficial"],"url":"https:\/\/portalmf.com.br\/index.php\/author\/junior\/"}]}},"_links":{"self":[{"href":"https:\/\/portalmf.com.br\/index.php\/wp-json\/wp\/v2\/posts\/8281"}],"collection":[{"href":"https:\/\/portalmf.com.br\/index.php\/wp-json\/wp\/v2\/posts"}],"about":[{"href":"https:\/\/portalmf.com.br\/index.php\/wp-json\/wp\/v2\/types\/post"}],"author":[{"embeddable":true,"href":"https:\/\/portalmf.com.br\/index.php\/wp-json\/wp\/v2\/users\/3"}],"replies":[{"embeddable":true,"href":"https:\/\/portalmf.com.br\/index.php\/wp-json\/wp\/v2\/comments?post=8281"}],"version-history":[{"count":1,"href":"https:\/\/portalmf.com.br\/index.php\/wp-json\/wp\/v2\/posts\/8281\/revisions"}],"predecessor-version":[{"id":8283,"href":"https:\/\/portalmf.com.br\/index.php\/wp-json\/wp\/v2\/posts\/8281\/revisions\/8283"}],"wp:featuredmedia":[{"embeddable":true,"href":"https:\/\/portalmf.com.br\/index.php\/wp-json\/wp\/v2\/media\/8282"}],"wp:attachment":[{"href":"https:\/\/portalmf.com.br\/index.php\/wp-json\/wp\/v2\/media?parent=8281"}],"wp:term":[{"taxonomy":"category","embeddable":true,"href":"https:\/\/portalmf.com.br\/index.php\/wp-json\/wp\/v2\/categories?post=8281"},{"taxonomy":"post_tag","embeddable":true,"href":"https:\/\/portalmf.com.br\/index.php\/wp-json\/wp\/v2\/tags?post=8281"}],"curies":[{"name":"wp","href":"https:\/\/api.w.org\/{rel}","templated":true}]}}