{"id":8258,"date":"2023-01-23T16:31:58","date_gmt":"2023-01-23T19:31:58","guid":{"rendered":"https:\/\/portalmf.com.br\/?p=8258"},"modified":"2023-01-23T16:31:59","modified_gmt":"2023-01-23T19:31:59","slug":"leo-santana-fala-da-expectativa-no-retorno-ao-camarote-villa","status":"publish","type":"post","link":"https:\/\/portalmf.com.br\/index.php\/2023\/01\/23\/leo-santana-fala-da-expectativa-no-retorno-ao-camarote-villa\/","title":{"rendered":"L\u00e9o Santana fala da expectativa no retorno ao Camarote Villa"},"content":{"rendered":"\n<p>O cantor L\u00e9o Santana \u00e9 uma das grandes atra\u00e7\u00f5es confirmadas do Camarote Villa Salvador no Carnaval 2023 no s\u00e1bado, dia 18, da folia momesca. O baiano j\u00e1 avisou que far\u00e1 um show hist\u00f3rico para que os foli\u00f5es redescubram a experi\u00eancia indescrit\u00edvel de curtir o carnaval no espa\u00e7o mais cobi\u00e7ado da maior festa popular do planeta.<\/p>\n\n\n\n<p>O gigante descreveu a sua alegria com o retorno da festa e da sua volta ao camarote Villa \u201c\u00c9 fam\u00edlia, \u00e9 uma alegria imensa reviver o nosso carnaval e a energia do Camarote Villa, estou ansioso e com certeza vou fazer um show inesquec\u00edvel para esta galera que est\u00e1 com saudade de reviver momentos especiais\u201d falou animado L\u00e9o Santana<\/p>\n\n\n\n<p>Durante os cinco dias de folia, o camarote ter\u00e1 dois palcos para grandes apresenta\u00e7\u00f5es com shows surpreendentes e uma grade de atra\u00e7\u00f5es onde predomina o sertanejo, mas que mescla com o forr\u00f3, o eletr\u00f4nico e o ax\u00e9 e pagode que s\u00e3o o DNA da m\u00fasica da Bahia. Al\u00e9m de Simone Mendes, o set list conta ainda com os shows de Gusttavo Lima, Jorge e Mateus, Alok, Xand Avi\u00e3o, Nattan, L\u00e9o Santana, Dennis DJ, Mari Fernandez e muito mais.<\/p>\n\n\n\n<p>O Camarote Villa foi planejado para garantir conforto nos m\u00ednimos detalhes aos foli\u00f5es, que poder\u00e3o curtir a festa com vista privilegiada dos dois mirantes mais cobi\u00e7ado do circuito Barra-Ondina. O servi\u00e7o primoroso de all inclusive contar\u00e1 com o buffet sofisticado do Boi Preto e diversos finger foods para que o p\u00fablico aproveite cada minuto da festa, al\u00e9m das bebidas mais requisitadas pelos foli\u00f5es, compondo um open bar super Premium regado de muita cerveja, whisky Chivas 12 anos, vodka Absolut, Gin Beefeater, \u00e1gua e refrigerante. Outros servi\u00e7os como SPA, sal\u00e3o de beleza e customiza\u00e7\u00e3o de abad\u00e1s, tamb\u00e9m fazem parte da estrutura.<\/p>\n\n\n\n<p>O espa\u00e7o conta com uma super boate climatizada, considerada uma das \u00e1reas mais incr\u00edveis do camarote, um lugar pensado para proporcionar a divers\u00e3o com conforto, garantindo o astral do p\u00fablico vibrando na mais alta frequ\u00eancia.<\/p>\n\n\n\n<p>O Carnaval 2023 promete ser a festa popular mais esperada do mundo, ap\u00f3s um hiato de 2 anos, e o Camarote Villa est\u00e1 preparando uma edi\u00e7\u00e3o ainda mais especial, com momentos emocionantes para que todos possam sentir a energia \u00fanica do Villa.<\/p>\n\n\n\n<p>O camarote Villa \u00e9 considerado o mais cobi\u00e7ado pela sua excelente estrutura e pela diversidade musical das atra\u00e7\u00f5es que animam o espa\u00e7o durante a folia momesca.<\/p>\n\n\n\n<p><strong>EM TEMPO:<\/strong> Aproveitamos para comunicar que n\u00e3o haver\u00e1 funcionamento na quinta-feira de carnaval, dia 16\/02, em fun\u00e7\u00e3o do prazo de montagem. Depois de dois anos com o setor praticamente parado, a montagem de nova equipe, prazos dos fornecedores e tudo que envolve uma estrutura gigantesca dessa, os organizadores, de forma consciente, decidiram abdicar de um dia do camarote para manter a qualidade do projeto. Apesar de todos os esfor\u00e7os das nossas equipes, ficou tecnicamente invi\u00e1vel a abertura na quinta-feira (16) de Carnaval. Desta maneira, a estreia do camarote acontece na sexta-feira, dia 17\/02 e segue normalmente at\u00e9 a ter\u00e7a feira de carnaval, dia 21\/02.&nbsp;<\/p>\n\n\n\n<p>O foli\u00e3o que adquiriu o acesso no site oficial Camarote Villa poder\u00e1 solicitar a troca de dia ou reembolso. J\u00e1 quem adquiriu o acesso nos demais pontos de venda, ser\u00e1 necess\u00e1rio solicitar o reembolso. O foli\u00e3o ter\u00e1 um prazo de 10 dias para as solicita\u00e7\u00f5es atrav\u00e9s do e-mail vendas@camarotevilla.com.br ou tel 71- 3035-8059.<\/p>\n\n\n\n<p>Ser\u00e3o 5 noites de pura magia com shows das atra\u00e7\u00f5es mais disputada do sertanejo , eletr\u00f4nico, forr\u00f3 e o pagode baiano.<\/p>\n","protected":false},"excerpt":{"rendered":"<p>O cantor L\u00e9o Santana \u00e9 uma das grandes atra\u00e7\u00f5es confirmadas do Camarote Villa Salvador no Carnaval 2023 no s\u00e1bado, dia 18, da folia momesca. O baiano j\u00e1 avisou que far\u00e1 um show hist\u00f3rico para que os foli\u00f5es redescubram a experi\u00eancia indescrit\u00edvel de curtir o carnaval no espa\u00e7o mais cobi\u00e7ado da maior festa popular do planeta. [&hellip;]<\/p>\n","protected":false},"author":3,"featured_media":8259,"comment_status":"open","ping_status":"open","sticky":false,"template":"","format":"standard","meta":{"_monsterinsights_skip_tracking":false,"_monsterinsights_sitenote_active":false,"_monsterinsights_sitenote_note":"","_monsterinsights_sitenote_category":0,"footnotes":""},"categories":[44,47],"tags":[],"yoast_head":"<!-- This site is optimized with the Yoast SEO plugin v22.9 - https:\/\/yoast.com\/wordpress\/plugins\/seo\/ -->\n<title>L\u00e9o Santana fala da expectativa no retorno ao Camarote Villa - Portal MF<\/title>\n<meta name=\"robots\" content=\"index, follow, max-snippet:-1, max-image-preview:large, max-video-preview:-1\" \/>\n<link rel=\"canonical\" href=\"https:\/\/portalmf.com.br\/index.php\/2023\/01\/23\/leo-santana-fala-da-expectativa-no-retorno-ao-camarote-villa\/\" \/>\n<meta property=\"og:locale\" content=\"pt_BR\" \/>\n<meta property=\"og:type\" content=\"article\" \/>\n<meta property=\"og:title\" content=\"L\u00e9o Santana fala da expectativa no retorno ao Camarote Villa - Portal MF\" \/>\n<meta property=\"og:description\" content=\"O cantor L\u00e9o Santana \u00e9 uma das grandes atra\u00e7\u00f5es confirmadas do Camarote Villa Salvador no Carnaval 2023 no s\u00e1bado, dia 18, da folia momesca. O baiano j\u00e1 avisou que far\u00e1 um show hist\u00f3rico para que os foli\u00f5es redescubram a experi\u00eancia indescrit\u00edvel de curtir o carnaval no espa\u00e7o mais cobi\u00e7ado da maior festa popular do planeta. [&hellip;]\" \/>\n<meta property=\"og:url\" content=\"https:\/\/portalmf.com.br\/index.php\/2023\/01\/23\/leo-santana-fala-da-expectativa-no-retorno-ao-camarote-villa\/\" \/>\n<meta property=\"og:site_name\" content=\"Portal MF\" \/>\n<meta property=\"article:author\" content=\"https:\/\/www.facebook.com\/portalmfoficial\" \/>\n<meta property=\"article:published_time\" content=\"2023-01-23T19:31:58+00:00\" \/>\n<meta property=\"article:modified_time\" content=\"2023-01-23T19:31:59+00:00\" \/>\n<meta property=\"og:image\" content=\"https:\/\/portalmf.com.br\/wp-content\/uploads\/2023\/01\/LEO-SANTANAP.jpg\" \/>\n\t<meta property=\"og:image:width\" content=\"2048\" \/>\n\t<meta property=\"og:image:height\" content=\"1095\" \/>\n\t<meta property=\"og:image:type\" content=\"image\/jpeg\" \/>\n<meta name=\"author\" content=\"Reda\u00e7\u00e3o Portal MF\" \/>\n<meta name=\"twitter:card\" content=\"summary_large_image\" \/>\n<meta name=\"twitter:creator\" content=\"@https:\/\/x.com\/portalmfoficial\" \/>\n<meta name=\"twitter:label1\" content=\"Escrito por\" \/>\n\t<meta name=\"twitter:data1\" content=\"Reda\u00e7\u00e3o Portal MF\" \/>\n\t<meta name=\"twitter:label2\" content=\"Est. tempo de leitura\" \/>\n\t<meta name=\"twitter:data2\" content=\"4 minutos\" \/>\n<script type=\"application\/ld+json\" class=\"yoast-schema-graph\">{\"@context\":\"https:\/\/schema.org\",\"@graph\":[{\"@type\":\"WebPage\",\"@id\":\"https:\/\/portalmf.com.br\/index.php\/2023\/01\/23\/leo-santana-fala-da-expectativa-no-retorno-ao-camarote-villa\/\",\"url\":\"https:\/\/portalmf.com.br\/index.php\/2023\/01\/23\/leo-santana-fala-da-expectativa-no-retorno-ao-camarote-villa\/\",\"name\":\"L\u00e9o Santana fala da expectativa no retorno ao Camarote Villa - Portal MF\",\"isPartOf\":{\"@id\":\"https:\/\/portalmf.com.br\/#website\"},\"primaryImageOfPage\":{\"@id\":\"https:\/\/portalmf.com.br\/index.php\/2023\/01\/23\/leo-santana-fala-da-expectativa-no-retorno-ao-camarote-villa\/#primaryimage\"},\"image\":{\"@id\":\"https:\/\/portalmf.com.br\/index.php\/2023\/01\/23\/leo-santana-fala-da-expectativa-no-retorno-ao-camarote-villa\/#primaryimage\"},\"thumbnailUrl\":\"https:\/\/portalmf.com.br\/wp-content\/uploads\/2023\/01\/LEO-SANTANAP.jpg\",\"datePublished\":\"2023-01-23T19:31:58+00:00\",\"dateModified\":\"2023-01-23T19:31:59+00:00\",\"author\":{\"@id\":\"https:\/\/portalmf.com.br\/#\/schema\/person\/9ec101baf56233e53520c26de5d6f6f0\"},\"breadcrumb\":{\"@id\":\"https:\/\/portalmf.com.br\/index.php\/2023\/01\/23\/leo-santana-fala-da-expectativa-no-retorno-ao-camarote-villa\/#breadcrumb\"},\"inLanguage\":\"pt-BR\",\"potentialAction\":[{\"@type\":\"ReadAction\",\"target\":[\"https:\/\/portalmf.com.br\/index.php\/2023\/01\/23\/leo-santana-fala-da-expectativa-no-retorno-ao-camarote-villa\/\"]}]},{\"@type\":\"ImageObject\",\"inLanguage\":\"pt-BR\",\"@id\":\"https:\/\/portalmf.com.br\/index.php\/2023\/01\/23\/leo-santana-fala-da-expectativa-no-retorno-ao-camarote-villa\/#primaryimage\",\"url\":\"https:\/\/portalmf.com.br\/wp-content\/uploads\/2023\/01\/LEO-SANTANAP.jpg\",\"contentUrl\":\"https:\/\/portalmf.com.br\/wp-content\/uploads\/2023\/01\/LEO-SANTANAP.jpg\",\"width\":2048,\"height\":1095},{\"@type\":\"BreadcrumbList\",\"@id\":\"https:\/\/portalmf.com.br\/index.php\/2023\/01\/23\/leo-santana-fala-da-expectativa-no-retorno-ao-camarote-villa\/#breadcrumb\",\"itemListElement\":[{\"@type\":\"ListItem\",\"position\":1,\"name\":\"In\u00edcio\",\"item\":\"https:\/\/portalmf.com.br\/\"},{\"@type\":\"ListItem\",\"position\":2,\"name\":\"L\u00e9o Santana fala da expectativa no retorno ao Camarote Villa\"}]},{\"@type\":\"WebSite\",\"@id\":\"https:\/\/portalmf.com.br\/#website\",\"url\":\"https:\/\/portalmf.com.br\/\",\"name\":\"Portal MF\",\"description\":\"Voc\u00ea conectado com a informa\u00e7\u00e3o\",\"potentialAction\":[{\"@type\":\"SearchAction\",\"target\":{\"@type\":\"EntryPoint\",\"urlTemplate\":\"https:\/\/portalmf.com.br\/?s={search_term_string}\"},\"query-input\":\"required name=search_term_string\"}],\"inLanguage\":\"pt-BR\"},{\"@type\":\"Person\",\"@id\":\"https:\/\/portalmf.com.br\/#\/schema\/person\/9ec101baf56233e53520c26de5d6f6f0\",\"name\":\"Reda\u00e7\u00e3o Portal MF\",\"image\":{\"@type\":\"ImageObject\",\"inLanguage\":\"pt-BR\",\"@id\":\"https:\/\/portalmf.com.br\/#\/schema\/person\/image\/\",\"url\":\"https:\/\/secure.gravatar.com\/avatar\/41b9aaeb2100835f7c64362330f74c7f?s=96&d=mm&r=g\",\"contentUrl\":\"https:\/\/secure.gravatar.com\/avatar\/41b9aaeb2100835f7c64362330f74c7f?s=96&d=mm&r=g\",\"caption\":\"Reda\u00e7\u00e3o Portal MF\"},\"description\":\"Sejam bem-vindos o portal de informa\u00e7\u00f5es de entretenimento de Feira de Santana, desde 2006 realiza coberturas dos principais eventos com entrevistas exclusivas com as principais personalidades mundiais. Fique conectado tamb\u00e9m nas redes sociais.\",\"sameAs\":[\"http:\/\/www.portalmf.com.br\/\",\"https:\/\/www.facebook.com\/portalmfoficial\",\"https:\/\/www.instagram.com\/portalmf\/\",\"https:\/\/x.com\/https:\/\/x.com\/portalmfoficial\",\"https:\/\/www.youtube.com\/@portalmfoficial\"],\"url\":\"https:\/\/portalmf.com.br\/index.php\/author\/junior\/\"}]}<\/script>\n<!-- \/ Yoast SEO plugin. -->","yoast_head_json":{"title":"L\u00e9o Santana fala da expectativa no retorno ao Camarote Villa - Portal MF","robots":{"index":"index","follow":"follow","max-snippet":"max-snippet:-1","max-image-preview":"max-image-preview:large","max-video-preview":"max-video-preview:-1"},"canonical":"https:\/\/portalmf.com.br\/index.php\/2023\/01\/23\/leo-santana-fala-da-expectativa-no-retorno-ao-camarote-villa\/","og_locale":"pt_BR","og_type":"article","og_title":"L\u00e9o Santana fala da expectativa no retorno ao Camarote Villa - Portal MF","og_description":"O cantor L\u00e9o Santana \u00e9 uma das grandes atra\u00e7\u00f5es confirmadas do Camarote Villa Salvador no Carnaval 2023 no s\u00e1bado, dia 18, da folia momesca. O baiano j\u00e1 avisou que far\u00e1 um show hist\u00f3rico para que os foli\u00f5es redescubram a experi\u00eancia indescrit\u00edvel de curtir o carnaval no espa\u00e7o mais cobi\u00e7ado da maior festa popular do planeta. [&hellip;]","og_url":"https:\/\/portalmf.com.br\/index.php\/2023\/01\/23\/leo-santana-fala-da-expectativa-no-retorno-ao-camarote-villa\/","og_site_name":"Portal MF","article_author":"https:\/\/www.facebook.com\/portalmfoficial","article_published_time":"2023-01-23T19:31:58+00:00","article_modified_time":"2023-01-23T19:31:59+00:00","og_image":[{"width":2048,"height":1095,"url":"https:\/\/portalmf.com.br\/wp-content\/uploads\/2023\/01\/LEO-SANTANAP.jpg","type":"image\/jpeg"}],"author":"Reda\u00e7\u00e3o Portal MF","twitter_card":"summary_large_image","twitter_creator":"@https:\/\/x.com\/portalmfoficial","twitter_misc":{"Escrito por":"Reda\u00e7\u00e3o Portal MF","Est. tempo de leitura":"4 minutos"},"schema":{"@context":"https:\/\/schema.org","@graph":[{"@type":"WebPage","@id":"https:\/\/portalmf.com.br\/index.php\/2023\/01\/23\/leo-santana-fala-da-expectativa-no-retorno-ao-camarote-villa\/","url":"https:\/\/portalmf.com.br\/index.php\/2023\/01\/23\/leo-santana-fala-da-expectativa-no-retorno-ao-camarote-villa\/","name":"L\u00e9o Santana fala da expectativa no retorno ao Camarote Villa - Portal MF","isPartOf":{"@id":"https:\/\/portalmf.com.br\/#website"},"primaryImageOfPage":{"@id":"https:\/\/portalmf.com.br\/index.php\/2023\/01\/23\/leo-santana-fala-da-expectativa-no-retorno-ao-camarote-villa\/#primaryimage"},"image":{"@id":"https:\/\/portalmf.com.br\/index.php\/2023\/01\/23\/leo-santana-fala-da-expectativa-no-retorno-ao-camarote-villa\/#primaryimage"},"thumbnailUrl":"https:\/\/portalmf.com.br\/wp-content\/uploads\/2023\/01\/LEO-SANTANAP.jpg","datePublished":"2023-01-23T19:31:58+00:00","dateModified":"2023-01-23T19:31:59+00:00","author":{"@id":"https:\/\/portalmf.com.br\/#\/schema\/person\/9ec101baf56233e53520c26de5d6f6f0"},"breadcrumb":{"@id":"https:\/\/portalmf.com.br\/index.php\/2023\/01\/23\/leo-santana-fala-da-expectativa-no-retorno-ao-camarote-villa\/#breadcrumb"},"inLanguage":"pt-BR","potentialAction":[{"@type":"ReadAction","target":["https:\/\/portalmf.com.br\/index.php\/2023\/01\/23\/leo-santana-fala-da-expectativa-no-retorno-ao-camarote-villa\/"]}]},{"@type":"ImageObject","inLanguage":"pt-BR","@id":"https:\/\/portalmf.com.br\/index.php\/2023\/01\/23\/leo-santana-fala-da-expectativa-no-retorno-ao-camarote-villa\/#primaryimage","url":"https:\/\/portalmf.com.br\/wp-content\/uploads\/2023\/01\/LEO-SANTANAP.jpg","contentUrl":"https:\/\/portalmf.com.br\/wp-content\/uploads\/2023\/01\/LEO-SANTANAP.jpg","width":2048,"height":1095},{"@type":"BreadcrumbList","@id":"https:\/\/portalmf.com.br\/index.php\/2023\/01\/23\/leo-santana-fala-da-expectativa-no-retorno-ao-camarote-villa\/#breadcrumb","itemListElement":[{"@type":"ListItem","position":1,"name":"In\u00edcio","item":"https:\/\/portalmf.com.br\/"},{"@type":"ListItem","position":2,"name":"L\u00e9o Santana fala da expectativa no retorno ao Camarote Villa"}]},{"@type":"WebSite","@id":"https:\/\/portalmf.com.br\/#website","url":"https:\/\/portalmf.com.br\/","name":"Portal MF","description":"Voc\u00ea conectado com a informa\u00e7\u00e3o","potentialAction":[{"@type":"SearchAction","target":{"@type":"EntryPoint","urlTemplate":"https:\/\/portalmf.com.br\/?s={search_term_string}"},"query-input":"required name=search_term_string"}],"inLanguage":"pt-BR"},{"@type":"Person","@id":"https:\/\/portalmf.com.br\/#\/schema\/person\/9ec101baf56233e53520c26de5d6f6f0","name":"Reda\u00e7\u00e3o Portal MF","image":{"@type":"ImageObject","inLanguage":"pt-BR","@id":"https:\/\/portalmf.com.br\/#\/schema\/person\/image\/","url":"https:\/\/secure.gravatar.com\/avatar\/41b9aaeb2100835f7c64362330f74c7f?s=96&d=mm&r=g","contentUrl":"https:\/\/secure.gravatar.com\/avatar\/41b9aaeb2100835f7c64362330f74c7f?s=96&d=mm&r=g","caption":"Reda\u00e7\u00e3o Portal MF"},"description":"Sejam bem-vindos o portal de informa\u00e7\u00f5es de entretenimento de Feira de Santana, desde 2006 realiza coberturas dos principais eventos com entrevistas exclusivas com as principais personalidades mundiais. Fique conectado tamb\u00e9m nas redes sociais.","sameAs":["http:\/\/www.portalmf.com.br\/","https:\/\/www.facebook.com\/portalmfoficial","https:\/\/www.instagram.com\/portalmf\/","https:\/\/x.com\/https:\/\/x.com\/portalmfoficial","https:\/\/www.youtube.com\/@portalmfoficial"],"url":"https:\/\/portalmf.com.br\/index.php\/author\/junior\/"}]}},"_links":{"self":[{"href":"https:\/\/portalmf.com.br\/index.php\/wp-json\/wp\/v2\/posts\/8258"}],"collection":[{"href":"https:\/\/portalmf.com.br\/index.php\/wp-json\/wp\/v2\/posts"}],"about":[{"href":"https:\/\/portalmf.com.br\/index.php\/wp-json\/wp\/v2\/types\/post"}],"author":[{"embeddable":true,"href":"https:\/\/portalmf.com.br\/index.php\/wp-json\/wp\/v2\/users\/3"}],"replies":[{"embeddable":true,"href":"https:\/\/portalmf.com.br\/index.php\/wp-json\/wp\/v2\/comments?post=8258"}],"version-history":[{"count":1,"href":"https:\/\/portalmf.com.br\/index.php\/wp-json\/wp\/v2\/posts\/8258\/revisions"}],"predecessor-version":[{"id":8260,"href":"https:\/\/portalmf.com.br\/index.php\/wp-json\/wp\/v2\/posts\/8258\/revisions\/8260"}],"wp:featuredmedia":[{"embeddable":true,"href":"https:\/\/portalmf.com.br\/index.php\/wp-json\/wp\/v2\/media\/8259"}],"wp:attachment":[{"href":"https:\/\/portalmf.com.br\/index.php\/wp-json\/wp\/v2\/media?parent=8258"}],"wp:term":[{"taxonomy":"category","embeddable":true,"href":"https:\/\/portalmf.com.br\/index.php\/wp-json\/wp\/v2\/categories?post=8258"},{"taxonomy":"post_tag","embeddable":true,"href":"https:\/\/portalmf.com.br\/index.php\/wp-json\/wp\/v2\/tags?post=8258"}],"curies":[{"name":"wp","href":"https:\/\/api.w.org\/{rel}","templated":true}]}}