{"id":8256,"date":"2023-01-23T16:25:52","date_gmt":"2023-01-23T19:25:52","guid":{"rendered":"https:\/\/portalmf.com.br\/?p=8256"},"modified":"2023-01-23T16:25:53","modified_gmt":"2023-01-23T19:25:53","slug":"tony-salles-comemora-aniversario-com-show-aberto-ao-publico-em-periperi","status":"publish","type":"post","link":"https:\/\/portalmf.com.br\/index.php\/2023\/01\/23\/tony-salles-comemora-aniversario-com-show-aberto-ao-publico-em-periperi\/","title":{"rendered":"Tony Salles comemora anivers\u00e1rio com show aberto ao p\u00fablico em Periperi"},"content":{"rendered":"\n<p>Nascido e criado no bairro de Periperi, em Salvador (BA), o cantor Tony Salles apresenta pela primeira vez um show aberto ao p\u00fablico em comemora\u00e7\u00e3o ao seu anivers\u00e1rio, no seu bairro de origem. O evento acontece no dia 31 de janeiro a partir das 17h na Pra\u00e7a da Revolu\u00e7\u00e3o e promete reunir um grande p\u00fablico da regi\u00e3o, que inclui pessoas que cresceram com Tony.<\/p>\n\n\n\n<p><em>&#8220;Levar esse show para o bairro onde eu nasci e cresci \u00e9 uma forma de agradecer tudo o que vivi nesse lugar. \u00c9 comemorar a vida junto com as minhas ra\u00edzes.&#8221;,<\/em> afirma o artista baiano, que nasceu no dia 24 de janeiro, mas ir\u00e1 realizar essa grande comemora\u00e7\u00e3o na semana seguinte.<\/p>\n\n\n\n<p>O repert\u00f3rio do Parangol\u00e9 vai agitar o p\u00fablico com hits da sua trajet\u00f3ria como \u201cOpen Bar\u201d, \u201cAbaixa que \u00e9 Tiro\u201d, \u201cEla n\u00e3o quer Guerra com Ningu\u00e9m\u201d e \u201cBombeiro\u201d, sua aposta para este ver\u00e3o.<\/p>\n\n\n\n<p><strong>EM TEMPO \u2013<\/strong> No dia 05 de fevereiro (domingo), acontece o Festival \u00cata \u2013 Ensaios do Parango, na Arena Fonte Nova. Al\u00e9m de um show completo do grupo liderado por Tony Salles, tamb\u00e9m se apresentam Turma do Pagode e Di Prop\u00f3sito.<\/p>\n","protected":false},"excerpt":{"rendered":"<p>Nascido e criado no bairro de Periperi, em Salvador (BA), o cantor Tony Salles apresenta pela primeira vez um show aberto ao p\u00fablico em comemora\u00e7\u00e3o ao seu anivers\u00e1rio, no seu bairro de origem. O evento acontece no dia 31 de janeiro a partir das 17h na Pra\u00e7a da Revolu\u00e7\u00e3o e promete reunir um grande p\u00fablico [&hellip;]<\/p>\n","protected":false},"author":3,"featured_media":7028,"comment_status":"open","ping_status":"open","sticky":false,"template":"","format":"standard","meta":{"_monsterinsights_skip_tracking":false,"_monsterinsights_sitenote_active":false,"_monsterinsights_sitenote_note":"","_monsterinsights_sitenote_category":0,"footnotes":""},"categories":[48,45],"tags":[],"yoast_head":"<!-- This site is optimized with the Yoast SEO plugin v22.9 - https:\/\/yoast.com\/wordpress\/plugins\/seo\/ -->\n<title>Tony Salles comemora anivers\u00e1rio com show aberto ao p\u00fablico em Periperi - Portal MF<\/title>\n<meta name=\"robots\" content=\"index, follow, max-snippet:-1, max-image-preview:large, max-video-preview:-1\" \/>\n<link rel=\"canonical\" href=\"https:\/\/portalmf.com.br\/index.php\/2023\/01\/23\/tony-salles-comemora-aniversario-com-show-aberto-ao-publico-em-periperi\/\" \/>\n<meta property=\"og:locale\" content=\"pt_BR\" \/>\n<meta property=\"og:type\" content=\"article\" \/>\n<meta property=\"og:title\" content=\"Tony Salles comemora anivers\u00e1rio com show aberto ao p\u00fablico em Periperi - Portal MF\" \/>\n<meta property=\"og:description\" content=\"Nascido e criado no bairro de Periperi, em Salvador (BA), o cantor Tony Salles apresenta pela primeira vez um show aberto ao p\u00fablico em comemora\u00e7\u00e3o ao seu anivers\u00e1rio, no seu bairro de origem. O evento acontece no dia 31 de janeiro a partir das 17h na Pra\u00e7a da Revolu\u00e7\u00e3o e promete reunir um grande p\u00fablico [&hellip;]\" \/>\n<meta property=\"og:url\" content=\"https:\/\/portalmf.com.br\/index.php\/2023\/01\/23\/tony-salles-comemora-aniversario-com-show-aberto-ao-publico-em-periperi\/\" \/>\n<meta property=\"og:site_name\" content=\"Portal MF\" \/>\n<meta property=\"article:author\" content=\"https:\/\/www.facebook.com\/portalmfoficial\" \/>\n<meta property=\"article:published_time\" content=\"2023-01-23T19:25:52+00:00\" \/>\n<meta property=\"article:modified_time\" content=\"2023-01-23T19:25:53+00:00\" \/>\n<meta property=\"og:image\" content=\"https:\/\/portalmf.com.br\/wp-content\/uploads\/2022\/12\/Banda-Parangole.jpg\" \/>\n\t<meta property=\"og:image:width\" content=\"682\" \/>\n\t<meta property=\"og:image:height\" content=\"455\" \/>\n\t<meta property=\"og:image:type\" content=\"image\/jpeg\" \/>\n<meta name=\"author\" content=\"Reda\u00e7\u00e3o Portal MF\" \/>\n<meta name=\"twitter:card\" content=\"summary_large_image\" \/>\n<meta name=\"twitter:creator\" content=\"@https:\/\/x.com\/portalmfoficial\" \/>\n<meta name=\"twitter:label1\" content=\"Escrito por\" \/>\n\t<meta name=\"twitter:data1\" content=\"Reda\u00e7\u00e3o Portal MF\" \/>\n\t<meta name=\"twitter:label2\" content=\"Est. tempo de leitura\" \/>\n\t<meta name=\"twitter:data2\" content=\"2 minutos\" \/>\n<script type=\"application\/ld+json\" class=\"yoast-schema-graph\">{\"@context\":\"https:\/\/schema.org\",\"@graph\":[{\"@type\":\"WebPage\",\"@id\":\"https:\/\/portalmf.com.br\/index.php\/2023\/01\/23\/tony-salles-comemora-aniversario-com-show-aberto-ao-publico-em-periperi\/\",\"url\":\"https:\/\/portalmf.com.br\/index.php\/2023\/01\/23\/tony-salles-comemora-aniversario-com-show-aberto-ao-publico-em-periperi\/\",\"name\":\"Tony Salles comemora anivers\u00e1rio com show aberto ao p\u00fablico em Periperi - Portal MF\",\"isPartOf\":{\"@id\":\"https:\/\/portalmf.com.br\/#website\"},\"primaryImageOfPage\":{\"@id\":\"https:\/\/portalmf.com.br\/index.php\/2023\/01\/23\/tony-salles-comemora-aniversario-com-show-aberto-ao-publico-em-periperi\/#primaryimage\"},\"image\":{\"@id\":\"https:\/\/portalmf.com.br\/index.php\/2023\/01\/23\/tony-salles-comemora-aniversario-com-show-aberto-ao-publico-em-periperi\/#primaryimage\"},\"thumbnailUrl\":\"https:\/\/portalmf.com.br\/wp-content\/uploads\/2022\/12\/Banda-Parangole.jpg\",\"datePublished\":\"2023-01-23T19:25:52+00:00\",\"dateModified\":\"2023-01-23T19:25:53+00:00\",\"author\":{\"@id\":\"https:\/\/portalmf.com.br\/#\/schema\/person\/9ec101baf56233e53520c26de5d6f6f0\"},\"breadcrumb\":{\"@id\":\"https:\/\/portalmf.com.br\/index.php\/2023\/01\/23\/tony-salles-comemora-aniversario-com-show-aberto-ao-publico-em-periperi\/#breadcrumb\"},\"inLanguage\":\"pt-BR\",\"potentialAction\":[{\"@type\":\"ReadAction\",\"target\":[\"https:\/\/portalmf.com.br\/index.php\/2023\/01\/23\/tony-salles-comemora-aniversario-com-show-aberto-ao-publico-em-periperi\/\"]}]},{\"@type\":\"ImageObject\",\"inLanguage\":\"pt-BR\",\"@id\":\"https:\/\/portalmf.com.br\/index.php\/2023\/01\/23\/tony-salles-comemora-aniversario-com-show-aberto-ao-publico-em-periperi\/#primaryimage\",\"url\":\"https:\/\/portalmf.com.br\/wp-content\/uploads\/2022\/12\/Banda-Parangole.jpg\",\"contentUrl\":\"https:\/\/portalmf.com.br\/wp-content\/uploads\/2022\/12\/Banda-Parangole.jpg\",\"width\":682,\"height\":455},{\"@type\":\"BreadcrumbList\",\"@id\":\"https:\/\/portalmf.com.br\/index.php\/2023\/01\/23\/tony-salles-comemora-aniversario-com-show-aberto-ao-publico-em-periperi\/#breadcrumb\",\"itemListElement\":[{\"@type\":\"ListItem\",\"position\":1,\"name\":\"In\u00edcio\",\"item\":\"https:\/\/portalmf.com.br\/\"},{\"@type\":\"ListItem\",\"position\":2,\"name\":\"Tony Salles comemora anivers\u00e1rio com show aberto ao p\u00fablico em Periperi\"}]},{\"@type\":\"WebSite\",\"@id\":\"https:\/\/portalmf.com.br\/#website\",\"url\":\"https:\/\/portalmf.com.br\/\",\"name\":\"Portal MF\",\"description\":\"Voc\u00ea conectado com a informa\u00e7\u00e3o\",\"potentialAction\":[{\"@type\":\"SearchAction\",\"target\":{\"@type\":\"EntryPoint\",\"urlTemplate\":\"https:\/\/portalmf.com.br\/?s={search_term_string}\"},\"query-input\":\"required name=search_term_string\"}],\"inLanguage\":\"pt-BR\"},{\"@type\":\"Person\",\"@id\":\"https:\/\/portalmf.com.br\/#\/schema\/person\/9ec101baf56233e53520c26de5d6f6f0\",\"name\":\"Reda\u00e7\u00e3o Portal MF\",\"image\":{\"@type\":\"ImageObject\",\"inLanguage\":\"pt-BR\",\"@id\":\"https:\/\/portalmf.com.br\/#\/schema\/person\/image\/\",\"url\":\"https:\/\/secure.gravatar.com\/avatar\/41b9aaeb2100835f7c64362330f74c7f?s=96&d=mm&r=g\",\"contentUrl\":\"https:\/\/secure.gravatar.com\/avatar\/41b9aaeb2100835f7c64362330f74c7f?s=96&d=mm&r=g\",\"caption\":\"Reda\u00e7\u00e3o Portal MF\"},\"description\":\"Sejam bem-vindos o portal de informa\u00e7\u00f5es de entretenimento de Feira de Santana, desde 2006 realiza coberturas dos principais eventos com entrevistas exclusivas com as principais personalidades mundiais. Fique conectado tamb\u00e9m nas redes sociais.\",\"sameAs\":[\"http:\/\/www.portalmf.com.br\/\",\"https:\/\/www.facebook.com\/portalmfoficial\",\"https:\/\/www.instagram.com\/portalmf\/\",\"https:\/\/x.com\/https:\/\/x.com\/portalmfoficial\",\"https:\/\/www.youtube.com\/@portalmfoficial\"],\"url\":\"https:\/\/portalmf.com.br\/index.php\/author\/junior\/\"}]}<\/script>\n<!-- \/ Yoast SEO plugin. -->","yoast_head_json":{"title":"Tony Salles comemora anivers\u00e1rio com show aberto ao p\u00fablico em Periperi - Portal MF","robots":{"index":"index","follow":"follow","max-snippet":"max-snippet:-1","max-image-preview":"max-image-preview:large","max-video-preview":"max-video-preview:-1"},"canonical":"https:\/\/portalmf.com.br\/index.php\/2023\/01\/23\/tony-salles-comemora-aniversario-com-show-aberto-ao-publico-em-periperi\/","og_locale":"pt_BR","og_type":"article","og_title":"Tony Salles comemora anivers\u00e1rio com show aberto ao p\u00fablico em Periperi - Portal MF","og_description":"Nascido e criado no bairro de Periperi, em Salvador (BA), o cantor Tony Salles apresenta pela primeira vez um show aberto ao p\u00fablico em comemora\u00e7\u00e3o ao seu anivers\u00e1rio, no seu bairro de origem. O evento acontece no dia 31 de janeiro a partir das 17h na Pra\u00e7a da Revolu\u00e7\u00e3o e promete reunir um grande p\u00fablico [&hellip;]","og_url":"https:\/\/portalmf.com.br\/index.php\/2023\/01\/23\/tony-salles-comemora-aniversario-com-show-aberto-ao-publico-em-periperi\/","og_site_name":"Portal MF","article_author":"https:\/\/www.facebook.com\/portalmfoficial","article_published_time":"2023-01-23T19:25:52+00:00","article_modified_time":"2023-01-23T19:25:53+00:00","og_image":[{"width":682,"height":455,"url":"https:\/\/portalmf.com.br\/wp-content\/uploads\/2022\/12\/Banda-Parangole.jpg","type":"image\/jpeg"}],"author":"Reda\u00e7\u00e3o Portal MF","twitter_card":"summary_large_image","twitter_creator":"@https:\/\/x.com\/portalmfoficial","twitter_misc":{"Escrito por":"Reda\u00e7\u00e3o Portal MF","Est. tempo de leitura":"2 minutos"},"schema":{"@context":"https:\/\/schema.org","@graph":[{"@type":"WebPage","@id":"https:\/\/portalmf.com.br\/index.php\/2023\/01\/23\/tony-salles-comemora-aniversario-com-show-aberto-ao-publico-em-periperi\/","url":"https:\/\/portalmf.com.br\/index.php\/2023\/01\/23\/tony-salles-comemora-aniversario-com-show-aberto-ao-publico-em-periperi\/","name":"Tony Salles comemora anivers\u00e1rio com show aberto ao p\u00fablico em Periperi - Portal MF","isPartOf":{"@id":"https:\/\/portalmf.com.br\/#website"},"primaryImageOfPage":{"@id":"https:\/\/portalmf.com.br\/index.php\/2023\/01\/23\/tony-salles-comemora-aniversario-com-show-aberto-ao-publico-em-periperi\/#primaryimage"},"image":{"@id":"https:\/\/portalmf.com.br\/index.php\/2023\/01\/23\/tony-salles-comemora-aniversario-com-show-aberto-ao-publico-em-periperi\/#primaryimage"},"thumbnailUrl":"https:\/\/portalmf.com.br\/wp-content\/uploads\/2022\/12\/Banda-Parangole.jpg","datePublished":"2023-01-23T19:25:52+00:00","dateModified":"2023-01-23T19:25:53+00:00","author":{"@id":"https:\/\/portalmf.com.br\/#\/schema\/person\/9ec101baf56233e53520c26de5d6f6f0"},"breadcrumb":{"@id":"https:\/\/portalmf.com.br\/index.php\/2023\/01\/23\/tony-salles-comemora-aniversario-com-show-aberto-ao-publico-em-periperi\/#breadcrumb"},"inLanguage":"pt-BR","potentialAction":[{"@type":"ReadAction","target":["https:\/\/portalmf.com.br\/index.php\/2023\/01\/23\/tony-salles-comemora-aniversario-com-show-aberto-ao-publico-em-periperi\/"]}]},{"@type":"ImageObject","inLanguage":"pt-BR","@id":"https:\/\/portalmf.com.br\/index.php\/2023\/01\/23\/tony-salles-comemora-aniversario-com-show-aberto-ao-publico-em-periperi\/#primaryimage","url":"https:\/\/portalmf.com.br\/wp-content\/uploads\/2022\/12\/Banda-Parangole.jpg","contentUrl":"https:\/\/portalmf.com.br\/wp-content\/uploads\/2022\/12\/Banda-Parangole.jpg","width":682,"height":455},{"@type":"BreadcrumbList","@id":"https:\/\/portalmf.com.br\/index.php\/2023\/01\/23\/tony-salles-comemora-aniversario-com-show-aberto-ao-publico-em-periperi\/#breadcrumb","itemListElement":[{"@type":"ListItem","position":1,"name":"In\u00edcio","item":"https:\/\/portalmf.com.br\/"},{"@type":"ListItem","position":2,"name":"Tony Salles comemora anivers\u00e1rio com show aberto ao p\u00fablico em Periperi"}]},{"@type":"WebSite","@id":"https:\/\/portalmf.com.br\/#website","url":"https:\/\/portalmf.com.br\/","name":"Portal MF","description":"Voc\u00ea conectado com a informa\u00e7\u00e3o","potentialAction":[{"@type":"SearchAction","target":{"@type":"EntryPoint","urlTemplate":"https:\/\/portalmf.com.br\/?s={search_term_string}"},"query-input":"required name=search_term_string"}],"inLanguage":"pt-BR"},{"@type":"Person","@id":"https:\/\/portalmf.com.br\/#\/schema\/person\/9ec101baf56233e53520c26de5d6f6f0","name":"Reda\u00e7\u00e3o Portal MF","image":{"@type":"ImageObject","inLanguage":"pt-BR","@id":"https:\/\/portalmf.com.br\/#\/schema\/person\/image\/","url":"https:\/\/secure.gravatar.com\/avatar\/41b9aaeb2100835f7c64362330f74c7f?s=96&d=mm&r=g","contentUrl":"https:\/\/secure.gravatar.com\/avatar\/41b9aaeb2100835f7c64362330f74c7f?s=96&d=mm&r=g","caption":"Reda\u00e7\u00e3o Portal MF"},"description":"Sejam bem-vindos o portal de informa\u00e7\u00f5es de entretenimento de Feira de Santana, desde 2006 realiza coberturas dos principais eventos com entrevistas exclusivas com as principais personalidades mundiais. Fique conectado tamb\u00e9m nas redes sociais.","sameAs":["http:\/\/www.portalmf.com.br\/","https:\/\/www.facebook.com\/portalmfoficial","https:\/\/www.instagram.com\/portalmf\/","https:\/\/x.com\/https:\/\/x.com\/portalmfoficial","https:\/\/www.youtube.com\/@portalmfoficial"],"url":"https:\/\/portalmf.com.br\/index.php\/author\/junior\/"}]}},"_links":{"self":[{"href":"https:\/\/portalmf.com.br\/index.php\/wp-json\/wp\/v2\/posts\/8256"}],"collection":[{"href":"https:\/\/portalmf.com.br\/index.php\/wp-json\/wp\/v2\/posts"}],"about":[{"href":"https:\/\/portalmf.com.br\/index.php\/wp-json\/wp\/v2\/types\/post"}],"author":[{"embeddable":true,"href":"https:\/\/portalmf.com.br\/index.php\/wp-json\/wp\/v2\/users\/3"}],"replies":[{"embeddable":true,"href":"https:\/\/portalmf.com.br\/index.php\/wp-json\/wp\/v2\/comments?post=8256"}],"version-history":[{"count":1,"href":"https:\/\/portalmf.com.br\/index.php\/wp-json\/wp\/v2\/posts\/8256\/revisions"}],"predecessor-version":[{"id":8257,"href":"https:\/\/portalmf.com.br\/index.php\/wp-json\/wp\/v2\/posts\/8256\/revisions\/8257"}],"wp:featuredmedia":[{"embeddable":true,"href":"https:\/\/portalmf.com.br\/index.php\/wp-json\/wp\/v2\/media\/7028"}],"wp:attachment":[{"href":"https:\/\/portalmf.com.br\/index.php\/wp-json\/wp\/v2\/media?parent=8256"}],"wp:term":[{"taxonomy":"category","embeddable":true,"href":"https:\/\/portalmf.com.br\/index.php\/wp-json\/wp\/v2\/categories?post=8256"},{"taxonomy":"post_tag","embeddable":true,"href":"https:\/\/portalmf.com.br\/index.php\/wp-json\/wp\/v2\/tags?post=8256"}],"curies":[{"name":"wp","href":"https:\/\/api.w.org\/{rel}","templated":true}]}}