{"id":8252,"date":"2023-01-23T16:07:37","date_gmt":"2023-01-23T19:07:37","guid":{"rendered":"https:\/\/portalmf.com.br\/?p=8252"},"modified":"2023-01-23T16:07:38","modified_gmt":"2023-01-23T19:07:38","slug":"festival-de-forro-de-riachao-do-jacuipe-marca-contribuicao-da-cidade-para-a-cultura-nordestina","status":"publish","type":"post","link":"https:\/\/portalmf.com.br\/index.php\/2023\/01\/23\/festival-de-forro-de-riachao-do-jacuipe-marca-contribuicao-da-cidade-para-a-cultura-nordestina\/","title":{"rendered":"Festival de Forr\u00f3 de Riach\u00e3o do Jacu\u00edpe marca contribui\u00e7\u00e3o da cidade para a Cultura Nordestina"},"content":{"rendered":"\n<p>A cidade de Riach\u00e3o do Jacu\u00edpe j\u00e1 passa pelos \u00faltimos retoques para receber o 1\u00ba Festival de Cultura e Forr\u00f3, que come\u00e7a oficialmente \u00e0s 14h de sexta-feira (27) com a apresenta\u00e7\u00e3o de sanfoneiros em uma coletiva de imprensa com a presen\u00e7a de autoridades.<\/p>\n\n\n\n<p>Prefeito do munic\u00edpio, Carlos Matos n\u00e3o v\u00ea a hora de decretar aberta a programa\u00e7\u00e3o que promete oferecer mais de 30 horas de shows que ser\u00e3o realizados em um palco com o que h\u00e1 de mais moderno em tecnologia e arquitetura, contando com mais de 30 atra\u00e7\u00f5es como Elba Ramalho, Santanna O Cantador, Mestre Gennaro, Orquestra Sanf\u00f4nica da Bahia, Chambinho do Acordeon, Mariana Aydar, Nando Cordel, Trio Nordestino, al\u00e9m da cantora portuguesa Noa.<\/p>\n\n\n\n<p>De acordo com o gestor, \u201cRiachao \u00e9 uma cidade tradicionalmente junina. Trazer um evento de forr\u00f3 em janeiro, al\u00e9m de contribuir com a cultura nordestina, fortalece um dos maiores festejos juninos da Bahia, o nosso S\u00e3o Jo\u00e3o\u201d.<\/p>\n\n\n\n<p>Carlos Matos comemora a grade de programa\u00e7\u00e3o que re\u00fane grandes nomes da m\u00fasica nacional, com direito a participa\u00e7\u00e3o internacional. Ele destaca o protagonismo do munic\u00edpio na regi\u00e3o, ressaltando o grande n\u00famero de cidades vizinhas que ser\u00e3o diretamente impactadas com a realiza\u00e7\u00e3o do evento.&nbsp;<\/p>\n\n\n\n<p>&nbsp;Um dos nomes consagrados internacionalmente que marcam presen\u00e7a no evento \u00e9 o do filho da terra, o cantor e compositor Del Feliz, que ser\u00e1 um anfitri\u00e3o para os demais artistas e vai acolher com todo carinho e afeto as atra\u00e7\u00f5es locais que n\u00e3o foram deixadas de lado na programa\u00e7\u00e3o e tamb\u00e9m v\u00e3o subir ao palco na pra\u00e7a Landulfo Alves.<\/p>\n\n\n\n<p>E para incluir mesmo todos os p\u00fablicos, inclusive idosos e crian\u00e7as, o 1\u00ba Festival de Cultura e Forr\u00f3 de Riach\u00e3o do Jacu\u00edpe tamb\u00e9m vai contar com oficinas e workshops que, segundo o prefeito \u201cvisam capacitar os artistas locais e tamb\u00e9m proporcionar aos amantes da m\u00fasica contato com instrumentos que talvez, n\u00e3o fosse o nosso festival, n\u00e3o tivessem a oportunidade de conhecer\u201d.<\/p>\n\n\n\n<p><em>\u201cO festival \u00e9 um evento para toda a fam\u00edlia. Nos dois dias de festa pessoas de todas idades poder\u00e3o se divertir, conhecer a nossa cultura e, com certeza, dan\u00e7ar muito forr\u00f3\u201d,<\/em> conclui Carlos Matos que garante que a grande procura por hospedagens nos \u00faltimos 30 dias j\u00e1 atesta o sucesso de p\u00fablico do evento que promete entrar de vez para o calend\u00e1rio de festas do munic\u00edpio.<\/p>\n\n\n\n<p>Mais informa\u00e7\u00f5es est\u00e3o dispon\u00edveis no Instagram @festivaldeforroriachao<\/p>\n","protected":false},"excerpt":{"rendered":"<p>A cidade de Riach\u00e3o do Jacu\u00edpe j\u00e1 passa pelos \u00faltimos retoques para receber o 1\u00ba Festival de Cultura e Forr\u00f3, que come\u00e7a oficialmente \u00e0s 14h de sexta-feira (27) com a apresenta\u00e7\u00e3o de sanfoneiros em uma coletiva de imprensa com a presen\u00e7a de autoridades. Prefeito do munic\u00edpio, Carlos Matos n\u00e3o v\u00ea a hora de decretar aberta [&hellip;]<\/p>\n","protected":false},"author":3,"featured_media":8253,"comment_status":"open","ping_status":"open","sticky":false,"template":"","format":"standard","meta":{"_monsterinsights_skip_tracking":false,"_monsterinsights_sitenote_active":false,"_monsterinsights_sitenote_note":"","_monsterinsights_sitenote_category":0,"footnotes":""},"categories":[40],"tags":[],"yoast_head":"<!-- This site is optimized with the Yoast SEO plugin v22.9 - https:\/\/yoast.com\/wordpress\/plugins\/seo\/ -->\n<title>Festival de Forr\u00f3 de Riach\u00e3o do Jacu\u00edpe marca contribui\u00e7\u00e3o da cidade para a Cultura Nordestina - Portal MF<\/title>\n<meta name=\"robots\" content=\"index, follow, max-snippet:-1, max-image-preview:large, max-video-preview:-1\" \/>\n<link rel=\"canonical\" href=\"https:\/\/portalmf.com.br\/index.php\/2023\/01\/23\/festival-de-forro-de-riachao-do-jacuipe-marca-contribuicao-da-cidade-para-a-cultura-nordestina\/\" \/>\n<meta property=\"og:locale\" content=\"pt_BR\" \/>\n<meta property=\"og:type\" content=\"article\" \/>\n<meta property=\"og:title\" content=\"Festival de Forr\u00f3 de Riach\u00e3o do Jacu\u00edpe marca contribui\u00e7\u00e3o da cidade para a Cultura Nordestina - Portal MF\" \/>\n<meta property=\"og:description\" content=\"A cidade de Riach\u00e3o do Jacu\u00edpe j\u00e1 passa pelos \u00faltimos retoques para receber o 1\u00ba Festival de Cultura e Forr\u00f3, que come\u00e7a oficialmente \u00e0s 14h de sexta-feira (27) com a apresenta\u00e7\u00e3o de sanfoneiros em uma coletiva de imprensa com a presen\u00e7a de autoridades. Prefeito do munic\u00edpio, Carlos Matos n\u00e3o v\u00ea a hora de decretar aberta [&hellip;]\" \/>\n<meta property=\"og:url\" content=\"https:\/\/portalmf.com.br\/index.php\/2023\/01\/23\/festival-de-forro-de-riachao-do-jacuipe-marca-contribuicao-da-cidade-para-a-cultura-nordestina\/\" \/>\n<meta property=\"og:site_name\" content=\"Portal MF\" \/>\n<meta property=\"article:author\" content=\"https:\/\/www.facebook.com\/portalmfoficial\" \/>\n<meta property=\"article:published_time\" content=\"2023-01-23T19:07:37+00:00\" \/>\n<meta property=\"article:modified_time\" content=\"2023-01-23T19:07:38+00:00\" \/>\n<meta property=\"og:image\" content=\"https:\/\/portalmf.com.br\/wp-content\/uploads\/2023\/01\/WhatsApp-Image-2023-01-23-at-16.06.04.jpeg\" \/>\n\t<meta property=\"og:image:width\" content=\"1280\" \/>\n\t<meta property=\"og:image:height\" content=\"854\" \/>\n\t<meta property=\"og:image:type\" content=\"image\/jpeg\" \/>\n<meta name=\"author\" content=\"Reda\u00e7\u00e3o Portal MF\" \/>\n<meta name=\"twitter:card\" content=\"summary_large_image\" \/>\n<meta name=\"twitter:creator\" content=\"@https:\/\/x.com\/portalmfoficial\" \/>\n<meta name=\"twitter:label1\" content=\"Escrito por\" \/>\n\t<meta name=\"twitter:data1\" content=\"Reda\u00e7\u00e3o Portal MF\" \/>\n\t<meta name=\"twitter:label2\" content=\"Est. tempo de leitura\" \/>\n\t<meta name=\"twitter:data2\" content=\"3 minutos\" \/>\n<script type=\"application\/ld+json\" class=\"yoast-schema-graph\">{\"@context\":\"https:\/\/schema.org\",\"@graph\":[{\"@type\":\"WebPage\",\"@id\":\"https:\/\/portalmf.com.br\/index.php\/2023\/01\/23\/festival-de-forro-de-riachao-do-jacuipe-marca-contribuicao-da-cidade-para-a-cultura-nordestina\/\",\"url\":\"https:\/\/portalmf.com.br\/index.php\/2023\/01\/23\/festival-de-forro-de-riachao-do-jacuipe-marca-contribuicao-da-cidade-para-a-cultura-nordestina\/\",\"name\":\"Festival de Forr\u00f3 de Riach\u00e3o do Jacu\u00edpe marca contribui\u00e7\u00e3o da cidade para a Cultura Nordestina - Portal MF\",\"isPartOf\":{\"@id\":\"https:\/\/portalmf.com.br\/#website\"},\"primaryImageOfPage\":{\"@id\":\"https:\/\/portalmf.com.br\/index.php\/2023\/01\/23\/festival-de-forro-de-riachao-do-jacuipe-marca-contribuicao-da-cidade-para-a-cultura-nordestina\/#primaryimage\"},\"image\":{\"@id\":\"https:\/\/portalmf.com.br\/index.php\/2023\/01\/23\/festival-de-forro-de-riachao-do-jacuipe-marca-contribuicao-da-cidade-para-a-cultura-nordestina\/#primaryimage\"},\"thumbnailUrl\":\"https:\/\/portalmf.com.br\/wp-content\/uploads\/2023\/01\/WhatsApp-Image-2023-01-23-at-16.06.04.jpeg\",\"datePublished\":\"2023-01-23T19:07:37+00:00\",\"dateModified\":\"2023-01-23T19:07:38+00:00\",\"author\":{\"@id\":\"https:\/\/portalmf.com.br\/#\/schema\/person\/9ec101baf56233e53520c26de5d6f6f0\"},\"breadcrumb\":{\"@id\":\"https:\/\/portalmf.com.br\/index.php\/2023\/01\/23\/festival-de-forro-de-riachao-do-jacuipe-marca-contribuicao-da-cidade-para-a-cultura-nordestina\/#breadcrumb\"},\"inLanguage\":\"pt-BR\",\"potentialAction\":[{\"@type\":\"ReadAction\",\"target\":[\"https:\/\/portalmf.com.br\/index.php\/2023\/01\/23\/festival-de-forro-de-riachao-do-jacuipe-marca-contribuicao-da-cidade-para-a-cultura-nordestina\/\"]}]},{\"@type\":\"ImageObject\",\"inLanguage\":\"pt-BR\",\"@id\":\"https:\/\/portalmf.com.br\/index.php\/2023\/01\/23\/festival-de-forro-de-riachao-do-jacuipe-marca-contribuicao-da-cidade-para-a-cultura-nordestina\/#primaryimage\",\"url\":\"https:\/\/portalmf.com.br\/wp-content\/uploads\/2023\/01\/WhatsApp-Image-2023-01-23-at-16.06.04.jpeg\",\"contentUrl\":\"https:\/\/portalmf.com.br\/wp-content\/uploads\/2023\/01\/WhatsApp-Image-2023-01-23-at-16.06.04.jpeg\",\"width\":1280,\"height\":854},{\"@type\":\"BreadcrumbList\",\"@id\":\"https:\/\/portalmf.com.br\/index.php\/2023\/01\/23\/festival-de-forro-de-riachao-do-jacuipe-marca-contribuicao-da-cidade-para-a-cultura-nordestina\/#breadcrumb\",\"itemListElement\":[{\"@type\":\"ListItem\",\"position\":1,\"name\":\"In\u00edcio\",\"item\":\"https:\/\/portalmf.com.br\/\"},{\"@type\":\"ListItem\",\"position\":2,\"name\":\"Festival de Forr\u00f3 de Riach\u00e3o do Jacu\u00edpe marca contribui\u00e7\u00e3o da cidade para a Cultura Nordestina\"}]},{\"@type\":\"WebSite\",\"@id\":\"https:\/\/portalmf.com.br\/#website\",\"url\":\"https:\/\/portalmf.com.br\/\",\"name\":\"Portal MF\",\"description\":\"Voc\u00ea conectado com a informa\u00e7\u00e3o\",\"potentialAction\":[{\"@type\":\"SearchAction\",\"target\":{\"@type\":\"EntryPoint\",\"urlTemplate\":\"https:\/\/portalmf.com.br\/?s={search_term_string}\"},\"query-input\":\"required name=search_term_string\"}],\"inLanguage\":\"pt-BR\"},{\"@type\":\"Person\",\"@id\":\"https:\/\/portalmf.com.br\/#\/schema\/person\/9ec101baf56233e53520c26de5d6f6f0\",\"name\":\"Reda\u00e7\u00e3o Portal MF\",\"image\":{\"@type\":\"ImageObject\",\"inLanguage\":\"pt-BR\",\"@id\":\"https:\/\/portalmf.com.br\/#\/schema\/person\/image\/\",\"url\":\"https:\/\/secure.gravatar.com\/avatar\/41b9aaeb2100835f7c64362330f74c7f?s=96&d=mm&r=g\",\"contentUrl\":\"https:\/\/secure.gravatar.com\/avatar\/41b9aaeb2100835f7c64362330f74c7f?s=96&d=mm&r=g\",\"caption\":\"Reda\u00e7\u00e3o Portal MF\"},\"description\":\"Sejam bem-vindos o portal de informa\u00e7\u00f5es de entretenimento de Feira de Santana, desde 2006 realiza coberturas dos principais eventos com entrevistas exclusivas com as principais personalidades mundiais. Fique conectado tamb\u00e9m nas redes sociais.\",\"sameAs\":[\"http:\/\/www.portalmf.com.br\/\",\"https:\/\/www.facebook.com\/portalmfoficial\",\"https:\/\/www.instagram.com\/portalmf\/\",\"https:\/\/x.com\/https:\/\/x.com\/portalmfoficial\",\"https:\/\/www.youtube.com\/@portalmfoficial\"],\"url\":\"https:\/\/portalmf.com.br\/index.php\/author\/junior\/\"}]}<\/script>\n<!-- \/ Yoast SEO plugin. -->","yoast_head_json":{"title":"Festival de Forr\u00f3 de Riach\u00e3o do Jacu\u00edpe marca contribui\u00e7\u00e3o da cidade para a Cultura Nordestina - Portal MF","robots":{"index":"index","follow":"follow","max-snippet":"max-snippet:-1","max-image-preview":"max-image-preview:large","max-video-preview":"max-video-preview:-1"},"canonical":"https:\/\/portalmf.com.br\/index.php\/2023\/01\/23\/festival-de-forro-de-riachao-do-jacuipe-marca-contribuicao-da-cidade-para-a-cultura-nordestina\/","og_locale":"pt_BR","og_type":"article","og_title":"Festival de Forr\u00f3 de Riach\u00e3o do Jacu\u00edpe marca contribui\u00e7\u00e3o da cidade para a Cultura Nordestina - Portal MF","og_description":"A cidade de Riach\u00e3o do Jacu\u00edpe j\u00e1 passa pelos \u00faltimos retoques para receber o 1\u00ba Festival de Cultura e Forr\u00f3, que come\u00e7a oficialmente \u00e0s 14h de sexta-feira (27) com a apresenta\u00e7\u00e3o de sanfoneiros em uma coletiva de imprensa com a presen\u00e7a de autoridades. Prefeito do munic\u00edpio, Carlos Matos n\u00e3o v\u00ea a hora de decretar aberta [&hellip;]","og_url":"https:\/\/portalmf.com.br\/index.php\/2023\/01\/23\/festival-de-forro-de-riachao-do-jacuipe-marca-contribuicao-da-cidade-para-a-cultura-nordestina\/","og_site_name":"Portal MF","article_author":"https:\/\/www.facebook.com\/portalmfoficial","article_published_time":"2023-01-23T19:07:37+00:00","article_modified_time":"2023-01-23T19:07:38+00:00","og_image":[{"width":1280,"height":854,"url":"https:\/\/portalmf.com.br\/wp-content\/uploads\/2023\/01\/WhatsApp-Image-2023-01-23-at-16.06.04.jpeg","type":"image\/jpeg"}],"author":"Reda\u00e7\u00e3o Portal MF","twitter_card":"summary_large_image","twitter_creator":"@https:\/\/x.com\/portalmfoficial","twitter_misc":{"Escrito por":"Reda\u00e7\u00e3o Portal MF","Est. tempo de leitura":"3 minutos"},"schema":{"@context":"https:\/\/schema.org","@graph":[{"@type":"WebPage","@id":"https:\/\/portalmf.com.br\/index.php\/2023\/01\/23\/festival-de-forro-de-riachao-do-jacuipe-marca-contribuicao-da-cidade-para-a-cultura-nordestina\/","url":"https:\/\/portalmf.com.br\/index.php\/2023\/01\/23\/festival-de-forro-de-riachao-do-jacuipe-marca-contribuicao-da-cidade-para-a-cultura-nordestina\/","name":"Festival de Forr\u00f3 de Riach\u00e3o do Jacu\u00edpe marca contribui\u00e7\u00e3o da cidade para a Cultura Nordestina - Portal MF","isPartOf":{"@id":"https:\/\/portalmf.com.br\/#website"},"primaryImageOfPage":{"@id":"https:\/\/portalmf.com.br\/index.php\/2023\/01\/23\/festival-de-forro-de-riachao-do-jacuipe-marca-contribuicao-da-cidade-para-a-cultura-nordestina\/#primaryimage"},"image":{"@id":"https:\/\/portalmf.com.br\/index.php\/2023\/01\/23\/festival-de-forro-de-riachao-do-jacuipe-marca-contribuicao-da-cidade-para-a-cultura-nordestina\/#primaryimage"},"thumbnailUrl":"https:\/\/portalmf.com.br\/wp-content\/uploads\/2023\/01\/WhatsApp-Image-2023-01-23-at-16.06.04.jpeg","datePublished":"2023-01-23T19:07:37+00:00","dateModified":"2023-01-23T19:07:38+00:00","author":{"@id":"https:\/\/portalmf.com.br\/#\/schema\/person\/9ec101baf56233e53520c26de5d6f6f0"},"breadcrumb":{"@id":"https:\/\/portalmf.com.br\/index.php\/2023\/01\/23\/festival-de-forro-de-riachao-do-jacuipe-marca-contribuicao-da-cidade-para-a-cultura-nordestina\/#breadcrumb"},"inLanguage":"pt-BR","potentialAction":[{"@type":"ReadAction","target":["https:\/\/portalmf.com.br\/index.php\/2023\/01\/23\/festival-de-forro-de-riachao-do-jacuipe-marca-contribuicao-da-cidade-para-a-cultura-nordestina\/"]}]},{"@type":"ImageObject","inLanguage":"pt-BR","@id":"https:\/\/portalmf.com.br\/index.php\/2023\/01\/23\/festival-de-forro-de-riachao-do-jacuipe-marca-contribuicao-da-cidade-para-a-cultura-nordestina\/#primaryimage","url":"https:\/\/portalmf.com.br\/wp-content\/uploads\/2023\/01\/WhatsApp-Image-2023-01-23-at-16.06.04.jpeg","contentUrl":"https:\/\/portalmf.com.br\/wp-content\/uploads\/2023\/01\/WhatsApp-Image-2023-01-23-at-16.06.04.jpeg","width":1280,"height":854},{"@type":"BreadcrumbList","@id":"https:\/\/portalmf.com.br\/index.php\/2023\/01\/23\/festival-de-forro-de-riachao-do-jacuipe-marca-contribuicao-da-cidade-para-a-cultura-nordestina\/#breadcrumb","itemListElement":[{"@type":"ListItem","position":1,"name":"In\u00edcio","item":"https:\/\/portalmf.com.br\/"},{"@type":"ListItem","position":2,"name":"Festival de Forr\u00f3 de Riach\u00e3o do Jacu\u00edpe marca contribui\u00e7\u00e3o da cidade para a Cultura Nordestina"}]},{"@type":"WebSite","@id":"https:\/\/portalmf.com.br\/#website","url":"https:\/\/portalmf.com.br\/","name":"Portal MF","description":"Voc\u00ea conectado com a informa\u00e7\u00e3o","potentialAction":[{"@type":"SearchAction","target":{"@type":"EntryPoint","urlTemplate":"https:\/\/portalmf.com.br\/?s={search_term_string}"},"query-input":"required name=search_term_string"}],"inLanguage":"pt-BR"},{"@type":"Person","@id":"https:\/\/portalmf.com.br\/#\/schema\/person\/9ec101baf56233e53520c26de5d6f6f0","name":"Reda\u00e7\u00e3o Portal MF","image":{"@type":"ImageObject","inLanguage":"pt-BR","@id":"https:\/\/portalmf.com.br\/#\/schema\/person\/image\/","url":"https:\/\/secure.gravatar.com\/avatar\/41b9aaeb2100835f7c64362330f74c7f?s=96&d=mm&r=g","contentUrl":"https:\/\/secure.gravatar.com\/avatar\/41b9aaeb2100835f7c64362330f74c7f?s=96&d=mm&r=g","caption":"Reda\u00e7\u00e3o Portal MF"},"description":"Sejam bem-vindos o portal de informa\u00e7\u00f5es de entretenimento de Feira de Santana, desde 2006 realiza coberturas dos principais eventos com entrevistas exclusivas com as principais personalidades mundiais. Fique conectado tamb\u00e9m nas redes sociais.","sameAs":["http:\/\/www.portalmf.com.br\/","https:\/\/www.facebook.com\/portalmfoficial","https:\/\/www.instagram.com\/portalmf\/","https:\/\/x.com\/https:\/\/x.com\/portalmfoficial","https:\/\/www.youtube.com\/@portalmfoficial"],"url":"https:\/\/portalmf.com.br\/index.php\/author\/junior\/"}]}},"_links":{"self":[{"href":"https:\/\/portalmf.com.br\/index.php\/wp-json\/wp\/v2\/posts\/8252"}],"collection":[{"href":"https:\/\/portalmf.com.br\/index.php\/wp-json\/wp\/v2\/posts"}],"about":[{"href":"https:\/\/portalmf.com.br\/index.php\/wp-json\/wp\/v2\/types\/post"}],"author":[{"embeddable":true,"href":"https:\/\/portalmf.com.br\/index.php\/wp-json\/wp\/v2\/users\/3"}],"replies":[{"embeddable":true,"href":"https:\/\/portalmf.com.br\/index.php\/wp-json\/wp\/v2\/comments?post=8252"}],"version-history":[{"count":1,"href":"https:\/\/portalmf.com.br\/index.php\/wp-json\/wp\/v2\/posts\/8252\/revisions"}],"predecessor-version":[{"id":8254,"href":"https:\/\/portalmf.com.br\/index.php\/wp-json\/wp\/v2\/posts\/8252\/revisions\/8254"}],"wp:featuredmedia":[{"embeddable":true,"href":"https:\/\/portalmf.com.br\/index.php\/wp-json\/wp\/v2\/media\/8253"}],"wp:attachment":[{"href":"https:\/\/portalmf.com.br\/index.php\/wp-json\/wp\/v2\/media?parent=8252"}],"wp:term":[{"taxonomy":"category","embeddable":true,"href":"https:\/\/portalmf.com.br\/index.php\/wp-json\/wp\/v2\/categories?post=8252"},{"taxonomy":"post_tag","embeddable":true,"href":"https:\/\/portalmf.com.br\/index.php\/wp-json\/wp\/v2\/tags?post=8252"}],"curies":[{"name":"wp","href":"https:\/\/api.w.org\/{rel}","templated":true}]}}