{"id":8246,"date":"2023-01-23T16:02:54","date_gmt":"2023-01-23T19:02:54","guid":{"rendered":"https:\/\/portalmf.com.br\/?p=8246"},"modified":"2023-01-23T16:02:55","modified_gmt":"2023-01-23T19:02:55","slug":"previdencia-privada-e-uma-realidade-distante-para-grande-parte-dos-brasileiros","status":"publish","type":"post","link":"https:\/\/portalmf.com.br\/index.php\/2023\/01\/23\/previdencia-privada-e-uma-realidade-distante-para-grande-parte-dos-brasileiros\/","title":{"rendered":"Previd\u00eancia privada \u00e9 uma realidade distante para grande parte dos brasileiros"},"content":{"rendered":"\n<p>Mais da metade dos brasileiros est\u00e1 preocupado com o risco de contrair uma doen\u00e7a grave e n\u00e3o conseguir manter sua estabilidade financeira. Os dados s\u00e3o de pesquisa da Federa\u00e7\u00e3o Nacional de Previd\u00eancia Privada e Vida (FenaPrevi), que apontou que 58% dos entrevistados mostraram preocupa\u00e7\u00e3o com o risco de ter uma doen\u00e7a grave.<\/p>\n\n\n\n<p>&nbsp;O levantamento mostra ainda que mais de 80% das pessoas est\u00e3o interessadas em contar com uma prote\u00e7\u00e3o financeira no caso de doen\u00e7a grave ou interna\u00e7\u00e3o hospitalar (<a href=\"https:\/\/nam10.safelinks.protection.outlook.com\/?url=https%3A%2F%2Ffenaprevi.org.br%2F&amp;data=05%7C01%7Cmichelli.peixoto%40yduqs.com.br%7Cebcd5e08dc384e5ca09f08dade94e1f6%7C29e081cc983f4d52b1d0103595213bc6%7C1%7C0%7C638067028300312431%7CUnknown%7CTWFpbGZsb3d8eyJWIjoiMC4wLjAwMDAiLCJQIjoiV2luMzIiLCJBTiI6Ik1haWwiLCJXVCI6Mn0%3D%7C3000%7C%7C%7C&amp;sdata=8JOxIMcRh2kBl7xA4pdcOgAQhTXZcgDgjYVeWsgWTjk%3D&amp;reserved=0\" target=\"_blank\" rel=\"noreferrer noopener\">https:\/\/fenaprevi.org.br\/<\/a>) mas, de acordo com a Associa\u00e7\u00e3o Brasileira das Entidades dos Mercados Financeiro e de Capitais (Anbima) apenas 19% dos entrevistados contam com uma previd\u00eancia privada (<a href=\"https:\/\/nam10.safelinks.protection.outlook.com\/?url=http%3A%2F%2Fwww.anbima.com.br%2F&amp;data=05%7C01%7Cmichelli.peixoto%40yduqs.com.br%7Cebcd5e08dc384e5ca09f08dade94e1f6%7C29e081cc983f4d52b1d0103595213bc6%7C1%7C0%7C638067028300312431%7CUnknown%7CTWFpbGZsb3d8eyJWIjoiMC4wLjAwMDAiLCJQIjoiV2luMzIiLCJBTiI6Ik1haWwiLCJXVCI6Mn0%3D%7C3000%7C%7C%7C&amp;sdata=PCk0oHU32W0Fz3QjgkrMUKaKM8nlx3wLQ8ghmc5Mp2A%3D&amp;reserved=0\" target=\"_blank\" rel=\"noreferrer noopener\">www.anbima.com.br<\/a>)<\/p>\n\n\n\n<p>A professora do curso de Direito da Est\u00e1cio e especialista em Direito Previdenci\u00e1rio, Paula Assump\u00e7\u00e3o aconselha as pessoas a j\u00e1 pensarem na previd\u00eancia privada desde que come\u00e7am a trabalhar<\/p>\n\n\n\n<p><em>\u201c\u00c9 interessante para todo mundo pois todos deveriam contar com um dinheiro extra de fazer uma poupan\u00e7a for\u00e7ada para utilizar na sua terceira idade ou quando a pessoa quiser diminuir o ritmo de trabalho. Mas, essa n\u00e3o \u00e9 a realidade da maioria das pessoas. Cerca de 80% da popula\u00e7\u00e3o brasileira declara em pesquisas do IBGE que n\u00e3o sobra dinheiro no final do m\u00eas. E assim \u00e9 imposs\u00edvel fazer uma previd\u00eancia privada\u201d,<\/em> constata.<\/p>\n\n\n\n<p>Para a advogada o principal benef\u00edcio da previd\u00eancia privada \u00e9 que ela \u00e9 planejada e por isso pode ser pensada de forma estrat\u00e9gica, por exemplo, eu tenho 35 anos e acho que quando tiver 60 anos vou querer desacelerar o ritmo de trabalho. Ent\u00e3o, vou passar em um banco, que pode ser um banco p\u00fablico ou privado, e estudar os planos de previd\u00eancia privada que o banco oferece para encontrar um mais adequado \u00e0 minha situa\u00e7\u00e3o\u201d.&nbsp;&nbsp;<\/p>\n\n\n\n<p>&nbsp;<strong>D\u00favidas comuns<\/strong><\/p>\n\n\n\n<p>Segundo a advogada previdenci\u00e1ria, as d\u00favidas mais comuns em rela\u00e7\u00e3o \u00e0 Previd\u00eancia Privada s\u00e3o: a partir de quando \u00e9 poss\u00edvel sacar o dinheiro e quanto ficar\u00e1 com o banco caso voc\u00ea precise sacar o dinheiro antes da hora. <em>\u201cAtualmente existem planos de previd\u00eancia privada que fazem seguro sa\u00fade e pagam at\u00e9 sal\u00e1rio maternidade. Por isso, para sanar todas as d\u00favidas, o recomendado \u00e9 de banco em banco verificar a proposta, ver quanto dinheiro voc\u00ea pode destinar a essa previd\u00eancia privada e tamb\u00e9m&nbsp;fazer um planejamento pessoal porque \u00e9 importante n\u00e3o sacar o dinheiro antes da idade que voc\u00ea estipulou para que voc\u00ea n\u00e3o tenha preju\u00edzo, n\u00e3o perca dinheiro para o banco\u201d.<\/em> E no caso de d\u00favidas mais espec\u00edficas,&nbsp;a professora lembra que o melhor \u00e9 sempre pedir orienta\u00e7\u00e3o para um especialista em direito previdenci\u00e1rio.<\/p>\n","protected":false},"excerpt":{"rendered":"<p>Mais da metade dos brasileiros est\u00e1 preocupado com o risco de contrair uma doen\u00e7a grave e n\u00e3o conseguir manter sua estabilidade financeira. Os dados s\u00e3o de pesquisa da Federa\u00e7\u00e3o Nacional de Previd\u00eancia Privada e Vida (FenaPrevi), que apontou que 58% dos entrevistados mostraram preocupa\u00e7\u00e3o com o risco de ter uma doen\u00e7a grave. &nbsp;O levantamento mostra [&hellip;]<\/p>\n","protected":false},"author":3,"featured_media":8247,"comment_status":"open","ping_status":"open","sticky":false,"template":"","format":"standard","meta":{"_monsterinsights_skip_tracking":false,"_monsterinsights_sitenote_active":false,"_monsterinsights_sitenote_note":"","_monsterinsights_sitenote_category":0,"footnotes":""},"categories":[34],"tags":[],"yoast_head":"<!-- This site is optimized with the Yoast SEO plugin v22.9 - https:\/\/yoast.com\/wordpress\/plugins\/seo\/ -->\n<title>Previd\u00eancia privada \u00e9 uma realidade distante para grande parte dos brasileiros - Portal MF<\/title>\n<meta name=\"robots\" content=\"index, follow, max-snippet:-1, max-image-preview:large, max-video-preview:-1\" \/>\n<link rel=\"canonical\" href=\"https:\/\/portalmf.com.br\/index.php\/2023\/01\/23\/previdencia-privada-e-uma-realidade-distante-para-grande-parte-dos-brasileiros\/\" \/>\n<meta property=\"og:locale\" content=\"pt_BR\" \/>\n<meta property=\"og:type\" content=\"article\" \/>\n<meta property=\"og:title\" content=\"Previd\u00eancia privada \u00e9 uma realidade distante para grande parte dos brasileiros - Portal MF\" \/>\n<meta property=\"og:description\" content=\"Mais da metade dos brasileiros est\u00e1 preocupado com o risco de contrair uma doen\u00e7a grave e n\u00e3o conseguir manter sua estabilidade financeira. Os dados s\u00e3o de pesquisa da Federa\u00e7\u00e3o Nacional de Previd\u00eancia Privada e Vida (FenaPrevi), que apontou que 58% dos entrevistados mostraram preocupa\u00e7\u00e3o com o risco de ter uma doen\u00e7a grave. &nbsp;O levantamento mostra [&hellip;]\" \/>\n<meta property=\"og:url\" content=\"https:\/\/portalmf.com.br\/index.php\/2023\/01\/23\/previdencia-privada-e-uma-realidade-distante-para-grande-parte-dos-brasileiros\/\" \/>\n<meta property=\"og:site_name\" content=\"Portal MF\" \/>\n<meta property=\"article:author\" content=\"https:\/\/www.facebook.com\/portalmfoficial\" \/>\n<meta property=\"article:published_time\" content=\"2023-01-23T19:02:54+00:00\" \/>\n<meta property=\"article:modified_time\" content=\"2023-01-23T19:02:55+00:00\" \/>\n<meta property=\"og:image\" content=\"https:\/\/portalmf.com.br\/wp-content\/uploads\/2023\/01\/shutterstock_788350969.jpg\" \/>\n\t<meta property=\"og:image:width\" content=\"915\" \/>\n\t<meta property=\"og:image:height\" content=\"478\" \/>\n\t<meta property=\"og:image:type\" content=\"image\/jpeg\" \/>\n<meta name=\"author\" content=\"Reda\u00e7\u00e3o Portal MF\" \/>\n<meta name=\"twitter:card\" content=\"summary_large_image\" \/>\n<meta name=\"twitter:creator\" content=\"@https:\/\/x.com\/portalmfoficial\" \/>\n<meta name=\"twitter:label1\" content=\"Escrito por\" \/>\n\t<meta name=\"twitter:data1\" content=\"Reda\u00e7\u00e3o Portal MF\" \/>\n\t<meta name=\"twitter:label2\" content=\"Est. tempo de leitura\" \/>\n\t<meta name=\"twitter:data2\" content=\"3 minutos\" \/>\n<script type=\"application\/ld+json\" class=\"yoast-schema-graph\">{\"@context\":\"https:\/\/schema.org\",\"@graph\":[{\"@type\":\"WebPage\",\"@id\":\"https:\/\/portalmf.com.br\/index.php\/2023\/01\/23\/previdencia-privada-e-uma-realidade-distante-para-grande-parte-dos-brasileiros\/\",\"url\":\"https:\/\/portalmf.com.br\/index.php\/2023\/01\/23\/previdencia-privada-e-uma-realidade-distante-para-grande-parte-dos-brasileiros\/\",\"name\":\"Previd\u00eancia privada \u00e9 uma realidade distante para grande parte dos brasileiros - Portal MF\",\"isPartOf\":{\"@id\":\"https:\/\/portalmf.com.br\/#website\"},\"primaryImageOfPage\":{\"@id\":\"https:\/\/portalmf.com.br\/index.php\/2023\/01\/23\/previdencia-privada-e-uma-realidade-distante-para-grande-parte-dos-brasileiros\/#primaryimage\"},\"image\":{\"@id\":\"https:\/\/portalmf.com.br\/index.php\/2023\/01\/23\/previdencia-privada-e-uma-realidade-distante-para-grande-parte-dos-brasileiros\/#primaryimage\"},\"thumbnailUrl\":\"https:\/\/portalmf.com.br\/wp-content\/uploads\/2023\/01\/shutterstock_788350969.jpg\",\"datePublished\":\"2023-01-23T19:02:54+00:00\",\"dateModified\":\"2023-01-23T19:02:55+00:00\",\"author\":{\"@id\":\"https:\/\/portalmf.com.br\/#\/schema\/person\/9ec101baf56233e53520c26de5d6f6f0\"},\"breadcrumb\":{\"@id\":\"https:\/\/portalmf.com.br\/index.php\/2023\/01\/23\/previdencia-privada-e-uma-realidade-distante-para-grande-parte-dos-brasileiros\/#breadcrumb\"},\"inLanguage\":\"pt-BR\",\"potentialAction\":[{\"@type\":\"ReadAction\",\"target\":[\"https:\/\/portalmf.com.br\/index.php\/2023\/01\/23\/previdencia-privada-e-uma-realidade-distante-para-grande-parte-dos-brasileiros\/\"]}]},{\"@type\":\"ImageObject\",\"inLanguage\":\"pt-BR\",\"@id\":\"https:\/\/portalmf.com.br\/index.php\/2023\/01\/23\/previdencia-privada-e-uma-realidade-distante-para-grande-parte-dos-brasileiros\/#primaryimage\",\"url\":\"https:\/\/portalmf.com.br\/wp-content\/uploads\/2023\/01\/shutterstock_788350969.jpg\",\"contentUrl\":\"https:\/\/portalmf.com.br\/wp-content\/uploads\/2023\/01\/shutterstock_788350969.jpg\",\"width\":915,\"height\":478},{\"@type\":\"BreadcrumbList\",\"@id\":\"https:\/\/portalmf.com.br\/index.php\/2023\/01\/23\/previdencia-privada-e-uma-realidade-distante-para-grande-parte-dos-brasileiros\/#breadcrumb\",\"itemListElement\":[{\"@type\":\"ListItem\",\"position\":1,\"name\":\"In\u00edcio\",\"item\":\"https:\/\/portalmf.com.br\/\"},{\"@type\":\"ListItem\",\"position\":2,\"name\":\"Previd\u00eancia privada \u00e9 uma realidade distante para grande parte dos brasileiros\"}]},{\"@type\":\"WebSite\",\"@id\":\"https:\/\/portalmf.com.br\/#website\",\"url\":\"https:\/\/portalmf.com.br\/\",\"name\":\"Portal MF\",\"description\":\"Voc\u00ea conectado com a informa\u00e7\u00e3o\",\"potentialAction\":[{\"@type\":\"SearchAction\",\"target\":{\"@type\":\"EntryPoint\",\"urlTemplate\":\"https:\/\/portalmf.com.br\/?s={search_term_string}\"},\"query-input\":\"required name=search_term_string\"}],\"inLanguage\":\"pt-BR\"},{\"@type\":\"Person\",\"@id\":\"https:\/\/portalmf.com.br\/#\/schema\/person\/9ec101baf56233e53520c26de5d6f6f0\",\"name\":\"Reda\u00e7\u00e3o Portal MF\",\"image\":{\"@type\":\"ImageObject\",\"inLanguage\":\"pt-BR\",\"@id\":\"https:\/\/portalmf.com.br\/#\/schema\/person\/image\/\",\"url\":\"https:\/\/secure.gravatar.com\/avatar\/41b9aaeb2100835f7c64362330f74c7f?s=96&d=mm&r=g\",\"contentUrl\":\"https:\/\/secure.gravatar.com\/avatar\/41b9aaeb2100835f7c64362330f74c7f?s=96&d=mm&r=g\",\"caption\":\"Reda\u00e7\u00e3o Portal MF\"},\"description\":\"Sejam bem-vindos o portal de informa\u00e7\u00f5es de entretenimento de Feira de Santana, desde 2006 realiza coberturas dos principais eventos com entrevistas exclusivas com as principais personalidades mundiais. Fique conectado tamb\u00e9m nas redes sociais.\",\"sameAs\":[\"http:\/\/www.portalmf.com.br\/\",\"https:\/\/www.facebook.com\/portalmfoficial\",\"https:\/\/www.instagram.com\/portalmf\/\",\"https:\/\/x.com\/https:\/\/x.com\/portalmfoficial\",\"https:\/\/www.youtube.com\/@portalmfoficial\"],\"url\":\"https:\/\/portalmf.com.br\/index.php\/author\/junior\/\"}]}<\/script>\n<!-- \/ Yoast SEO plugin. -->","yoast_head_json":{"title":"Previd\u00eancia privada \u00e9 uma realidade distante para grande parte dos brasileiros - Portal MF","robots":{"index":"index","follow":"follow","max-snippet":"max-snippet:-1","max-image-preview":"max-image-preview:large","max-video-preview":"max-video-preview:-1"},"canonical":"https:\/\/portalmf.com.br\/index.php\/2023\/01\/23\/previdencia-privada-e-uma-realidade-distante-para-grande-parte-dos-brasileiros\/","og_locale":"pt_BR","og_type":"article","og_title":"Previd\u00eancia privada \u00e9 uma realidade distante para grande parte dos brasileiros - Portal MF","og_description":"Mais da metade dos brasileiros est\u00e1 preocupado com o risco de contrair uma doen\u00e7a grave e n\u00e3o conseguir manter sua estabilidade financeira. Os dados s\u00e3o de pesquisa da Federa\u00e7\u00e3o Nacional de Previd\u00eancia Privada e Vida (FenaPrevi), que apontou que 58% dos entrevistados mostraram preocupa\u00e7\u00e3o com o risco de ter uma doen\u00e7a grave. &nbsp;O levantamento mostra [&hellip;]","og_url":"https:\/\/portalmf.com.br\/index.php\/2023\/01\/23\/previdencia-privada-e-uma-realidade-distante-para-grande-parte-dos-brasileiros\/","og_site_name":"Portal MF","article_author":"https:\/\/www.facebook.com\/portalmfoficial","article_published_time":"2023-01-23T19:02:54+00:00","article_modified_time":"2023-01-23T19:02:55+00:00","og_image":[{"width":915,"height":478,"url":"https:\/\/portalmf.com.br\/wp-content\/uploads\/2023\/01\/shutterstock_788350969.jpg","type":"image\/jpeg"}],"author":"Reda\u00e7\u00e3o Portal MF","twitter_card":"summary_large_image","twitter_creator":"@https:\/\/x.com\/portalmfoficial","twitter_misc":{"Escrito por":"Reda\u00e7\u00e3o Portal MF","Est. tempo de leitura":"3 minutos"},"schema":{"@context":"https:\/\/schema.org","@graph":[{"@type":"WebPage","@id":"https:\/\/portalmf.com.br\/index.php\/2023\/01\/23\/previdencia-privada-e-uma-realidade-distante-para-grande-parte-dos-brasileiros\/","url":"https:\/\/portalmf.com.br\/index.php\/2023\/01\/23\/previdencia-privada-e-uma-realidade-distante-para-grande-parte-dos-brasileiros\/","name":"Previd\u00eancia privada \u00e9 uma realidade distante para grande parte dos brasileiros - Portal MF","isPartOf":{"@id":"https:\/\/portalmf.com.br\/#website"},"primaryImageOfPage":{"@id":"https:\/\/portalmf.com.br\/index.php\/2023\/01\/23\/previdencia-privada-e-uma-realidade-distante-para-grande-parte-dos-brasileiros\/#primaryimage"},"image":{"@id":"https:\/\/portalmf.com.br\/index.php\/2023\/01\/23\/previdencia-privada-e-uma-realidade-distante-para-grande-parte-dos-brasileiros\/#primaryimage"},"thumbnailUrl":"https:\/\/portalmf.com.br\/wp-content\/uploads\/2023\/01\/shutterstock_788350969.jpg","datePublished":"2023-01-23T19:02:54+00:00","dateModified":"2023-01-23T19:02:55+00:00","author":{"@id":"https:\/\/portalmf.com.br\/#\/schema\/person\/9ec101baf56233e53520c26de5d6f6f0"},"breadcrumb":{"@id":"https:\/\/portalmf.com.br\/index.php\/2023\/01\/23\/previdencia-privada-e-uma-realidade-distante-para-grande-parte-dos-brasileiros\/#breadcrumb"},"inLanguage":"pt-BR","potentialAction":[{"@type":"ReadAction","target":["https:\/\/portalmf.com.br\/index.php\/2023\/01\/23\/previdencia-privada-e-uma-realidade-distante-para-grande-parte-dos-brasileiros\/"]}]},{"@type":"ImageObject","inLanguage":"pt-BR","@id":"https:\/\/portalmf.com.br\/index.php\/2023\/01\/23\/previdencia-privada-e-uma-realidade-distante-para-grande-parte-dos-brasileiros\/#primaryimage","url":"https:\/\/portalmf.com.br\/wp-content\/uploads\/2023\/01\/shutterstock_788350969.jpg","contentUrl":"https:\/\/portalmf.com.br\/wp-content\/uploads\/2023\/01\/shutterstock_788350969.jpg","width":915,"height":478},{"@type":"BreadcrumbList","@id":"https:\/\/portalmf.com.br\/index.php\/2023\/01\/23\/previdencia-privada-e-uma-realidade-distante-para-grande-parte-dos-brasileiros\/#breadcrumb","itemListElement":[{"@type":"ListItem","position":1,"name":"In\u00edcio","item":"https:\/\/portalmf.com.br\/"},{"@type":"ListItem","position":2,"name":"Previd\u00eancia privada \u00e9 uma realidade distante para grande parte dos brasileiros"}]},{"@type":"WebSite","@id":"https:\/\/portalmf.com.br\/#website","url":"https:\/\/portalmf.com.br\/","name":"Portal MF","description":"Voc\u00ea conectado com a informa\u00e7\u00e3o","potentialAction":[{"@type":"SearchAction","target":{"@type":"EntryPoint","urlTemplate":"https:\/\/portalmf.com.br\/?s={search_term_string}"},"query-input":"required name=search_term_string"}],"inLanguage":"pt-BR"},{"@type":"Person","@id":"https:\/\/portalmf.com.br\/#\/schema\/person\/9ec101baf56233e53520c26de5d6f6f0","name":"Reda\u00e7\u00e3o Portal MF","image":{"@type":"ImageObject","inLanguage":"pt-BR","@id":"https:\/\/portalmf.com.br\/#\/schema\/person\/image\/","url":"https:\/\/secure.gravatar.com\/avatar\/41b9aaeb2100835f7c64362330f74c7f?s=96&d=mm&r=g","contentUrl":"https:\/\/secure.gravatar.com\/avatar\/41b9aaeb2100835f7c64362330f74c7f?s=96&d=mm&r=g","caption":"Reda\u00e7\u00e3o Portal MF"},"description":"Sejam bem-vindos o portal de informa\u00e7\u00f5es de entretenimento de Feira de Santana, desde 2006 realiza coberturas dos principais eventos com entrevistas exclusivas com as principais personalidades mundiais. Fique conectado tamb\u00e9m nas redes sociais.","sameAs":["http:\/\/www.portalmf.com.br\/","https:\/\/www.facebook.com\/portalmfoficial","https:\/\/www.instagram.com\/portalmf\/","https:\/\/x.com\/https:\/\/x.com\/portalmfoficial","https:\/\/www.youtube.com\/@portalmfoficial"],"url":"https:\/\/portalmf.com.br\/index.php\/author\/junior\/"}]}},"_links":{"self":[{"href":"https:\/\/portalmf.com.br\/index.php\/wp-json\/wp\/v2\/posts\/8246"}],"collection":[{"href":"https:\/\/portalmf.com.br\/index.php\/wp-json\/wp\/v2\/posts"}],"about":[{"href":"https:\/\/portalmf.com.br\/index.php\/wp-json\/wp\/v2\/types\/post"}],"author":[{"embeddable":true,"href":"https:\/\/portalmf.com.br\/index.php\/wp-json\/wp\/v2\/users\/3"}],"replies":[{"embeddable":true,"href":"https:\/\/portalmf.com.br\/index.php\/wp-json\/wp\/v2\/comments?post=8246"}],"version-history":[{"count":1,"href":"https:\/\/portalmf.com.br\/index.php\/wp-json\/wp\/v2\/posts\/8246\/revisions"}],"predecessor-version":[{"id":8248,"href":"https:\/\/portalmf.com.br\/index.php\/wp-json\/wp\/v2\/posts\/8246\/revisions\/8248"}],"wp:featuredmedia":[{"embeddable":true,"href":"https:\/\/portalmf.com.br\/index.php\/wp-json\/wp\/v2\/media\/8247"}],"wp:attachment":[{"href":"https:\/\/portalmf.com.br\/index.php\/wp-json\/wp\/v2\/media?parent=8246"}],"wp:term":[{"taxonomy":"category","embeddable":true,"href":"https:\/\/portalmf.com.br\/index.php\/wp-json\/wp\/v2\/categories?post=8246"},{"taxonomy":"post_tag","embeddable":true,"href":"https:\/\/portalmf.com.br\/index.php\/wp-json\/wp\/v2\/tags?post=8246"}],"curies":[{"name":"wp","href":"https:\/\/api.w.org\/{rel}","templated":true}]}}