{"id":8243,"date":"2023-01-23T15:59:27","date_gmt":"2023-01-23T18:59:27","guid":{"rendered":"https:\/\/portalmf.com.br\/?p=8243"},"modified":"2023-01-23T15:59:28","modified_gmt":"2023-01-23T18:59:28","slug":"registros-de-casamentos-civis-sobe-em-12-apos-decrescimo-em-pandemia","status":"publish","type":"post","link":"https:\/\/portalmf.com.br\/index.php\/2023\/01\/23\/registros-de-casamentos-civis-sobe-em-12-apos-decrescimo-em-pandemia\/","title":{"rendered":"Registros de casamentos civis sobe em 12% ap\u00f3s decr\u00e9scimo em pandemia"},"content":{"rendered":"\n<p>H\u00e1 mais de um s\u00e9culo era institu\u00eddo no Brasil o casamento civil como \u00fanico ato v\u00e1lido para a celebra\u00e7\u00e3o de matrim\u00f4nios. Foi no dia 24 de janeiro de 1890 que o enlace oficial deixou de ser relacionado apenas \u00e0 uni\u00e3o em sacramento religioso. No decorrer dos anos, o contrato entre duas pessoas que decidem se unir tem sofrido ainda outras transforma\u00e7\u00f5es, acompanhando as mudan\u00e7as da sociedade. Nestes \u00faltimos dois anos, com a pandemia de Covid-19, constatou-se a diminui\u00e7\u00e3o na quantidade de casamentos, recordes de div\u00f3rcio, e recordes tamb\u00e9m em registros de uni\u00e3o est\u00e1vel.<\/p>\n\n\n\n<p>Analisando os dados entre 2019 e 2020, a quantidade de casamentos civis diminuiu em 25%, de acordo com dados da Associa\u00e7\u00e3o de Registradores de Pessoas Naturais (Arpen). Entretanto, com o passar dos anos, os contratos de matrim\u00f4nios foram aumentando, mas ainda n\u00e3o atingem a m\u00e9dia anterior a 2019. Naquele ano foram 979.110 registros emitidos, no ano seguinte foram documentados 729.413 casamentos civis, e, at\u00e9 a primeira semana de dezembro de 2022, havia 821.918 registros emitidos \u2014 um aumento de cerca de 12%.<\/p>\n\n\n\n<p>Paralelamente, outro formato legal de registrar o enlace afetivo tem tido destaque na sociedade. Surpreendentemente, o n\u00famero de pedidos de uni\u00e3o est\u00e1vel cresceu 14% em todo Pa\u00eds, segundo dados mais recentes do Col\u00e9gio Notarial do Brasil.&nbsp;A hip\u00f3tese \u00e9 que a pandemia, e as consequentes mortes causadas pelo v\u00edrus, impactaram a procura.<\/p>\n\n\n\n<p>De acordo com Viviane Arruda, advogada do N\u00facleo de Pr\u00e1ticas Jur\u00eddicas da Est\u00e1cio, n\u00e3o houve nenhuma altera\u00e7\u00e3o legislativa capaz de impactar o n\u00famero de casamentos civis. Contudo, \u00e9 reconhecido que a pandemia inviabilizou a realiza\u00e7\u00e3o de cerim\u00f4nias em raz\u00e3o das orienta\u00e7\u00f5es de distanciamento social, a fim de combater a dissemina\u00e7\u00e3o do v\u00edrus.<\/p>\n\n\n\n<p><em>\u201cA diminui\u00e7\u00e3o do n\u00famero de registros de casamentos civis no ano de 2020 pode ser creditado ao advento da pandemia, e seu aumento nos anos seguintes ao controle do v\u00edrus e afrouxamento nas medidas de seguran\u00e7a, que possibilitou o retorno gradativo da conviv\u00eancia social\u201d,<\/em> explica.<\/p>\n\n\n\n<p>Sobre o aumento de uni\u00f5es est\u00e1veis, para a advogada, o maior esclarecimento da popula\u00e7\u00e3o sobre a possibilidade dos registros e as garantias que ela traz para os conviventes, especialmente no aspecto patrimonial, pode ter tido grande influ\u00eancia no crescimento do n\u00famero de registros junto aos cart\u00f3rios.&nbsp;<\/p>\n\n\n\n<p>Em 2022, inclusive, houve uma altera\u00e7\u00e3o em rela\u00e7\u00e3o \u00e0 uni\u00e3o est\u00e1vel<em>. \u201cA possibilidade de altera\u00e7\u00e3o do nome para inclus\u00e3o do sobrenome do companheiro (a) \u00e9 a mudan\u00e7a mais pr\u00e1tica trazida pela lei, que, al\u00e9m disso, regulamenta alguns procedimentos junto ao cart\u00f3rio\u201d,<\/em> cita a advogada. Ela acrescenta que houve mudan\u00e7a ainda em rela\u00e7\u00e3o \u00e0s regras de tratamento dos pedidos de convers\u00e3o da uni\u00e3o est\u00e1vel em casamento e a possibilidade de traslado do registro da uni\u00e3o feita no exterior em caso de um dos conviventes ser brasileiro e ter a \u00faltima resid\u00eancia no pa\u00eds.<\/p>\n\n\n\n<p><strong>Casamentos Civis | 2018 &#8211; 2022<\/strong><\/p>\n\n\n\n<p>Dados da Associa\u00e7\u00e3o de Registradores de Pessoas Naturais (Arpen)&nbsp;<\/p>\n\n\n\n<p><strong>Brasil&nbsp;<\/strong><\/p>\n\n\n\n<p>2022<\/p>\n\n\n\n<p>821.918 registros emitidos<\/p>\n\n\n\n<p>2021<\/p>\n\n\n\n<p>898.857 registros emitidos<\/p>\n\n\n\n<p>2020<\/p>\n\n\n\n<p>729.413 registros emitidos<\/p>\n\n\n\n<p>2019<\/p>\n\n\n\n<p>979.110 registros emitidos<\/p>\n\n\n\n<p>2018<\/p>\n\n\n\n<p>985.842 registros emitidos<\/p>\n","protected":false},"excerpt":{"rendered":"<p>H\u00e1 mais de um s\u00e9culo era institu\u00eddo no Brasil o casamento civil como \u00fanico ato v\u00e1lido para a celebra\u00e7\u00e3o de matrim\u00f4nios. Foi no dia 24 de janeiro de 1890 que o enlace oficial deixou de ser relacionado apenas \u00e0 uni\u00e3o em sacramento religioso. No decorrer dos anos, o contrato entre duas pessoas que decidem se [&hellip;]<\/p>\n","protected":false},"author":3,"featured_media":8244,"comment_status":"open","ping_status":"open","sticky":false,"template":"","format":"standard","meta":{"_monsterinsights_skip_tracking":false,"_monsterinsights_sitenote_active":false,"_monsterinsights_sitenote_note":"","_monsterinsights_sitenote_category":0,"footnotes":""},"categories":[34],"tags":[],"yoast_head":"<!-- This site is optimized with the Yoast SEO plugin v22.9 - https:\/\/yoast.com\/wordpress\/plugins\/seo\/ -->\n<title>Registros de casamentos civis sobe em 12% ap\u00f3s decr\u00e9scimo em pandemia - Portal MF<\/title>\n<meta name=\"robots\" content=\"index, follow, max-snippet:-1, max-image-preview:large, max-video-preview:-1\" \/>\n<link rel=\"canonical\" href=\"https:\/\/portalmf.com.br\/index.php\/2023\/01\/23\/registros-de-casamentos-civis-sobe-em-12-apos-decrescimo-em-pandemia\/\" \/>\n<meta property=\"og:locale\" content=\"pt_BR\" \/>\n<meta property=\"og:type\" content=\"article\" \/>\n<meta property=\"og:title\" content=\"Registros de casamentos civis sobe em 12% ap\u00f3s decr\u00e9scimo em pandemia - Portal MF\" \/>\n<meta property=\"og:description\" content=\"H\u00e1 mais de um s\u00e9culo era institu\u00eddo no Brasil o casamento civil como \u00fanico ato v\u00e1lido para a celebra\u00e7\u00e3o de matrim\u00f4nios. Foi no dia 24 de janeiro de 1890 que o enlace oficial deixou de ser relacionado apenas \u00e0 uni\u00e3o em sacramento religioso. No decorrer dos anos, o contrato entre duas pessoas que decidem se [&hellip;]\" \/>\n<meta property=\"og:url\" content=\"https:\/\/portalmf.com.br\/index.php\/2023\/01\/23\/registros-de-casamentos-civis-sobe-em-12-apos-decrescimo-em-pandemia\/\" \/>\n<meta property=\"og:site_name\" content=\"Portal MF\" \/>\n<meta property=\"article:author\" content=\"https:\/\/www.facebook.com\/portalmfoficial\" \/>\n<meta property=\"article:published_time\" content=\"2023-01-23T18:59:27+00:00\" \/>\n<meta property=\"article:modified_time\" content=\"2023-01-23T18:59:28+00:00\" \/>\n<meta property=\"og:image\" content=\"https:\/\/portalmf.com.br\/wp-content\/uploads\/2023\/01\/1_ldc_00129_1024x768-142886.jpg\" \/>\n\t<meta property=\"og:image:width\" content=\"1200\" \/>\n\t<meta property=\"og:image:height\" content=\"800\" \/>\n\t<meta property=\"og:image:type\" content=\"image\/jpeg\" \/>\n<meta name=\"author\" content=\"Reda\u00e7\u00e3o Portal MF\" \/>\n<meta name=\"twitter:card\" content=\"summary_large_image\" \/>\n<meta name=\"twitter:creator\" content=\"@https:\/\/x.com\/portalmfoficial\" \/>\n<meta name=\"twitter:label1\" content=\"Escrito por\" \/>\n\t<meta name=\"twitter:data1\" content=\"Reda\u00e7\u00e3o Portal MF\" \/>\n\t<meta name=\"twitter:label2\" content=\"Est. tempo de leitura\" \/>\n\t<meta name=\"twitter:data2\" content=\"3 minutos\" \/>\n<script type=\"application\/ld+json\" class=\"yoast-schema-graph\">{\"@context\":\"https:\/\/schema.org\",\"@graph\":[{\"@type\":\"WebPage\",\"@id\":\"https:\/\/portalmf.com.br\/index.php\/2023\/01\/23\/registros-de-casamentos-civis-sobe-em-12-apos-decrescimo-em-pandemia\/\",\"url\":\"https:\/\/portalmf.com.br\/index.php\/2023\/01\/23\/registros-de-casamentos-civis-sobe-em-12-apos-decrescimo-em-pandemia\/\",\"name\":\"Registros de casamentos civis sobe em 12% ap\u00f3s decr\u00e9scimo em pandemia - Portal MF\",\"isPartOf\":{\"@id\":\"https:\/\/portalmf.com.br\/#website\"},\"primaryImageOfPage\":{\"@id\":\"https:\/\/portalmf.com.br\/index.php\/2023\/01\/23\/registros-de-casamentos-civis-sobe-em-12-apos-decrescimo-em-pandemia\/#primaryimage\"},\"image\":{\"@id\":\"https:\/\/portalmf.com.br\/index.php\/2023\/01\/23\/registros-de-casamentos-civis-sobe-em-12-apos-decrescimo-em-pandemia\/#primaryimage\"},\"thumbnailUrl\":\"https:\/\/portalmf.com.br\/wp-content\/uploads\/2023\/01\/1_ldc_00129_1024x768-142886.jpg\",\"datePublished\":\"2023-01-23T18:59:27+00:00\",\"dateModified\":\"2023-01-23T18:59:28+00:00\",\"author\":{\"@id\":\"https:\/\/portalmf.com.br\/#\/schema\/person\/9ec101baf56233e53520c26de5d6f6f0\"},\"breadcrumb\":{\"@id\":\"https:\/\/portalmf.com.br\/index.php\/2023\/01\/23\/registros-de-casamentos-civis-sobe-em-12-apos-decrescimo-em-pandemia\/#breadcrumb\"},\"inLanguage\":\"pt-BR\",\"potentialAction\":[{\"@type\":\"ReadAction\",\"target\":[\"https:\/\/portalmf.com.br\/index.php\/2023\/01\/23\/registros-de-casamentos-civis-sobe-em-12-apos-decrescimo-em-pandemia\/\"]}]},{\"@type\":\"ImageObject\",\"inLanguage\":\"pt-BR\",\"@id\":\"https:\/\/portalmf.com.br\/index.php\/2023\/01\/23\/registros-de-casamentos-civis-sobe-em-12-apos-decrescimo-em-pandemia\/#primaryimage\",\"url\":\"https:\/\/portalmf.com.br\/wp-content\/uploads\/2023\/01\/1_ldc_00129_1024x768-142886.jpg\",\"contentUrl\":\"https:\/\/portalmf.com.br\/wp-content\/uploads\/2023\/01\/1_ldc_00129_1024x768-142886.jpg\",\"width\":1200,\"height\":800},{\"@type\":\"BreadcrumbList\",\"@id\":\"https:\/\/portalmf.com.br\/index.php\/2023\/01\/23\/registros-de-casamentos-civis-sobe-em-12-apos-decrescimo-em-pandemia\/#breadcrumb\",\"itemListElement\":[{\"@type\":\"ListItem\",\"position\":1,\"name\":\"In\u00edcio\",\"item\":\"https:\/\/portalmf.com.br\/\"},{\"@type\":\"ListItem\",\"position\":2,\"name\":\"Registros de casamentos civis sobe em 12% ap\u00f3s decr\u00e9scimo em pandemia\"}]},{\"@type\":\"WebSite\",\"@id\":\"https:\/\/portalmf.com.br\/#website\",\"url\":\"https:\/\/portalmf.com.br\/\",\"name\":\"Portal MF\",\"description\":\"Voc\u00ea conectado com a informa\u00e7\u00e3o\",\"potentialAction\":[{\"@type\":\"SearchAction\",\"target\":{\"@type\":\"EntryPoint\",\"urlTemplate\":\"https:\/\/portalmf.com.br\/?s={search_term_string}\"},\"query-input\":\"required name=search_term_string\"}],\"inLanguage\":\"pt-BR\"},{\"@type\":\"Person\",\"@id\":\"https:\/\/portalmf.com.br\/#\/schema\/person\/9ec101baf56233e53520c26de5d6f6f0\",\"name\":\"Reda\u00e7\u00e3o Portal MF\",\"image\":{\"@type\":\"ImageObject\",\"inLanguage\":\"pt-BR\",\"@id\":\"https:\/\/portalmf.com.br\/#\/schema\/person\/image\/\",\"url\":\"https:\/\/secure.gravatar.com\/avatar\/41b9aaeb2100835f7c64362330f74c7f?s=96&d=mm&r=g\",\"contentUrl\":\"https:\/\/secure.gravatar.com\/avatar\/41b9aaeb2100835f7c64362330f74c7f?s=96&d=mm&r=g\",\"caption\":\"Reda\u00e7\u00e3o Portal MF\"},\"description\":\"Sejam bem-vindos o portal de informa\u00e7\u00f5es de entretenimento de Feira de Santana, desde 2006 realiza coberturas dos principais eventos com entrevistas exclusivas com as principais personalidades mundiais. Fique conectado tamb\u00e9m nas redes sociais.\",\"sameAs\":[\"http:\/\/www.portalmf.com.br\/\",\"https:\/\/www.facebook.com\/portalmfoficial\",\"https:\/\/www.instagram.com\/portalmf\/\",\"https:\/\/x.com\/https:\/\/x.com\/portalmfoficial\",\"https:\/\/www.youtube.com\/@portalmfoficial\"],\"url\":\"https:\/\/portalmf.com.br\/index.php\/author\/junior\/\"}]}<\/script>\n<!-- \/ Yoast SEO plugin. -->","yoast_head_json":{"title":"Registros de casamentos civis sobe em 12% ap\u00f3s decr\u00e9scimo em pandemia - Portal MF","robots":{"index":"index","follow":"follow","max-snippet":"max-snippet:-1","max-image-preview":"max-image-preview:large","max-video-preview":"max-video-preview:-1"},"canonical":"https:\/\/portalmf.com.br\/index.php\/2023\/01\/23\/registros-de-casamentos-civis-sobe-em-12-apos-decrescimo-em-pandemia\/","og_locale":"pt_BR","og_type":"article","og_title":"Registros de casamentos civis sobe em 12% ap\u00f3s decr\u00e9scimo em pandemia - Portal MF","og_description":"H\u00e1 mais de um s\u00e9culo era institu\u00eddo no Brasil o casamento civil como \u00fanico ato v\u00e1lido para a celebra\u00e7\u00e3o de matrim\u00f4nios. Foi no dia 24 de janeiro de 1890 que o enlace oficial deixou de ser relacionado apenas \u00e0 uni\u00e3o em sacramento religioso. No decorrer dos anos, o contrato entre duas pessoas que decidem se [&hellip;]","og_url":"https:\/\/portalmf.com.br\/index.php\/2023\/01\/23\/registros-de-casamentos-civis-sobe-em-12-apos-decrescimo-em-pandemia\/","og_site_name":"Portal MF","article_author":"https:\/\/www.facebook.com\/portalmfoficial","article_published_time":"2023-01-23T18:59:27+00:00","article_modified_time":"2023-01-23T18:59:28+00:00","og_image":[{"width":1200,"height":800,"url":"https:\/\/portalmf.com.br\/wp-content\/uploads\/2023\/01\/1_ldc_00129_1024x768-142886.jpg","type":"image\/jpeg"}],"author":"Reda\u00e7\u00e3o Portal MF","twitter_card":"summary_large_image","twitter_creator":"@https:\/\/x.com\/portalmfoficial","twitter_misc":{"Escrito por":"Reda\u00e7\u00e3o Portal MF","Est. tempo de leitura":"3 minutos"},"schema":{"@context":"https:\/\/schema.org","@graph":[{"@type":"WebPage","@id":"https:\/\/portalmf.com.br\/index.php\/2023\/01\/23\/registros-de-casamentos-civis-sobe-em-12-apos-decrescimo-em-pandemia\/","url":"https:\/\/portalmf.com.br\/index.php\/2023\/01\/23\/registros-de-casamentos-civis-sobe-em-12-apos-decrescimo-em-pandemia\/","name":"Registros de casamentos civis sobe em 12% ap\u00f3s decr\u00e9scimo em pandemia - Portal MF","isPartOf":{"@id":"https:\/\/portalmf.com.br\/#website"},"primaryImageOfPage":{"@id":"https:\/\/portalmf.com.br\/index.php\/2023\/01\/23\/registros-de-casamentos-civis-sobe-em-12-apos-decrescimo-em-pandemia\/#primaryimage"},"image":{"@id":"https:\/\/portalmf.com.br\/index.php\/2023\/01\/23\/registros-de-casamentos-civis-sobe-em-12-apos-decrescimo-em-pandemia\/#primaryimage"},"thumbnailUrl":"https:\/\/portalmf.com.br\/wp-content\/uploads\/2023\/01\/1_ldc_00129_1024x768-142886.jpg","datePublished":"2023-01-23T18:59:27+00:00","dateModified":"2023-01-23T18:59:28+00:00","author":{"@id":"https:\/\/portalmf.com.br\/#\/schema\/person\/9ec101baf56233e53520c26de5d6f6f0"},"breadcrumb":{"@id":"https:\/\/portalmf.com.br\/index.php\/2023\/01\/23\/registros-de-casamentos-civis-sobe-em-12-apos-decrescimo-em-pandemia\/#breadcrumb"},"inLanguage":"pt-BR","potentialAction":[{"@type":"ReadAction","target":["https:\/\/portalmf.com.br\/index.php\/2023\/01\/23\/registros-de-casamentos-civis-sobe-em-12-apos-decrescimo-em-pandemia\/"]}]},{"@type":"ImageObject","inLanguage":"pt-BR","@id":"https:\/\/portalmf.com.br\/index.php\/2023\/01\/23\/registros-de-casamentos-civis-sobe-em-12-apos-decrescimo-em-pandemia\/#primaryimage","url":"https:\/\/portalmf.com.br\/wp-content\/uploads\/2023\/01\/1_ldc_00129_1024x768-142886.jpg","contentUrl":"https:\/\/portalmf.com.br\/wp-content\/uploads\/2023\/01\/1_ldc_00129_1024x768-142886.jpg","width":1200,"height":800},{"@type":"BreadcrumbList","@id":"https:\/\/portalmf.com.br\/index.php\/2023\/01\/23\/registros-de-casamentos-civis-sobe-em-12-apos-decrescimo-em-pandemia\/#breadcrumb","itemListElement":[{"@type":"ListItem","position":1,"name":"In\u00edcio","item":"https:\/\/portalmf.com.br\/"},{"@type":"ListItem","position":2,"name":"Registros de casamentos civis sobe em 12% ap\u00f3s decr\u00e9scimo em pandemia"}]},{"@type":"WebSite","@id":"https:\/\/portalmf.com.br\/#website","url":"https:\/\/portalmf.com.br\/","name":"Portal MF","description":"Voc\u00ea conectado com a informa\u00e7\u00e3o","potentialAction":[{"@type":"SearchAction","target":{"@type":"EntryPoint","urlTemplate":"https:\/\/portalmf.com.br\/?s={search_term_string}"},"query-input":"required name=search_term_string"}],"inLanguage":"pt-BR"},{"@type":"Person","@id":"https:\/\/portalmf.com.br\/#\/schema\/person\/9ec101baf56233e53520c26de5d6f6f0","name":"Reda\u00e7\u00e3o Portal MF","image":{"@type":"ImageObject","inLanguage":"pt-BR","@id":"https:\/\/portalmf.com.br\/#\/schema\/person\/image\/","url":"https:\/\/secure.gravatar.com\/avatar\/41b9aaeb2100835f7c64362330f74c7f?s=96&d=mm&r=g","contentUrl":"https:\/\/secure.gravatar.com\/avatar\/41b9aaeb2100835f7c64362330f74c7f?s=96&d=mm&r=g","caption":"Reda\u00e7\u00e3o Portal MF"},"description":"Sejam bem-vindos o portal de informa\u00e7\u00f5es de entretenimento de Feira de Santana, desde 2006 realiza coberturas dos principais eventos com entrevistas exclusivas com as principais personalidades mundiais. Fique conectado tamb\u00e9m nas redes sociais.","sameAs":["http:\/\/www.portalmf.com.br\/","https:\/\/www.facebook.com\/portalmfoficial","https:\/\/www.instagram.com\/portalmf\/","https:\/\/x.com\/https:\/\/x.com\/portalmfoficial","https:\/\/www.youtube.com\/@portalmfoficial"],"url":"https:\/\/portalmf.com.br\/index.php\/author\/junior\/"}]}},"_links":{"self":[{"href":"https:\/\/portalmf.com.br\/index.php\/wp-json\/wp\/v2\/posts\/8243"}],"collection":[{"href":"https:\/\/portalmf.com.br\/index.php\/wp-json\/wp\/v2\/posts"}],"about":[{"href":"https:\/\/portalmf.com.br\/index.php\/wp-json\/wp\/v2\/types\/post"}],"author":[{"embeddable":true,"href":"https:\/\/portalmf.com.br\/index.php\/wp-json\/wp\/v2\/users\/3"}],"replies":[{"embeddable":true,"href":"https:\/\/portalmf.com.br\/index.php\/wp-json\/wp\/v2\/comments?post=8243"}],"version-history":[{"count":1,"href":"https:\/\/portalmf.com.br\/index.php\/wp-json\/wp\/v2\/posts\/8243\/revisions"}],"predecessor-version":[{"id":8245,"href":"https:\/\/portalmf.com.br\/index.php\/wp-json\/wp\/v2\/posts\/8243\/revisions\/8245"}],"wp:featuredmedia":[{"embeddable":true,"href":"https:\/\/portalmf.com.br\/index.php\/wp-json\/wp\/v2\/media\/8244"}],"wp:attachment":[{"href":"https:\/\/portalmf.com.br\/index.php\/wp-json\/wp\/v2\/media?parent=8243"}],"wp:term":[{"taxonomy":"category","embeddable":true,"href":"https:\/\/portalmf.com.br\/index.php\/wp-json\/wp\/v2\/categories?post=8243"},{"taxonomy":"post_tag","embeddable":true,"href":"https:\/\/portalmf.com.br\/index.php\/wp-json\/wp\/v2\/tags?post=8243"}],"curies":[{"name":"wp","href":"https:\/\/api.w.org\/{rel}","templated":true}]}}