{"id":8234,"date":"2023-01-23T15:47:35","date_gmt":"2023-01-23T18:47:35","guid":{"rendered":"https:\/\/portalmf.com.br\/?p=8234"},"modified":"2023-01-23T15:47:37","modified_gmt":"2023-01-23T18:47:37","slug":"cantor-vitera-lanca-novo-disco-nas-plataformas-de-streaming","status":"publish","type":"post","link":"https:\/\/portalmf.com.br\/index.php\/2023\/01\/23\/cantor-vitera-lanca-novo-disco-nas-plataformas-de-streaming\/","title":{"rendered":"<strong>Cantor Vit\u00eara lan\u00e7a novo disco nas plataformas de streaming<\/strong>"},"content":{"rendered":"\n<p>O clima do ver\u00e3o toma conta, n\u00e3o somente das pessoas, mas tamb\u00e9m do ar que respiramos, da anima\u00e7\u00e3o que envolve a cidade e do cen\u00e1rio musical baiano.<\/p>\n\n\n\n<p>Pensando nisso, o cantor Vit\u00eara acaba de lan\u00e7ar seu novo disco \u201cEm Minas Gerais \u2013 Ao Vivo\u201d, que j\u00e1 est\u00e1 dispon\u00edvel em todas as plataformas de streaming de \u00e1udio. Esse novo trabalho, foi gravado durante um show no Bloco Me Leva, realizado no final de 2022, em Minas Gerais, na cidade de Montalv\u00e2nia.<\/p>\n\n\n\n<p><em>\u201cEsse disco tem toda a energia do Ax\u00e9 e \u00e9 a cara do ver\u00e3o de Salvador: animado, gostoso para dan\u00e7ar e se divertir muito. Foram can\u00e7\u00f5es escolhidas com muito cuidado e carinho. Espero que voc\u00eas gostem desse CD, porque eu estou completamente apaixonado por ele!\u201d,<\/em> conta.<\/p>\n\n\n\n<p>Ao todo, o setlist do novo trabalho tem sete faixas, sendo tr\u00eas m\u00fasicas autorais; entre elas, \u201cO Milho Vai Virar Pipoca\u201d, carro chefe para o Carnaval.<\/p>\n","protected":false},"excerpt":{"rendered":"<p>O clima do ver\u00e3o toma conta, n\u00e3o somente das pessoas, mas tamb\u00e9m do ar que respiramos, da anima\u00e7\u00e3o que envolve a cidade e do cen\u00e1rio musical baiano. Pensando nisso, o cantor Vit\u00eara acaba de lan\u00e7ar seu novo disco \u201cEm Minas Gerais \u2013 Ao Vivo\u201d, que j\u00e1 est\u00e1 dispon\u00edvel em todas as plataformas de streaming de [&hellip;]<\/p>\n","protected":false},"author":3,"featured_media":8020,"comment_status":"open","ping_status":"open","sticky":false,"template":"","format":"standard","meta":{"_monsterinsights_skip_tracking":false,"_monsterinsights_sitenote_active":false,"_monsterinsights_sitenote_note":"","_monsterinsights_sitenote_category":0,"footnotes":""},"categories":[36],"tags":[],"yoast_head":"<!-- This site is optimized with the Yoast SEO plugin v22.9 - https:\/\/yoast.com\/wordpress\/plugins\/seo\/ -->\n<title>Cantor Vit\u00eara lan\u00e7a novo disco nas plataformas de streaming - Portal MF<\/title>\n<meta name=\"robots\" content=\"index, follow, max-snippet:-1, max-image-preview:large, max-video-preview:-1\" \/>\n<link rel=\"canonical\" href=\"https:\/\/portalmf.com.br\/index.php\/2023\/01\/23\/cantor-vitera-lanca-novo-disco-nas-plataformas-de-streaming\/\" \/>\n<meta property=\"og:locale\" content=\"pt_BR\" \/>\n<meta property=\"og:type\" content=\"article\" \/>\n<meta property=\"og:title\" content=\"Cantor Vit\u00eara lan\u00e7a novo disco nas plataformas de streaming - Portal MF\" \/>\n<meta property=\"og:description\" content=\"O clima do ver\u00e3o toma conta, n\u00e3o somente das pessoas, mas tamb\u00e9m do ar que respiramos, da anima\u00e7\u00e3o que envolve a cidade e do cen\u00e1rio musical baiano. Pensando nisso, o cantor Vit\u00eara acaba de lan\u00e7ar seu novo disco \u201cEm Minas Gerais \u2013 Ao Vivo\u201d, que j\u00e1 est\u00e1 dispon\u00edvel em todas as plataformas de streaming de [&hellip;]\" \/>\n<meta property=\"og:url\" content=\"https:\/\/portalmf.com.br\/index.php\/2023\/01\/23\/cantor-vitera-lanca-novo-disco-nas-plataformas-de-streaming\/\" \/>\n<meta property=\"og:site_name\" content=\"Portal MF\" \/>\n<meta property=\"article:author\" content=\"https:\/\/www.facebook.com\/portalmfoficial\" \/>\n<meta property=\"article:published_time\" content=\"2023-01-23T18:47:35+00:00\" \/>\n<meta property=\"article:modified_time\" content=\"2023-01-23T18:47:37+00:00\" \/>\n<meta property=\"og:image\" content=\"https:\/\/portalmf.com.br\/wp-content\/uploads\/2023\/01\/Vitera_2023_1.jpg\" \/>\n\t<meta property=\"og:image:width\" content=\"828\" \/>\n\t<meta property=\"og:image:height\" content=\"560\" \/>\n\t<meta property=\"og:image:type\" content=\"image\/jpeg\" \/>\n<meta name=\"author\" content=\"Reda\u00e7\u00e3o Portal MF\" \/>\n<meta name=\"twitter:card\" content=\"summary_large_image\" \/>\n<meta name=\"twitter:creator\" content=\"@https:\/\/x.com\/portalmfoficial\" \/>\n<meta name=\"twitter:label1\" content=\"Escrito por\" \/>\n\t<meta name=\"twitter:data1\" content=\"Reda\u00e7\u00e3o Portal MF\" \/>\n\t<meta name=\"twitter:label2\" content=\"Est. tempo de leitura\" \/>\n\t<meta name=\"twitter:data2\" content=\"1 minuto\" \/>\n<script type=\"application\/ld+json\" class=\"yoast-schema-graph\">{\"@context\":\"https:\/\/schema.org\",\"@graph\":[{\"@type\":\"WebPage\",\"@id\":\"https:\/\/portalmf.com.br\/index.php\/2023\/01\/23\/cantor-vitera-lanca-novo-disco-nas-plataformas-de-streaming\/\",\"url\":\"https:\/\/portalmf.com.br\/index.php\/2023\/01\/23\/cantor-vitera-lanca-novo-disco-nas-plataformas-de-streaming\/\",\"name\":\"Cantor Vit\u00eara lan\u00e7a novo disco nas plataformas de streaming - Portal MF\",\"isPartOf\":{\"@id\":\"https:\/\/portalmf.com.br\/#website\"},\"primaryImageOfPage\":{\"@id\":\"https:\/\/portalmf.com.br\/index.php\/2023\/01\/23\/cantor-vitera-lanca-novo-disco-nas-plataformas-de-streaming\/#primaryimage\"},\"image\":{\"@id\":\"https:\/\/portalmf.com.br\/index.php\/2023\/01\/23\/cantor-vitera-lanca-novo-disco-nas-plataformas-de-streaming\/#primaryimage\"},\"thumbnailUrl\":\"https:\/\/portalmf.com.br\/wp-content\/uploads\/2023\/01\/Vitera_2023_1.jpg\",\"datePublished\":\"2023-01-23T18:47:35+00:00\",\"dateModified\":\"2023-01-23T18:47:37+00:00\",\"author\":{\"@id\":\"https:\/\/portalmf.com.br\/#\/schema\/person\/9ec101baf56233e53520c26de5d6f6f0\"},\"breadcrumb\":{\"@id\":\"https:\/\/portalmf.com.br\/index.php\/2023\/01\/23\/cantor-vitera-lanca-novo-disco-nas-plataformas-de-streaming\/#breadcrumb\"},\"inLanguage\":\"pt-BR\",\"potentialAction\":[{\"@type\":\"ReadAction\",\"target\":[\"https:\/\/portalmf.com.br\/index.php\/2023\/01\/23\/cantor-vitera-lanca-novo-disco-nas-plataformas-de-streaming\/\"]}]},{\"@type\":\"ImageObject\",\"inLanguage\":\"pt-BR\",\"@id\":\"https:\/\/portalmf.com.br\/index.php\/2023\/01\/23\/cantor-vitera-lanca-novo-disco-nas-plataformas-de-streaming\/#primaryimage\",\"url\":\"https:\/\/portalmf.com.br\/wp-content\/uploads\/2023\/01\/Vitera_2023_1.jpg\",\"contentUrl\":\"https:\/\/portalmf.com.br\/wp-content\/uploads\/2023\/01\/Vitera_2023_1.jpg\",\"width\":828,\"height\":560},{\"@type\":\"BreadcrumbList\",\"@id\":\"https:\/\/portalmf.com.br\/index.php\/2023\/01\/23\/cantor-vitera-lanca-novo-disco-nas-plataformas-de-streaming\/#breadcrumb\",\"itemListElement\":[{\"@type\":\"ListItem\",\"position\":1,\"name\":\"In\u00edcio\",\"item\":\"https:\/\/portalmf.com.br\/\"},{\"@type\":\"ListItem\",\"position\":2,\"name\":\"Cantor Vit\u00eara lan\u00e7a novo disco nas plataformas de streaming\"}]},{\"@type\":\"WebSite\",\"@id\":\"https:\/\/portalmf.com.br\/#website\",\"url\":\"https:\/\/portalmf.com.br\/\",\"name\":\"Portal MF\",\"description\":\"Voc\u00ea conectado com a informa\u00e7\u00e3o\",\"potentialAction\":[{\"@type\":\"SearchAction\",\"target\":{\"@type\":\"EntryPoint\",\"urlTemplate\":\"https:\/\/portalmf.com.br\/?s={search_term_string}\"},\"query-input\":\"required name=search_term_string\"}],\"inLanguage\":\"pt-BR\"},{\"@type\":\"Person\",\"@id\":\"https:\/\/portalmf.com.br\/#\/schema\/person\/9ec101baf56233e53520c26de5d6f6f0\",\"name\":\"Reda\u00e7\u00e3o Portal MF\",\"image\":{\"@type\":\"ImageObject\",\"inLanguage\":\"pt-BR\",\"@id\":\"https:\/\/portalmf.com.br\/#\/schema\/person\/image\/\",\"url\":\"https:\/\/secure.gravatar.com\/avatar\/41b9aaeb2100835f7c64362330f74c7f?s=96&d=mm&r=g\",\"contentUrl\":\"https:\/\/secure.gravatar.com\/avatar\/41b9aaeb2100835f7c64362330f74c7f?s=96&d=mm&r=g\",\"caption\":\"Reda\u00e7\u00e3o Portal MF\"},\"description\":\"Sejam bem-vindos o portal de informa\u00e7\u00f5es de entretenimento de Feira de Santana, desde 2006 realiza coberturas dos principais eventos com entrevistas exclusivas com as principais personalidades mundiais. Fique conectado tamb\u00e9m nas redes sociais.\",\"sameAs\":[\"http:\/\/www.portalmf.com.br\/\",\"https:\/\/www.facebook.com\/portalmfoficial\",\"https:\/\/www.instagram.com\/portalmf\/\",\"https:\/\/x.com\/https:\/\/x.com\/portalmfoficial\",\"https:\/\/www.youtube.com\/@portalmfoficial\"],\"url\":\"https:\/\/portalmf.com.br\/index.php\/author\/junior\/\"}]}<\/script>\n<!-- \/ Yoast SEO plugin. -->","yoast_head_json":{"title":"Cantor Vit\u00eara lan\u00e7a novo disco nas plataformas de streaming - Portal MF","robots":{"index":"index","follow":"follow","max-snippet":"max-snippet:-1","max-image-preview":"max-image-preview:large","max-video-preview":"max-video-preview:-1"},"canonical":"https:\/\/portalmf.com.br\/index.php\/2023\/01\/23\/cantor-vitera-lanca-novo-disco-nas-plataformas-de-streaming\/","og_locale":"pt_BR","og_type":"article","og_title":"Cantor Vit\u00eara lan\u00e7a novo disco nas plataformas de streaming - Portal MF","og_description":"O clima do ver\u00e3o toma conta, n\u00e3o somente das pessoas, mas tamb\u00e9m do ar que respiramos, da anima\u00e7\u00e3o que envolve a cidade e do cen\u00e1rio musical baiano. Pensando nisso, o cantor Vit\u00eara acaba de lan\u00e7ar seu novo disco \u201cEm Minas Gerais \u2013 Ao Vivo\u201d, que j\u00e1 est\u00e1 dispon\u00edvel em todas as plataformas de streaming de [&hellip;]","og_url":"https:\/\/portalmf.com.br\/index.php\/2023\/01\/23\/cantor-vitera-lanca-novo-disco-nas-plataformas-de-streaming\/","og_site_name":"Portal MF","article_author":"https:\/\/www.facebook.com\/portalmfoficial","article_published_time":"2023-01-23T18:47:35+00:00","article_modified_time":"2023-01-23T18:47:37+00:00","og_image":[{"width":828,"height":560,"url":"https:\/\/portalmf.com.br\/wp-content\/uploads\/2023\/01\/Vitera_2023_1.jpg","type":"image\/jpeg"}],"author":"Reda\u00e7\u00e3o Portal MF","twitter_card":"summary_large_image","twitter_creator":"@https:\/\/x.com\/portalmfoficial","twitter_misc":{"Escrito por":"Reda\u00e7\u00e3o Portal MF","Est. tempo de leitura":"1 minuto"},"schema":{"@context":"https:\/\/schema.org","@graph":[{"@type":"WebPage","@id":"https:\/\/portalmf.com.br\/index.php\/2023\/01\/23\/cantor-vitera-lanca-novo-disco-nas-plataformas-de-streaming\/","url":"https:\/\/portalmf.com.br\/index.php\/2023\/01\/23\/cantor-vitera-lanca-novo-disco-nas-plataformas-de-streaming\/","name":"Cantor Vit\u00eara lan\u00e7a novo disco nas plataformas de streaming - Portal MF","isPartOf":{"@id":"https:\/\/portalmf.com.br\/#website"},"primaryImageOfPage":{"@id":"https:\/\/portalmf.com.br\/index.php\/2023\/01\/23\/cantor-vitera-lanca-novo-disco-nas-plataformas-de-streaming\/#primaryimage"},"image":{"@id":"https:\/\/portalmf.com.br\/index.php\/2023\/01\/23\/cantor-vitera-lanca-novo-disco-nas-plataformas-de-streaming\/#primaryimage"},"thumbnailUrl":"https:\/\/portalmf.com.br\/wp-content\/uploads\/2023\/01\/Vitera_2023_1.jpg","datePublished":"2023-01-23T18:47:35+00:00","dateModified":"2023-01-23T18:47:37+00:00","author":{"@id":"https:\/\/portalmf.com.br\/#\/schema\/person\/9ec101baf56233e53520c26de5d6f6f0"},"breadcrumb":{"@id":"https:\/\/portalmf.com.br\/index.php\/2023\/01\/23\/cantor-vitera-lanca-novo-disco-nas-plataformas-de-streaming\/#breadcrumb"},"inLanguage":"pt-BR","potentialAction":[{"@type":"ReadAction","target":["https:\/\/portalmf.com.br\/index.php\/2023\/01\/23\/cantor-vitera-lanca-novo-disco-nas-plataformas-de-streaming\/"]}]},{"@type":"ImageObject","inLanguage":"pt-BR","@id":"https:\/\/portalmf.com.br\/index.php\/2023\/01\/23\/cantor-vitera-lanca-novo-disco-nas-plataformas-de-streaming\/#primaryimage","url":"https:\/\/portalmf.com.br\/wp-content\/uploads\/2023\/01\/Vitera_2023_1.jpg","contentUrl":"https:\/\/portalmf.com.br\/wp-content\/uploads\/2023\/01\/Vitera_2023_1.jpg","width":828,"height":560},{"@type":"BreadcrumbList","@id":"https:\/\/portalmf.com.br\/index.php\/2023\/01\/23\/cantor-vitera-lanca-novo-disco-nas-plataformas-de-streaming\/#breadcrumb","itemListElement":[{"@type":"ListItem","position":1,"name":"In\u00edcio","item":"https:\/\/portalmf.com.br\/"},{"@type":"ListItem","position":2,"name":"Cantor Vit\u00eara lan\u00e7a novo disco nas plataformas de streaming"}]},{"@type":"WebSite","@id":"https:\/\/portalmf.com.br\/#website","url":"https:\/\/portalmf.com.br\/","name":"Portal MF","description":"Voc\u00ea conectado com a informa\u00e7\u00e3o","potentialAction":[{"@type":"SearchAction","target":{"@type":"EntryPoint","urlTemplate":"https:\/\/portalmf.com.br\/?s={search_term_string}"},"query-input":"required name=search_term_string"}],"inLanguage":"pt-BR"},{"@type":"Person","@id":"https:\/\/portalmf.com.br\/#\/schema\/person\/9ec101baf56233e53520c26de5d6f6f0","name":"Reda\u00e7\u00e3o Portal MF","image":{"@type":"ImageObject","inLanguage":"pt-BR","@id":"https:\/\/portalmf.com.br\/#\/schema\/person\/image\/","url":"https:\/\/secure.gravatar.com\/avatar\/41b9aaeb2100835f7c64362330f74c7f?s=96&d=mm&r=g","contentUrl":"https:\/\/secure.gravatar.com\/avatar\/41b9aaeb2100835f7c64362330f74c7f?s=96&d=mm&r=g","caption":"Reda\u00e7\u00e3o Portal MF"},"description":"Sejam bem-vindos o portal de informa\u00e7\u00f5es de entretenimento de Feira de Santana, desde 2006 realiza coberturas dos principais eventos com entrevistas exclusivas com as principais personalidades mundiais. Fique conectado tamb\u00e9m nas redes sociais.","sameAs":["http:\/\/www.portalmf.com.br\/","https:\/\/www.facebook.com\/portalmfoficial","https:\/\/www.instagram.com\/portalmf\/","https:\/\/x.com\/https:\/\/x.com\/portalmfoficial","https:\/\/www.youtube.com\/@portalmfoficial"],"url":"https:\/\/portalmf.com.br\/index.php\/author\/junior\/"}]}},"_links":{"self":[{"href":"https:\/\/portalmf.com.br\/index.php\/wp-json\/wp\/v2\/posts\/8234"}],"collection":[{"href":"https:\/\/portalmf.com.br\/index.php\/wp-json\/wp\/v2\/posts"}],"about":[{"href":"https:\/\/portalmf.com.br\/index.php\/wp-json\/wp\/v2\/types\/post"}],"author":[{"embeddable":true,"href":"https:\/\/portalmf.com.br\/index.php\/wp-json\/wp\/v2\/users\/3"}],"replies":[{"embeddable":true,"href":"https:\/\/portalmf.com.br\/index.php\/wp-json\/wp\/v2\/comments?post=8234"}],"version-history":[{"count":1,"href":"https:\/\/portalmf.com.br\/index.php\/wp-json\/wp\/v2\/posts\/8234\/revisions"}],"predecessor-version":[{"id":8235,"href":"https:\/\/portalmf.com.br\/index.php\/wp-json\/wp\/v2\/posts\/8234\/revisions\/8235"}],"wp:featuredmedia":[{"embeddable":true,"href":"https:\/\/portalmf.com.br\/index.php\/wp-json\/wp\/v2\/media\/8020"}],"wp:attachment":[{"href":"https:\/\/portalmf.com.br\/index.php\/wp-json\/wp\/v2\/media?parent=8234"}],"wp:term":[{"taxonomy":"category","embeddable":true,"href":"https:\/\/portalmf.com.br\/index.php\/wp-json\/wp\/v2\/categories?post=8234"},{"taxonomy":"post_tag","embeddable":true,"href":"https:\/\/portalmf.com.br\/index.php\/wp-json\/wp\/v2\/tags?post=8234"}],"curies":[{"name":"wp","href":"https:\/\/api.w.org\/{rel}","templated":true}]}}