{"id":8229,"date":"2023-01-23T15:44:40","date_gmt":"2023-01-23T18:44:40","guid":{"rendered":"https:\/\/portalmf.com.br\/?p=8229"},"modified":"2023-01-23T15:44:41","modified_gmt":"2023-01-23T18:44:41","slug":"festa-arrochae-reune-pablo-thiago-aquino-unha-pintada-e-toque-dez","status":"publish","type":"post","link":"https:\/\/portalmf.com.br\/index.php\/2023\/01\/23\/festa-arrochae-reune-pablo-thiago-aquino-unha-pintada-e-toque-dez\/","title":{"rendered":"Festa Arrocha\u00ea re\u00fane Pablo, Thiago Aquino, Unha Pintada e Toque Dez"},"content":{"rendered":"\n<p>O clima de arrocha, sofr\u00eancia e romantismo vai invadir e tomar conta do Armaz\u00e9m Convention! Reunindo grandes nomes do cen\u00e1rio do ritmo, a festa Arrocha\u00ea acontecer\u00e1 no dia 3 de fevereiro e vai colocar todo mundo para dan\u00e7ar coladinho, tomando aquela cervejinha ao som do arrocha.<\/p>\n\n\n\n<p>Trazendo Pablo, Unha Pintada, Toque Dez e o cantor Thiago Aquino, a festa Arrocha\u00ea promete parar Lauro de Freitas com muita m\u00fasica e sofr\u00eancia. O p\u00fablico ter\u00e1 ainda a op\u00e7\u00e3o de tr\u00eas setores diferentes para curtir a noite: pista, \u00e1rea vip e camarote.<\/p>\n\n\n\n<p>Os ingressos est\u00e3o dispon\u00edveis para venda nos balc\u00f5es do Pida no Shopping Piedade, Salvador Shopping, Salvador Norte Shopping, na loja do Bora Tickets no 2\u00ba piso do Shopping da Bahia e atrav\u00e9s do site&nbsp;<a href=\"http:\/\/www.boratickets.com.br\/\" target=\"_blank\" rel=\"noreferrer noopener\">www.boratickets.com.br<\/a>&nbsp;.<\/p>\n\n\n\n<p><strong>SERVI\u00c7O<\/strong><\/p>\n\n\n\n<p>O que: Arrocha\u00ea<\/p>\n\n\n\n<p>Quando: 03 de fevereiro, a partir das 21 horas<\/p>\n\n\n\n<p>Onde: Armaz\u00e9m Convention<\/p>\n\n\n\n<p>Atra\u00e7\u00f5es: Thiago Aquino | Pablo | Unha Pintada | Toque Dez<\/p>\n\n\n\n<p>Informa\u00e7\u00f5es: @pida<\/p>\n\n\n\n<p>Vendas: Balc\u00f5es do Pida no Shopping Piedade, Salvador Shopping, Salvador Norte Shopping, na loja do Bora Tickets no 2\u00ba piso do Shopping da Bahia e atrav\u00e9s do site&nbsp;<a href=\"http:\/\/www.boratickets.com.br\/\" target=\"_blank\" rel=\"noreferrer noopener\">www.boratickets.com.br<\/a><\/p>\n","protected":false},"excerpt":{"rendered":"<p>O clima de arrocha, sofr\u00eancia e romantismo vai invadir e tomar conta do Armaz\u00e9m Convention! Reunindo grandes nomes do cen\u00e1rio do ritmo, a festa Arrocha\u00ea acontecer\u00e1 no dia 3 de fevereiro e vai colocar todo mundo para dan\u00e7ar coladinho, tomando aquela cervejinha ao som do arrocha. Trazendo Pablo, Unha Pintada, Toque Dez e o cantor [&hellip;]<\/p>\n","protected":false},"author":3,"featured_media":8230,"comment_status":"open","ping_status":"open","sticky":false,"template":"","format":"standard","meta":{"_monsterinsights_skip_tracking":false,"_monsterinsights_sitenote_active":false,"_monsterinsights_sitenote_note":"","_monsterinsights_sitenote_category":0,"footnotes":""},"categories":[48,45],"tags":[],"yoast_head":"<!-- This site is optimized with the Yoast SEO plugin v22.9 - https:\/\/yoast.com\/wordpress\/plugins\/seo\/ -->\n<title>Festa Arrocha\u00ea re\u00fane Pablo, Thiago Aquino, Unha Pintada e Toque Dez - Portal MF<\/title>\n<meta name=\"robots\" content=\"index, follow, max-snippet:-1, max-image-preview:large, max-video-preview:-1\" \/>\n<link rel=\"canonical\" href=\"https:\/\/portalmf.com.br\/index.php\/2023\/01\/23\/festa-arrochae-reune-pablo-thiago-aquino-unha-pintada-e-toque-dez\/\" \/>\n<meta property=\"og:locale\" content=\"pt_BR\" \/>\n<meta property=\"og:type\" content=\"article\" \/>\n<meta property=\"og:title\" content=\"Festa Arrocha\u00ea re\u00fane Pablo, Thiago Aquino, Unha Pintada e Toque Dez - Portal MF\" \/>\n<meta property=\"og:description\" content=\"O clima de arrocha, sofr\u00eancia e romantismo vai invadir e tomar conta do Armaz\u00e9m Convention! Reunindo grandes nomes do cen\u00e1rio do ritmo, a festa Arrocha\u00ea acontecer\u00e1 no dia 3 de fevereiro e vai colocar todo mundo para dan\u00e7ar coladinho, tomando aquela cervejinha ao som do arrocha. Trazendo Pablo, Unha Pintada, Toque Dez e o cantor [&hellip;]\" \/>\n<meta property=\"og:url\" content=\"https:\/\/portalmf.com.br\/index.php\/2023\/01\/23\/festa-arrochae-reune-pablo-thiago-aquino-unha-pintada-e-toque-dez\/\" \/>\n<meta property=\"og:site_name\" content=\"Portal MF\" \/>\n<meta property=\"article:author\" content=\"https:\/\/www.facebook.com\/portalmfoficial\" \/>\n<meta property=\"article:published_time\" content=\"2023-01-23T18:44:40+00:00\" \/>\n<meta property=\"article:modified_time\" content=\"2023-01-23T18:44:41+00:00\" \/>\n<meta property=\"og:image\" content=\"https:\/\/portalmf.com.br\/wp-content\/uploads\/2023\/01\/Arrochae-Atracoes.jpg\" \/>\n\t<meta property=\"og:image:width\" content=\"1280\" \/>\n\t<meta property=\"og:image:height\" content=\"789\" \/>\n\t<meta property=\"og:image:type\" content=\"image\/jpeg\" \/>\n<meta name=\"author\" content=\"Reda\u00e7\u00e3o Portal MF\" \/>\n<meta name=\"twitter:card\" content=\"summary_large_image\" \/>\n<meta name=\"twitter:creator\" content=\"@https:\/\/x.com\/portalmfoficial\" \/>\n<meta name=\"twitter:label1\" content=\"Escrito por\" \/>\n\t<meta name=\"twitter:data1\" content=\"Reda\u00e7\u00e3o Portal MF\" \/>\n\t<meta name=\"twitter:label2\" content=\"Est. tempo de leitura\" \/>\n\t<meta name=\"twitter:data2\" content=\"2 minutos\" \/>\n<script type=\"application\/ld+json\" class=\"yoast-schema-graph\">{\"@context\":\"https:\/\/schema.org\",\"@graph\":[{\"@type\":\"WebPage\",\"@id\":\"https:\/\/portalmf.com.br\/index.php\/2023\/01\/23\/festa-arrochae-reune-pablo-thiago-aquino-unha-pintada-e-toque-dez\/\",\"url\":\"https:\/\/portalmf.com.br\/index.php\/2023\/01\/23\/festa-arrochae-reune-pablo-thiago-aquino-unha-pintada-e-toque-dez\/\",\"name\":\"Festa Arrocha\u00ea re\u00fane Pablo, Thiago Aquino, Unha Pintada e Toque Dez - Portal MF\",\"isPartOf\":{\"@id\":\"https:\/\/portalmf.com.br\/#website\"},\"primaryImageOfPage\":{\"@id\":\"https:\/\/portalmf.com.br\/index.php\/2023\/01\/23\/festa-arrochae-reune-pablo-thiago-aquino-unha-pintada-e-toque-dez\/#primaryimage\"},\"image\":{\"@id\":\"https:\/\/portalmf.com.br\/index.php\/2023\/01\/23\/festa-arrochae-reune-pablo-thiago-aquino-unha-pintada-e-toque-dez\/#primaryimage\"},\"thumbnailUrl\":\"https:\/\/portalmf.com.br\/wp-content\/uploads\/2023\/01\/Arrochae-Atracoes.jpg\",\"datePublished\":\"2023-01-23T18:44:40+00:00\",\"dateModified\":\"2023-01-23T18:44:41+00:00\",\"author\":{\"@id\":\"https:\/\/portalmf.com.br\/#\/schema\/person\/9ec101baf56233e53520c26de5d6f6f0\"},\"breadcrumb\":{\"@id\":\"https:\/\/portalmf.com.br\/index.php\/2023\/01\/23\/festa-arrochae-reune-pablo-thiago-aquino-unha-pintada-e-toque-dez\/#breadcrumb\"},\"inLanguage\":\"pt-BR\",\"potentialAction\":[{\"@type\":\"ReadAction\",\"target\":[\"https:\/\/portalmf.com.br\/index.php\/2023\/01\/23\/festa-arrochae-reune-pablo-thiago-aquino-unha-pintada-e-toque-dez\/\"]}]},{\"@type\":\"ImageObject\",\"inLanguage\":\"pt-BR\",\"@id\":\"https:\/\/portalmf.com.br\/index.php\/2023\/01\/23\/festa-arrochae-reune-pablo-thiago-aquino-unha-pintada-e-toque-dez\/#primaryimage\",\"url\":\"https:\/\/portalmf.com.br\/wp-content\/uploads\/2023\/01\/Arrochae-Atracoes.jpg\",\"contentUrl\":\"https:\/\/portalmf.com.br\/wp-content\/uploads\/2023\/01\/Arrochae-Atracoes.jpg\",\"width\":1280,\"height\":789},{\"@type\":\"BreadcrumbList\",\"@id\":\"https:\/\/portalmf.com.br\/index.php\/2023\/01\/23\/festa-arrochae-reune-pablo-thiago-aquino-unha-pintada-e-toque-dez\/#breadcrumb\",\"itemListElement\":[{\"@type\":\"ListItem\",\"position\":1,\"name\":\"In\u00edcio\",\"item\":\"https:\/\/portalmf.com.br\/\"},{\"@type\":\"ListItem\",\"position\":2,\"name\":\"Festa Arrocha\u00ea re\u00fane Pablo, Thiago Aquino, Unha Pintada e Toque Dez\"}]},{\"@type\":\"WebSite\",\"@id\":\"https:\/\/portalmf.com.br\/#website\",\"url\":\"https:\/\/portalmf.com.br\/\",\"name\":\"Portal MF\",\"description\":\"Voc\u00ea conectado com a informa\u00e7\u00e3o\",\"potentialAction\":[{\"@type\":\"SearchAction\",\"target\":{\"@type\":\"EntryPoint\",\"urlTemplate\":\"https:\/\/portalmf.com.br\/?s={search_term_string}\"},\"query-input\":\"required name=search_term_string\"}],\"inLanguage\":\"pt-BR\"},{\"@type\":\"Person\",\"@id\":\"https:\/\/portalmf.com.br\/#\/schema\/person\/9ec101baf56233e53520c26de5d6f6f0\",\"name\":\"Reda\u00e7\u00e3o Portal MF\",\"image\":{\"@type\":\"ImageObject\",\"inLanguage\":\"pt-BR\",\"@id\":\"https:\/\/portalmf.com.br\/#\/schema\/person\/image\/\",\"url\":\"https:\/\/secure.gravatar.com\/avatar\/41b9aaeb2100835f7c64362330f74c7f?s=96&d=mm&r=g\",\"contentUrl\":\"https:\/\/secure.gravatar.com\/avatar\/41b9aaeb2100835f7c64362330f74c7f?s=96&d=mm&r=g\",\"caption\":\"Reda\u00e7\u00e3o Portal MF\"},\"description\":\"Sejam bem-vindos o portal de informa\u00e7\u00f5es de entretenimento de Feira de Santana, desde 2006 realiza coberturas dos principais eventos com entrevistas exclusivas com as principais personalidades mundiais. Fique conectado tamb\u00e9m nas redes sociais.\",\"sameAs\":[\"http:\/\/www.portalmf.com.br\/\",\"https:\/\/www.facebook.com\/portalmfoficial\",\"https:\/\/www.instagram.com\/portalmf\/\",\"https:\/\/x.com\/https:\/\/x.com\/portalmfoficial\",\"https:\/\/www.youtube.com\/@portalmfoficial\"],\"url\":\"https:\/\/portalmf.com.br\/index.php\/author\/junior\/\"}]}<\/script>\n<!-- \/ Yoast SEO plugin. -->","yoast_head_json":{"title":"Festa Arrocha\u00ea re\u00fane Pablo, Thiago Aquino, Unha Pintada e Toque Dez - Portal MF","robots":{"index":"index","follow":"follow","max-snippet":"max-snippet:-1","max-image-preview":"max-image-preview:large","max-video-preview":"max-video-preview:-1"},"canonical":"https:\/\/portalmf.com.br\/index.php\/2023\/01\/23\/festa-arrochae-reune-pablo-thiago-aquino-unha-pintada-e-toque-dez\/","og_locale":"pt_BR","og_type":"article","og_title":"Festa Arrocha\u00ea re\u00fane Pablo, Thiago Aquino, Unha Pintada e Toque Dez - Portal MF","og_description":"O clima de arrocha, sofr\u00eancia e romantismo vai invadir e tomar conta do Armaz\u00e9m Convention! Reunindo grandes nomes do cen\u00e1rio do ritmo, a festa Arrocha\u00ea acontecer\u00e1 no dia 3 de fevereiro e vai colocar todo mundo para dan\u00e7ar coladinho, tomando aquela cervejinha ao som do arrocha. Trazendo Pablo, Unha Pintada, Toque Dez e o cantor [&hellip;]","og_url":"https:\/\/portalmf.com.br\/index.php\/2023\/01\/23\/festa-arrochae-reune-pablo-thiago-aquino-unha-pintada-e-toque-dez\/","og_site_name":"Portal MF","article_author":"https:\/\/www.facebook.com\/portalmfoficial","article_published_time":"2023-01-23T18:44:40+00:00","article_modified_time":"2023-01-23T18:44:41+00:00","og_image":[{"width":1280,"height":789,"url":"https:\/\/portalmf.com.br\/wp-content\/uploads\/2023\/01\/Arrochae-Atracoes.jpg","type":"image\/jpeg"}],"author":"Reda\u00e7\u00e3o Portal MF","twitter_card":"summary_large_image","twitter_creator":"@https:\/\/x.com\/portalmfoficial","twitter_misc":{"Escrito por":"Reda\u00e7\u00e3o Portal MF","Est. tempo de leitura":"2 minutos"},"schema":{"@context":"https:\/\/schema.org","@graph":[{"@type":"WebPage","@id":"https:\/\/portalmf.com.br\/index.php\/2023\/01\/23\/festa-arrochae-reune-pablo-thiago-aquino-unha-pintada-e-toque-dez\/","url":"https:\/\/portalmf.com.br\/index.php\/2023\/01\/23\/festa-arrochae-reune-pablo-thiago-aquino-unha-pintada-e-toque-dez\/","name":"Festa Arrocha\u00ea re\u00fane Pablo, Thiago Aquino, Unha Pintada e Toque Dez - Portal MF","isPartOf":{"@id":"https:\/\/portalmf.com.br\/#website"},"primaryImageOfPage":{"@id":"https:\/\/portalmf.com.br\/index.php\/2023\/01\/23\/festa-arrochae-reune-pablo-thiago-aquino-unha-pintada-e-toque-dez\/#primaryimage"},"image":{"@id":"https:\/\/portalmf.com.br\/index.php\/2023\/01\/23\/festa-arrochae-reune-pablo-thiago-aquino-unha-pintada-e-toque-dez\/#primaryimage"},"thumbnailUrl":"https:\/\/portalmf.com.br\/wp-content\/uploads\/2023\/01\/Arrochae-Atracoes.jpg","datePublished":"2023-01-23T18:44:40+00:00","dateModified":"2023-01-23T18:44:41+00:00","author":{"@id":"https:\/\/portalmf.com.br\/#\/schema\/person\/9ec101baf56233e53520c26de5d6f6f0"},"breadcrumb":{"@id":"https:\/\/portalmf.com.br\/index.php\/2023\/01\/23\/festa-arrochae-reune-pablo-thiago-aquino-unha-pintada-e-toque-dez\/#breadcrumb"},"inLanguage":"pt-BR","potentialAction":[{"@type":"ReadAction","target":["https:\/\/portalmf.com.br\/index.php\/2023\/01\/23\/festa-arrochae-reune-pablo-thiago-aquino-unha-pintada-e-toque-dez\/"]}]},{"@type":"ImageObject","inLanguage":"pt-BR","@id":"https:\/\/portalmf.com.br\/index.php\/2023\/01\/23\/festa-arrochae-reune-pablo-thiago-aquino-unha-pintada-e-toque-dez\/#primaryimage","url":"https:\/\/portalmf.com.br\/wp-content\/uploads\/2023\/01\/Arrochae-Atracoes.jpg","contentUrl":"https:\/\/portalmf.com.br\/wp-content\/uploads\/2023\/01\/Arrochae-Atracoes.jpg","width":1280,"height":789},{"@type":"BreadcrumbList","@id":"https:\/\/portalmf.com.br\/index.php\/2023\/01\/23\/festa-arrochae-reune-pablo-thiago-aquino-unha-pintada-e-toque-dez\/#breadcrumb","itemListElement":[{"@type":"ListItem","position":1,"name":"In\u00edcio","item":"https:\/\/portalmf.com.br\/"},{"@type":"ListItem","position":2,"name":"Festa Arrocha\u00ea re\u00fane Pablo, Thiago Aquino, Unha Pintada e Toque Dez"}]},{"@type":"WebSite","@id":"https:\/\/portalmf.com.br\/#website","url":"https:\/\/portalmf.com.br\/","name":"Portal MF","description":"Voc\u00ea conectado com a informa\u00e7\u00e3o","potentialAction":[{"@type":"SearchAction","target":{"@type":"EntryPoint","urlTemplate":"https:\/\/portalmf.com.br\/?s={search_term_string}"},"query-input":"required name=search_term_string"}],"inLanguage":"pt-BR"},{"@type":"Person","@id":"https:\/\/portalmf.com.br\/#\/schema\/person\/9ec101baf56233e53520c26de5d6f6f0","name":"Reda\u00e7\u00e3o Portal MF","image":{"@type":"ImageObject","inLanguage":"pt-BR","@id":"https:\/\/portalmf.com.br\/#\/schema\/person\/image\/","url":"https:\/\/secure.gravatar.com\/avatar\/41b9aaeb2100835f7c64362330f74c7f?s=96&d=mm&r=g","contentUrl":"https:\/\/secure.gravatar.com\/avatar\/41b9aaeb2100835f7c64362330f74c7f?s=96&d=mm&r=g","caption":"Reda\u00e7\u00e3o Portal MF"},"description":"Sejam bem-vindos o portal de informa\u00e7\u00f5es de entretenimento de Feira de Santana, desde 2006 realiza coberturas dos principais eventos com entrevistas exclusivas com as principais personalidades mundiais. Fique conectado tamb\u00e9m nas redes sociais.","sameAs":["http:\/\/www.portalmf.com.br\/","https:\/\/www.facebook.com\/portalmfoficial","https:\/\/www.instagram.com\/portalmf\/","https:\/\/x.com\/https:\/\/x.com\/portalmfoficial","https:\/\/www.youtube.com\/@portalmfoficial"],"url":"https:\/\/portalmf.com.br\/index.php\/author\/junior\/"}]}},"_links":{"self":[{"href":"https:\/\/portalmf.com.br\/index.php\/wp-json\/wp\/v2\/posts\/8229"}],"collection":[{"href":"https:\/\/portalmf.com.br\/index.php\/wp-json\/wp\/v2\/posts"}],"about":[{"href":"https:\/\/portalmf.com.br\/index.php\/wp-json\/wp\/v2\/types\/post"}],"author":[{"embeddable":true,"href":"https:\/\/portalmf.com.br\/index.php\/wp-json\/wp\/v2\/users\/3"}],"replies":[{"embeddable":true,"href":"https:\/\/portalmf.com.br\/index.php\/wp-json\/wp\/v2\/comments?post=8229"}],"version-history":[{"count":1,"href":"https:\/\/portalmf.com.br\/index.php\/wp-json\/wp\/v2\/posts\/8229\/revisions"}],"predecessor-version":[{"id":8231,"href":"https:\/\/portalmf.com.br\/index.php\/wp-json\/wp\/v2\/posts\/8229\/revisions\/8231"}],"wp:featuredmedia":[{"embeddable":true,"href":"https:\/\/portalmf.com.br\/index.php\/wp-json\/wp\/v2\/media\/8230"}],"wp:attachment":[{"href":"https:\/\/portalmf.com.br\/index.php\/wp-json\/wp\/v2\/media?parent=8229"}],"wp:term":[{"taxonomy":"category","embeddable":true,"href":"https:\/\/portalmf.com.br\/index.php\/wp-json\/wp\/v2\/categories?post=8229"},{"taxonomy":"post_tag","embeddable":true,"href":"https:\/\/portalmf.com.br\/index.php\/wp-json\/wp\/v2\/tags?post=8229"}],"curies":[{"name":"wp","href":"https:\/\/api.w.org\/{rel}","templated":true}]}}