{"id":8221,"date":"2023-01-22T14:33:06","date_gmt":"2023-01-22T17:33:06","guid":{"rendered":"https:\/\/portalmf.com.br\/?p=8221"},"modified":"2023-01-23T14:35:09","modified_gmt":"2023-01-23T17:35:09","slug":"poeta-e-educador-baiano-lanca-livro-sobre-sentimentos-em-salvador","status":"publish","type":"post","link":"https:\/\/portalmf.com.br\/index.php\/2023\/01\/22\/poeta-e-educador-baiano-lanca-livro-sobre-sentimentos-em-salvador\/","title":{"rendered":"Poeta e educador baiano lan\u00e7a livro sobre sentimentos em Salvador"},"content":{"rendered":"\n<p>\u201c<strong>Quando As Borboletas Saem do Casulo\u201d<\/strong>&nbsp;\u00e9 o terceiro livro do poeta e educador baiano&nbsp;<strong>Anderson Shon<\/strong>&nbsp;e ser\u00e1 lan\u00e7ado a partir das 18h30, na Loja da Caramur\u00ea no Madison Plaza, rua Pernambuco &#8211; Pituba, em frente a Pra\u00e7a Nossa Senhora da Luz. O romance conta a hist\u00f3ria da pequena Mari, crian\u00e7a que n\u00e3o chora ao final de um filme passado pela professora e \u00e9 apontada por um coleguinha como algu\u00e9m sem sentimentos.<\/p>\n\n\n\n<p>Em fun\u00e7\u00e3o de ser apontada como uma pessoa sem sentimentos, Mari chega em casa com a miss\u00e3o de capturar os sentimentos e se mune de uma caixa para guard\u00e1-los, a qual ela intitula de &#8220;Espa\u00e7o Reservado para Sentimentos&#8221;. Seu amigo imagin\u00e1rio, o Poeta Sol, a ajuda na miss\u00e3o, transformando cada sentimento em poesia para que eles n\u00e3o fujam da caixa.<\/p>\n\n\n\n<p>\u201cDepois do isolamento social, me senti na obriga\u00e7\u00e3o de fazer algo que conversasse com os nossos sentimentos. Muitos se perderam durante esse per\u00edodo e ainda n\u00e3o conseguiram se abrir consigo mesmo e nem com o mundo. Creio que minha motiva\u00e7\u00e3o foi criar uma obra que conversasse e motivasse os leitores e leitoras a um di\u00e1logo sincero com os pr\u00f3prios sentimentos\u201d, declara Shon.<\/p>\n\n\n\n<p>O livro tem uma estrutura em prosa, mas cada cap\u00edtulo termina com uma poesia referente ao sentimento descoberto. Anderson Shon vem da poesia, e j\u00e1 lan\u00e7ou os livros \u201cUm Poeta Cr\u00f4nico\u201d e \u201cOutro Poeta Cr\u00f4nico\u201d e no seu primeiro mergulho no mundo do romance, os versos e rimas vieram juntos como bons amigos, diversificando um pouco sua literatura nesta obra que tem uma dedica\u00e7\u00e3o especial.<\/p>\n\n\n\n<p>\u201cEsse livro \u00e9 destinado \u00e0 minha fam\u00edlia e isso est\u00e1 presente no pr\u00f3prio livro. Eles que me ensinaram a sentir, principalmente sentir amor e gratid\u00e3o, os dois sentimentos mais importantes da vida\u201d, conclui o autor de \u201cQuando As Borboletas Saem do Casulo\u201d, Anderson Shon.<\/p>\n\n\n\n<p><strong>Sobre o autor<\/strong>&nbsp;&#8211; Anderson Shon \u00e9 escritor, poeta, educador, quadrinista e super-her\u00f3i nas horas vagas. Shon \u00e9 autor dos livros Um Poeta Cr\u00f4nico (2013), Outro Poeta Cr\u00f4nico (2019), A Despedida do Super Futuro (2020) e Quando As Borboletas Saem do Casulo (2022). Tamb\u00e9m tem participa\u00e7\u00e3o nas colet\u00e2neas de contos Artistas Liberais e Tudo \u00c9 Verdade, Menos Aquela Parte. Escreve para a coluna Todo Mundo Odeia o Shon, espa\u00e7o no site Jovem Nerd, onde fala sobre cultura pop relacionando com quest\u00f5es afrocentradas. J\u00e1 passeou pelo mundo do podcast, atrav\u00e9s do &#8220;O Que Voc\u00ea Est\u00e1 Lendo?&#8221;, programa de entrevista que caminhava pelas refer\u00eancias liter\u00e1rias dos entrevistados e entrevistadas.<\/p>\n\n\n\n<p>O autor teve o conto O Dia do Yuri adaptado para o audiovisual pela CloudFilmes, o mesmo pode ser encontrado no youtube. O conto, que \u00e9 de 2015, ganhou uma continua\u00e7\u00e3o em 2020; O Dia do Yuri 2. Anderson Shon \u00e9 figurinha carimbada em saraus de Salvador e em festas liter\u00e1rias pela Bahia (Flifs, Flica, Flipel\u00f4, Fita, FliPF), sendo um dos destaques da Bienal do Livro de Salvador em 2020. Esse reconhecimento do seu trabalho levou a CCR Metr\u00f4 Bahia expor suas poesias na exposi\u00e7\u00e3o Poesia Sobre Trilhos, na Esta\u00e7\u00e3o Acesso Norte.<\/p>\n\n\n\n<p><strong>Servi\u00e7o<\/strong><\/p>\n\n\n\n<p><strong>O que<\/strong>: Lan\u00e7amento do livro \u201cQuando As Borboletas Saem do Casulo\u201d, de autoria do poeta e educador baiano Anderson Shon (@AndersonShon).<\/p>\n\n\n\n<p><strong>Quando<\/strong>: 10 de fevereiro de 2023 \u00e0s 18h30.<\/p>\n\n\n\n<p><strong>Onde<\/strong>: Loja da Caramur\u00ea &#8211; Madison Plaza, rua Pernambuco &#8211; Pituba, em frente a Pra\u00e7a Nossa Senhora da Luz, Salvador &#8211; BA.<\/p>\n\n\n\n<p><strong>Fotos<\/strong>: Rodolfo Queir\u00f3s<\/p>\n","protected":false},"excerpt":{"rendered":"<p>\u201cQuando As Borboletas Saem do Casulo\u201d&nbsp;\u00e9 o terceiro livro do poeta e educador baiano&nbsp;Anderson Shon&nbsp;e ser\u00e1 lan\u00e7ado a partir das 18h30, na Loja da Caramur\u00ea no Madison Plaza, rua Pernambuco &#8211; Pituba, em frente a Pra\u00e7a Nossa Senhora da Luz. O romance conta a hist\u00f3ria da pequena Mari, crian\u00e7a que n\u00e3o chora ao final de [&hellip;]<\/p>\n","protected":false},"author":3,"featured_media":8222,"comment_status":"open","ping_status":"open","sticky":false,"template":"","format":"standard","meta":{"_monsterinsights_skip_tracking":false,"_monsterinsights_sitenote_active":false,"_monsterinsights_sitenote_note":"","_monsterinsights_sitenote_category":0,"footnotes":""},"categories":[40],"tags":[],"yoast_head":"<!-- This site is optimized with the Yoast SEO plugin v22.9 - https:\/\/yoast.com\/wordpress\/plugins\/seo\/ -->\n<title>Poeta e educador baiano lan\u00e7a livro sobre sentimentos em Salvador - Portal MF<\/title>\n<meta name=\"robots\" content=\"index, follow, max-snippet:-1, max-image-preview:large, max-video-preview:-1\" \/>\n<link rel=\"canonical\" href=\"https:\/\/portalmf.com.br\/index.php\/2023\/01\/22\/poeta-e-educador-baiano-lanca-livro-sobre-sentimentos-em-salvador\/\" \/>\n<meta property=\"og:locale\" content=\"pt_BR\" \/>\n<meta property=\"og:type\" content=\"article\" \/>\n<meta property=\"og:title\" content=\"Poeta e educador baiano lan\u00e7a livro sobre sentimentos em Salvador - Portal MF\" \/>\n<meta property=\"og:description\" content=\"\u201cQuando As Borboletas Saem do Casulo\u201d&nbsp;\u00e9 o terceiro livro do poeta e educador baiano&nbsp;Anderson Shon&nbsp;e ser\u00e1 lan\u00e7ado a partir das 18h30, na Loja da Caramur\u00ea no Madison Plaza, rua Pernambuco &#8211; Pituba, em frente a Pra\u00e7a Nossa Senhora da Luz. O romance conta a hist\u00f3ria da pequena Mari, crian\u00e7a que n\u00e3o chora ao final de [&hellip;]\" \/>\n<meta property=\"og:url\" content=\"https:\/\/portalmf.com.br\/index.php\/2023\/01\/22\/poeta-e-educador-baiano-lanca-livro-sobre-sentimentos-em-salvador\/\" \/>\n<meta property=\"og:site_name\" content=\"Portal MF\" \/>\n<meta property=\"article:author\" content=\"https:\/\/www.facebook.com\/portalmfoficial\" \/>\n<meta property=\"article:published_time\" content=\"2023-01-22T17:33:06+00:00\" \/>\n<meta property=\"article:modified_time\" content=\"2023-01-23T17:35:09+00:00\" \/>\n<meta property=\"og:image\" content=\"https:\/\/portalmf.com.br\/wp-content\/uploads\/2023\/01\/Educador-e-poeta-Anderson-Shon-Rodolfo-Queiros.jpg\" \/>\n\t<meta property=\"og:image:width\" content=\"1599\" \/>\n\t<meta property=\"og:image:height\" content=\"1096\" \/>\n\t<meta property=\"og:image:type\" content=\"image\/jpeg\" \/>\n<meta name=\"author\" content=\"Reda\u00e7\u00e3o Portal MF\" \/>\n<meta name=\"twitter:card\" content=\"summary_large_image\" \/>\n<meta name=\"twitter:creator\" content=\"@https:\/\/x.com\/portalmfoficial\" \/>\n<meta name=\"twitter:label1\" content=\"Escrito por\" \/>\n\t<meta name=\"twitter:data1\" content=\"Reda\u00e7\u00e3o Portal MF\" \/>\n\t<meta name=\"twitter:label2\" content=\"Est. tempo de leitura\" \/>\n\t<meta name=\"twitter:data2\" content=\"4 minutos\" \/>\n<script type=\"application\/ld+json\" class=\"yoast-schema-graph\">{\"@context\":\"https:\/\/schema.org\",\"@graph\":[{\"@type\":\"WebPage\",\"@id\":\"https:\/\/portalmf.com.br\/index.php\/2023\/01\/22\/poeta-e-educador-baiano-lanca-livro-sobre-sentimentos-em-salvador\/\",\"url\":\"https:\/\/portalmf.com.br\/index.php\/2023\/01\/22\/poeta-e-educador-baiano-lanca-livro-sobre-sentimentos-em-salvador\/\",\"name\":\"Poeta e educador baiano lan\u00e7a livro sobre sentimentos em Salvador - Portal MF\",\"isPartOf\":{\"@id\":\"https:\/\/portalmf.com.br\/#website\"},\"primaryImageOfPage\":{\"@id\":\"https:\/\/portalmf.com.br\/index.php\/2023\/01\/22\/poeta-e-educador-baiano-lanca-livro-sobre-sentimentos-em-salvador\/#primaryimage\"},\"image\":{\"@id\":\"https:\/\/portalmf.com.br\/index.php\/2023\/01\/22\/poeta-e-educador-baiano-lanca-livro-sobre-sentimentos-em-salvador\/#primaryimage\"},\"thumbnailUrl\":\"https:\/\/portalmf.com.br\/wp-content\/uploads\/2023\/01\/Educador-e-poeta-Anderson-Shon-Rodolfo-Queiros.jpg\",\"datePublished\":\"2023-01-22T17:33:06+00:00\",\"dateModified\":\"2023-01-23T17:35:09+00:00\",\"author\":{\"@id\":\"https:\/\/portalmf.com.br\/#\/schema\/person\/9ec101baf56233e53520c26de5d6f6f0\"},\"breadcrumb\":{\"@id\":\"https:\/\/portalmf.com.br\/index.php\/2023\/01\/22\/poeta-e-educador-baiano-lanca-livro-sobre-sentimentos-em-salvador\/#breadcrumb\"},\"inLanguage\":\"pt-BR\",\"potentialAction\":[{\"@type\":\"ReadAction\",\"target\":[\"https:\/\/portalmf.com.br\/index.php\/2023\/01\/22\/poeta-e-educador-baiano-lanca-livro-sobre-sentimentos-em-salvador\/\"]}]},{\"@type\":\"ImageObject\",\"inLanguage\":\"pt-BR\",\"@id\":\"https:\/\/portalmf.com.br\/index.php\/2023\/01\/22\/poeta-e-educador-baiano-lanca-livro-sobre-sentimentos-em-salvador\/#primaryimage\",\"url\":\"https:\/\/portalmf.com.br\/wp-content\/uploads\/2023\/01\/Educador-e-poeta-Anderson-Shon-Rodolfo-Queiros.jpg\",\"contentUrl\":\"https:\/\/portalmf.com.br\/wp-content\/uploads\/2023\/01\/Educador-e-poeta-Anderson-Shon-Rodolfo-Queiros.jpg\",\"width\":1599,\"height\":1096},{\"@type\":\"BreadcrumbList\",\"@id\":\"https:\/\/portalmf.com.br\/index.php\/2023\/01\/22\/poeta-e-educador-baiano-lanca-livro-sobre-sentimentos-em-salvador\/#breadcrumb\",\"itemListElement\":[{\"@type\":\"ListItem\",\"position\":1,\"name\":\"In\u00edcio\",\"item\":\"https:\/\/portalmf.com.br\/\"},{\"@type\":\"ListItem\",\"position\":2,\"name\":\"Poeta e educador baiano lan\u00e7a livro sobre sentimentos em Salvador\"}]},{\"@type\":\"WebSite\",\"@id\":\"https:\/\/portalmf.com.br\/#website\",\"url\":\"https:\/\/portalmf.com.br\/\",\"name\":\"Portal MF\",\"description\":\"Voc\u00ea conectado com a informa\u00e7\u00e3o\",\"potentialAction\":[{\"@type\":\"SearchAction\",\"target\":{\"@type\":\"EntryPoint\",\"urlTemplate\":\"https:\/\/portalmf.com.br\/?s={search_term_string}\"},\"query-input\":\"required name=search_term_string\"}],\"inLanguage\":\"pt-BR\"},{\"@type\":\"Person\",\"@id\":\"https:\/\/portalmf.com.br\/#\/schema\/person\/9ec101baf56233e53520c26de5d6f6f0\",\"name\":\"Reda\u00e7\u00e3o Portal MF\",\"image\":{\"@type\":\"ImageObject\",\"inLanguage\":\"pt-BR\",\"@id\":\"https:\/\/portalmf.com.br\/#\/schema\/person\/image\/\",\"url\":\"https:\/\/secure.gravatar.com\/avatar\/41b9aaeb2100835f7c64362330f74c7f?s=96&d=mm&r=g\",\"contentUrl\":\"https:\/\/secure.gravatar.com\/avatar\/41b9aaeb2100835f7c64362330f74c7f?s=96&d=mm&r=g\",\"caption\":\"Reda\u00e7\u00e3o Portal MF\"},\"description\":\"Sejam bem-vindos o portal de informa\u00e7\u00f5es de entretenimento de Feira de Santana, desde 2006 realiza coberturas dos principais eventos com entrevistas exclusivas com as principais personalidades mundiais. Fique conectado tamb\u00e9m nas redes sociais.\",\"sameAs\":[\"http:\/\/www.portalmf.com.br\/\",\"https:\/\/www.facebook.com\/portalmfoficial\",\"https:\/\/www.instagram.com\/portalmf\/\",\"https:\/\/x.com\/https:\/\/x.com\/portalmfoficial\",\"https:\/\/www.youtube.com\/@portalmfoficial\"],\"url\":\"https:\/\/portalmf.com.br\/index.php\/author\/junior\/\"}]}<\/script>\n<!-- \/ Yoast SEO plugin. -->","yoast_head_json":{"title":"Poeta e educador baiano lan\u00e7a livro sobre sentimentos em Salvador - Portal MF","robots":{"index":"index","follow":"follow","max-snippet":"max-snippet:-1","max-image-preview":"max-image-preview:large","max-video-preview":"max-video-preview:-1"},"canonical":"https:\/\/portalmf.com.br\/index.php\/2023\/01\/22\/poeta-e-educador-baiano-lanca-livro-sobre-sentimentos-em-salvador\/","og_locale":"pt_BR","og_type":"article","og_title":"Poeta e educador baiano lan\u00e7a livro sobre sentimentos em Salvador - Portal MF","og_description":"\u201cQuando As Borboletas Saem do Casulo\u201d&nbsp;\u00e9 o terceiro livro do poeta e educador baiano&nbsp;Anderson Shon&nbsp;e ser\u00e1 lan\u00e7ado a partir das 18h30, na Loja da Caramur\u00ea no Madison Plaza, rua Pernambuco &#8211; Pituba, em frente a Pra\u00e7a Nossa Senhora da Luz. O romance conta a hist\u00f3ria da pequena Mari, crian\u00e7a que n\u00e3o chora ao final de [&hellip;]","og_url":"https:\/\/portalmf.com.br\/index.php\/2023\/01\/22\/poeta-e-educador-baiano-lanca-livro-sobre-sentimentos-em-salvador\/","og_site_name":"Portal MF","article_author":"https:\/\/www.facebook.com\/portalmfoficial","article_published_time":"2023-01-22T17:33:06+00:00","article_modified_time":"2023-01-23T17:35:09+00:00","og_image":[{"width":1599,"height":1096,"url":"https:\/\/portalmf.com.br\/wp-content\/uploads\/2023\/01\/Educador-e-poeta-Anderson-Shon-Rodolfo-Queiros.jpg","type":"image\/jpeg"}],"author":"Reda\u00e7\u00e3o Portal MF","twitter_card":"summary_large_image","twitter_creator":"@https:\/\/x.com\/portalmfoficial","twitter_misc":{"Escrito por":"Reda\u00e7\u00e3o Portal MF","Est. tempo de leitura":"4 minutos"},"schema":{"@context":"https:\/\/schema.org","@graph":[{"@type":"WebPage","@id":"https:\/\/portalmf.com.br\/index.php\/2023\/01\/22\/poeta-e-educador-baiano-lanca-livro-sobre-sentimentos-em-salvador\/","url":"https:\/\/portalmf.com.br\/index.php\/2023\/01\/22\/poeta-e-educador-baiano-lanca-livro-sobre-sentimentos-em-salvador\/","name":"Poeta e educador baiano lan\u00e7a livro sobre sentimentos em Salvador - Portal MF","isPartOf":{"@id":"https:\/\/portalmf.com.br\/#website"},"primaryImageOfPage":{"@id":"https:\/\/portalmf.com.br\/index.php\/2023\/01\/22\/poeta-e-educador-baiano-lanca-livro-sobre-sentimentos-em-salvador\/#primaryimage"},"image":{"@id":"https:\/\/portalmf.com.br\/index.php\/2023\/01\/22\/poeta-e-educador-baiano-lanca-livro-sobre-sentimentos-em-salvador\/#primaryimage"},"thumbnailUrl":"https:\/\/portalmf.com.br\/wp-content\/uploads\/2023\/01\/Educador-e-poeta-Anderson-Shon-Rodolfo-Queiros.jpg","datePublished":"2023-01-22T17:33:06+00:00","dateModified":"2023-01-23T17:35:09+00:00","author":{"@id":"https:\/\/portalmf.com.br\/#\/schema\/person\/9ec101baf56233e53520c26de5d6f6f0"},"breadcrumb":{"@id":"https:\/\/portalmf.com.br\/index.php\/2023\/01\/22\/poeta-e-educador-baiano-lanca-livro-sobre-sentimentos-em-salvador\/#breadcrumb"},"inLanguage":"pt-BR","potentialAction":[{"@type":"ReadAction","target":["https:\/\/portalmf.com.br\/index.php\/2023\/01\/22\/poeta-e-educador-baiano-lanca-livro-sobre-sentimentos-em-salvador\/"]}]},{"@type":"ImageObject","inLanguage":"pt-BR","@id":"https:\/\/portalmf.com.br\/index.php\/2023\/01\/22\/poeta-e-educador-baiano-lanca-livro-sobre-sentimentos-em-salvador\/#primaryimage","url":"https:\/\/portalmf.com.br\/wp-content\/uploads\/2023\/01\/Educador-e-poeta-Anderson-Shon-Rodolfo-Queiros.jpg","contentUrl":"https:\/\/portalmf.com.br\/wp-content\/uploads\/2023\/01\/Educador-e-poeta-Anderson-Shon-Rodolfo-Queiros.jpg","width":1599,"height":1096},{"@type":"BreadcrumbList","@id":"https:\/\/portalmf.com.br\/index.php\/2023\/01\/22\/poeta-e-educador-baiano-lanca-livro-sobre-sentimentos-em-salvador\/#breadcrumb","itemListElement":[{"@type":"ListItem","position":1,"name":"In\u00edcio","item":"https:\/\/portalmf.com.br\/"},{"@type":"ListItem","position":2,"name":"Poeta e educador baiano lan\u00e7a livro sobre sentimentos em Salvador"}]},{"@type":"WebSite","@id":"https:\/\/portalmf.com.br\/#website","url":"https:\/\/portalmf.com.br\/","name":"Portal MF","description":"Voc\u00ea conectado com a informa\u00e7\u00e3o","potentialAction":[{"@type":"SearchAction","target":{"@type":"EntryPoint","urlTemplate":"https:\/\/portalmf.com.br\/?s={search_term_string}"},"query-input":"required name=search_term_string"}],"inLanguage":"pt-BR"},{"@type":"Person","@id":"https:\/\/portalmf.com.br\/#\/schema\/person\/9ec101baf56233e53520c26de5d6f6f0","name":"Reda\u00e7\u00e3o Portal MF","image":{"@type":"ImageObject","inLanguage":"pt-BR","@id":"https:\/\/portalmf.com.br\/#\/schema\/person\/image\/","url":"https:\/\/secure.gravatar.com\/avatar\/41b9aaeb2100835f7c64362330f74c7f?s=96&d=mm&r=g","contentUrl":"https:\/\/secure.gravatar.com\/avatar\/41b9aaeb2100835f7c64362330f74c7f?s=96&d=mm&r=g","caption":"Reda\u00e7\u00e3o Portal MF"},"description":"Sejam bem-vindos o portal de informa\u00e7\u00f5es de entretenimento de Feira de Santana, desde 2006 realiza coberturas dos principais eventos com entrevistas exclusivas com as principais personalidades mundiais. Fique conectado tamb\u00e9m nas redes sociais.","sameAs":["http:\/\/www.portalmf.com.br\/","https:\/\/www.facebook.com\/portalmfoficial","https:\/\/www.instagram.com\/portalmf\/","https:\/\/x.com\/https:\/\/x.com\/portalmfoficial","https:\/\/www.youtube.com\/@portalmfoficial"],"url":"https:\/\/portalmf.com.br\/index.php\/author\/junior\/"}]}},"_links":{"self":[{"href":"https:\/\/portalmf.com.br\/index.php\/wp-json\/wp\/v2\/posts\/8221"}],"collection":[{"href":"https:\/\/portalmf.com.br\/index.php\/wp-json\/wp\/v2\/posts"}],"about":[{"href":"https:\/\/portalmf.com.br\/index.php\/wp-json\/wp\/v2\/types\/post"}],"author":[{"embeddable":true,"href":"https:\/\/portalmf.com.br\/index.php\/wp-json\/wp\/v2\/users\/3"}],"replies":[{"embeddable":true,"href":"https:\/\/portalmf.com.br\/index.php\/wp-json\/wp\/v2\/comments?post=8221"}],"version-history":[{"count":1,"href":"https:\/\/portalmf.com.br\/index.php\/wp-json\/wp\/v2\/posts\/8221\/revisions"}],"predecessor-version":[{"id":8223,"href":"https:\/\/portalmf.com.br\/index.php\/wp-json\/wp\/v2\/posts\/8221\/revisions\/8223"}],"wp:featuredmedia":[{"embeddable":true,"href":"https:\/\/portalmf.com.br\/index.php\/wp-json\/wp\/v2\/media\/8222"}],"wp:attachment":[{"href":"https:\/\/portalmf.com.br\/index.php\/wp-json\/wp\/v2\/media?parent=8221"}],"wp:term":[{"taxonomy":"category","embeddable":true,"href":"https:\/\/portalmf.com.br\/index.php\/wp-json\/wp\/v2\/categories?post=8221"},{"taxonomy":"post_tag","embeddable":true,"href":"https:\/\/portalmf.com.br\/index.php\/wp-json\/wp\/v2\/tags?post=8221"}],"curies":[{"name":"wp","href":"https:\/\/api.w.org\/{rel}","templated":true}]}}