{"id":8215,"date":"2023-01-23T14:30:21","date_gmt":"2023-01-23T17:30:21","guid":{"rendered":"https:\/\/portalmf.com.br\/?p=8215"},"modified":"2023-01-23T14:30:22","modified_gmt":"2023-01-23T17:30:22","slug":"festejos-populares-de-irara-traz-atracoes-como-saulo-parangole-e-tayrone","status":"publish","type":"post","link":"https:\/\/portalmf.com.br\/index.php\/2023\/01\/23\/festejos-populares-de-irara-traz-atracoes-como-saulo-parangole-e-tayrone\/","title":{"rendered":"Festejos Populares de Irar\u00e1 traz atra\u00e7\u00f5es como Saulo, Parangol\u00e9 e Tayrone"},"content":{"rendered":"\n<p>Irar\u00e1 est\u00e1 no clima de festa, como canta nosso querido compositor e cantor Tom Z\u00e9: \u201cZ\u00e9, Z\u00e9, Z\u00e9 Pop\u00f4, Foguete do ar me anunciou, Irar\u00e1 \u00e9 meu namoro e a lavagem \u00e9 meu amor. \u201d Ap\u00f3s dois anos, os Festejos Populares de Irar\u00e1 est\u00e3o de volta, um dos eventos mais importantes e tradicionais do calend\u00e1rio festivo da cidade acontecer\u00e1 no per\u00edodo de 27 a 30 de janeiro.<\/p>\n\n\n\n<p>A festa inicia no dia 27, por tradi\u00e7\u00e3o na \u00faltima sexta-feira do m\u00eas de janeiro, com a Lavagem em homenagem \u00e0 padroeira do munic\u00edpio, Nossa Senhora da Purifica\u00e7\u00e3o. Durante o percurso, a multid\u00e3o, com muita anima\u00e7\u00e3o, acompanha a famosa charanga de Irar\u00e1 e as manifesta\u00e7\u00f5es culturais.<\/p>\n\n\n\n<p>No palco ter\u00e3o shows de sexta a domingo, sempre a partir das 21h: Sexta (27) \u2013 Os Boyzinhos, Escandurras e Tayrone; S\u00e1bado (28) \u2013 Dom, Parangol\u00e9, Nenho e Oh Pol\u00eamico; Domingo (29) \u2013 Swing CS, Van J\u00fanior, Ad\u00e3o Negro e L\u00e1 F\u00faria.<\/p>\n\n\n\n<p>Ainda no domingo (29), durante o dia, tem o irreverente Bloco das Nigrinhas, o animado Bloco Abre Alas, e o Encontro de Pared\u00f5es.<\/p>\n\n\n\n<p>O encerramento ser\u00e1 na segunda (30) com a festa do Cruzeiro, com Saulo Fernades e depois Beto Santana, no trio el\u00e9trico.<\/p>\n\n\n\n<p><strong><em>PROGRAMA\u00c7\u00c3O:<\/em><\/strong><\/p>\n\n\n\n<p><strong>27\/01 \u2013 SEXTA<\/strong><\/p>\n\n\n\n<p>16:00h \u2013 Lavagem da Nossa Senhora da Purifica\u00e7\u00e3o dos Campos. Concentra\u00e7\u00e3o em frente \u00e0 casa de M\u00e3e Mel\u00e2nia.<\/p>\n\n\n\n<p>Shows<\/p>\n\n\n\n<p>21:00h \u2013 OS BOYZINHOS<\/p>\n\n\n\n<p>22h20 \u2013 DAN\u00c7A: SWING DANCE<\/p>\n\n\n\n<p>22h30 \u2013 ESCANDURRAS<\/p>\n\n\n\n<p>0:20h \u2013 DAN\u00c7A: BLACK ON WHITE<\/p>\n\n\n\n<p>0:30h \u2013 TAYRONE<\/p>\n\n\n\n<p><strong>28\/01 \u2013 S\u00c1BADO<\/strong><\/p>\n\n\n\n<p>21:00h \u2013 DOM<\/p>\n\n\n\n<p>23h20 \u2013 DAN\u00c7A: FEELINGS DANCE<\/p>\n\n\n\n<p>23h30 -PARANGOL\u00c9<\/p>\n\n\n\n<p>1:20h \u2013 DAN\u00c7A: THE QUEENS<\/p>\n\n\n\n<p>1h30 \u2013 NENHO<\/p>\n\n\n\n<p>3h30 \u2013 OH POL\u00caMICO<\/p>\n\n\n\n<p><strong>29\/01 \u2013 DOMINGO<\/strong><\/p>\n\n\n\n<p>21:00h \u2013 SWING CS<\/p>\n\n\n\n<p>22:20h \u2013 DAN\u00c7A: IRADANCE<\/p>\n\n\n\n<p>22h30 \u2013 VAN J\u00daNIOR<\/p>\n\n\n\n<p>23h50 \u2013 DAN\u00c7A: FS DANCE<\/p>\n\n\n\n<p>00h00 \u2013 AD\u00c3O NEGRO<\/p>\n\n\n\n<p>02h00 \u2013 L\u00c1 FURIA<\/p>\n\n\n\n<p><strong>30\/01 \u2013 SEGUNDA<\/strong><\/p>\n\n\n\n<p>FESTA DO CRUZEIRO<\/p>\n\n\n\n<p>11:00h \u2013 LEIL\u00c3O<\/p>\n\n\n\n<p>16:00 \u2013 ARRAST\u00c3O COM O CANTOR SAULO FERNANDES E BETO SANTANA NO TRIO EL\u00c9TRICO<\/p>\n","protected":false},"excerpt":{"rendered":"<p>Irar\u00e1 est\u00e1 no clima de festa, como canta nosso querido compositor e cantor Tom Z\u00e9: \u201cZ\u00e9, Z\u00e9, Z\u00e9 Pop\u00f4, Foguete do ar me anunciou, Irar\u00e1 \u00e9 meu namoro e a lavagem \u00e9 meu amor. \u201d Ap\u00f3s dois anos, os Festejos Populares de Irar\u00e1 est\u00e3o de volta, um dos eventos mais importantes e tradicionais do calend\u00e1rio [&hellip;]<\/p>\n","protected":false},"author":3,"featured_media":8216,"comment_status":"open","ping_status":"open","sticky":false,"template":"","format":"standard","meta":{"_monsterinsights_skip_tracking":false,"_monsterinsights_sitenote_active":false,"_monsterinsights_sitenote_note":"","_monsterinsights_sitenote_category":0,"footnotes":""},"categories":[47,45],"tags":[],"yoast_head":"<!-- This site is optimized with the Yoast SEO plugin v22.9 - https:\/\/yoast.com\/wordpress\/plugins\/seo\/ -->\n<title>Festejos Populares de Irar\u00e1 traz atra\u00e7\u00f5es como Saulo, Parangol\u00e9 e Tayrone - Portal MF<\/title>\n<meta name=\"robots\" content=\"index, follow, max-snippet:-1, max-image-preview:large, max-video-preview:-1\" \/>\n<link rel=\"canonical\" href=\"https:\/\/portalmf.com.br\/index.php\/2023\/01\/23\/festejos-populares-de-irara-traz-atracoes-como-saulo-parangole-e-tayrone\/\" \/>\n<meta property=\"og:locale\" content=\"pt_BR\" \/>\n<meta property=\"og:type\" content=\"article\" \/>\n<meta property=\"og:title\" content=\"Festejos Populares de Irar\u00e1 traz atra\u00e7\u00f5es como Saulo, Parangol\u00e9 e Tayrone - Portal MF\" \/>\n<meta property=\"og:description\" content=\"Irar\u00e1 est\u00e1 no clima de festa, como canta nosso querido compositor e cantor Tom Z\u00e9: \u201cZ\u00e9, Z\u00e9, Z\u00e9 Pop\u00f4, Foguete do ar me anunciou, Irar\u00e1 \u00e9 meu namoro e a lavagem \u00e9 meu amor. \u201d Ap\u00f3s dois anos, os Festejos Populares de Irar\u00e1 est\u00e3o de volta, um dos eventos mais importantes e tradicionais do calend\u00e1rio [&hellip;]\" \/>\n<meta property=\"og:url\" content=\"https:\/\/portalmf.com.br\/index.php\/2023\/01\/23\/festejos-populares-de-irara-traz-atracoes-como-saulo-parangole-e-tayrone\/\" \/>\n<meta property=\"og:site_name\" content=\"Portal MF\" \/>\n<meta property=\"article:author\" content=\"https:\/\/www.facebook.com\/portalmfoficial\" \/>\n<meta property=\"article:published_time\" content=\"2023-01-23T17:30:21+00:00\" \/>\n<meta property=\"article:modified_time\" content=\"2023-01-23T17:30:22+00:00\" \/>\n<meta property=\"og:image\" content=\"https:\/\/portalmf.com.br\/wp-content\/uploads\/2023\/01\/lavagem_de_irara.jpg\" \/>\n\t<meta property=\"og:image:width\" content=\"700\" \/>\n\t<meta property=\"og:image:height\" content=\"400\" \/>\n\t<meta property=\"og:image:type\" content=\"image\/jpeg\" \/>\n<meta name=\"author\" content=\"Reda\u00e7\u00e3o Portal MF\" \/>\n<meta name=\"twitter:card\" content=\"summary_large_image\" \/>\n<meta name=\"twitter:creator\" content=\"@https:\/\/x.com\/portalmfoficial\" \/>\n<meta name=\"twitter:label1\" content=\"Escrito por\" \/>\n\t<meta name=\"twitter:data1\" content=\"Reda\u00e7\u00e3o Portal MF\" \/>\n\t<meta name=\"twitter:label2\" content=\"Est. tempo de leitura\" \/>\n\t<meta name=\"twitter:data2\" content=\"2 minutos\" \/>\n<script type=\"application\/ld+json\" class=\"yoast-schema-graph\">{\"@context\":\"https:\/\/schema.org\",\"@graph\":[{\"@type\":\"WebPage\",\"@id\":\"https:\/\/portalmf.com.br\/index.php\/2023\/01\/23\/festejos-populares-de-irara-traz-atracoes-como-saulo-parangole-e-tayrone\/\",\"url\":\"https:\/\/portalmf.com.br\/index.php\/2023\/01\/23\/festejos-populares-de-irara-traz-atracoes-como-saulo-parangole-e-tayrone\/\",\"name\":\"Festejos Populares de Irar\u00e1 traz atra\u00e7\u00f5es como Saulo, Parangol\u00e9 e Tayrone - Portal MF\",\"isPartOf\":{\"@id\":\"https:\/\/portalmf.com.br\/#website\"},\"primaryImageOfPage\":{\"@id\":\"https:\/\/portalmf.com.br\/index.php\/2023\/01\/23\/festejos-populares-de-irara-traz-atracoes-como-saulo-parangole-e-tayrone\/#primaryimage\"},\"image\":{\"@id\":\"https:\/\/portalmf.com.br\/index.php\/2023\/01\/23\/festejos-populares-de-irara-traz-atracoes-como-saulo-parangole-e-tayrone\/#primaryimage\"},\"thumbnailUrl\":\"https:\/\/portalmf.com.br\/wp-content\/uploads\/2023\/01\/lavagem_de_irara.jpg\",\"datePublished\":\"2023-01-23T17:30:21+00:00\",\"dateModified\":\"2023-01-23T17:30:22+00:00\",\"author\":{\"@id\":\"https:\/\/portalmf.com.br\/#\/schema\/person\/9ec101baf56233e53520c26de5d6f6f0\"},\"breadcrumb\":{\"@id\":\"https:\/\/portalmf.com.br\/index.php\/2023\/01\/23\/festejos-populares-de-irara-traz-atracoes-como-saulo-parangole-e-tayrone\/#breadcrumb\"},\"inLanguage\":\"pt-BR\",\"potentialAction\":[{\"@type\":\"ReadAction\",\"target\":[\"https:\/\/portalmf.com.br\/index.php\/2023\/01\/23\/festejos-populares-de-irara-traz-atracoes-como-saulo-parangole-e-tayrone\/\"]}]},{\"@type\":\"ImageObject\",\"inLanguage\":\"pt-BR\",\"@id\":\"https:\/\/portalmf.com.br\/index.php\/2023\/01\/23\/festejos-populares-de-irara-traz-atracoes-como-saulo-parangole-e-tayrone\/#primaryimage\",\"url\":\"https:\/\/portalmf.com.br\/wp-content\/uploads\/2023\/01\/lavagem_de_irara.jpg\",\"contentUrl\":\"https:\/\/portalmf.com.br\/wp-content\/uploads\/2023\/01\/lavagem_de_irara.jpg\",\"width\":700,\"height\":400},{\"@type\":\"BreadcrumbList\",\"@id\":\"https:\/\/portalmf.com.br\/index.php\/2023\/01\/23\/festejos-populares-de-irara-traz-atracoes-como-saulo-parangole-e-tayrone\/#breadcrumb\",\"itemListElement\":[{\"@type\":\"ListItem\",\"position\":1,\"name\":\"In\u00edcio\",\"item\":\"https:\/\/portalmf.com.br\/\"},{\"@type\":\"ListItem\",\"position\":2,\"name\":\"Festejos Populares de Irar\u00e1 traz atra\u00e7\u00f5es como Saulo, Parangol\u00e9 e Tayrone\"}]},{\"@type\":\"WebSite\",\"@id\":\"https:\/\/portalmf.com.br\/#website\",\"url\":\"https:\/\/portalmf.com.br\/\",\"name\":\"Portal MF\",\"description\":\"Voc\u00ea conectado com a informa\u00e7\u00e3o\",\"potentialAction\":[{\"@type\":\"SearchAction\",\"target\":{\"@type\":\"EntryPoint\",\"urlTemplate\":\"https:\/\/portalmf.com.br\/?s={search_term_string}\"},\"query-input\":\"required name=search_term_string\"}],\"inLanguage\":\"pt-BR\"},{\"@type\":\"Person\",\"@id\":\"https:\/\/portalmf.com.br\/#\/schema\/person\/9ec101baf56233e53520c26de5d6f6f0\",\"name\":\"Reda\u00e7\u00e3o Portal MF\",\"image\":{\"@type\":\"ImageObject\",\"inLanguage\":\"pt-BR\",\"@id\":\"https:\/\/portalmf.com.br\/#\/schema\/person\/image\/\",\"url\":\"https:\/\/secure.gravatar.com\/avatar\/41b9aaeb2100835f7c64362330f74c7f?s=96&d=mm&r=g\",\"contentUrl\":\"https:\/\/secure.gravatar.com\/avatar\/41b9aaeb2100835f7c64362330f74c7f?s=96&d=mm&r=g\",\"caption\":\"Reda\u00e7\u00e3o Portal MF\"},\"description\":\"Sejam bem-vindos o portal de informa\u00e7\u00f5es de entretenimento de Feira de Santana, desde 2006 realiza coberturas dos principais eventos com entrevistas exclusivas com as principais personalidades mundiais. Fique conectado tamb\u00e9m nas redes sociais.\",\"sameAs\":[\"http:\/\/www.portalmf.com.br\/\",\"https:\/\/www.facebook.com\/portalmfoficial\",\"https:\/\/www.instagram.com\/portalmf\/\",\"https:\/\/x.com\/https:\/\/x.com\/portalmfoficial\",\"https:\/\/www.youtube.com\/@portalmfoficial\"],\"url\":\"https:\/\/portalmf.com.br\/index.php\/author\/junior\/\"}]}<\/script>\n<!-- \/ Yoast SEO plugin. -->","yoast_head_json":{"title":"Festejos Populares de Irar\u00e1 traz atra\u00e7\u00f5es como Saulo, Parangol\u00e9 e Tayrone - Portal MF","robots":{"index":"index","follow":"follow","max-snippet":"max-snippet:-1","max-image-preview":"max-image-preview:large","max-video-preview":"max-video-preview:-1"},"canonical":"https:\/\/portalmf.com.br\/index.php\/2023\/01\/23\/festejos-populares-de-irara-traz-atracoes-como-saulo-parangole-e-tayrone\/","og_locale":"pt_BR","og_type":"article","og_title":"Festejos Populares de Irar\u00e1 traz atra\u00e7\u00f5es como Saulo, Parangol\u00e9 e Tayrone - Portal MF","og_description":"Irar\u00e1 est\u00e1 no clima de festa, como canta nosso querido compositor e cantor Tom Z\u00e9: \u201cZ\u00e9, Z\u00e9, Z\u00e9 Pop\u00f4, Foguete do ar me anunciou, Irar\u00e1 \u00e9 meu namoro e a lavagem \u00e9 meu amor. \u201d Ap\u00f3s dois anos, os Festejos Populares de Irar\u00e1 est\u00e3o de volta, um dos eventos mais importantes e tradicionais do calend\u00e1rio [&hellip;]","og_url":"https:\/\/portalmf.com.br\/index.php\/2023\/01\/23\/festejos-populares-de-irara-traz-atracoes-como-saulo-parangole-e-tayrone\/","og_site_name":"Portal MF","article_author":"https:\/\/www.facebook.com\/portalmfoficial","article_published_time":"2023-01-23T17:30:21+00:00","article_modified_time":"2023-01-23T17:30:22+00:00","og_image":[{"width":700,"height":400,"url":"https:\/\/portalmf.com.br\/wp-content\/uploads\/2023\/01\/lavagem_de_irara.jpg","type":"image\/jpeg"}],"author":"Reda\u00e7\u00e3o Portal MF","twitter_card":"summary_large_image","twitter_creator":"@https:\/\/x.com\/portalmfoficial","twitter_misc":{"Escrito por":"Reda\u00e7\u00e3o Portal MF","Est. tempo de leitura":"2 minutos"},"schema":{"@context":"https:\/\/schema.org","@graph":[{"@type":"WebPage","@id":"https:\/\/portalmf.com.br\/index.php\/2023\/01\/23\/festejos-populares-de-irara-traz-atracoes-como-saulo-parangole-e-tayrone\/","url":"https:\/\/portalmf.com.br\/index.php\/2023\/01\/23\/festejos-populares-de-irara-traz-atracoes-como-saulo-parangole-e-tayrone\/","name":"Festejos Populares de Irar\u00e1 traz atra\u00e7\u00f5es como Saulo, Parangol\u00e9 e Tayrone - Portal MF","isPartOf":{"@id":"https:\/\/portalmf.com.br\/#website"},"primaryImageOfPage":{"@id":"https:\/\/portalmf.com.br\/index.php\/2023\/01\/23\/festejos-populares-de-irara-traz-atracoes-como-saulo-parangole-e-tayrone\/#primaryimage"},"image":{"@id":"https:\/\/portalmf.com.br\/index.php\/2023\/01\/23\/festejos-populares-de-irara-traz-atracoes-como-saulo-parangole-e-tayrone\/#primaryimage"},"thumbnailUrl":"https:\/\/portalmf.com.br\/wp-content\/uploads\/2023\/01\/lavagem_de_irara.jpg","datePublished":"2023-01-23T17:30:21+00:00","dateModified":"2023-01-23T17:30:22+00:00","author":{"@id":"https:\/\/portalmf.com.br\/#\/schema\/person\/9ec101baf56233e53520c26de5d6f6f0"},"breadcrumb":{"@id":"https:\/\/portalmf.com.br\/index.php\/2023\/01\/23\/festejos-populares-de-irara-traz-atracoes-como-saulo-parangole-e-tayrone\/#breadcrumb"},"inLanguage":"pt-BR","potentialAction":[{"@type":"ReadAction","target":["https:\/\/portalmf.com.br\/index.php\/2023\/01\/23\/festejos-populares-de-irara-traz-atracoes-como-saulo-parangole-e-tayrone\/"]}]},{"@type":"ImageObject","inLanguage":"pt-BR","@id":"https:\/\/portalmf.com.br\/index.php\/2023\/01\/23\/festejos-populares-de-irara-traz-atracoes-como-saulo-parangole-e-tayrone\/#primaryimage","url":"https:\/\/portalmf.com.br\/wp-content\/uploads\/2023\/01\/lavagem_de_irara.jpg","contentUrl":"https:\/\/portalmf.com.br\/wp-content\/uploads\/2023\/01\/lavagem_de_irara.jpg","width":700,"height":400},{"@type":"BreadcrumbList","@id":"https:\/\/portalmf.com.br\/index.php\/2023\/01\/23\/festejos-populares-de-irara-traz-atracoes-como-saulo-parangole-e-tayrone\/#breadcrumb","itemListElement":[{"@type":"ListItem","position":1,"name":"In\u00edcio","item":"https:\/\/portalmf.com.br\/"},{"@type":"ListItem","position":2,"name":"Festejos Populares de Irar\u00e1 traz atra\u00e7\u00f5es como Saulo, Parangol\u00e9 e Tayrone"}]},{"@type":"WebSite","@id":"https:\/\/portalmf.com.br\/#website","url":"https:\/\/portalmf.com.br\/","name":"Portal MF","description":"Voc\u00ea conectado com a informa\u00e7\u00e3o","potentialAction":[{"@type":"SearchAction","target":{"@type":"EntryPoint","urlTemplate":"https:\/\/portalmf.com.br\/?s={search_term_string}"},"query-input":"required name=search_term_string"}],"inLanguage":"pt-BR"},{"@type":"Person","@id":"https:\/\/portalmf.com.br\/#\/schema\/person\/9ec101baf56233e53520c26de5d6f6f0","name":"Reda\u00e7\u00e3o Portal MF","image":{"@type":"ImageObject","inLanguage":"pt-BR","@id":"https:\/\/portalmf.com.br\/#\/schema\/person\/image\/","url":"https:\/\/secure.gravatar.com\/avatar\/41b9aaeb2100835f7c64362330f74c7f?s=96&d=mm&r=g","contentUrl":"https:\/\/secure.gravatar.com\/avatar\/41b9aaeb2100835f7c64362330f74c7f?s=96&d=mm&r=g","caption":"Reda\u00e7\u00e3o Portal MF"},"description":"Sejam bem-vindos o portal de informa\u00e7\u00f5es de entretenimento de Feira de Santana, desde 2006 realiza coberturas dos principais eventos com entrevistas exclusivas com as principais personalidades mundiais. Fique conectado tamb\u00e9m nas redes sociais.","sameAs":["http:\/\/www.portalmf.com.br\/","https:\/\/www.facebook.com\/portalmfoficial","https:\/\/www.instagram.com\/portalmf\/","https:\/\/x.com\/https:\/\/x.com\/portalmfoficial","https:\/\/www.youtube.com\/@portalmfoficial"],"url":"https:\/\/portalmf.com.br\/index.php\/author\/junior\/"}]}},"_links":{"self":[{"href":"https:\/\/portalmf.com.br\/index.php\/wp-json\/wp\/v2\/posts\/8215"}],"collection":[{"href":"https:\/\/portalmf.com.br\/index.php\/wp-json\/wp\/v2\/posts"}],"about":[{"href":"https:\/\/portalmf.com.br\/index.php\/wp-json\/wp\/v2\/types\/post"}],"author":[{"embeddable":true,"href":"https:\/\/portalmf.com.br\/index.php\/wp-json\/wp\/v2\/users\/3"}],"replies":[{"embeddable":true,"href":"https:\/\/portalmf.com.br\/index.php\/wp-json\/wp\/v2\/comments?post=8215"}],"version-history":[{"count":1,"href":"https:\/\/portalmf.com.br\/index.php\/wp-json\/wp\/v2\/posts\/8215\/revisions"}],"predecessor-version":[{"id":8217,"href":"https:\/\/portalmf.com.br\/index.php\/wp-json\/wp\/v2\/posts\/8215\/revisions\/8217"}],"wp:featuredmedia":[{"embeddable":true,"href":"https:\/\/portalmf.com.br\/index.php\/wp-json\/wp\/v2\/media\/8216"}],"wp:attachment":[{"href":"https:\/\/portalmf.com.br\/index.php\/wp-json\/wp\/v2\/media?parent=8215"}],"wp:term":[{"taxonomy":"category","embeddable":true,"href":"https:\/\/portalmf.com.br\/index.php\/wp-json\/wp\/v2\/categories?post=8215"},{"taxonomy":"post_tag","embeddable":true,"href":"https:\/\/portalmf.com.br\/index.php\/wp-json\/wp\/v2\/tags?post=8215"}],"curies":[{"name":"wp","href":"https:\/\/api.w.org\/{rel}","templated":true}]}}