{"id":8212,"date":"2023-01-23T14:11:56","date_gmt":"2023-01-23T17:11:56","guid":{"rendered":"https:\/\/portalmf.com.br\/?p=8212"},"modified":"2023-01-23T14:11:57","modified_gmt":"2023-01-23T17:11:57","slug":"marcia-porto-se-apresenta-no-festival-de-forro-de-riachao-do-jacuipe","status":"publish","type":"post","link":"https:\/\/portalmf.com.br\/index.php\/2023\/01\/23\/marcia-porto-se-apresenta-no-festival-de-forro-de-riachao-do-jacuipe\/","title":{"rendered":"M\u00e1rcia Porto se apresenta no Festival de Forr\u00f3 de Riach\u00e3o do Jacu\u00edpe"},"content":{"rendered":"\n<p>A cantora M\u00e1rcia Porto \u00e9 uma das atra\u00e7\u00f5es da primeira edi\u00e7\u00e3o do Festival de Forr\u00f3 de Riach\u00e3o de Jacu\u00edpe. O evento acontece nos dias 27 e 28 de janeiro e conta com nomes como Elba Ramalho, Nando Cordel, Trio Nordestino, Del Feliz, Mariana Aydar, Santana o Cantador, al\u00e9m de mais de 30 atra\u00e7\u00f5es.<\/p>\n\n\n\n<p>\u201cCom certeza \u00e9 um marco importante pra Bahia que tem grandes artistas que lutam para preservar o aut\u00eantico forr\u00f3 nordestino. Por se tratar de um evento com diversos artistas e uma preocupa\u00e7\u00e3o em incluir a diversidade cultural e estimular a economia criativa , sua import\u00e2ncia vai al\u00e9m de um evento musical\u201d, observa M\u00e1rcia Porto.<\/p>\n\n\n\n<p>\u201cTrazer o forr\u00f3 para janeiro quebra paradigmas e estimula o mercado, de forma democr\u00e1tica, a abrir mais espa\u00e7o para o forr\u00f3 fora do per\u00edodo junino. O forr\u00f3 \u00e9 uma forte manifesta\u00e7\u00e3o cultural de identidade democr\u00e1tica\u201d, conclui compositora e int\u00e9rprete ecl\u00e9tica que tem na m\u00fasica nordestina sua maior refer\u00eancia.<\/p>\n\n\n\n<p>Para M\u00e1rcia, participar deste primeiro festival demonstra tamb\u00e9m sua relev\u00e2ncia na luta da preserva\u00e7\u00e3o deste g\u00eanero. O evento \u00e9 gratuito e acontece na Pra\u00e7a Landulfo Alves, no centro da cidade. O Festival de Forr\u00f3 \u00e9 uma realiza\u00e7\u00e3o da Prefeitura de Riach\u00e3o do Jacu\u00edpe com a Enredo Produ\u00e7\u00f5es. M\u00e1rcia Porto se apresenta no dia 27.<\/p>\n","protected":false},"excerpt":{"rendered":"<p>A cantora M\u00e1rcia Porto \u00e9 uma das atra\u00e7\u00f5es da primeira edi\u00e7\u00e3o do Festival de Forr\u00f3 de Riach\u00e3o de Jacu\u00edpe. O evento acontece nos dias 27 e 28 de janeiro e conta com nomes como Elba Ramalho, Nando Cordel, Trio Nordestino, Del Feliz, Mariana Aydar, Santana o Cantador, al\u00e9m de mais de 30 atra\u00e7\u00f5es. \u201cCom certeza [&hellip;]<\/p>\n","protected":false},"author":3,"featured_media":8213,"comment_status":"open","ping_status":"open","sticky":false,"template":"","format":"standard","meta":{"_monsterinsights_skip_tracking":false,"_monsterinsights_sitenote_active":false,"_monsterinsights_sitenote_note":"","_monsterinsights_sitenote_category":0,"footnotes":""},"categories":[40,47,45],"tags":[],"yoast_head":"<!-- This site is optimized with the Yoast SEO plugin v22.9 - https:\/\/yoast.com\/wordpress\/plugins\/seo\/ -->\n<title>M\u00e1rcia Porto se apresenta no Festival de Forr\u00f3 de Riach\u00e3o do Jacu\u00edpe - Portal MF<\/title>\n<meta name=\"robots\" content=\"index, follow, max-snippet:-1, max-image-preview:large, max-video-preview:-1\" \/>\n<link rel=\"canonical\" href=\"https:\/\/portalmf.com.br\/index.php\/2023\/01\/23\/marcia-porto-se-apresenta-no-festival-de-forro-de-riachao-do-jacuipe\/\" \/>\n<meta property=\"og:locale\" content=\"pt_BR\" \/>\n<meta property=\"og:type\" content=\"article\" \/>\n<meta property=\"og:title\" content=\"M\u00e1rcia Porto se apresenta no Festival de Forr\u00f3 de Riach\u00e3o do Jacu\u00edpe - Portal MF\" \/>\n<meta property=\"og:description\" content=\"A cantora M\u00e1rcia Porto \u00e9 uma das atra\u00e7\u00f5es da primeira edi\u00e7\u00e3o do Festival de Forr\u00f3 de Riach\u00e3o de Jacu\u00edpe. O evento acontece nos dias 27 e 28 de janeiro e conta com nomes como Elba Ramalho, Nando Cordel, Trio Nordestino, Del Feliz, Mariana Aydar, Santana o Cantador, al\u00e9m de mais de 30 atra\u00e7\u00f5es. \u201cCom certeza [&hellip;]\" \/>\n<meta property=\"og:url\" content=\"https:\/\/portalmf.com.br\/index.php\/2023\/01\/23\/marcia-porto-se-apresenta-no-festival-de-forro-de-riachao-do-jacuipe\/\" \/>\n<meta property=\"og:site_name\" content=\"Portal MF\" \/>\n<meta property=\"article:author\" content=\"https:\/\/www.facebook.com\/portalmfoficial\" \/>\n<meta property=\"article:published_time\" content=\"2023-01-23T17:11:56+00:00\" \/>\n<meta property=\"article:modified_time\" content=\"2023-01-23T17:11:57+00:00\" \/>\n<meta property=\"og:image\" content=\"https:\/\/portalmf.com.br\/wp-content\/uploads\/2023\/01\/MARCIA-PORTO.jpg\" \/>\n\t<meta property=\"og:image:width\" content=\"940\" \/>\n\t<meta property=\"og:image:height\" content=\"639\" \/>\n\t<meta property=\"og:image:type\" content=\"image\/jpeg\" \/>\n<meta name=\"author\" content=\"Reda\u00e7\u00e3o Portal MF\" \/>\n<meta name=\"twitter:card\" content=\"summary_large_image\" \/>\n<meta name=\"twitter:creator\" content=\"@https:\/\/x.com\/portalmfoficial\" \/>\n<meta name=\"twitter:label1\" content=\"Escrito por\" \/>\n\t<meta name=\"twitter:data1\" content=\"Reda\u00e7\u00e3o Portal MF\" \/>\n\t<meta name=\"twitter:label2\" content=\"Est. tempo de leitura\" \/>\n\t<meta name=\"twitter:data2\" content=\"2 minutos\" \/>\n<script type=\"application\/ld+json\" class=\"yoast-schema-graph\">{\"@context\":\"https:\/\/schema.org\",\"@graph\":[{\"@type\":\"WebPage\",\"@id\":\"https:\/\/portalmf.com.br\/index.php\/2023\/01\/23\/marcia-porto-se-apresenta-no-festival-de-forro-de-riachao-do-jacuipe\/\",\"url\":\"https:\/\/portalmf.com.br\/index.php\/2023\/01\/23\/marcia-porto-se-apresenta-no-festival-de-forro-de-riachao-do-jacuipe\/\",\"name\":\"M\u00e1rcia Porto se apresenta no Festival de Forr\u00f3 de Riach\u00e3o do Jacu\u00edpe - Portal MF\",\"isPartOf\":{\"@id\":\"https:\/\/portalmf.com.br\/#website\"},\"primaryImageOfPage\":{\"@id\":\"https:\/\/portalmf.com.br\/index.php\/2023\/01\/23\/marcia-porto-se-apresenta-no-festival-de-forro-de-riachao-do-jacuipe\/#primaryimage\"},\"image\":{\"@id\":\"https:\/\/portalmf.com.br\/index.php\/2023\/01\/23\/marcia-porto-se-apresenta-no-festival-de-forro-de-riachao-do-jacuipe\/#primaryimage\"},\"thumbnailUrl\":\"https:\/\/portalmf.com.br\/wp-content\/uploads\/2023\/01\/MARCIA-PORTO.jpg\",\"datePublished\":\"2023-01-23T17:11:56+00:00\",\"dateModified\":\"2023-01-23T17:11:57+00:00\",\"author\":{\"@id\":\"https:\/\/portalmf.com.br\/#\/schema\/person\/9ec101baf56233e53520c26de5d6f6f0\"},\"breadcrumb\":{\"@id\":\"https:\/\/portalmf.com.br\/index.php\/2023\/01\/23\/marcia-porto-se-apresenta-no-festival-de-forro-de-riachao-do-jacuipe\/#breadcrumb\"},\"inLanguage\":\"pt-BR\",\"potentialAction\":[{\"@type\":\"ReadAction\",\"target\":[\"https:\/\/portalmf.com.br\/index.php\/2023\/01\/23\/marcia-porto-se-apresenta-no-festival-de-forro-de-riachao-do-jacuipe\/\"]}]},{\"@type\":\"ImageObject\",\"inLanguage\":\"pt-BR\",\"@id\":\"https:\/\/portalmf.com.br\/index.php\/2023\/01\/23\/marcia-porto-se-apresenta-no-festival-de-forro-de-riachao-do-jacuipe\/#primaryimage\",\"url\":\"https:\/\/portalmf.com.br\/wp-content\/uploads\/2023\/01\/MARCIA-PORTO.jpg\",\"contentUrl\":\"https:\/\/portalmf.com.br\/wp-content\/uploads\/2023\/01\/MARCIA-PORTO.jpg\",\"width\":940,\"height\":639},{\"@type\":\"BreadcrumbList\",\"@id\":\"https:\/\/portalmf.com.br\/index.php\/2023\/01\/23\/marcia-porto-se-apresenta-no-festival-de-forro-de-riachao-do-jacuipe\/#breadcrumb\",\"itemListElement\":[{\"@type\":\"ListItem\",\"position\":1,\"name\":\"In\u00edcio\",\"item\":\"https:\/\/portalmf.com.br\/\"},{\"@type\":\"ListItem\",\"position\":2,\"name\":\"M\u00e1rcia Porto se apresenta no Festival de Forr\u00f3 de Riach\u00e3o do Jacu\u00edpe\"}]},{\"@type\":\"WebSite\",\"@id\":\"https:\/\/portalmf.com.br\/#website\",\"url\":\"https:\/\/portalmf.com.br\/\",\"name\":\"Portal MF\",\"description\":\"Voc\u00ea conectado com a informa\u00e7\u00e3o\",\"potentialAction\":[{\"@type\":\"SearchAction\",\"target\":{\"@type\":\"EntryPoint\",\"urlTemplate\":\"https:\/\/portalmf.com.br\/?s={search_term_string}\"},\"query-input\":\"required name=search_term_string\"}],\"inLanguage\":\"pt-BR\"},{\"@type\":\"Person\",\"@id\":\"https:\/\/portalmf.com.br\/#\/schema\/person\/9ec101baf56233e53520c26de5d6f6f0\",\"name\":\"Reda\u00e7\u00e3o Portal MF\",\"image\":{\"@type\":\"ImageObject\",\"inLanguage\":\"pt-BR\",\"@id\":\"https:\/\/portalmf.com.br\/#\/schema\/person\/image\/\",\"url\":\"https:\/\/secure.gravatar.com\/avatar\/41b9aaeb2100835f7c64362330f74c7f?s=96&d=mm&r=g\",\"contentUrl\":\"https:\/\/secure.gravatar.com\/avatar\/41b9aaeb2100835f7c64362330f74c7f?s=96&d=mm&r=g\",\"caption\":\"Reda\u00e7\u00e3o Portal MF\"},\"description\":\"Sejam bem-vindos o portal de informa\u00e7\u00f5es de entretenimento de Feira de Santana, desde 2006 realiza coberturas dos principais eventos com entrevistas exclusivas com as principais personalidades mundiais. Fique conectado tamb\u00e9m nas redes sociais.\",\"sameAs\":[\"http:\/\/www.portalmf.com.br\/\",\"https:\/\/www.facebook.com\/portalmfoficial\",\"https:\/\/www.instagram.com\/portalmf\/\",\"https:\/\/x.com\/https:\/\/x.com\/portalmfoficial\",\"https:\/\/www.youtube.com\/@portalmfoficial\"],\"url\":\"https:\/\/portalmf.com.br\/index.php\/author\/junior\/\"}]}<\/script>\n<!-- \/ Yoast SEO plugin. -->","yoast_head_json":{"title":"M\u00e1rcia Porto se apresenta no Festival de Forr\u00f3 de Riach\u00e3o do Jacu\u00edpe - Portal MF","robots":{"index":"index","follow":"follow","max-snippet":"max-snippet:-1","max-image-preview":"max-image-preview:large","max-video-preview":"max-video-preview:-1"},"canonical":"https:\/\/portalmf.com.br\/index.php\/2023\/01\/23\/marcia-porto-se-apresenta-no-festival-de-forro-de-riachao-do-jacuipe\/","og_locale":"pt_BR","og_type":"article","og_title":"M\u00e1rcia Porto se apresenta no Festival de Forr\u00f3 de Riach\u00e3o do Jacu\u00edpe - Portal MF","og_description":"A cantora M\u00e1rcia Porto \u00e9 uma das atra\u00e7\u00f5es da primeira edi\u00e7\u00e3o do Festival de Forr\u00f3 de Riach\u00e3o de Jacu\u00edpe. O evento acontece nos dias 27 e 28 de janeiro e conta com nomes como Elba Ramalho, Nando Cordel, Trio Nordestino, Del Feliz, Mariana Aydar, Santana o Cantador, al\u00e9m de mais de 30 atra\u00e7\u00f5es. \u201cCom certeza [&hellip;]","og_url":"https:\/\/portalmf.com.br\/index.php\/2023\/01\/23\/marcia-porto-se-apresenta-no-festival-de-forro-de-riachao-do-jacuipe\/","og_site_name":"Portal MF","article_author":"https:\/\/www.facebook.com\/portalmfoficial","article_published_time":"2023-01-23T17:11:56+00:00","article_modified_time":"2023-01-23T17:11:57+00:00","og_image":[{"width":940,"height":639,"url":"https:\/\/portalmf.com.br\/wp-content\/uploads\/2023\/01\/MARCIA-PORTO.jpg","type":"image\/jpeg"}],"author":"Reda\u00e7\u00e3o Portal MF","twitter_card":"summary_large_image","twitter_creator":"@https:\/\/x.com\/portalmfoficial","twitter_misc":{"Escrito por":"Reda\u00e7\u00e3o Portal MF","Est. tempo de leitura":"2 minutos"},"schema":{"@context":"https:\/\/schema.org","@graph":[{"@type":"WebPage","@id":"https:\/\/portalmf.com.br\/index.php\/2023\/01\/23\/marcia-porto-se-apresenta-no-festival-de-forro-de-riachao-do-jacuipe\/","url":"https:\/\/portalmf.com.br\/index.php\/2023\/01\/23\/marcia-porto-se-apresenta-no-festival-de-forro-de-riachao-do-jacuipe\/","name":"M\u00e1rcia Porto se apresenta no Festival de Forr\u00f3 de Riach\u00e3o do Jacu\u00edpe - Portal MF","isPartOf":{"@id":"https:\/\/portalmf.com.br\/#website"},"primaryImageOfPage":{"@id":"https:\/\/portalmf.com.br\/index.php\/2023\/01\/23\/marcia-porto-se-apresenta-no-festival-de-forro-de-riachao-do-jacuipe\/#primaryimage"},"image":{"@id":"https:\/\/portalmf.com.br\/index.php\/2023\/01\/23\/marcia-porto-se-apresenta-no-festival-de-forro-de-riachao-do-jacuipe\/#primaryimage"},"thumbnailUrl":"https:\/\/portalmf.com.br\/wp-content\/uploads\/2023\/01\/MARCIA-PORTO.jpg","datePublished":"2023-01-23T17:11:56+00:00","dateModified":"2023-01-23T17:11:57+00:00","author":{"@id":"https:\/\/portalmf.com.br\/#\/schema\/person\/9ec101baf56233e53520c26de5d6f6f0"},"breadcrumb":{"@id":"https:\/\/portalmf.com.br\/index.php\/2023\/01\/23\/marcia-porto-se-apresenta-no-festival-de-forro-de-riachao-do-jacuipe\/#breadcrumb"},"inLanguage":"pt-BR","potentialAction":[{"@type":"ReadAction","target":["https:\/\/portalmf.com.br\/index.php\/2023\/01\/23\/marcia-porto-se-apresenta-no-festival-de-forro-de-riachao-do-jacuipe\/"]}]},{"@type":"ImageObject","inLanguage":"pt-BR","@id":"https:\/\/portalmf.com.br\/index.php\/2023\/01\/23\/marcia-porto-se-apresenta-no-festival-de-forro-de-riachao-do-jacuipe\/#primaryimage","url":"https:\/\/portalmf.com.br\/wp-content\/uploads\/2023\/01\/MARCIA-PORTO.jpg","contentUrl":"https:\/\/portalmf.com.br\/wp-content\/uploads\/2023\/01\/MARCIA-PORTO.jpg","width":940,"height":639},{"@type":"BreadcrumbList","@id":"https:\/\/portalmf.com.br\/index.php\/2023\/01\/23\/marcia-porto-se-apresenta-no-festival-de-forro-de-riachao-do-jacuipe\/#breadcrumb","itemListElement":[{"@type":"ListItem","position":1,"name":"In\u00edcio","item":"https:\/\/portalmf.com.br\/"},{"@type":"ListItem","position":2,"name":"M\u00e1rcia Porto se apresenta no Festival de Forr\u00f3 de Riach\u00e3o do Jacu\u00edpe"}]},{"@type":"WebSite","@id":"https:\/\/portalmf.com.br\/#website","url":"https:\/\/portalmf.com.br\/","name":"Portal MF","description":"Voc\u00ea conectado com a informa\u00e7\u00e3o","potentialAction":[{"@type":"SearchAction","target":{"@type":"EntryPoint","urlTemplate":"https:\/\/portalmf.com.br\/?s={search_term_string}"},"query-input":"required name=search_term_string"}],"inLanguage":"pt-BR"},{"@type":"Person","@id":"https:\/\/portalmf.com.br\/#\/schema\/person\/9ec101baf56233e53520c26de5d6f6f0","name":"Reda\u00e7\u00e3o Portal MF","image":{"@type":"ImageObject","inLanguage":"pt-BR","@id":"https:\/\/portalmf.com.br\/#\/schema\/person\/image\/","url":"https:\/\/secure.gravatar.com\/avatar\/41b9aaeb2100835f7c64362330f74c7f?s=96&d=mm&r=g","contentUrl":"https:\/\/secure.gravatar.com\/avatar\/41b9aaeb2100835f7c64362330f74c7f?s=96&d=mm&r=g","caption":"Reda\u00e7\u00e3o Portal MF"},"description":"Sejam bem-vindos o portal de informa\u00e7\u00f5es de entretenimento de Feira de Santana, desde 2006 realiza coberturas dos principais eventos com entrevistas exclusivas com as principais personalidades mundiais. Fique conectado tamb\u00e9m nas redes sociais.","sameAs":["http:\/\/www.portalmf.com.br\/","https:\/\/www.facebook.com\/portalmfoficial","https:\/\/www.instagram.com\/portalmf\/","https:\/\/x.com\/https:\/\/x.com\/portalmfoficial","https:\/\/www.youtube.com\/@portalmfoficial"],"url":"https:\/\/portalmf.com.br\/index.php\/author\/junior\/"}]}},"_links":{"self":[{"href":"https:\/\/portalmf.com.br\/index.php\/wp-json\/wp\/v2\/posts\/8212"}],"collection":[{"href":"https:\/\/portalmf.com.br\/index.php\/wp-json\/wp\/v2\/posts"}],"about":[{"href":"https:\/\/portalmf.com.br\/index.php\/wp-json\/wp\/v2\/types\/post"}],"author":[{"embeddable":true,"href":"https:\/\/portalmf.com.br\/index.php\/wp-json\/wp\/v2\/users\/3"}],"replies":[{"embeddable":true,"href":"https:\/\/portalmf.com.br\/index.php\/wp-json\/wp\/v2\/comments?post=8212"}],"version-history":[{"count":1,"href":"https:\/\/portalmf.com.br\/index.php\/wp-json\/wp\/v2\/posts\/8212\/revisions"}],"predecessor-version":[{"id":8214,"href":"https:\/\/portalmf.com.br\/index.php\/wp-json\/wp\/v2\/posts\/8212\/revisions\/8214"}],"wp:featuredmedia":[{"embeddable":true,"href":"https:\/\/portalmf.com.br\/index.php\/wp-json\/wp\/v2\/media\/8213"}],"wp:attachment":[{"href":"https:\/\/portalmf.com.br\/index.php\/wp-json\/wp\/v2\/media?parent=8212"}],"wp:term":[{"taxonomy":"category","embeddable":true,"href":"https:\/\/portalmf.com.br\/index.php\/wp-json\/wp\/v2\/categories?post=8212"},{"taxonomy":"post_tag","embeddable":true,"href":"https:\/\/portalmf.com.br\/index.php\/wp-json\/wp\/v2\/tags?post=8212"}],"curies":[{"name":"wp","href":"https:\/\/api.w.org\/{rel}","templated":true}]}}