{"id":8205,"date":"2023-01-21T20:24:40","date_gmt":"2023-01-21T23:24:40","guid":{"rendered":"https:\/\/portalmf.com.br\/?p=8205"},"modified":"2023-01-21T20:24:41","modified_gmt":"2023-01-21T23:24:41","slug":"em-carta-conjunta-com-governadores-do-nordeste-jeronimo-destaca-dialogo-com-governo-federal-e-pacto-pela-seguranca-publica","status":"publish","type":"post","link":"https:\/\/portalmf.com.br\/index.php\/2023\/01\/21\/em-carta-conjunta-com-governadores-do-nordeste-jeronimo-destaca-dialogo-com-governo-federal-e-pacto-pela-seguranca-publica\/","title":{"rendered":"Em carta conjunta com governadores do Nordeste, Jer\u00f4nimo destaca di\u00e1logo com Governo Federal e pacto pela Seguran\u00e7a P\u00fablica"},"content":{"rendered":"\n<p>Ap\u00f3s a assembleia do Cons\u00f3rcio Interestadual de Desenvolvimento Sustent\u00e1vel do Nordeste, realizada na sexta-feira (20), em Jo\u00e3o Pessoa, na Para\u00edba, os nove governadores da regi\u00e3o apresentaram, por meio de uma carta assinada pelos gestores, um conjunto de projetos de transforma\u00e7\u00e3o da infraestrutura e das condi\u00e7\u00f5es de vida da popula\u00e7\u00e3o nordestina.<\/p>\n\n\n\n<p>O documento aponta a necessidade de projetos para cada unidade federativa, tamb\u00e9m, projetos integradores e estruturadores de toda a regi\u00e3o Nordeste do pa\u00eds. \u201cNosso compromisso \u00e9 trabalhar sinergicamente para que nossa hist\u00f3ria e nossas experi\u00eancias sejam valorizadas, nossos problemas sejam vis\u00edveis e enfrentados em bloco e de maneira objetiva e, sobretudo, para que nossas melhores experi\u00eancias possam estar conectadas com as grandes causas de nosso tempo\u201d, diz trecho do documento assinado por Jer\u00f4nimo, que ainda destacou a necessidade de continuar melhorando indicadores socioecon\u00f4micos da regi\u00e3o.<\/p>\n\n\n\n<p>A iniciativa estabelece a decis\u00e3o de um crescimento que considera a uni\u00e3o entre os estados e destaca a retomada do di\u00e1logo com o Governo Federal, que esteve presente ao evento com a participa\u00e7\u00e3o da Secretaria de Assuntos Federativos da Presid\u00eancia da Rep\u00fablica.\u00a0 Al\u00e9m de Jer\u00f4nimo e do anfitri\u00e3o, Jo\u00e3o Azev\u00eado (Para\u00edba), estavam presentes todos os demais governadores do nordeste: Raquel Lyra (Pernambuco); F\u00e1tima Bezerra (Rio Grande do Norte); Paulo Dantas (Alagoas); Elmano de Freitas (Cear\u00e1); Carlos Brand\u00e3o (Maranh\u00e3o); Rafael Fonteles (Piau\u00ed); e F\u00e1bio Mitidieri (Sergipe).\u00a0<\/p>\n\n\n\n<p>O encontro permitiu ainda a defini\u00e7\u00e3o de um plano de a\u00e7\u00e3o e uma lista de prioridades que ser\u00e3o apresentados ao presidente Lula, na reuni\u00e3o agendada para o final do m\u00eas de janeiro com governadores de todo o Brasil, em Bras\u00edlia.\u00a0<\/p>\n\n\n\n<p><strong>Pacto pela Seguran\u00e7a P\u00fablica<\/strong><\/p>\n\n\n\n<p>\u00c9 destacado tamb\u00e9m pelo governador baiano, junto com os demais, a cria\u00e7\u00e3o de um pacto pela Seguran\u00e7a P\u00fablica. O plano dever\u00e1 ser executado &#8220;integrando as pol\u00edcias estaduais, suas solu\u00e7\u00f5es tecnol\u00f3gicas e gabinetes de intelig\u00eancia, somando esfor\u00e7os com a Pol\u00edcia Federal e o Minist\u00e9rio da Justi\u00e7a e Seguran\u00e7a P\u00fablica&#8221;.<\/p>\n\n\n\n<p>A carta declara ainda a inten\u00e7\u00e3o do Cons\u00f3rcio Nordeste em colaborar com a formula\u00e7\u00e3o do novo modelo de gest\u00e3o fiscal, da reforma tribut\u00e1ria e na cria\u00e7\u00e3o de novos instrumentos de pol\u00edticas p\u00fablicas capazes de desenvolver o Nordeste. \u201cEntendemos que \u00e9 indispens\u00e1vel a cria\u00e7\u00e3o de um Fundo de Desenvolvimento Regional que substitua os instrumentos vigentes da guerra fiscal que queremos extinguir. Para tanto, reafirmamos que a PEC 45 deva ser aprimorada com a emenda 192 e que haja compatibiliza\u00e7\u00e3o para que os estados n\u00e3o percam arrecada\u00e7\u00e3o e tenham mais condi\u00e7\u00f5es para o enfrentamento de suas responsabilidades\u201d.<\/p>\n","protected":false},"excerpt":{"rendered":"<p>Ap\u00f3s a assembleia do Cons\u00f3rcio Interestadual de Desenvolvimento Sustent\u00e1vel do Nordeste, realizada na sexta-feira (20), em Jo\u00e3o Pessoa, na Para\u00edba, os nove governadores da regi\u00e3o apresentaram, por meio de uma carta assinada pelos gestores, um conjunto de projetos de transforma\u00e7\u00e3o da infraestrutura e das condi\u00e7\u00f5es de vida da popula\u00e7\u00e3o nordestina. O documento aponta a necessidade [&hellip;]<\/p>\n","protected":false},"author":3,"featured_media":8206,"comment_status":"open","ping_status":"open","sticky":false,"template":"","format":"standard","meta":{"_monsterinsights_skip_tracking":false,"_monsterinsights_sitenote_active":false,"_monsterinsights_sitenote_note":"","_monsterinsights_sitenote_category":0,"footnotes":""},"categories":[34],"tags":[],"yoast_head":"<!-- This site is optimized with the Yoast SEO plugin v22.9 - https:\/\/yoast.com\/wordpress\/plugins\/seo\/ -->\n<title>Em carta conjunta com governadores do Nordeste, Jer\u00f4nimo destaca di\u00e1logo com Governo Federal e pacto pela Seguran\u00e7a P\u00fablica - Portal MF<\/title>\n<meta name=\"robots\" content=\"index, follow, max-snippet:-1, max-image-preview:large, max-video-preview:-1\" \/>\n<link rel=\"canonical\" href=\"https:\/\/portalmf.com.br\/index.php\/2023\/01\/21\/em-carta-conjunta-com-governadores-do-nordeste-jeronimo-destaca-dialogo-com-governo-federal-e-pacto-pela-seguranca-publica\/\" \/>\n<meta property=\"og:locale\" content=\"pt_BR\" \/>\n<meta property=\"og:type\" content=\"article\" \/>\n<meta property=\"og:title\" content=\"Em carta conjunta com governadores do Nordeste, Jer\u00f4nimo destaca di\u00e1logo com Governo Federal e pacto pela Seguran\u00e7a P\u00fablica - Portal MF\" \/>\n<meta property=\"og:description\" content=\"Ap\u00f3s a assembleia do Cons\u00f3rcio Interestadual de Desenvolvimento Sustent\u00e1vel do Nordeste, realizada na sexta-feira (20), em Jo\u00e3o Pessoa, na Para\u00edba, os nove governadores da regi\u00e3o apresentaram, por meio de uma carta assinada pelos gestores, um conjunto de projetos de transforma\u00e7\u00e3o da infraestrutura e das condi\u00e7\u00f5es de vida da popula\u00e7\u00e3o nordestina. O documento aponta a necessidade [&hellip;]\" \/>\n<meta property=\"og:url\" content=\"https:\/\/portalmf.com.br\/index.php\/2023\/01\/21\/em-carta-conjunta-com-governadores-do-nordeste-jeronimo-destaca-dialogo-com-governo-federal-e-pacto-pela-seguranca-publica\/\" \/>\n<meta property=\"og:site_name\" content=\"Portal MF\" \/>\n<meta property=\"article:author\" content=\"https:\/\/www.facebook.com\/portalmfoficial\" \/>\n<meta property=\"article:published_time\" content=\"2023-01-21T23:24:40+00:00\" \/>\n<meta property=\"article:modified_time\" content=\"2023-01-21T23:24:41+00:00\" \/>\n<meta property=\"og:image\" content=\"https:\/\/portalmf.com.br\/wp-content\/uploads\/2023\/01\/IMG-20230121-WA0143.jpg\" \/>\n\t<meta property=\"og:image:width\" content=\"1280\" \/>\n\t<meta property=\"og:image:height\" content=\"960\" \/>\n\t<meta property=\"og:image:type\" content=\"image\/jpeg\" \/>\n<meta name=\"author\" content=\"Reda\u00e7\u00e3o Portal MF\" \/>\n<meta name=\"twitter:card\" content=\"summary_large_image\" \/>\n<meta name=\"twitter:creator\" content=\"@https:\/\/x.com\/portalmfoficial\" \/>\n<meta name=\"twitter:label1\" content=\"Escrito por\" \/>\n\t<meta name=\"twitter:data1\" content=\"Reda\u00e7\u00e3o Portal MF\" \/>\n\t<meta name=\"twitter:label2\" content=\"Est. tempo de leitura\" \/>\n\t<meta name=\"twitter:data2\" content=\"3 minutos\" \/>\n<script type=\"application\/ld+json\" class=\"yoast-schema-graph\">{\"@context\":\"https:\/\/schema.org\",\"@graph\":[{\"@type\":\"WebPage\",\"@id\":\"https:\/\/portalmf.com.br\/index.php\/2023\/01\/21\/em-carta-conjunta-com-governadores-do-nordeste-jeronimo-destaca-dialogo-com-governo-federal-e-pacto-pela-seguranca-publica\/\",\"url\":\"https:\/\/portalmf.com.br\/index.php\/2023\/01\/21\/em-carta-conjunta-com-governadores-do-nordeste-jeronimo-destaca-dialogo-com-governo-federal-e-pacto-pela-seguranca-publica\/\",\"name\":\"Em carta conjunta com governadores do Nordeste, Jer\u00f4nimo destaca di\u00e1logo com Governo Federal e pacto pela Seguran\u00e7a P\u00fablica - Portal MF\",\"isPartOf\":{\"@id\":\"https:\/\/portalmf.com.br\/#website\"},\"primaryImageOfPage\":{\"@id\":\"https:\/\/portalmf.com.br\/index.php\/2023\/01\/21\/em-carta-conjunta-com-governadores-do-nordeste-jeronimo-destaca-dialogo-com-governo-federal-e-pacto-pela-seguranca-publica\/#primaryimage\"},\"image\":{\"@id\":\"https:\/\/portalmf.com.br\/index.php\/2023\/01\/21\/em-carta-conjunta-com-governadores-do-nordeste-jeronimo-destaca-dialogo-com-governo-federal-e-pacto-pela-seguranca-publica\/#primaryimage\"},\"thumbnailUrl\":\"https:\/\/portalmf.com.br\/wp-content\/uploads\/2023\/01\/IMG-20230121-WA0143.jpg\",\"datePublished\":\"2023-01-21T23:24:40+00:00\",\"dateModified\":\"2023-01-21T23:24:41+00:00\",\"author\":{\"@id\":\"https:\/\/portalmf.com.br\/#\/schema\/person\/9ec101baf56233e53520c26de5d6f6f0\"},\"breadcrumb\":{\"@id\":\"https:\/\/portalmf.com.br\/index.php\/2023\/01\/21\/em-carta-conjunta-com-governadores-do-nordeste-jeronimo-destaca-dialogo-com-governo-federal-e-pacto-pela-seguranca-publica\/#breadcrumb\"},\"inLanguage\":\"pt-BR\",\"potentialAction\":[{\"@type\":\"ReadAction\",\"target\":[\"https:\/\/portalmf.com.br\/index.php\/2023\/01\/21\/em-carta-conjunta-com-governadores-do-nordeste-jeronimo-destaca-dialogo-com-governo-federal-e-pacto-pela-seguranca-publica\/\"]}]},{\"@type\":\"ImageObject\",\"inLanguage\":\"pt-BR\",\"@id\":\"https:\/\/portalmf.com.br\/index.php\/2023\/01\/21\/em-carta-conjunta-com-governadores-do-nordeste-jeronimo-destaca-dialogo-com-governo-federal-e-pacto-pela-seguranca-publica\/#primaryimage\",\"url\":\"https:\/\/portalmf.com.br\/wp-content\/uploads\/2023\/01\/IMG-20230121-WA0143.jpg\",\"contentUrl\":\"https:\/\/portalmf.com.br\/wp-content\/uploads\/2023\/01\/IMG-20230121-WA0143.jpg\",\"width\":1280,\"height\":960},{\"@type\":\"BreadcrumbList\",\"@id\":\"https:\/\/portalmf.com.br\/index.php\/2023\/01\/21\/em-carta-conjunta-com-governadores-do-nordeste-jeronimo-destaca-dialogo-com-governo-federal-e-pacto-pela-seguranca-publica\/#breadcrumb\",\"itemListElement\":[{\"@type\":\"ListItem\",\"position\":1,\"name\":\"In\u00edcio\",\"item\":\"https:\/\/portalmf.com.br\/\"},{\"@type\":\"ListItem\",\"position\":2,\"name\":\"Em carta conjunta com governadores do Nordeste, Jer\u00f4nimo destaca di\u00e1logo com Governo Federal e pacto pela Seguran\u00e7a P\u00fablica\"}]},{\"@type\":\"WebSite\",\"@id\":\"https:\/\/portalmf.com.br\/#website\",\"url\":\"https:\/\/portalmf.com.br\/\",\"name\":\"Portal MF\",\"description\":\"Voc\u00ea conectado com a informa\u00e7\u00e3o\",\"potentialAction\":[{\"@type\":\"SearchAction\",\"target\":{\"@type\":\"EntryPoint\",\"urlTemplate\":\"https:\/\/portalmf.com.br\/?s={search_term_string}\"},\"query-input\":\"required name=search_term_string\"}],\"inLanguage\":\"pt-BR\"},{\"@type\":\"Person\",\"@id\":\"https:\/\/portalmf.com.br\/#\/schema\/person\/9ec101baf56233e53520c26de5d6f6f0\",\"name\":\"Reda\u00e7\u00e3o Portal MF\",\"image\":{\"@type\":\"ImageObject\",\"inLanguage\":\"pt-BR\",\"@id\":\"https:\/\/portalmf.com.br\/#\/schema\/person\/image\/\",\"url\":\"https:\/\/secure.gravatar.com\/avatar\/41b9aaeb2100835f7c64362330f74c7f?s=96&d=mm&r=g\",\"contentUrl\":\"https:\/\/secure.gravatar.com\/avatar\/41b9aaeb2100835f7c64362330f74c7f?s=96&d=mm&r=g\",\"caption\":\"Reda\u00e7\u00e3o Portal MF\"},\"description\":\"Sejam bem-vindos o portal de informa\u00e7\u00f5es de entretenimento de Feira de Santana, desde 2006 realiza coberturas dos principais eventos com entrevistas exclusivas com as principais personalidades mundiais. Fique conectado tamb\u00e9m nas redes sociais.\",\"sameAs\":[\"http:\/\/www.portalmf.com.br\/\",\"https:\/\/www.facebook.com\/portalmfoficial\",\"https:\/\/www.instagram.com\/portalmf\/\",\"https:\/\/x.com\/https:\/\/x.com\/portalmfoficial\",\"https:\/\/www.youtube.com\/@portalmfoficial\"],\"url\":\"https:\/\/portalmf.com.br\/index.php\/author\/junior\/\"}]}<\/script>\n<!-- \/ Yoast SEO plugin. -->","yoast_head_json":{"title":"Em carta conjunta com governadores do Nordeste, Jer\u00f4nimo destaca di\u00e1logo com Governo Federal e pacto pela Seguran\u00e7a P\u00fablica - Portal MF","robots":{"index":"index","follow":"follow","max-snippet":"max-snippet:-1","max-image-preview":"max-image-preview:large","max-video-preview":"max-video-preview:-1"},"canonical":"https:\/\/portalmf.com.br\/index.php\/2023\/01\/21\/em-carta-conjunta-com-governadores-do-nordeste-jeronimo-destaca-dialogo-com-governo-federal-e-pacto-pela-seguranca-publica\/","og_locale":"pt_BR","og_type":"article","og_title":"Em carta conjunta com governadores do Nordeste, Jer\u00f4nimo destaca di\u00e1logo com Governo Federal e pacto pela Seguran\u00e7a P\u00fablica - Portal MF","og_description":"Ap\u00f3s a assembleia do Cons\u00f3rcio Interestadual de Desenvolvimento Sustent\u00e1vel do Nordeste, realizada na sexta-feira (20), em Jo\u00e3o Pessoa, na Para\u00edba, os nove governadores da regi\u00e3o apresentaram, por meio de uma carta assinada pelos gestores, um conjunto de projetos de transforma\u00e7\u00e3o da infraestrutura e das condi\u00e7\u00f5es de vida da popula\u00e7\u00e3o nordestina. O documento aponta a necessidade [&hellip;]","og_url":"https:\/\/portalmf.com.br\/index.php\/2023\/01\/21\/em-carta-conjunta-com-governadores-do-nordeste-jeronimo-destaca-dialogo-com-governo-federal-e-pacto-pela-seguranca-publica\/","og_site_name":"Portal MF","article_author":"https:\/\/www.facebook.com\/portalmfoficial","article_published_time":"2023-01-21T23:24:40+00:00","article_modified_time":"2023-01-21T23:24:41+00:00","og_image":[{"width":1280,"height":960,"url":"https:\/\/portalmf.com.br\/wp-content\/uploads\/2023\/01\/IMG-20230121-WA0143.jpg","type":"image\/jpeg"}],"author":"Reda\u00e7\u00e3o Portal MF","twitter_card":"summary_large_image","twitter_creator":"@https:\/\/x.com\/portalmfoficial","twitter_misc":{"Escrito por":"Reda\u00e7\u00e3o Portal MF","Est. tempo de leitura":"3 minutos"},"schema":{"@context":"https:\/\/schema.org","@graph":[{"@type":"WebPage","@id":"https:\/\/portalmf.com.br\/index.php\/2023\/01\/21\/em-carta-conjunta-com-governadores-do-nordeste-jeronimo-destaca-dialogo-com-governo-federal-e-pacto-pela-seguranca-publica\/","url":"https:\/\/portalmf.com.br\/index.php\/2023\/01\/21\/em-carta-conjunta-com-governadores-do-nordeste-jeronimo-destaca-dialogo-com-governo-federal-e-pacto-pela-seguranca-publica\/","name":"Em carta conjunta com governadores do Nordeste, Jer\u00f4nimo destaca di\u00e1logo com Governo Federal e pacto pela Seguran\u00e7a P\u00fablica - Portal MF","isPartOf":{"@id":"https:\/\/portalmf.com.br\/#website"},"primaryImageOfPage":{"@id":"https:\/\/portalmf.com.br\/index.php\/2023\/01\/21\/em-carta-conjunta-com-governadores-do-nordeste-jeronimo-destaca-dialogo-com-governo-federal-e-pacto-pela-seguranca-publica\/#primaryimage"},"image":{"@id":"https:\/\/portalmf.com.br\/index.php\/2023\/01\/21\/em-carta-conjunta-com-governadores-do-nordeste-jeronimo-destaca-dialogo-com-governo-federal-e-pacto-pela-seguranca-publica\/#primaryimage"},"thumbnailUrl":"https:\/\/portalmf.com.br\/wp-content\/uploads\/2023\/01\/IMG-20230121-WA0143.jpg","datePublished":"2023-01-21T23:24:40+00:00","dateModified":"2023-01-21T23:24:41+00:00","author":{"@id":"https:\/\/portalmf.com.br\/#\/schema\/person\/9ec101baf56233e53520c26de5d6f6f0"},"breadcrumb":{"@id":"https:\/\/portalmf.com.br\/index.php\/2023\/01\/21\/em-carta-conjunta-com-governadores-do-nordeste-jeronimo-destaca-dialogo-com-governo-federal-e-pacto-pela-seguranca-publica\/#breadcrumb"},"inLanguage":"pt-BR","potentialAction":[{"@type":"ReadAction","target":["https:\/\/portalmf.com.br\/index.php\/2023\/01\/21\/em-carta-conjunta-com-governadores-do-nordeste-jeronimo-destaca-dialogo-com-governo-federal-e-pacto-pela-seguranca-publica\/"]}]},{"@type":"ImageObject","inLanguage":"pt-BR","@id":"https:\/\/portalmf.com.br\/index.php\/2023\/01\/21\/em-carta-conjunta-com-governadores-do-nordeste-jeronimo-destaca-dialogo-com-governo-federal-e-pacto-pela-seguranca-publica\/#primaryimage","url":"https:\/\/portalmf.com.br\/wp-content\/uploads\/2023\/01\/IMG-20230121-WA0143.jpg","contentUrl":"https:\/\/portalmf.com.br\/wp-content\/uploads\/2023\/01\/IMG-20230121-WA0143.jpg","width":1280,"height":960},{"@type":"BreadcrumbList","@id":"https:\/\/portalmf.com.br\/index.php\/2023\/01\/21\/em-carta-conjunta-com-governadores-do-nordeste-jeronimo-destaca-dialogo-com-governo-federal-e-pacto-pela-seguranca-publica\/#breadcrumb","itemListElement":[{"@type":"ListItem","position":1,"name":"In\u00edcio","item":"https:\/\/portalmf.com.br\/"},{"@type":"ListItem","position":2,"name":"Em carta conjunta com governadores do Nordeste, Jer\u00f4nimo destaca di\u00e1logo com Governo Federal e pacto pela Seguran\u00e7a P\u00fablica"}]},{"@type":"WebSite","@id":"https:\/\/portalmf.com.br\/#website","url":"https:\/\/portalmf.com.br\/","name":"Portal MF","description":"Voc\u00ea conectado com a informa\u00e7\u00e3o","potentialAction":[{"@type":"SearchAction","target":{"@type":"EntryPoint","urlTemplate":"https:\/\/portalmf.com.br\/?s={search_term_string}"},"query-input":"required name=search_term_string"}],"inLanguage":"pt-BR"},{"@type":"Person","@id":"https:\/\/portalmf.com.br\/#\/schema\/person\/9ec101baf56233e53520c26de5d6f6f0","name":"Reda\u00e7\u00e3o Portal MF","image":{"@type":"ImageObject","inLanguage":"pt-BR","@id":"https:\/\/portalmf.com.br\/#\/schema\/person\/image\/","url":"https:\/\/secure.gravatar.com\/avatar\/41b9aaeb2100835f7c64362330f74c7f?s=96&d=mm&r=g","contentUrl":"https:\/\/secure.gravatar.com\/avatar\/41b9aaeb2100835f7c64362330f74c7f?s=96&d=mm&r=g","caption":"Reda\u00e7\u00e3o Portal MF"},"description":"Sejam bem-vindos o portal de informa\u00e7\u00f5es de entretenimento de Feira de Santana, desde 2006 realiza coberturas dos principais eventos com entrevistas exclusivas com as principais personalidades mundiais. Fique conectado tamb\u00e9m nas redes sociais.","sameAs":["http:\/\/www.portalmf.com.br\/","https:\/\/www.facebook.com\/portalmfoficial","https:\/\/www.instagram.com\/portalmf\/","https:\/\/x.com\/https:\/\/x.com\/portalmfoficial","https:\/\/www.youtube.com\/@portalmfoficial"],"url":"https:\/\/portalmf.com.br\/index.php\/author\/junior\/"}]}},"_links":{"self":[{"href":"https:\/\/portalmf.com.br\/index.php\/wp-json\/wp\/v2\/posts\/8205"}],"collection":[{"href":"https:\/\/portalmf.com.br\/index.php\/wp-json\/wp\/v2\/posts"}],"about":[{"href":"https:\/\/portalmf.com.br\/index.php\/wp-json\/wp\/v2\/types\/post"}],"author":[{"embeddable":true,"href":"https:\/\/portalmf.com.br\/index.php\/wp-json\/wp\/v2\/users\/3"}],"replies":[{"embeddable":true,"href":"https:\/\/portalmf.com.br\/index.php\/wp-json\/wp\/v2\/comments?post=8205"}],"version-history":[{"count":1,"href":"https:\/\/portalmf.com.br\/index.php\/wp-json\/wp\/v2\/posts\/8205\/revisions"}],"predecessor-version":[{"id":8207,"href":"https:\/\/portalmf.com.br\/index.php\/wp-json\/wp\/v2\/posts\/8205\/revisions\/8207"}],"wp:featuredmedia":[{"embeddable":true,"href":"https:\/\/portalmf.com.br\/index.php\/wp-json\/wp\/v2\/media\/8206"}],"wp:attachment":[{"href":"https:\/\/portalmf.com.br\/index.php\/wp-json\/wp\/v2\/media?parent=8205"}],"wp:term":[{"taxonomy":"category","embeddable":true,"href":"https:\/\/portalmf.com.br\/index.php\/wp-json\/wp\/v2\/categories?post=8205"},{"taxonomy":"post_tag","embeddable":true,"href":"https:\/\/portalmf.com.br\/index.php\/wp-json\/wp\/v2\/tags?post=8205"}],"curies":[{"name":"wp","href":"https:\/\/api.w.org\/{rel}","templated":true}]}}