{"id":8202,"date":"2023-01-21T13:47:27","date_gmt":"2023-01-21T16:47:27","guid":{"rendered":"https:\/\/portalmf.com.br\/?p=8202"},"modified":"2023-01-21T13:47:28","modified_gmt":"2023-01-21T16:47:28","slug":"tiri-lanca-largo-ep-que-promete-embalar-o-verao-brasileiro","status":"publish","type":"post","link":"https:\/\/portalmf.com.br\/index.php\/2023\/01\/21\/tiri-lanca-largo-ep-que-promete-embalar-o-verao-brasileiro\/","title":{"rendered":"Tiri lan\u00e7a \u201cLargo\u201d, EP que promete embalar o ver\u00e3o brasileiro"},"content":{"rendered":"\n<p>O mais novo trabalho do artista \u00e9 composto por quatro faixas, com tr\u00eas can\u00e7\u00f5es autorais e j\u00e1 est\u00e1 dispon\u00edvel nas plataformas digitais<\/p>\n\n\n\n<p>Na \u00faltima sexta-feira (20), o cantor e compositor Tiri (@tiridecastro) lan\u00e7ou nas principais plataformas digitais a vers\u00e3o final do seu EP de ver\u00e3o &#8216;Largo&#8217;, que abrange quatro m\u00fasicas especiais para a \u00e9poca mais efervescente na Bahia. O trabalho autoral homenageia o ciclo de festas populares que tomam Salvador durante a esta\u00e7\u00e3o mais quente do ano, conhecidas popularmente como &#8220;festa de largo&#8221;.<\/p>\n\n\n\n<p>Anunciado em novembro de 2022 com o lan\u00e7amento da m\u00fasica &#8216;Embalo&#8217;, e em dezembro com a estreia de &#8216;Sede&#8217; nas plataformas, o EP completa seu lan\u00e7amento com as duas \u00faltimas faixas: &#8216;Deixa Rolar&#8217; e &#8216;Qual \u00e9, baiana?&#8217;, esta \u00faltima, \u00e9 uma releitura da can\u00e7\u00e3o de Caetano Veloso, gravada originalmente no disco \u201cMuitos Carnavais\u201d, de 1977.<\/p>\n\n\n\n<p><em>\u201cAs m\u00fasicas do EP falam de reencontros, nesse momento que as principais festas de largo da Bahia ser\u00e3o retomadas, mas tamb\u00e9m referenciam a sensa\u00e7\u00e3o de expans\u00e3o, sorriso largo\u2026 \u00c9 um \u00e1lbum que foi pensado para o ver\u00e3o, ent\u00e3o traz um clima solar, com m\u00fasicas envolventes que flertam com a sensualidade e a ousadia. A cara do nosso ver\u00e3o baiano!\u201d,<\/em> comemorou Tiri.<\/p>\n\n\n\n<p>\u201cLargo\u201d \u00e9 o primeiro EP solo do artista e o segundo da sua carreira, que estreou neste formato em 2021 com \u2018Do Eu\u2019, em parceria com Felipe Barros.<\/p>\n\n\n\n<figure class=\"wp-block-embed is-type-video is-provider-youtube wp-block-embed-youtube wp-embed-aspect-16-9 wp-has-aspect-ratio\"><div class=\"wp-block-embed__wrapper\">\n<iframe title=\"Embalo  - Tiri\" width=\"696\" height=\"392\" src=\"https:\/\/www.youtube.com\/embed\/k6mwJmJZbzg?feature=oembed\" frameborder=\"0\" allow=\"accelerometer; autoplay; clipboard-write; encrypted-media; gyroscope; picture-in-picture; web-share\" allowfullscreen><\/iframe>\n<\/div><\/figure>\n","protected":false},"excerpt":{"rendered":"<p>O mais novo trabalho do artista \u00e9 composto por quatro faixas, com tr\u00eas can\u00e7\u00f5es autorais e j\u00e1 est\u00e1 dispon\u00edvel nas plataformas digitais Na \u00faltima sexta-feira (20), o cantor e compositor Tiri (@tiridecastro) lan\u00e7ou nas principais plataformas digitais a vers\u00e3o final do seu EP de ver\u00e3o &#8216;Largo&#8217;, que abrange quatro m\u00fasicas especiais para a \u00e9poca mais [&hellip;]<\/p>\n","protected":false},"author":3,"featured_media":6407,"comment_status":"open","ping_status":"open","sticky":false,"template":"","format":"standard","meta":{"_monsterinsights_skip_tracking":false,"_monsterinsights_sitenote_active":false,"_monsterinsights_sitenote_note":"","_monsterinsights_sitenote_category":0,"footnotes":""},"categories":[36],"tags":[],"yoast_head":"<!-- This site is optimized with the Yoast SEO plugin v22.9 - https:\/\/yoast.com\/wordpress\/plugins\/seo\/ -->\n<title>Tiri lan\u00e7a \u201cLargo\u201d, EP que promete embalar o ver\u00e3o brasileiro - Portal MF<\/title>\n<meta name=\"robots\" content=\"index, follow, max-snippet:-1, max-image-preview:large, max-video-preview:-1\" \/>\n<link rel=\"canonical\" href=\"https:\/\/portalmf.com.br\/index.php\/2023\/01\/21\/tiri-lanca-largo-ep-que-promete-embalar-o-verao-brasileiro\/\" \/>\n<meta property=\"og:locale\" content=\"pt_BR\" \/>\n<meta property=\"og:type\" content=\"article\" \/>\n<meta property=\"og:title\" content=\"Tiri lan\u00e7a \u201cLargo\u201d, EP que promete embalar o ver\u00e3o brasileiro - Portal MF\" \/>\n<meta property=\"og:description\" content=\"O mais novo trabalho do artista \u00e9 composto por quatro faixas, com tr\u00eas can\u00e7\u00f5es autorais e j\u00e1 est\u00e1 dispon\u00edvel nas plataformas digitais Na \u00faltima sexta-feira (20), o cantor e compositor Tiri (@tiridecastro) lan\u00e7ou nas principais plataformas digitais a vers\u00e3o final do seu EP de ver\u00e3o &#8216;Largo&#8217;, que abrange quatro m\u00fasicas especiais para a \u00e9poca mais [&hellip;]\" \/>\n<meta property=\"og:url\" content=\"https:\/\/portalmf.com.br\/index.php\/2023\/01\/21\/tiri-lanca-largo-ep-que-promete-embalar-o-verao-brasileiro\/\" \/>\n<meta property=\"og:site_name\" content=\"Portal MF\" \/>\n<meta property=\"article:author\" content=\"https:\/\/www.facebook.com\/portalmfoficial\" \/>\n<meta property=\"article:published_time\" content=\"2023-01-21T16:47:27+00:00\" \/>\n<meta property=\"article:modified_time\" content=\"2023-01-21T16:47:28+00:00\" \/>\n<meta property=\"og:image\" content=\"https:\/\/portalmf.com.br\/wp-content\/uploads\/2022\/12\/Cantor-Tiri.jpeg\" \/>\n\t<meta property=\"og:image:width\" content=\"1600\" \/>\n\t<meta property=\"og:image:height\" content=\"1600\" \/>\n\t<meta property=\"og:image:type\" content=\"image\/jpeg\" \/>\n<meta name=\"author\" content=\"Reda\u00e7\u00e3o Portal MF\" \/>\n<meta name=\"twitter:card\" content=\"summary_large_image\" \/>\n<meta name=\"twitter:creator\" content=\"@https:\/\/x.com\/portalmfoficial\" \/>\n<meta name=\"twitter:label1\" content=\"Escrito por\" \/>\n\t<meta name=\"twitter:data1\" content=\"Reda\u00e7\u00e3o Portal MF\" \/>\n\t<meta name=\"twitter:label2\" content=\"Est. tempo de leitura\" \/>\n\t<meta name=\"twitter:data2\" content=\"2 minutos\" \/>\n<script type=\"application\/ld+json\" class=\"yoast-schema-graph\">{\"@context\":\"https:\/\/schema.org\",\"@graph\":[{\"@type\":\"WebPage\",\"@id\":\"https:\/\/portalmf.com.br\/index.php\/2023\/01\/21\/tiri-lanca-largo-ep-que-promete-embalar-o-verao-brasileiro\/\",\"url\":\"https:\/\/portalmf.com.br\/index.php\/2023\/01\/21\/tiri-lanca-largo-ep-que-promete-embalar-o-verao-brasileiro\/\",\"name\":\"Tiri lan\u00e7a \u201cLargo\u201d, EP que promete embalar o ver\u00e3o brasileiro - Portal MF\",\"isPartOf\":{\"@id\":\"https:\/\/portalmf.com.br\/#website\"},\"primaryImageOfPage\":{\"@id\":\"https:\/\/portalmf.com.br\/index.php\/2023\/01\/21\/tiri-lanca-largo-ep-que-promete-embalar-o-verao-brasileiro\/#primaryimage\"},\"image\":{\"@id\":\"https:\/\/portalmf.com.br\/index.php\/2023\/01\/21\/tiri-lanca-largo-ep-que-promete-embalar-o-verao-brasileiro\/#primaryimage\"},\"thumbnailUrl\":\"https:\/\/portalmf.com.br\/wp-content\/uploads\/2022\/12\/Cantor-Tiri.jpeg\",\"datePublished\":\"2023-01-21T16:47:27+00:00\",\"dateModified\":\"2023-01-21T16:47:28+00:00\",\"author\":{\"@id\":\"https:\/\/portalmf.com.br\/#\/schema\/person\/9ec101baf56233e53520c26de5d6f6f0\"},\"breadcrumb\":{\"@id\":\"https:\/\/portalmf.com.br\/index.php\/2023\/01\/21\/tiri-lanca-largo-ep-que-promete-embalar-o-verao-brasileiro\/#breadcrumb\"},\"inLanguage\":\"pt-BR\",\"potentialAction\":[{\"@type\":\"ReadAction\",\"target\":[\"https:\/\/portalmf.com.br\/index.php\/2023\/01\/21\/tiri-lanca-largo-ep-que-promete-embalar-o-verao-brasileiro\/\"]}]},{\"@type\":\"ImageObject\",\"inLanguage\":\"pt-BR\",\"@id\":\"https:\/\/portalmf.com.br\/index.php\/2023\/01\/21\/tiri-lanca-largo-ep-que-promete-embalar-o-verao-brasileiro\/#primaryimage\",\"url\":\"https:\/\/portalmf.com.br\/wp-content\/uploads\/2022\/12\/Cantor-Tiri.jpeg\",\"contentUrl\":\"https:\/\/portalmf.com.br\/wp-content\/uploads\/2022\/12\/Cantor-Tiri.jpeg\",\"width\":1600,\"height\":1600},{\"@type\":\"BreadcrumbList\",\"@id\":\"https:\/\/portalmf.com.br\/index.php\/2023\/01\/21\/tiri-lanca-largo-ep-que-promete-embalar-o-verao-brasileiro\/#breadcrumb\",\"itemListElement\":[{\"@type\":\"ListItem\",\"position\":1,\"name\":\"In\u00edcio\",\"item\":\"https:\/\/portalmf.com.br\/\"},{\"@type\":\"ListItem\",\"position\":2,\"name\":\"Tiri lan\u00e7a \u201cLargo\u201d, EP que promete embalar o ver\u00e3o brasileiro\"}]},{\"@type\":\"WebSite\",\"@id\":\"https:\/\/portalmf.com.br\/#website\",\"url\":\"https:\/\/portalmf.com.br\/\",\"name\":\"Portal MF\",\"description\":\"Voc\u00ea conectado com a informa\u00e7\u00e3o\",\"potentialAction\":[{\"@type\":\"SearchAction\",\"target\":{\"@type\":\"EntryPoint\",\"urlTemplate\":\"https:\/\/portalmf.com.br\/?s={search_term_string}\"},\"query-input\":\"required name=search_term_string\"}],\"inLanguage\":\"pt-BR\"},{\"@type\":\"Person\",\"@id\":\"https:\/\/portalmf.com.br\/#\/schema\/person\/9ec101baf56233e53520c26de5d6f6f0\",\"name\":\"Reda\u00e7\u00e3o Portal MF\",\"image\":{\"@type\":\"ImageObject\",\"inLanguage\":\"pt-BR\",\"@id\":\"https:\/\/portalmf.com.br\/#\/schema\/person\/image\/\",\"url\":\"https:\/\/secure.gravatar.com\/avatar\/41b9aaeb2100835f7c64362330f74c7f?s=96&d=mm&r=g\",\"contentUrl\":\"https:\/\/secure.gravatar.com\/avatar\/41b9aaeb2100835f7c64362330f74c7f?s=96&d=mm&r=g\",\"caption\":\"Reda\u00e7\u00e3o Portal MF\"},\"description\":\"Sejam bem-vindos o portal de informa\u00e7\u00f5es de entretenimento de Feira de Santana, desde 2006 realiza coberturas dos principais eventos com entrevistas exclusivas com as principais personalidades mundiais. Fique conectado tamb\u00e9m nas redes sociais.\",\"sameAs\":[\"http:\/\/www.portalmf.com.br\/\",\"https:\/\/www.facebook.com\/portalmfoficial\",\"https:\/\/www.instagram.com\/portalmf\/\",\"https:\/\/x.com\/https:\/\/x.com\/portalmfoficial\",\"https:\/\/www.youtube.com\/@portalmfoficial\"],\"url\":\"https:\/\/portalmf.com.br\/index.php\/author\/junior\/\"}]}<\/script>\n<!-- \/ Yoast SEO plugin. -->","yoast_head_json":{"title":"Tiri lan\u00e7a \u201cLargo\u201d, EP que promete embalar o ver\u00e3o brasileiro - Portal MF","robots":{"index":"index","follow":"follow","max-snippet":"max-snippet:-1","max-image-preview":"max-image-preview:large","max-video-preview":"max-video-preview:-1"},"canonical":"https:\/\/portalmf.com.br\/index.php\/2023\/01\/21\/tiri-lanca-largo-ep-que-promete-embalar-o-verao-brasileiro\/","og_locale":"pt_BR","og_type":"article","og_title":"Tiri lan\u00e7a \u201cLargo\u201d, EP que promete embalar o ver\u00e3o brasileiro - Portal MF","og_description":"O mais novo trabalho do artista \u00e9 composto por quatro faixas, com tr\u00eas can\u00e7\u00f5es autorais e j\u00e1 est\u00e1 dispon\u00edvel nas plataformas digitais Na \u00faltima sexta-feira (20), o cantor e compositor Tiri (@tiridecastro) lan\u00e7ou nas principais plataformas digitais a vers\u00e3o final do seu EP de ver\u00e3o &#8216;Largo&#8217;, que abrange quatro m\u00fasicas especiais para a \u00e9poca mais [&hellip;]","og_url":"https:\/\/portalmf.com.br\/index.php\/2023\/01\/21\/tiri-lanca-largo-ep-que-promete-embalar-o-verao-brasileiro\/","og_site_name":"Portal MF","article_author":"https:\/\/www.facebook.com\/portalmfoficial","article_published_time":"2023-01-21T16:47:27+00:00","article_modified_time":"2023-01-21T16:47:28+00:00","og_image":[{"width":1600,"height":1600,"url":"https:\/\/portalmf.com.br\/wp-content\/uploads\/2022\/12\/Cantor-Tiri.jpeg","type":"image\/jpeg"}],"author":"Reda\u00e7\u00e3o Portal MF","twitter_card":"summary_large_image","twitter_creator":"@https:\/\/x.com\/portalmfoficial","twitter_misc":{"Escrito por":"Reda\u00e7\u00e3o Portal MF","Est. tempo de leitura":"2 minutos"},"schema":{"@context":"https:\/\/schema.org","@graph":[{"@type":"WebPage","@id":"https:\/\/portalmf.com.br\/index.php\/2023\/01\/21\/tiri-lanca-largo-ep-que-promete-embalar-o-verao-brasileiro\/","url":"https:\/\/portalmf.com.br\/index.php\/2023\/01\/21\/tiri-lanca-largo-ep-que-promete-embalar-o-verao-brasileiro\/","name":"Tiri lan\u00e7a \u201cLargo\u201d, EP que promete embalar o ver\u00e3o brasileiro - Portal MF","isPartOf":{"@id":"https:\/\/portalmf.com.br\/#website"},"primaryImageOfPage":{"@id":"https:\/\/portalmf.com.br\/index.php\/2023\/01\/21\/tiri-lanca-largo-ep-que-promete-embalar-o-verao-brasileiro\/#primaryimage"},"image":{"@id":"https:\/\/portalmf.com.br\/index.php\/2023\/01\/21\/tiri-lanca-largo-ep-que-promete-embalar-o-verao-brasileiro\/#primaryimage"},"thumbnailUrl":"https:\/\/portalmf.com.br\/wp-content\/uploads\/2022\/12\/Cantor-Tiri.jpeg","datePublished":"2023-01-21T16:47:27+00:00","dateModified":"2023-01-21T16:47:28+00:00","author":{"@id":"https:\/\/portalmf.com.br\/#\/schema\/person\/9ec101baf56233e53520c26de5d6f6f0"},"breadcrumb":{"@id":"https:\/\/portalmf.com.br\/index.php\/2023\/01\/21\/tiri-lanca-largo-ep-que-promete-embalar-o-verao-brasileiro\/#breadcrumb"},"inLanguage":"pt-BR","potentialAction":[{"@type":"ReadAction","target":["https:\/\/portalmf.com.br\/index.php\/2023\/01\/21\/tiri-lanca-largo-ep-que-promete-embalar-o-verao-brasileiro\/"]}]},{"@type":"ImageObject","inLanguage":"pt-BR","@id":"https:\/\/portalmf.com.br\/index.php\/2023\/01\/21\/tiri-lanca-largo-ep-que-promete-embalar-o-verao-brasileiro\/#primaryimage","url":"https:\/\/portalmf.com.br\/wp-content\/uploads\/2022\/12\/Cantor-Tiri.jpeg","contentUrl":"https:\/\/portalmf.com.br\/wp-content\/uploads\/2022\/12\/Cantor-Tiri.jpeg","width":1600,"height":1600},{"@type":"BreadcrumbList","@id":"https:\/\/portalmf.com.br\/index.php\/2023\/01\/21\/tiri-lanca-largo-ep-que-promete-embalar-o-verao-brasileiro\/#breadcrumb","itemListElement":[{"@type":"ListItem","position":1,"name":"In\u00edcio","item":"https:\/\/portalmf.com.br\/"},{"@type":"ListItem","position":2,"name":"Tiri lan\u00e7a \u201cLargo\u201d, EP que promete embalar o ver\u00e3o brasileiro"}]},{"@type":"WebSite","@id":"https:\/\/portalmf.com.br\/#website","url":"https:\/\/portalmf.com.br\/","name":"Portal MF","description":"Voc\u00ea conectado com a informa\u00e7\u00e3o","potentialAction":[{"@type":"SearchAction","target":{"@type":"EntryPoint","urlTemplate":"https:\/\/portalmf.com.br\/?s={search_term_string}"},"query-input":"required name=search_term_string"}],"inLanguage":"pt-BR"},{"@type":"Person","@id":"https:\/\/portalmf.com.br\/#\/schema\/person\/9ec101baf56233e53520c26de5d6f6f0","name":"Reda\u00e7\u00e3o Portal MF","image":{"@type":"ImageObject","inLanguage":"pt-BR","@id":"https:\/\/portalmf.com.br\/#\/schema\/person\/image\/","url":"https:\/\/secure.gravatar.com\/avatar\/41b9aaeb2100835f7c64362330f74c7f?s=96&d=mm&r=g","contentUrl":"https:\/\/secure.gravatar.com\/avatar\/41b9aaeb2100835f7c64362330f74c7f?s=96&d=mm&r=g","caption":"Reda\u00e7\u00e3o Portal MF"},"description":"Sejam bem-vindos o portal de informa\u00e7\u00f5es de entretenimento de Feira de Santana, desde 2006 realiza coberturas dos principais eventos com entrevistas exclusivas com as principais personalidades mundiais. Fique conectado tamb\u00e9m nas redes sociais.","sameAs":["http:\/\/www.portalmf.com.br\/","https:\/\/www.facebook.com\/portalmfoficial","https:\/\/www.instagram.com\/portalmf\/","https:\/\/x.com\/https:\/\/x.com\/portalmfoficial","https:\/\/www.youtube.com\/@portalmfoficial"],"url":"https:\/\/portalmf.com.br\/index.php\/author\/junior\/"}]}},"_links":{"self":[{"href":"https:\/\/portalmf.com.br\/index.php\/wp-json\/wp\/v2\/posts\/8202"}],"collection":[{"href":"https:\/\/portalmf.com.br\/index.php\/wp-json\/wp\/v2\/posts"}],"about":[{"href":"https:\/\/portalmf.com.br\/index.php\/wp-json\/wp\/v2\/types\/post"}],"author":[{"embeddable":true,"href":"https:\/\/portalmf.com.br\/index.php\/wp-json\/wp\/v2\/users\/3"}],"replies":[{"embeddable":true,"href":"https:\/\/portalmf.com.br\/index.php\/wp-json\/wp\/v2\/comments?post=8202"}],"version-history":[{"count":1,"href":"https:\/\/portalmf.com.br\/index.php\/wp-json\/wp\/v2\/posts\/8202\/revisions"}],"predecessor-version":[{"id":8203,"href":"https:\/\/portalmf.com.br\/index.php\/wp-json\/wp\/v2\/posts\/8202\/revisions\/8203"}],"wp:featuredmedia":[{"embeddable":true,"href":"https:\/\/portalmf.com.br\/index.php\/wp-json\/wp\/v2\/media\/6407"}],"wp:attachment":[{"href":"https:\/\/portalmf.com.br\/index.php\/wp-json\/wp\/v2\/media?parent=8202"}],"wp:term":[{"taxonomy":"category","embeddable":true,"href":"https:\/\/portalmf.com.br\/index.php\/wp-json\/wp\/v2\/categories?post=8202"},{"taxonomy":"post_tag","embeddable":true,"href":"https:\/\/portalmf.com.br\/index.php\/wp-json\/wp\/v2\/tags?post=8202"}],"curies":[{"name":"wp","href":"https:\/\/api.w.org\/{rel}","templated":true}]}}