{"id":8190,"date":"2023-01-20T17:20:26","date_gmt":"2023-01-20T20:20:26","guid":{"rendered":"https:\/\/portalmf.com.br\/?p=8190"},"modified":"2023-01-20T17:20:27","modified_gmt":"2023-01-20T20:20:27","slug":"ivete-sangalo-celebra-o-carnaval-com-ep-inedito","status":"publish","type":"post","link":"https:\/\/portalmf.com.br\/index.php\/2023\/01\/20\/ivete-sangalo-celebra-o-carnaval-com-ep-inedito\/","title":{"rendered":"Ivete Sangalo celebra o Carnaval com EP in\u00e9dito"},"content":{"rendered":"\n<p>A cantora e compositora Ivete Sangalo lan\u00e7ou nesta quinta-feira (19) o seu novo EP Chega Mais, um convite da artista para todos celebrarem uma das mais importantes festas culturais brasileiras, o Carnaval. O disco, que conta com cinco faixas autorais, j\u00e1 est\u00e1 dispon\u00edvel nas plataformas digitais pela Universal Music.<\/p>\n\n\n\n<p>O calor toma conta do pa\u00eds, fevereiro se aproxima e todo mundo s\u00f3 pensa em uma coisa: Carnaval. Depois de dois anos sem a tradicional festa, ela volta em 2023 para a felicidade geral da na\u00e7\u00e3o.<\/p>\n\n\n\n<p><em>&#8220;\u00c9 o repert\u00f3rio sobre Carnaval. Para o Carnaval. Eu contando as hist\u00f3rias, as sensa\u00e7\u00f5es que eu tenho no Carnaval. Como eu enxergo o carnaval, do ponto de vista rom\u00e2ntico, cultural, r\u00edtmico e emocional&#8221;,<\/em> explica Ivete.<\/p>\n\n\n\n<p>Chega Mais \u00e9 um verdadeiro convite ao Carnaval nas cinco faixas que comp\u00f5e o trabalho. Cria Da Ivete, S\u00f3 Love Na Cabe\u00e7a, Rua da Saudade, Se Saia e Batucada, cada m\u00fasica retrata as sensa\u00e7\u00f5es e os sentimentos dessa festa que \u00e9 a cara do ver\u00e3o, onde a alegria predomina e os amores s\u00e3o infinitos.<\/p>\n\n\n\n<p>Todas as can\u00e7\u00f5es foram gravadas no in\u00edcio de janeiro, na Casa Pia, em Salvador. Ivete reuniu mais de 600 f\u00e3s convidados, al\u00e9m de amigos, jornalistas, influenciadores e famosos, como Regina Cas\u00e9 e fam\u00edlia, Deborah Secco, Mariana Ximenes, L\u00e1zaro Ramos e Tais Ara\u00fajo, Sarah Oliveira, Carla Perez e Xanddy, Luis Miranda, Rafa Kalliman, Carla Cristina, M\u00e1rcia Castro, Tia M\u00e1, Vit\u00e3o, Gominho, Judepaula, entre outros.<\/p>\n\n\n\n<p>Ou\u00e7a<\/p>\n\n\n\n<figure class=\"wp-block-embed is-type-video is-provider-youtube wp-block-embed-youtube wp-embed-aspect-16-9 wp-has-aspect-ratio\"><div class=\"wp-block-embed__wrapper\">\n<iframe title=\"Ivete Sangalo - Cria Da Ivete (Ao Vivo Em Salvador \/ 2023)\" width=\"696\" height=\"392\" src=\"https:\/\/www.youtube.com\/embed\/0NjID2gRBW0?feature=oembed\" frameborder=\"0\" allow=\"accelerometer; autoplay; clipboard-write; encrypted-media; gyroscope; picture-in-picture; web-share\" allowfullscreen><\/iframe>\n<\/div><\/figure>\n\n\n\n<p>Com informa\u00e7\u00f5es do Terra \/ The Music Journal Brazil<\/p>\n","protected":false},"excerpt":{"rendered":"<p>A cantora e compositora Ivete Sangalo lan\u00e7ou nesta quinta-feira (19) o seu novo EP Chega Mais, um convite da artista para todos celebrarem uma das mais importantes festas culturais brasileiras, o Carnaval. O disco, que conta com cinco faixas autorais, j\u00e1 est\u00e1 dispon\u00edvel nas plataformas digitais pela Universal Music. O calor toma conta do pa\u00eds, [&hellip;]<\/p>\n","protected":false},"author":3,"featured_media":8191,"comment_status":"open","ping_status":"open","sticky":false,"template":"","format":"standard","meta":{"_monsterinsights_skip_tracking":false,"_monsterinsights_sitenote_active":false,"_monsterinsights_sitenote_note":"","_monsterinsights_sitenote_category":0,"footnotes":""},"categories":[44,47,36],"tags":[],"yoast_head":"<!-- This site is optimized with the Yoast SEO plugin v22.9 - https:\/\/yoast.com\/wordpress\/plugins\/seo\/ -->\n<title>Ivete Sangalo celebra o Carnaval com EP in\u00e9dito - Portal MF<\/title>\n<meta name=\"robots\" content=\"index, follow, max-snippet:-1, max-image-preview:large, max-video-preview:-1\" \/>\n<link rel=\"canonical\" href=\"https:\/\/portalmf.com.br\/index.php\/2023\/01\/20\/ivete-sangalo-celebra-o-carnaval-com-ep-inedito\/\" \/>\n<meta property=\"og:locale\" content=\"pt_BR\" \/>\n<meta property=\"og:type\" content=\"article\" \/>\n<meta property=\"og:title\" content=\"Ivete Sangalo celebra o Carnaval com EP in\u00e9dito - Portal MF\" \/>\n<meta property=\"og:description\" content=\"A cantora e compositora Ivete Sangalo lan\u00e7ou nesta quinta-feira (19) o seu novo EP Chega Mais, um convite da artista para todos celebrarem uma das mais importantes festas culturais brasileiras, o Carnaval. O disco, que conta com cinco faixas autorais, j\u00e1 est\u00e1 dispon\u00edvel nas plataformas digitais pela Universal Music. O calor toma conta do pa\u00eds, [&hellip;]\" \/>\n<meta property=\"og:url\" content=\"https:\/\/portalmf.com.br\/index.php\/2023\/01\/20\/ivete-sangalo-celebra-o-carnaval-com-ep-inedito\/\" \/>\n<meta property=\"og:site_name\" content=\"Portal MF\" \/>\n<meta property=\"article:author\" content=\"https:\/\/www.facebook.com\/portalmfoficial\" \/>\n<meta property=\"article:published_time\" content=\"2023-01-20T20:20:26+00:00\" \/>\n<meta property=\"article:modified_time\" content=\"2023-01-20T20:20:27+00:00\" \/>\n<meta property=\"og:image\" content=\"https:\/\/portalmf.com.br\/wp-content\/uploads\/2023\/01\/ivete-rafamattei2.jpg\" \/>\n\t<meta property=\"og:image:width\" content=\"1008\" \/>\n\t<meta property=\"og:image:height\" content=\"672\" \/>\n\t<meta property=\"og:image:type\" content=\"image\/jpeg\" \/>\n<meta name=\"author\" content=\"Reda\u00e7\u00e3o Portal MF\" \/>\n<meta name=\"twitter:card\" content=\"summary_large_image\" \/>\n<meta name=\"twitter:creator\" content=\"@https:\/\/x.com\/portalmfoficial\" \/>\n<meta name=\"twitter:label1\" content=\"Escrito por\" \/>\n\t<meta name=\"twitter:data1\" content=\"Reda\u00e7\u00e3o Portal MF\" \/>\n\t<meta name=\"twitter:label2\" content=\"Est. tempo de leitura\" \/>\n\t<meta name=\"twitter:data2\" content=\"2 minutos\" \/>\n<script type=\"application\/ld+json\" class=\"yoast-schema-graph\">{\"@context\":\"https:\/\/schema.org\",\"@graph\":[{\"@type\":\"WebPage\",\"@id\":\"https:\/\/portalmf.com.br\/index.php\/2023\/01\/20\/ivete-sangalo-celebra-o-carnaval-com-ep-inedito\/\",\"url\":\"https:\/\/portalmf.com.br\/index.php\/2023\/01\/20\/ivete-sangalo-celebra-o-carnaval-com-ep-inedito\/\",\"name\":\"Ivete Sangalo celebra o Carnaval com EP in\u00e9dito - Portal MF\",\"isPartOf\":{\"@id\":\"https:\/\/portalmf.com.br\/#website\"},\"primaryImageOfPage\":{\"@id\":\"https:\/\/portalmf.com.br\/index.php\/2023\/01\/20\/ivete-sangalo-celebra-o-carnaval-com-ep-inedito\/#primaryimage\"},\"image\":{\"@id\":\"https:\/\/portalmf.com.br\/index.php\/2023\/01\/20\/ivete-sangalo-celebra-o-carnaval-com-ep-inedito\/#primaryimage\"},\"thumbnailUrl\":\"https:\/\/portalmf.com.br\/wp-content\/uploads\/2023\/01\/ivete-rafamattei2.jpg\",\"datePublished\":\"2023-01-20T20:20:26+00:00\",\"dateModified\":\"2023-01-20T20:20:27+00:00\",\"author\":{\"@id\":\"https:\/\/portalmf.com.br\/#\/schema\/person\/9ec101baf56233e53520c26de5d6f6f0\"},\"breadcrumb\":{\"@id\":\"https:\/\/portalmf.com.br\/index.php\/2023\/01\/20\/ivete-sangalo-celebra-o-carnaval-com-ep-inedito\/#breadcrumb\"},\"inLanguage\":\"pt-BR\",\"potentialAction\":[{\"@type\":\"ReadAction\",\"target\":[\"https:\/\/portalmf.com.br\/index.php\/2023\/01\/20\/ivete-sangalo-celebra-o-carnaval-com-ep-inedito\/\"]}]},{\"@type\":\"ImageObject\",\"inLanguage\":\"pt-BR\",\"@id\":\"https:\/\/portalmf.com.br\/index.php\/2023\/01\/20\/ivete-sangalo-celebra-o-carnaval-com-ep-inedito\/#primaryimage\",\"url\":\"https:\/\/portalmf.com.br\/wp-content\/uploads\/2023\/01\/ivete-rafamattei2.jpg\",\"contentUrl\":\"https:\/\/portalmf.com.br\/wp-content\/uploads\/2023\/01\/ivete-rafamattei2.jpg\",\"width\":1008,\"height\":672,\"caption\":\"Foto: Rafa Mattei \/ Divulga\u00e7\u00e3o\"},{\"@type\":\"BreadcrumbList\",\"@id\":\"https:\/\/portalmf.com.br\/index.php\/2023\/01\/20\/ivete-sangalo-celebra-o-carnaval-com-ep-inedito\/#breadcrumb\",\"itemListElement\":[{\"@type\":\"ListItem\",\"position\":1,\"name\":\"In\u00edcio\",\"item\":\"https:\/\/portalmf.com.br\/\"},{\"@type\":\"ListItem\",\"position\":2,\"name\":\"Ivete Sangalo celebra o Carnaval com EP in\u00e9dito\"}]},{\"@type\":\"WebSite\",\"@id\":\"https:\/\/portalmf.com.br\/#website\",\"url\":\"https:\/\/portalmf.com.br\/\",\"name\":\"Portal MF\",\"description\":\"Voc\u00ea conectado com a informa\u00e7\u00e3o\",\"potentialAction\":[{\"@type\":\"SearchAction\",\"target\":{\"@type\":\"EntryPoint\",\"urlTemplate\":\"https:\/\/portalmf.com.br\/?s={search_term_string}\"},\"query-input\":\"required name=search_term_string\"}],\"inLanguage\":\"pt-BR\"},{\"@type\":\"Person\",\"@id\":\"https:\/\/portalmf.com.br\/#\/schema\/person\/9ec101baf56233e53520c26de5d6f6f0\",\"name\":\"Reda\u00e7\u00e3o Portal MF\",\"image\":{\"@type\":\"ImageObject\",\"inLanguage\":\"pt-BR\",\"@id\":\"https:\/\/portalmf.com.br\/#\/schema\/person\/image\/\",\"url\":\"https:\/\/secure.gravatar.com\/avatar\/41b9aaeb2100835f7c64362330f74c7f?s=96&d=mm&r=g\",\"contentUrl\":\"https:\/\/secure.gravatar.com\/avatar\/41b9aaeb2100835f7c64362330f74c7f?s=96&d=mm&r=g\",\"caption\":\"Reda\u00e7\u00e3o Portal MF\"},\"description\":\"Sejam bem-vindos o portal de informa\u00e7\u00f5es de entretenimento de Feira de Santana, desde 2006 realiza coberturas dos principais eventos com entrevistas exclusivas com as principais personalidades mundiais. Fique conectado tamb\u00e9m nas redes sociais.\",\"sameAs\":[\"http:\/\/www.portalmf.com.br\/\",\"https:\/\/www.facebook.com\/portalmfoficial\",\"https:\/\/www.instagram.com\/portalmf\/\",\"https:\/\/x.com\/https:\/\/x.com\/portalmfoficial\",\"https:\/\/www.youtube.com\/@portalmfoficial\"],\"url\":\"https:\/\/portalmf.com.br\/index.php\/author\/junior\/\"}]}<\/script>\n<!-- \/ Yoast SEO plugin. -->","yoast_head_json":{"title":"Ivete Sangalo celebra o Carnaval com EP in\u00e9dito - Portal MF","robots":{"index":"index","follow":"follow","max-snippet":"max-snippet:-1","max-image-preview":"max-image-preview:large","max-video-preview":"max-video-preview:-1"},"canonical":"https:\/\/portalmf.com.br\/index.php\/2023\/01\/20\/ivete-sangalo-celebra-o-carnaval-com-ep-inedito\/","og_locale":"pt_BR","og_type":"article","og_title":"Ivete Sangalo celebra o Carnaval com EP in\u00e9dito - Portal MF","og_description":"A cantora e compositora Ivete Sangalo lan\u00e7ou nesta quinta-feira (19) o seu novo EP Chega Mais, um convite da artista para todos celebrarem uma das mais importantes festas culturais brasileiras, o Carnaval. O disco, que conta com cinco faixas autorais, j\u00e1 est\u00e1 dispon\u00edvel nas plataformas digitais pela Universal Music. O calor toma conta do pa\u00eds, [&hellip;]","og_url":"https:\/\/portalmf.com.br\/index.php\/2023\/01\/20\/ivete-sangalo-celebra-o-carnaval-com-ep-inedito\/","og_site_name":"Portal MF","article_author":"https:\/\/www.facebook.com\/portalmfoficial","article_published_time":"2023-01-20T20:20:26+00:00","article_modified_time":"2023-01-20T20:20:27+00:00","og_image":[{"width":1008,"height":672,"url":"https:\/\/portalmf.com.br\/wp-content\/uploads\/2023\/01\/ivete-rafamattei2.jpg","type":"image\/jpeg"}],"author":"Reda\u00e7\u00e3o Portal MF","twitter_card":"summary_large_image","twitter_creator":"@https:\/\/x.com\/portalmfoficial","twitter_misc":{"Escrito por":"Reda\u00e7\u00e3o Portal MF","Est. tempo de leitura":"2 minutos"},"schema":{"@context":"https:\/\/schema.org","@graph":[{"@type":"WebPage","@id":"https:\/\/portalmf.com.br\/index.php\/2023\/01\/20\/ivete-sangalo-celebra-o-carnaval-com-ep-inedito\/","url":"https:\/\/portalmf.com.br\/index.php\/2023\/01\/20\/ivete-sangalo-celebra-o-carnaval-com-ep-inedito\/","name":"Ivete Sangalo celebra o Carnaval com EP in\u00e9dito - Portal MF","isPartOf":{"@id":"https:\/\/portalmf.com.br\/#website"},"primaryImageOfPage":{"@id":"https:\/\/portalmf.com.br\/index.php\/2023\/01\/20\/ivete-sangalo-celebra-o-carnaval-com-ep-inedito\/#primaryimage"},"image":{"@id":"https:\/\/portalmf.com.br\/index.php\/2023\/01\/20\/ivete-sangalo-celebra-o-carnaval-com-ep-inedito\/#primaryimage"},"thumbnailUrl":"https:\/\/portalmf.com.br\/wp-content\/uploads\/2023\/01\/ivete-rafamattei2.jpg","datePublished":"2023-01-20T20:20:26+00:00","dateModified":"2023-01-20T20:20:27+00:00","author":{"@id":"https:\/\/portalmf.com.br\/#\/schema\/person\/9ec101baf56233e53520c26de5d6f6f0"},"breadcrumb":{"@id":"https:\/\/portalmf.com.br\/index.php\/2023\/01\/20\/ivete-sangalo-celebra-o-carnaval-com-ep-inedito\/#breadcrumb"},"inLanguage":"pt-BR","potentialAction":[{"@type":"ReadAction","target":["https:\/\/portalmf.com.br\/index.php\/2023\/01\/20\/ivete-sangalo-celebra-o-carnaval-com-ep-inedito\/"]}]},{"@type":"ImageObject","inLanguage":"pt-BR","@id":"https:\/\/portalmf.com.br\/index.php\/2023\/01\/20\/ivete-sangalo-celebra-o-carnaval-com-ep-inedito\/#primaryimage","url":"https:\/\/portalmf.com.br\/wp-content\/uploads\/2023\/01\/ivete-rafamattei2.jpg","contentUrl":"https:\/\/portalmf.com.br\/wp-content\/uploads\/2023\/01\/ivete-rafamattei2.jpg","width":1008,"height":672,"caption":"Foto: Rafa Mattei \/ Divulga\u00e7\u00e3o"},{"@type":"BreadcrumbList","@id":"https:\/\/portalmf.com.br\/index.php\/2023\/01\/20\/ivete-sangalo-celebra-o-carnaval-com-ep-inedito\/#breadcrumb","itemListElement":[{"@type":"ListItem","position":1,"name":"In\u00edcio","item":"https:\/\/portalmf.com.br\/"},{"@type":"ListItem","position":2,"name":"Ivete Sangalo celebra o Carnaval com EP in\u00e9dito"}]},{"@type":"WebSite","@id":"https:\/\/portalmf.com.br\/#website","url":"https:\/\/portalmf.com.br\/","name":"Portal MF","description":"Voc\u00ea conectado com a informa\u00e7\u00e3o","potentialAction":[{"@type":"SearchAction","target":{"@type":"EntryPoint","urlTemplate":"https:\/\/portalmf.com.br\/?s={search_term_string}"},"query-input":"required name=search_term_string"}],"inLanguage":"pt-BR"},{"@type":"Person","@id":"https:\/\/portalmf.com.br\/#\/schema\/person\/9ec101baf56233e53520c26de5d6f6f0","name":"Reda\u00e7\u00e3o Portal MF","image":{"@type":"ImageObject","inLanguage":"pt-BR","@id":"https:\/\/portalmf.com.br\/#\/schema\/person\/image\/","url":"https:\/\/secure.gravatar.com\/avatar\/41b9aaeb2100835f7c64362330f74c7f?s=96&d=mm&r=g","contentUrl":"https:\/\/secure.gravatar.com\/avatar\/41b9aaeb2100835f7c64362330f74c7f?s=96&d=mm&r=g","caption":"Reda\u00e7\u00e3o Portal MF"},"description":"Sejam bem-vindos o portal de informa\u00e7\u00f5es de entretenimento de Feira de Santana, desde 2006 realiza coberturas dos principais eventos com entrevistas exclusivas com as principais personalidades mundiais. Fique conectado tamb\u00e9m nas redes sociais.","sameAs":["http:\/\/www.portalmf.com.br\/","https:\/\/www.facebook.com\/portalmfoficial","https:\/\/www.instagram.com\/portalmf\/","https:\/\/x.com\/https:\/\/x.com\/portalmfoficial","https:\/\/www.youtube.com\/@portalmfoficial"],"url":"https:\/\/portalmf.com.br\/index.php\/author\/junior\/"}]}},"_links":{"self":[{"href":"https:\/\/portalmf.com.br\/index.php\/wp-json\/wp\/v2\/posts\/8190"}],"collection":[{"href":"https:\/\/portalmf.com.br\/index.php\/wp-json\/wp\/v2\/posts"}],"about":[{"href":"https:\/\/portalmf.com.br\/index.php\/wp-json\/wp\/v2\/types\/post"}],"author":[{"embeddable":true,"href":"https:\/\/portalmf.com.br\/index.php\/wp-json\/wp\/v2\/users\/3"}],"replies":[{"embeddable":true,"href":"https:\/\/portalmf.com.br\/index.php\/wp-json\/wp\/v2\/comments?post=8190"}],"version-history":[{"count":1,"href":"https:\/\/portalmf.com.br\/index.php\/wp-json\/wp\/v2\/posts\/8190\/revisions"}],"predecessor-version":[{"id":8192,"href":"https:\/\/portalmf.com.br\/index.php\/wp-json\/wp\/v2\/posts\/8190\/revisions\/8192"}],"wp:featuredmedia":[{"embeddable":true,"href":"https:\/\/portalmf.com.br\/index.php\/wp-json\/wp\/v2\/media\/8191"}],"wp:attachment":[{"href":"https:\/\/portalmf.com.br\/index.php\/wp-json\/wp\/v2\/media?parent=8190"}],"wp:term":[{"taxonomy":"category","embeddable":true,"href":"https:\/\/portalmf.com.br\/index.php\/wp-json\/wp\/v2\/categories?post=8190"},{"taxonomy":"post_tag","embeddable":true,"href":"https:\/\/portalmf.com.br\/index.php\/wp-json\/wp\/v2\/tags?post=8190"}],"curies":[{"name":"wp","href":"https:\/\/api.w.org\/{rel}","templated":true}]}}