{"id":8184,"date":"2023-01-20T16:41:58","date_gmt":"2023-01-20T19:41:58","guid":{"rendered":"https:\/\/portalmf.com.br\/?p=8184"},"modified":"2023-01-21T13:16:58","modified_gmt":"2023-01-21T16:16:58","slug":"bloco-cheiro-de-amor-cancela-participacao-no-carnaval-de-salvador-em-2023","status":"publish","type":"post","link":"https:\/\/portalmf.com.br\/index.php\/2023\/01\/20\/bloco-cheiro-de-amor-cancela-participacao-no-carnaval-de-salvador-em-2023\/","title":{"rendered":"Bloco Cheiro de Amor cancela participa\u00e7\u00e3o no Carnaval de Salvador em 2023"},"content":{"rendered":"\n<p>O Carnaval de Salvador ter\u00e1 um desfalque no retorno da realiza\u00e7\u00e3o da festa em 2023. O bloco Cheiro de Amor, um dos mais tradicionais da folia baiana com mais de 40 anos de exist\u00eancia, cancelou a participa\u00e7\u00e3o na festa.<\/p>\n\n\n\n<p>A informa\u00e7\u00e3o foi publicada em primeira m\u00e3o pelo colunista Kadu Brand\u00e3o, do site iG. De acordo com o jornalista, o desfile havia sido cancelado por falta de patroc\u00ednio. Ao site iBahia, o fundador do bloco, Windson Silva, confirmou a informa\u00e7\u00e3o.<\/p>\n\n\n\n<p><em>\u201cQueridos foli\u00f5es, infelizmente n\u00e3o foi poss\u00edvel equacionar os interesses comerciais envolvidos no Bloco Cheiro de 2023 e por isso n\u00e3o teremos o nosso amado bloco nesse carnaval! Nos vemos em 2024!\u201d.<\/em><\/p>\n\n\n\n<p>Em maio de 2022, o bloco Cheiro de Amor realizou uma festa de lan\u00e7amento para o desfile de 2023 no Deck Marina Lounge Bar. A presen\u00e7a do bloco estava confirmada para a sexta-feira de Carnaval, no circuito Dod\u00f4 (Barra\/Ondina), com trio e carro de apoio.<\/p>\n\n\n\n<p>No \u00faltimo levantamento feito pelo iBahia, em dezembro de 2022, com os blocos anunciados e com vendas abertas para o Carnaval de 2023, o Bloco Cheiro de Amor estava sendo vendido por R$ 180.<\/p>\n\n\n\n<p>Ainda de acordo com o colunista Kadu Brnad\u00e3o, a ideia \u00e9 transformar o desfile que seria do bloco Cheiro de Amor em um trio independente e sem cordas para o foli\u00e3o pipoca.<\/p>\n\n\n\n<p>Com informa\u00e7\u00f5es do Ibahia Foto: Kamila Ferreira<\/p>\n","protected":false},"excerpt":{"rendered":"<p>O Carnaval de Salvador ter\u00e1 um desfalque no retorno da realiza\u00e7\u00e3o da festa em 2023. O bloco Cheiro de Amor, um dos mais tradicionais da folia baiana com mais de 40 anos de exist\u00eancia, cancelou a participa\u00e7\u00e3o na festa. A informa\u00e7\u00e3o foi publicada em primeira m\u00e3o pelo colunista Kadu Brand\u00e3o, do site iG. De acordo [&hellip;]<\/p>\n","protected":false},"author":3,"featured_media":8185,"comment_status":"open","ping_status":"open","sticky":false,"template":"","format":"standard","meta":{"_monsterinsights_skip_tracking":false,"_monsterinsights_sitenote_active":false,"_monsterinsights_sitenote_note":"","_monsterinsights_sitenote_category":0,"footnotes":""},"categories":[44,48],"tags":[],"yoast_head":"<!-- This site is optimized with the Yoast SEO plugin v22.9 - https:\/\/yoast.com\/wordpress\/plugins\/seo\/ -->\n<title>Bloco Cheiro de Amor cancela participa\u00e7\u00e3o no Carnaval de Salvador em 2023 - Portal MF<\/title>\n<meta name=\"robots\" content=\"index, follow, max-snippet:-1, max-image-preview:large, max-video-preview:-1\" \/>\n<link rel=\"canonical\" href=\"https:\/\/portalmf.com.br\/index.php\/2023\/01\/20\/bloco-cheiro-de-amor-cancela-participacao-no-carnaval-de-salvador-em-2023\/\" \/>\n<meta property=\"og:locale\" content=\"pt_BR\" \/>\n<meta property=\"og:type\" content=\"article\" \/>\n<meta property=\"og:title\" content=\"Bloco Cheiro de Amor cancela participa\u00e7\u00e3o no Carnaval de Salvador em 2023 - Portal MF\" \/>\n<meta property=\"og:description\" content=\"O Carnaval de Salvador ter\u00e1 um desfalque no retorno da realiza\u00e7\u00e3o da festa em 2023. O bloco Cheiro de Amor, um dos mais tradicionais da folia baiana com mais de 40 anos de exist\u00eancia, cancelou a participa\u00e7\u00e3o na festa. A informa\u00e7\u00e3o foi publicada em primeira m\u00e3o pelo colunista Kadu Brand\u00e3o, do site iG. De acordo [&hellip;]\" \/>\n<meta property=\"og:url\" content=\"https:\/\/portalmf.com.br\/index.php\/2023\/01\/20\/bloco-cheiro-de-amor-cancela-participacao-no-carnaval-de-salvador-em-2023\/\" \/>\n<meta property=\"og:site_name\" content=\"Portal MF\" \/>\n<meta property=\"article:author\" content=\"https:\/\/www.facebook.com\/portalmfoficial\" \/>\n<meta property=\"article:published_time\" content=\"2023-01-20T19:41:58+00:00\" \/>\n<meta property=\"article:modified_time\" content=\"2023-01-21T16:16:58+00:00\" \/>\n<meta property=\"og:image\" content=\"https:\/\/portalmf.com.br\/wp-content\/uploads\/2023\/01\/BLOCO-CHEIRO-DE-AMOR.jpg\" \/>\n\t<meta property=\"og:image:width\" content=\"1080\" \/>\n\t<meta property=\"og:image:height\" content=\"720\" \/>\n\t<meta property=\"og:image:type\" content=\"image\/jpeg\" \/>\n<meta name=\"author\" content=\"Reda\u00e7\u00e3o Portal MF\" \/>\n<meta name=\"twitter:card\" content=\"summary_large_image\" \/>\n<meta name=\"twitter:creator\" content=\"@https:\/\/x.com\/portalmfoficial\" \/>\n<meta name=\"twitter:label1\" content=\"Escrito por\" \/>\n\t<meta name=\"twitter:data1\" content=\"Reda\u00e7\u00e3o Portal MF\" \/>\n\t<meta name=\"twitter:label2\" content=\"Est. tempo de leitura\" \/>\n\t<meta name=\"twitter:data2\" content=\"2 minutos\" \/>\n<script type=\"application\/ld+json\" class=\"yoast-schema-graph\">{\"@context\":\"https:\/\/schema.org\",\"@graph\":[{\"@type\":\"WebPage\",\"@id\":\"https:\/\/portalmf.com.br\/index.php\/2023\/01\/20\/bloco-cheiro-de-amor-cancela-participacao-no-carnaval-de-salvador-em-2023\/\",\"url\":\"https:\/\/portalmf.com.br\/index.php\/2023\/01\/20\/bloco-cheiro-de-amor-cancela-participacao-no-carnaval-de-salvador-em-2023\/\",\"name\":\"Bloco Cheiro de Amor cancela participa\u00e7\u00e3o no Carnaval de Salvador em 2023 - Portal MF\",\"isPartOf\":{\"@id\":\"https:\/\/portalmf.com.br\/#website\"},\"primaryImageOfPage\":{\"@id\":\"https:\/\/portalmf.com.br\/index.php\/2023\/01\/20\/bloco-cheiro-de-amor-cancela-participacao-no-carnaval-de-salvador-em-2023\/#primaryimage\"},\"image\":{\"@id\":\"https:\/\/portalmf.com.br\/index.php\/2023\/01\/20\/bloco-cheiro-de-amor-cancela-participacao-no-carnaval-de-salvador-em-2023\/#primaryimage\"},\"thumbnailUrl\":\"https:\/\/portalmf.com.br\/wp-content\/uploads\/2023\/01\/BLOCO-CHEIRO-DE-AMOR.jpg\",\"datePublished\":\"2023-01-20T19:41:58+00:00\",\"dateModified\":\"2023-01-21T16:16:58+00:00\",\"author\":{\"@id\":\"https:\/\/portalmf.com.br\/#\/schema\/person\/9ec101baf56233e53520c26de5d6f6f0\"},\"breadcrumb\":{\"@id\":\"https:\/\/portalmf.com.br\/index.php\/2023\/01\/20\/bloco-cheiro-de-amor-cancela-participacao-no-carnaval-de-salvador-em-2023\/#breadcrumb\"},\"inLanguage\":\"pt-BR\",\"potentialAction\":[{\"@type\":\"ReadAction\",\"target\":[\"https:\/\/portalmf.com.br\/index.php\/2023\/01\/20\/bloco-cheiro-de-amor-cancela-participacao-no-carnaval-de-salvador-em-2023\/\"]}]},{\"@type\":\"ImageObject\",\"inLanguage\":\"pt-BR\",\"@id\":\"https:\/\/portalmf.com.br\/index.php\/2023\/01\/20\/bloco-cheiro-de-amor-cancela-participacao-no-carnaval-de-salvador-em-2023\/#primaryimage\",\"url\":\"https:\/\/portalmf.com.br\/wp-content\/uploads\/2023\/01\/BLOCO-CHEIRO-DE-AMOR.jpg\",\"contentUrl\":\"https:\/\/portalmf.com.br\/wp-content\/uploads\/2023\/01\/BLOCO-CHEIRO-DE-AMOR.jpg\",\"width\":1080,\"height\":720,\"caption\":\"Foto: Kamila Ferreira\"},{\"@type\":\"BreadcrumbList\",\"@id\":\"https:\/\/portalmf.com.br\/index.php\/2023\/01\/20\/bloco-cheiro-de-amor-cancela-participacao-no-carnaval-de-salvador-em-2023\/#breadcrumb\",\"itemListElement\":[{\"@type\":\"ListItem\",\"position\":1,\"name\":\"In\u00edcio\",\"item\":\"https:\/\/portalmf.com.br\/\"},{\"@type\":\"ListItem\",\"position\":2,\"name\":\"Bloco Cheiro de Amor cancela participa\u00e7\u00e3o no Carnaval de Salvador em 2023\"}]},{\"@type\":\"WebSite\",\"@id\":\"https:\/\/portalmf.com.br\/#website\",\"url\":\"https:\/\/portalmf.com.br\/\",\"name\":\"Portal MF\",\"description\":\"Voc\u00ea conectado com a informa\u00e7\u00e3o\",\"potentialAction\":[{\"@type\":\"SearchAction\",\"target\":{\"@type\":\"EntryPoint\",\"urlTemplate\":\"https:\/\/portalmf.com.br\/?s={search_term_string}\"},\"query-input\":\"required name=search_term_string\"}],\"inLanguage\":\"pt-BR\"},{\"@type\":\"Person\",\"@id\":\"https:\/\/portalmf.com.br\/#\/schema\/person\/9ec101baf56233e53520c26de5d6f6f0\",\"name\":\"Reda\u00e7\u00e3o Portal MF\",\"image\":{\"@type\":\"ImageObject\",\"inLanguage\":\"pt-BR\",\"@id\":\"https:\/\/portalmf.com.br\/#\/schema\/person\/image\/\",\"url\":\"https:\/\/secure.gravatar.com\/avatar\/41b9aaeb2100835f7c64362330f74c7f?s=96&d=mm&r=g\",\"contentUrl\":\"https:\/\/secure.gravatar.com\/avatar\/41b9aaeb2100835f7c64362330f74c7f?s=96&d=mm&r=g\",\"caption\":\"Reda\u00e7\u00e3o Portal MF\"},\"description\":\"Sejam bem-vindos o portal de informa\u00e7\u00f5es de entretenimento de Feira de Santana, desde 2006 realiza coberturas dos principais eventos com entrevistas exclusivas com as principais personalidades mundiais. Fique conectado tamb\u00e9m nas redes sociais.\",\"sameAs\":[\"http:\/\/www.portalmf.com.br\/\",\"https:\/\/www.facebook.com\/portalmfoficial\",\"https:\/\/www.instagram.com\/portalmf\/\",\"https:\/\/x.com\/https:\/\/x.com\/portalmfoficial\",\"https:\/\/www.youtube.com\/@portalmfoficial\"],\"url\":\"https:\/\/portalmf.com.br\/index.php\/author\/junior\/\"}]}<\/script>\n<!-- \/ Yoast SEO plugin. -->","yoast_head_json":{"title":"Bloco Cheiro de Amor cancela participa\u00e7\u00e3o no Carnaval de Salvador em 2023 - Portal MF","robots":{"index":"index","follow":"follow","max-snippet":"max-snippet:-1","max-image-preview":"max-image-preview:large","max-video-preview":"max-video-preview:-1"},"canonical":"https:\/\/portalmf.com.br\/index.php\/2023\/01\/20\/bloco-cheiro-de-amor-cancela-participacao-no-carnaval-de-salvador-em-2023\/","og_locale":"pt_BR","og_type":"article","og_title":"Bloco Cheiro de Amor cancela participa\u00e7\u00e3o no Carnaval de Salvador em 2023 - Portal MF","og_description":"O Carnaval de Salvador ter\u00e1 um desfalque no retorno da realiza\u00e7\u00e3o da festa em 2023. O bloco Cheiro de Amor, um dos mais tradicionais da folia baiana com mais de 40 anos de exist\u00eancia, cancelou a participa\u00e7\u00e3o na festa. A informa\u00e7\u00e3o foi publicada em primeira m\u00e3o pelo colunista Kadu Brand\u00e3o, do site iG. De acordo [&hellip;]","og_url":"https:\/\/portalmf.com.br\/index.php\/2023\/01\/20\/bloco-cheiro-de-amor-cancela-participacao-no-carnaval-de-salvador-em-2023\/","og_site_name":"Portal MF","article_author":"https:\/\/www.facebook.com\/portalmfoficial","article_published_time":"2023-01-20T19:41:58+00:00","article_modified_time":"2023-01-21T16:16:58+00:00","og_image":[{"width":1080,"height":720,"url":"https:\/\/portalmf.com.br\/wp-content\/uploads\/2023\/01\/BLOCO-CHEIRO-DE-AMOR.jpg","type":"image\/jpeg"}],"author":"Reda\u00e7\u00e3o Portal MF","twitter_card":"summary_large_image","twitter_creator":"@https:\/\/x.com\/portalmfoficial","twitter_misc":{"Escrito por":"Reda\u00e7\u00e3o Portal MF","Est. tempo de leitura":"2 minutos"},"schema":{"@context":"https:\/\/schema.org","@graph":[{"@type":"WebPage","@id":"https:\/\/portalmf.com.br\/index.php\/2023\/01\/20\/bloco-cheiro-de-amor-cancela-participacao-no-carnaval-de-salvador-em-2023\/","url":"https:\/\/portalmf.com.br\/index.php\/2023\/01\/20\/bloco-cheiro-de-amor-cancela-participacao-no-carnaval-de-salvador-em-2023\/","name":"Bloco Cheiro de Amor cancela participa\u00e7\u00e3o no Carnaval de Salvador em 2023 - Portal MF","isPartOf":{"@id":"https:\/\/portalmf.com.br\/#website"},"primaryImageOfPage":{"@id":"https:\/\/portalmf.com.br\/index.php\/2023\/01\/20\/bloco-cheiro-de-amor-cancela-participacao-no-carnaval-de-salvador-em-2023\/#primaryimage"},"image":{"@id":"https:\/\/portalmf.com.br\/index.php\/2023\/01\/20\/bloco-cheiro-de-amor-cancela-participacao-no-carnaval-de-salvador-em-2023\/#primaryimage"},"thumbnailUrl":"https:\/\/portalmf.com.br\/wp-content\/uploads\/2023\/01\/BLOCO-CHEIRO-DE-AMOR.jpg","datePublished":"2023-01-20T19:41:58+00:00","dateModified":"2023-01-21T16:16:58+00:00","author":{"@id":"https:\/\/portalmf.com.br\/#\/schema\/person\/9ec101baf56233e53520c26de5d6f6f0"},"breadcrumb":{"@id":"https:\/\/portalmf.com.br\/index.php\/2023\/01\/20\/bloco-cheiro-de-amor-cancela-participacao-no-carnaval-de-salvador-em-2023\/#breadcrumb"},"inLanguage":"pt-BR","potentialAction":[{"@type":"ReadAction","target":["https:\/\/portalmf.com.br\/index.php\/2023\/01\/20\/bloco-cheiro-de-amor-cancela-participacao-no-carnaval-de-salvador-em-2023\/"]}]},{"@type":"ImageObject","inLanguage":"pt-BR","@id":"https:\/\/portalmf.com.br\/index.php\/2023\/01\/20\/bloco-cheiro-de-amor-cancela-participacao-no-carnaval-de-salvador-em-2023\/#primaryimage","url":"https:\/\/portalmf.com.br\/wp-content\/uploads\/2023\/01\/BLOCO-CHEIRO-DE-AMOR.jpg","contentUrl":"https:\/\/portalmf.com.br\/wp-content\/uploads\/2023\/01\/BLOCO-CHEIRO-DE-AMOR.jpg","width":1080,"height":720,"caption":"Foto: Kamila Ferreira"},{"@type":"BreadcrumbList","@id":"https:\/\/portalmf.com.br\/index.php\/2023\/01\/20\/bloco-cheiro-de-amor-cancela-participacao-no-carnaval-de-salvador-em-2023\/#breadcrumb","itemListElement":[{"@type":"ListItem","position":1,"name":"In\u00edcio","item":"https:\/\/portalmf.com.br\/"},{"@type":"ListItem","position":2,"name":"Bloco Cheiro de Amor cancela participa\u00e7\u00e3o no Carnaval de Salvador em 2023"}]},{"@type":"WebSite","@id":"https:\/\/portalmf.com.br\/#website","url":"https:\/\/portalmf.com.br\/","name":"Portal MF","description":"Voc\u00ea conectado com a informa\u00e7\u00e3o","potentialAction":[{"@type":"SearchAction","target":{"@type":"EntryPoint","urlTemplate":"https:\/\/portalmf.com.br\/?s={search_term_string}"},"query-input":"required name=search_term_string"}],"inLanguage":"pt-BR"},{"@type":"Person","@id":"https:\/\/portalmf.com.br\/#\/schema\/person\/9ec101baf56233e53520c26de5d6f6f0","name":"Reda\u00e7\u00e3o Portal MF","image":{"@type":"ImageObject","inLanguage":"pt-BR","@id":"https:\/\/portalmf.com.br\/#\/schema\/person\/image\/","url":"https:\/\/secure.gravatar.com\/avatar\/41b9aaeb2100835f7c64362330f74c7f?s=96&d=mm&r=g","contentUrl":"https:\/\/secure.gravatar.com\/avatar\/41b9aaeb2100835f7c64362330f74c7f?s=96&d=mm&r=g","caption":"Reda\u00e7\u00e3o Portal MF"},"description":"Sejam bem-vindos o portal de informa\u00e7\u00f5es de entretenimento de Feira de Santana, desde 2006 realiza coberturas dos principais eventos com entrevistas exclusivas com as principais personalidades mundiais. Fique conectado tamb\u00e9m nas redes sociais.","sameAs":["http:\/\/www.portalmf.com.br\/","https:\/\/www.facebook.com\/portalmfoficial","https:\/\/www.instagram.com\/portalmf\/","https:\/\/x.com\/https:\/\/x.com\/portalmfoficial","https:\/\/www.youtube.com\/@portalmfoficial"],"url":"https:\/\/portalmf.com.br\/index.php\/author\/junior\/"}]}},"_links":{"self":[{"href":"https:\/\/portalmf.com.br\/index.php\/wp-json\/wp\/v2\/posts\/8184"}],"collection":[{"href":"https:\/\/portalmf.com.br\/index.php\/wp-json\/wp\/v2\/posts"}],"about":[{"href":"https:\/\/portalmf.com.br\/index.php\/wp-json\/wp\/v2\/types\/post"}],"author":[{"embeddable":true,"href":"https:\/\/portalmf.com.br\/index.php\/wp-json\/wp\/v2\/users\/3"}],"replies":[{"embeddable":true,"href":"https:\/\/portalmf.com.br\/index.php\/wp-json\/wp\/v2\/comments?post=8184"}],"version-history":[{"count":1,"href":"https:\/\/portalmf.com.br\/index.php\/wp-json\/wp\/v2\/posts\/8184\/revisions"}],"predecessor-version":[{"id":8186,"href":"https:\/\/portalmf.com.br\/index.php\/wp-json\/wp\/v2\/posts\/8184\/revisions\/8186"}],"wp:featuredmedia":[{"embeddable":true,"href":"https:\/\/portalmf.com.br\/index.php\/wp-json\/wp\/v2\/media\/8185"}],"wp:attachment":[{"href":"https:\/\/portalmf.com.br\/index.php\/wp-json\/wp\/v2\/media?parent=8184"}],"wp:term":[{"taxonomy":"category","embeddable":true,"href":"https:\/\/portalmf.com.br\/index.php\/wp-json\/wp\/v2\/categories?post=8184"},{"taxonomy":"post_tag","embeddable":true,"href":"https:\/\/portalmf.com.br\/index.php\/wp-json\/wp\/v2\/tags?post=8184"}],"curies":[{"name":"wp","href":"https:\/\/api.w.org\/{rel}","templated":true}]}}