{"id":8170,"date":"2023-01-20T14:53:54","date_gmt":"2023-01-20T17:53:54","guid":{"rendered":"https:\/\/portalmf.com.br\/?p=8170"},"modified":"2023-01-20T14:53:54","modified_gmt":"2023-01-20T17:53:54","slug":"edital-ouro-negro-2023-recebe-numero-recorde-de-inscricoes","status":"publish","type":"post","link":"https:\/\/portalmf.com.br\/index.php\/2023\/01\/20\/edital-ouro-negro-2023-recebe-numero-recorde-de-inscricoes\/","title":{"rendered":"Edital Ouro Negro 2023 recebe n\u00famero recorde de inscri\u00e7\u00f5es"},"content":{"rendered":"\n<p>A Secretaria de Cultura do Estado da Bahia (SecultBA) e a Secretaria de Promo\u00e7\u00e3o da Igualdade Racial e dos Povos e Comunidades Tradicionais (Sepromi) divulgaram nesta quinta-feira (19), os resultados preliminares da sele\u00e7\u00e3o do Edital Carnaval Ouro Negro 2023. Neste ano, o aporte disponibilizado \u00e9 de R$ 8 milh\u00f5es para este edital, o maior ao longo das 14 edi\u00e7\u00f5es da s\u00e9rie hist\u00f3rica.<\/p>\n\n\n\n<p>O n\u00famero de inscritos tamb\u00e9m \u00e9 recorde. Foram 199 propostas de 123 institui\u00e7\u00f5es de matriz africana dos segmentos afro, afox\u00e9, samba, reggae e de \u00edndio, que desfilam no Carnaval de Salvador. Destas, foram classificadas preliminarmente 57 entidades gerando um montante a ser investido de mais de R$ 7,47 milh\u00f5es.<\/p>\n\n\n\n<p>Para o secret\u00e1rio de Cultura, Bruno Monteiro, o Edital Carnaval Ouro Negro \u00e9 uma importante ferramenta democr\u00e1tica de acesso aos investimentos p\u00fablicos. <em>\u201cOs Editais s\u00e3o instrumentos das pol\u00edticas p\u00fablicas de fomento que garantem igualdade de oportunidades e transpar\u00eancia no uso do recurso p\u00fablico. Quando esses fomentos s\u00e3o para a comunidade negra e povos origin\u00e1rios s\u00e3o ainda mais importantes, pois valoriza esses grupos historicamente exclu\u00eddos e mant\u00e9m vivo seu importante legado hist\u00f3rico e social\u201d<\/em>, explicou Monteiro.<\/p>\n\n\n\n<p>As entidades ainda podem interpor recurso entre os dias entre 20 e 25 de janeiro de 2023, apenas presencialmente, na sede da SecultBA, localizada na Rua Conselheiro Sp\u00ednola, s\/n \u2013 Barris, Salvador \u2013 BA. O resultado preliminar pode ser acessado nas p\u00e1ginas oficiais da Secult e Sepromi.<\/p>\n\n\n\n<p>O Governo do Estado segue fortalecendo o carnaval dos blocos de matrizes africanas atrav\u00e9s do edital Carnaval Ouro Negro. Na sua 14\u00aa Edi\u00e7\u00e3o o edital contempla e estimula a participa\u00e7\u00e3o de agremia\u00e7\u00f5es oriundas das diversas comunidades de Salvador, que tem na folia o \u00e1pice para as diversas atividades sociais que s\u00e3o desenvolvidas ao longo do ano. Indument\u00e1rias, toques percussivos, dan\u00e7as, performances e cantos fazem parte dos espet\u00e1culos, que trazem em si a for\u00e7a da ancestralidade e da tradi\u00e7\u00e3o, na constru\u00e7\u00e3o de uma cultura cidad\u00e3.<\/p>\n\n\n\n<p>CONFIRA O RESULTADO PRELIMINAR (<a href=\"http:\/\/www.cultura.ba.gov.br\/modules\/conteudo\/conteudo.php?conteudo=391\">http:\/\/www.cultura.ba.gov.br\/modules\/conteudo\/conteudo.php?conteudo=391<\/a>)<\/p>\n","protected":false},"excerpt":{"rendered":"<p>A Secretaria de Cultura do Estado da Bahia (SecultBA) e a Secretaria de Promo\u00e7\u00e3o da Igualdade Racial e dos Povos e Comunidades Tradicionais (Sepromi) divulgaram nesta quinta-feira (19), os resultados preliminares da sele\u00e7\u00e3o do Edital Carnaval Ouro Negro 2023. Neste ano, o aporte disponibilizado \u00e9 de R$ 8 milh\u00f5es para este edital, o maior ao [&hellip;]<\/p>\n","protected":false},"author":3,"featured_media":8171,"comment_status":"open","ping_status":"open","sticky":false,"template":"","format":"standard","meta":{"_monsterinsights_skip_tracking":false,"_monsterinsights_sitenote_active":false,"_monsterinsights_sitenote_note":"","_monsterinsights_sitenote_category":0,"footnotes":""},"categories":[40],"tags":[],"yoast_head":"<!-- This site is optimized with the Yoast SEO plugin v22.9 - https:\/\/yoast.com\/wordpress\/plugins\/seo\/ -->\n<title>Edital Ouro Negro 2023 recebe n\u00famero recorde de inscri\u00e7\u00f5es - Portal MF<\/title>\n<meta name=\"robots\" content=\"index, follow, max-snippet:-1, max-image-preview:large, max-video-preview:-1\" \/>\n<link rel=\"canonical\" href=\"https:\/\/portalmf.com.br\/index.php\/2023\/01\/20\/edital-ouro-negro-2023-recebe-numero-recorde-de-inscricoes\/\" \/>\n<meta property=\"og:locale\" content=\"pt_BR\" \/>\n<meta property=\"og:type\" content=\"article\" \/>\n<meta property=\"og:title\" content=\"Edital Ouro Negro 2023 recebe n\u00famero recorde de inscri\u00e7\u00f5es - Portal MF\" \/>\n<meta property=\"og:description\" content=\"A Secretaria de Cultura do Estado da Bahia (SecultBA) e a Secretaria de Promo\u00e7\u00e3o da Igualdade Racial e dos Povos e Comunidades Tradicionais (Sepromi) divulgaram nesta quinta-feira (19), os resultados preliminares da sele\u00e7\u00e3o do Edital Carnaval Ouro Negro 2023. Neste ano, o aporte disponibilizado \u00e9 de R$ 8 milh\u00f5es para este edital, o maior ao [&hellip;]\" \/>\n<meta property=\"og:url\" content=\"https:\/\/portalmf.com.br\/index.php\/2023\/01\/20\/edital-ouro-negro-2023-recebe-numero-recorde-de-inscricoes\/\" \/>\n<meta property=\"og:site_name\" content=\"Portal MF\" \/>\n<meta property=\"article:author\" content=\"https:\/\/www.facebook.com\/portalmfoficial\" \/>\n<meta property=\"article:published_time\" content=\"2023-01-20T17:53:54+00:00\" \/>\n<meta property=\"og:image\" content=\"https:\/\/portalmf.com.br\/wp-content\/uploads\/2023\/01\/Edital-Ouro-Negro-2023-recebe-numero-recorde-de-inscricoes.jpeg\" \/>\n\t<meta property=\"og:image:width\" content=\"1280\" \/>\n\t<meta property=\"og:image:height\" content=\"853\" \/>\n\t<meta property=\"og:image:type\" content=\"image\/jpeg\" \/>\n<meta name=\"author\" content=\"Reda\u00e7\u00e3o Portal MF\" \/>\n<meta name=\"twitter:card\" content=\"summary_large_image\" \/>\n<meta name=\"twitter:creator\" content=\"@https:\/\/x.com\/portalmfoficial\" \/>\n<meta name=\"twitter:label1\" content=\"Escrito por\" \/>\n\t<meta name=\"twitter:data1\" content=\"Reda\u00e7\u00e3o Portal MF\" \/>\n\t<meta name=\"twitter:label2\" content=\"Est. tempo de leitura\" \/>\n\t<meta name=\"twitter:data2\" content=\"2 minutos\" \/>\n<script type=\"application\/ld+json\" class=\"yoast-schema-graph\">{\"@context\":\"https:\/\/schema.org\",\"@graph\":[{\"@type\":\"WebPage\",\"@id\":\"https:\/\/portalmf.com.br\/index.php\/2023\/01\/20\/edital-ouro-negro-2023-recebe-numero-recorde-de-inscricoes\/\",\"url\":\"https:\/\/portalmf.com.br\/index.php\/2023\/01\/20\/edital-ouro-negro-2023-recebe-numero-recorde-de-inscricoes\/\",\"name\":\"Edital Ouro Negro 2023 recebe n\u00famero recorde de inscri\u00e7\u00f5es - Portal MF\",\"isPartOf\":{\"@id\":\"https:\/\/portalmf.com.br\/#website\"},\"primaryImageOfPage\":{\"@id\":\"https:\/\/portalmf.com.br\/index.php\/2023\/01\/20\/edital-ouro-negro-2023-recebe-numero-recorde-de-inscricoes\/#primaryimage\"},\"image\":{\"@id\":\"https:\/\/portalmf.com.br\/index.php\/2023\/01\/20\/edital-ouro-negro-2023-recebe-numero-recorde-de-inscricoes\/#primaryimage\"},\"thumbnailUrl\":\"https:\/\/portalmf.com.br\/wp-content\/uploads\/2023\/01\/Edital-Ouro-Negro-2023-recebe-numero-recorde-de-inscricoes.jpeg\",\"datePublished\":\"2023-01-20T17:53:54+00:00\",\"dateModified\":\"2023-01-20T17:53:54+00:00\",\"author\":{\"@id\":\"https:\/\/portalmf.com.br\/#\/schema\/person\/9ec101baf56233e53520c26de5d6f6f0\"},\"breadcrumb\":{\"@id\":\"https:\/\/portalmf.com.br\/index.php\/2023\/01\/20\/edital-ouro-negro-2023-recebe-numero-recorde-de-inscricoes\/#breadcrumb\"},\"inLanguage\":\"pt-BR\",\"potentialAction\":[{\"@type\":\"ReadAction\",\"target\":[\"https:\/\/portalmf.com.br\/index.php\/2023\/01\/20\/edital-ouro-negro-2023-recebe-numero-recorde-de-inscricoes\/\"]}]},{\"@type\":\"ImageObject\",\"inLanguage\":\"pt-BR\",\"@id\":\"https:\/\/portalmf.com.br\/index.php\/2023\/01\/20\/edital-ouro-negro-2023-recebe-numero-recorde-de-inscricoes\/#primaryimage\",\"url\":\"https:\/\/portalmf.com.br\/wp-content\/uploads\/2023\/01\/Edital-Ouro-Negro-2023-recebe-numero-recorde-de-inscricoes.jpeg\",\"contentUrl\":\"https:\/\/portalmf.com.br\/wp-content\/uploads\/2023\/01\/Edital-Ouro-Negro-2023-recebe-numero-recorde-de-inscricoes.jpeg\",\"width\":1280,\"height\":853,\"caption\":\"Foto: Andr\u00e9 Frutuoso\/Secult-GovBa\"},{\"@type\":\"BreadcrumbList\",\"@id\":\"https:\/\/portalmf.com.br\/index.php\/2023\/01\/20\/edital-ouro-negro-2023-recebe-numero-recorde-de-inscricoes\/#breadcrumb\",\"itemListElement\":[{\"@type\":\"ListItem\",\"position\":1,\"name\":\"In\u00edcio\",\"item\":\"https:\/\/portalmf.com.br\/\"},{\"@type\":\"ListItem\",\"position\":2,\"name\":\"Edital Ouro Negro 2023 recebe n\u00famero recorde de inscri\u00e7\u00f5es\"}]},{\"@type\":\"WebSite\",\"@id\":\"https:\/\/portalmf.com.br\/#website\",\"url\":\"https:\/\/portalmf.com.br\/\",\"name\":\"Portal MF\",\"description\":\"Voc\u00ea conectado com a informa\u00e7\u00e3o\",\"potentialAction\":[{\"@type\":\"SearchAction\",\"target\":{\"@type\":\"EntryPoint\",\"urlTemplate\":\"https:\/\/portalmf.com.br\/?s={search_term_string}\"},\"query-input\":\"required name=search_term_string\"}],\"inLanguage\":\"pt-BR\"},{\"@type\":\"Person\",\"@id\":\"https:\/\/portalmf.com.br\/#\/schema\/person\/9ec101baf56233e53520c26de5d6f6f0\",\"name\":\"Reda\u00e7\u00e3o Portal MF\",\"image\":{\"@type\":\"ImageObject\",\"inLanguage\":\"pt-BR\",\"@id\":\"https:\/\/portalmf.com.br\/#\/schema\/person\/image\/\",\"url\":\"https:\/\/secure.gravatar.com\/avatar\/41b9aaeb2100835f7c64362330f74c7f?s=96&d=mm&r=g\",\"contentUrl\":\"https:\/\/secure.gravatar.com\/avatar\/41b9aaeb2100835f7c64362330f74c7f?s=96&d=mm&r=g\",\"caption\":\"Reda\u00e7\u00e3o Portal MF\"},\"description\":\"Sejam bem-vindos o portal de informa\u00e7\u00f5es de entretenimento de Feira de Santana, desde 2006 realiza coberturas dos principais eventos com entrevistas exclusivas com as principais personalidades mundiais. Fique conectado tamb\u00e9m nas redes sociais.\",\"sameAs\":[\"http:\/\/www.portalmf.com.br\/\",\"https:\/\/www.facebook.com\/portalmfoficial\",\"https:\/\/www.instagram.com\/portalmf\/\",\"https:\/\/x.com\/https:\/\/x.com\/portalmfoficial\",\"https:\/\/www.youtube.com\/@portalmfoficial\"],\"url\":\"https:\/\/portalmf.com.br\/index.php\/author\/junior\/\"}]}<\/script>\n<!-- \/ Yoast SEO plugin. -->","yoast_head_json":{"title":"Edital Ouro Negro 2023 recebe n\u00famero recorde de inscri\u00e7\u00f5es - Portal MF","robots":{"index":"index","follow":"follow","max-snippet":"max-snippet:-1","max-image-preview":"max-image-preview:large","max-video-preview":"max-video-preview:-1"},"canonical":"https:\/\/portalmf.com.br\/index.php\/2023\/01\/20\/edital-ouro-negro-2023-recebe-numero-recorde-de-inscricoes\/","og_locale":"pt_BR","og_type":"article","og_title":"Edital Ouro Negro 2023 recebe n\u00famero recorde de inscri\u00e7\u00f5es - Portal MF","og_description":"A Secretaria de Cultura do Estado da Bahia (SecultBA) e a Secretaria de Promo\u00e7\u00e3o da Igualdade Racial e dos Povos e Comunidades Tradicionais (Sepromi) divulgaram nesta quinta-feira (19), os resultados preliminares da sele\u00e7\u00e3o do Edital Carnaval Ouro Negro 2023. Neste ano, o aporte disponibilizado \u00e9 de R$ 8 milh\u00f5es para este edital, o maior ao [&hellip;]","og_url":"https:\/\/portalmf.com.br\/index.php\/2023\/01\/20\/edital-ouro-negro-2023-recebe-numero-recorde-de-inscricoes\/","og_site_name":"Portal MF","article_author":"https:\/\/www.facebook.com\/portalmfoficial","article_published_time":"2023-01-20T17:53:54+00:00","og_image":[{"width":1280,"height":853,"url":"https:\/\/portalmf.com.br\/wp-content\/uploads\/2023\/01\/Edital-Ouro-Negro-2023-recebe-numero-recorde-de-inscricoes.jpeg","type":"image\/jpeg"}],"author":"Reda\u00e7\u00e3o Portal MF","twitter_card":"summary_large_image","twitter_creator":"@https:\/\/x.com\/portalmfoficial","twitter_misc":{"Escrito por":"Reda\u00e7\u00e3o Portal MF","Est. tempo de leitura":"2 minutos"},"schema":{"@context":"https:\/\/schema.org","@graph":[{"@type":"WebPage","@id":"https:\/\/portalmf.com.br\/index.php\/2023\/01\/20\/edital-ouro-negro-2023-recebe-numero-recorde-de-inscricoes\/","url":"https:\/\/portalmf.com.br\/index.php\/2023\/01\/20\/edital-ouro-negro-2023-recebe-numero-recorde-de-inscricoes\/","name":"Edital Ouro Negro 2023 recebe n\u00famero recorde de inscri\u00e7\u00f5es - Portal MF","isPartOf":{"@id":"https:\/\/portalmf.com.br\/#website"},"primaryImageOfPage":{"@id":"https:\/\/portalmf.com.br\/index.php\/2023\/01\/20\/edital-ouro-negro-2023-recebe-numero-recorde-de-inscricoes\/#primaryimage"},"image":{"@id":"https:\/\/portalmf.com.br\/index.php\/2023\/01\/20\/edital-ouro-negro-2023-recebe-numero-recorde-de-inscricoes\/#primaryimage"},"thumbnailUrl":"https:\/\/portalmf.com.br\/wp-content\/uploads\/2023\/01\/Edital-Ouro-Negro-2023-recebe-numero-recorde-de-inscricoes.jpeg","datePublished":"2023-01-20T17:53:54+00:00","dateModified":"2023-01-20T17:53:54+00:00","author":{"@id":"https:\/\/portalmf.com.br\/#\/schema\/person\/9ec101baf56233e53520c26de5d6f6f0"},"breadcrumb":{"@id":"https:\/\/portalmf.com.br\/index.php\/2023\/01\/20\/edital-ouro-negro-2023-recebe-numero-recorde-de-inscricoes\/#breadcrumb"},"inLanguage":"pt-BR","potentialAction":[{"@type":"ReadAction","target":["https:\/\/portalmf.com.br\/index.php\/2023\/01\/20\/edital-ouro-negro-2023-recebe-numero-recorde-de-inscricoes\/"]}]},{"@type":"ImageObject","inLanguage":"pt-BR","@id":"https:\/\/portalmf.com.br\/index.php\/2023\/01\/20\/edital-ouro-negro-2023-recebe-numero-recorde-de-inscricoes\/#primaryimage","url":"https:\/\/portalmf.com.br\/wp-content\/uploads\/2023\/01\/Edital-Ouro-Negro-2023-recebe-numero-recorde-de-inscricoes.jpeg","contentUrl":"https:\/\/portalmf.com.br\/wp-content\/uploads\/2023\/01\/Edital-Ouro-Negro-2023-recebe-numero-recorde-de-inscricoes.jpeg","width":1280,"height":853,"caption":"Foto: Andr\u00e9 Frutuoso\/Secult-GovBa"},{"@type":"BreadcrumbList","@id":"https:\/\/portalmf.com.br\/index.php\/2023\/01\/20\/edital-ouro-negro-2023-recebe-numero-recorde-de-inscricoes\/#breadcrumb","itemListElement":[{"@type":"ListItem","position":1,"name":"In\u00edcio","item":"https:\/\/portalmf.com.br\/"},{"@type":"ListItem","position":2,"name":"Edital Ouro Negro 2023 recebe n\u00famero recorde de inscri\u00e7\u00f5es"}]},{"@type":"WebSite","@id":"https:\/\/portalmf.com.br\/#website","url":"https:\/\/portalmf.com.br\/","name":"Portal MF","description":"Voc\u00ea conectado com a informa\u00e7\u00e3o","potentialAction":[{"@type":"SearchAction","target":{"@type":"EntryPoint","urlTemplate":"https:\/\/portalmf.com.br\/?s={search_term_string}"},"query-input":"required name=search_term_string"}],"inLanguage":"pt-BR"},{"@type":"Person","@id":"https:\/\/portalmf.com.br\/#\/schema\/person\/9ec101baf56233e53520c26de5d6f6f0","name":"Reda\u00e7\u00e3o Portal MF","image":{"@type":"ImageObject","inLanguage":"pt-BR","@id":"https:\/\/portalmf.com.br\/#\/schema\/person\/image\/","url":"https:\/\/secure.gravatar.com\/avatar\/41b9aaeb2100835f7c64362330f74c7f?s=96&d=mm&r=g","contentUrl":"https:\/\/secure.gravatar.com\/avatar\/41b9aaeb2100835f7c64362330f74c7f?s=96&d=mm&r=g","caption":"Reda\u00e7\u00e3o Portal MF"},"description":"Sejam bem-vindos o portal de informa\u00e7\u00f5es de entretenimento de Feira de Santana, desde 2006 realiza coberturas dos principais eventos com entrevistas exclusivas com as principais personalidades mundiais. Fique conectado tamb\u00e9m nas redes sociais.","sameAs":["http:\/\/www.portalmf.com.br\/","https:\/\/www.facebook.com\/portalmfoficial","https:\/\/www.instagram.com\/portalmf\/","https:\/\/x.com\/https:\/\/x.com\/portalmfoficial","https:\/\/www.youtube.com\/@portalmfoficial"],"url":"https:\/\/portalmf.com.br\/index.php\/author\/junior\/"}]}},"_links":{"self":[{"href":"https:\/\/portalmf.com.br\/index.php\/wp-json\/wp\/v2\/posts\/8170"}],"collection":[{"href":"https:\/\/portalmf.com.br\/index.php\/wp-json\/wp\/v2\/posts"}],"about":[{"href":"https:\/\/portalmf.com.br\/index.php\/wp-json\/wp\/v2\/types\/post"}],"author":[{"embeddable":true,"href":"https:\/\/portalmf.com.br\/index.php\/wp-json\/wp\/v2\/users\/3"}],"replies":[{"embeddable":true,"href":"https:\/\/portalmf.com.br\/index.php\/wp-json\/wp\/v2\/comments?post=8170"}],"version-history":[{"count":1,"href":"https:\/\/portalmf.com.br\/index.php\/wp-json\/wp\/v2\/posts\/8170\/revisions"}],"predecessor-version":[{"id":8172,"href":"https:\/\/portalmf.com.br\/index.php\/wp-json\/wp\/v2\/posts\/8170\/revisions\/8172"}],"wp:featuredmedia":[{"embeddable":true,"href":"https:\/\/portalmf.com.br\/index.php\/wp-json\/wp\/v2\/media\/8171"}],"wp:attachment":[{"href":"https:\/\/portalmf.com.br\/index.php\/wp-json\/wp\/v2\/media?parent=8170"}],"wp:term":[{"taxonomy":"category","embeddable":true,"href":"https:\/\/portalmf.com.br\/index.php\/wp-json\/wp\/v2\/categories?post=8170"},{"taxonomy":"post_tag","embeddable":true,"href":"https:\/\/portalmf.com.br\/index.php\/wp-json\/wp\/v2\/tags?post=8170"}],"curies":[{"name":"wp","href":"https:\/\/api.w.org\/{rel}","templated":true}]}}