{"id":8167,"date":"2023-01-20T14:51:33","date_gmt":"2023-01-20T17:51:33","guid":{"rendered":"https:\/\/portalmf.com.br\/?p=8167"},"modified":"2023-01-20T14:51:33","modified_gmt":"2023-01-20T17:51:33","slug":"na-paraiba-jeronimo-rodrigues-participa-de-reuniao-do-consorcio-nordeste","status":"publish","type":"post","link":"https:\/\/portalmf.com.br\/index.php\/2023\/01\/20\/na-paraiba-jeronimo-rodrigues-participa-de-reuniao-do-consorcio-nordeste\/","title":{"rendered":"Na Para\u00edba, Jer\u00f4nimo Rodrigues participa de reuni\u00e3o do Cons\u00f3rcio Nordeste"},"content":{"rendered":"\n<p>O governador Jer\u00f4nimo Rodrigues e os demais governadores do Cons\u00f3rcio Nordeste se encontraram em Jo\u00e3o Pessoa, na Para\u00edba, nesta sexta-feira (20), para alinhar as a\u00e7\u00f5es e pol\u00edticas p\u00fablicas que v\u00e3o permitir o di\u00e1logo entre governo federal, estados e munic\u00edpios e com isso garantir os investimentos para a regi\u00e3o.&nbsp; Um plano de a\u00e7\u00e3o e a lista de prioridades foi constru\u00edda e ser\u00e1 apresentada ao presidente Lula na reuni\u00e3o agendada para o final do m\u00eas de janeiro com governadores de todo o Brasil, em Bras\u00edlia. Dentre as demandas, est\u00e3o o combate \u00e0 fome, a gera\u00e7\u00e3o de emprego, a escassez de \u00e1gua, energia el\u00e9trica e internet, a quest\u00e3o da moradia, entre outras demandas.<\/p>\n\n\n\n<p><em>&#8220;Hoje, n\u00f3s estamos aqui discutindo um documento com a proposta de articular uma rela\u00e7\u00e3o federativa, sobre como \u00e9 que os estados v\u00e3o se relacionar com o governo federal. N\u00f3s tivemos uma aus\u00eancia total do governo federal nos \u00faltimos quatro anos em rela\u00e7\u00e3o aos munic\u00edpios e estados e a gente quer restabelecer isso. N\u00e3o se faz pol\u00edtica isolada. E dentro deste contexto, estamos trazendo e discutindo as nossas propostas de a\u00e7\u00f5es produtivas, por exemplo, produ\u00e7\u00e3o de energia renov\u00e1vel, retomada dos programas Minha Casa Minha Vida, \u00c1gua para todos, Luz para Todos, inclu\u00edmos o Internet para Todos para conectividade acontecer de forma mais din\u00e2mica. Ent\u00e3o, s\u00e3o projetos estruturantes, de inclus\u00e3o<\/em>\u201d, explicou o governador da Bahia.<\/p>\n\n\n\n<p>Al\u00e9m de Jer\u00f4nimo e do anfitri\u00e3o, Jo\u00e3o Azev\u00eado (Para\u00edba), estavam presentes todos os demais governadores do Nordeste: Raquel Lyra (Pernambuco); F\u00e1tima Bezerra (Rio Grande do Norte); Paulo Dantas (Alagoas); Elmano de Freitas (Cear\u00e1); Carlos Brand\u00e3o (Maranh\u00e3o); Rafael Fonteles (Piau\u00ed); e F\u00e1bio Mitidieri (Sergipe). Jer\u00f4nimo estava acompanhado do chefe de gabinete, Adolpho Loyola, e do deputado federal Afonso Florence.<\/p>\n\n\n\n<p>No encontro, Jer\u00f4nimo apresentou as prioridades baianas para os investimentos federais.<\/p>\n\n\n\n<p><em>\u201cN\u00f3s estamos trazendo uma pauta de \u00e1gua para toda a Bahia, em especial para o semi\u00e1rido. Novas barragens, abastecimento de \u00e1gua nas cidades, para o turismo e ind\u00fastrias. Estamos trazendo um sistema rodovi\u00e1rio importante para n\u00f3s que \u00e9 a Ponte Salvador \u2013 Itaparica e toda rodovia ligando ao continente, no litoral sul, e estamos trazendo tamb\u00e9m aqui um tema da quest\u00e3o ambiental que \u00e9 a recupera\u00e7\u00e3o do Rio S\u00e3o Francisco e dos rios que abastecem a nossa calha porque \u00e9 de onde n\u00f3s abastecemos as nossas cidades\u201d,<\/em> detalhou.<\/p>\n\n\n\n<p>H\u00e1 grande expectativa do destravamento de investimentos federais nos estados. Esta semana, o Minist\u00e9rio dos Transportes apresentou um plano de a\u00e7\u00f5es a serem realizadas nos primeiros 100 dias de governo.<\/p>\n\n\n\n<p>Na Bahia, h\u00e1 previs\u00e3o de que seja feita a publica\u00e7\u00e3o de edital de lote remanescente da Ferrovia de Integra\u00e7\u00e3o Oeste Leste (FIOL), alargamento e terceiras faixas para aumentar seguran\u00e7a e trafegabilidade em trecho da BR-242, outras medidas para garantir o escoamento de safra de gr\u00e3os na BR-242, servi\u00e7o de atendimento de emerg\u00eancias e monitoramento de ocorr\u00eancias de fen\u00f4menos da natureza em tempo real, com articula\u00e7\u00e3o com outros \u00f3rg\u00e3os e governos estadual, e interven\u00e7\u00f5es em rodovias federais como a BR-030, BR- 330, BR- 101 e BR- 418.<\/p>\n","protected":false},"excerpt":{"rendered":"<p>O governador Jer\u00f4nimo Rodrigues e os demais governadores do Cons\u00f3rcio Nordeste se encontraram em Jo\u00e3o Pessoa, na Para\u00edba, nesta sexta-feira (20), para alinhar as a\u00e7\u00f5es e pol\u00edticas p\u00fablicas que v\u00e3o permitir o di\u00e1logo entre governo federal, estados e munic\u00edpios e com isso garantir os investimentos para a regi\u00e3o.&nbsp; Um plano de a\u00e7\u00e3o e a lista [&hellip;]<\/p>\n","protected":false},"author":3,"featured_media":8168,"comment_status":"open","ping_status":"open","sticky":false,"template":"","format":"standard","meta":{"_monsterinsights_skip_tracking":false,"_monsterinsights_sitenote_active":false,"_monsterinsights_sitenote_note":"","_monsterinsights_sitenote_category":0,"footnotes":""},"categories":[34],"tags":[],"yoast_head":"<!-- This site is optimized with the Yoast SEO plugin v22.9 - https:\/\/yoast.com\/wordpress\/plugins\/seo\/ -->\n<title>Na Para\u00edba, Jer\u00f4nimo Rodrigues participa de reuni\u00e3o do Cons\u00f3rcio Nordeste - Portal MF<\/title>\n<meta name=\"robots\" content=\"index, follow, max-snippet:-1, max-image-preview:large, max-video-preview:-1\" \/>\n<link rel=\"canonical\" href=\"https:\/\/portalmf.com.br\/index.php\/2023\/01\/20\/na-paraiba-jeronimo-rodrigues-participa-de-reuniao-do-consorcio-nordeste\/\" \/>\n<meta property=\"og:locale\" content=\"pt_BR\" \/>\n<meta property=\"og:type\" content=\"article\" \/>\n<meta property=\"og:title\" content=\"Na Para\u00edba, Jer\u00f4nimo Rodrigues participa de reuni\u00e3o do Cons\u00f3rcio Nordeste - Portal MF\" \/>\n<meta property=\"og:description\" content=\"O governador Jer\u00f4nimo Rodrigues e os demais governadores do Cons\u00f3rcio Nordeste se encontraram em Jo\u00e3o Pessoa, na Para\u00edba, nesta sexta-feira (20), para alinhar as a\u00e7\u00f5es e pol\u00edticas p\u00fablicas que v\u00e3o permitir o di\u00e1logo entre governo federal, estados e munic\u00edpios e com isso garantir os investimentos para a regi\u00e3o.&nbsp; Um plano de a\u00e7\u00e3o e a lista [&hellip;]\" \/>\n<meta property=\"og:url\" content=\"https:\/\/portalmf.com.br\/index.php\/2023\/01\/20\/na-paraiba-jeronimo-rodrigues-participa-de-reuniao-do-consorcio-nordeste\/\" \/>\n<meta property=\"og:site_name\" content=\"Portal MF\" \/>\n<meta property=\"article:author\" content=\"https:\/\/www.facebook.com\/portalmfoficial\" \/>\n<meta property=\"article:published_time\" content=\"2023-01-20T17:51:33+00:00\" \/>\n<meta property=\"og:image\" content=\"https:\/\/portalmf.com.br\/wp-content\/uploads\/2023\/01\/Jeronimo-Rodrigues-participa-de-reuniao-do-Consorcio-Nordeste.jpeg\" \/>\n\t<meta property=\"og:image:width\" content=\"1156\" \/>\n\t<meta property=\"og:image:height\" content=\"867\" \/>\n\t<meta property=\"og:image:type\" content=\"image\/jpeg\" \/>\n<meta name=\"author\" content=\"Reda\u00e7\u00e3o Portal MF\" \/>\n<meta name=\"twitter:card\" content=\"summary_large_image\" \/>\n<meta name=\"twitter:creator\" content=\"@https:\/\/x.com\/portalmfoficial\" \/>\n<meta name=\"twitter:label1\" content=\"Escrito por\" \/>\n\t<meta name=\"twitter:data1\" content=\"Reda\u00e7\u00e3o Portal MF\" \/>\n\t<meta name=\"twitter:label2\" content=\"Est. tempo de leitura\" \/>\n\t<meta name=\"twitter:data2\" content=\"3 minutos\" \/>\n<script type=\"application\/ld+json\" class=\"yoast-schema-graph\">{\"@context\":\"https:\/\/schema.org\",\"@graph\":[{\"@type\":\"WebPage\",\"@id\":\"https:\/\/portalmf.com.br\/index.php\/2023\/01\/20\/na-paraiba-jeronimo-rodrigues-participa-de-reuniao-do-consorcio-nordeste\/\",\"url\":\"https:\/\/portalmf.com.br\/index.php\/2023\/01\/20\/na-paraiba-jeronimo-rodrigues-participa-de-reuniao-do-consorcio-nordeste\/\",\"name\":\"Na Para\u00edba, Jer\u00f4nimo Rodrigues participa de reuni\u00e3o do Cons\u00f3rcio Nordeste - Portal MF\",\"isPartOf\":{\"@id\":\"https:\/\/portalmf.com.br\/#website\"},\"primaryImageOfPage\":{\"@id\":\"https:\/\/portalmf.com.br\/index.php\/2023\/01\/20\/na-paraiba-jeronimo-rodrigues-participa-de-reuniao-do-consorcio-nordeste\/#primaryimage\"},\"image\":{\"@id\":\"https:\/\/portalmf.com.br\/index.php\/2023\/01\/20\/na-paraiba-jeronimo-rodrigues-participa-de-reuniao-do-consorcio-nordeste\/#primaryimage\"},\"thumbnailUrl\":\"https:\/\/portalmf.com.br\/wp-content\/uploads\/2023\/01\/Jeronimo-Rodrigues-participa-de-reuniao-do-Consorcio-Nordeste.jpeg\",\"datePublished\":\"2023-01-20T17:51:33+00:00\",\"dateModified\":\"2023-01-20T17:51:33+00:00\",\"author\":{\"@id\":\"https:\/\/portalmf.com.br\/#\/schema\/person\/9ec101baf56233e53520c26de5d6f6f0\"},\"breadcrumb\":{\"@id\":\"https:\/\/portalmf.com.br\/index.php\/2023\/01\/20\/na-paraiba-jeronimo-rodrigues-participa-de-reuniao-do-consorcio-nordeste\/#breadcrumb\"},\"inLanguage\":\"pt-BR\",\"potentialAction\":[{\"@type\":\"ReadAction\",\"target\":[\"https:\/\/portalmf.com.br\/index.php\/2023\/01\/20\/na-paraiba-jeronimo-rodrigues-participa-de-reuniao-do-consorcio-nordeste\/\"]}]},{\"@type\":\"ImageObject\",\"inLanguage\":\"pt-BR\",\"@id\":\"https:\/\/portalmf.com.br\/index.php\/2023\/01\/20\/na-paraiba-jeronimo-rodrigues-participa-de-reuniao-do-consorcio-nordeste\/#primaryimage\",\"url\":\"https:\/\/portalmf.com.br\/wp-content\/uploads\/2023\/01\/Jeronimo-Rodrigues-participa-de-reuniao-do-Consorcio-Nordeste.jpeg\",\"contentUrl\":\"https:\/\/portalmf.com.br\/wp-content\/uploads\/2023\/01\/Jeronimo-Rodrigues-participa-de-reuniao-do-Consorcio-Nordeste.jpeg\",\"width\":1156,\"height\":867},{\"@type\":\"BreadcrumbList\",\"@id\":\"https:\/\/portalmf.com.br\/index.php\/2023\/01\/20\/na-paraiba-jeronimo-rodrigues-participa-de-reuniao-do-consorcio-nordeste\/#breadcrumb\",\"itemListElement\":[{\"@type\":\"ListItem\",\"position\":1,\"name\":\"In\u00edcio\",\"item\":\"https:\/\/portalmf.com.br\/\"},{\"@type\":\"ListItem\",\"position\":2,\"name\":\"Na Para\u00edba, Jer\u00f4nimo Rodrigues participa de reuni\u00e3o do Cons\u00f3rcio Nordeste\"}]},{\"@type\":\"WebSite\",\"@id\":\"https:\/\/portalmf.com.br\/#website\",\"url\":\"https:\/\/portalmf.com.br\/\",\"name\":\"Portal MF\",\"description\":\"Voc\u00ea conectado com a informa\u00e7\u00e3o\",\"potentialAction\":[{\"@type\":\"SearchAction\",\"target\":{\"@type\":\"EntryPoint\",\"urlTemplate\":\"https:\/\/portalmf.com.br\/?s={search_term_string}\"},\"query-input\":\"required name=search_term_string\"}],\"inLanguage\":\"pt-BR\"},{\"@type\":\"Person\",\"@id\":\"https:\/\/portalmf.com.br\/#\/schema\/person\/9ec101baf56233e53520c26de5d6f6f0\",\"name\":\"Reda\u00e7\u00e3o Portal MF\",\"image\":{\"@type\":\"ImageObject\",\"inLanguage\":\"pt-BR\",\"@id\":\"https:\/\/portalmf.com.br\/#\/schema\/person\/image\/\",\"url\":\"https:\/\/secure.gravatar.com\/avatar\/41b9aaeb2100835f7c64362330f74c7f?s=96&d=mm&r=g\",\"contentUrl\":\"https:\/\/secure.gravatar.com\/avatar\/41b9aaeb2100835f7c64362330f74c7f?s=96&d=mm&r=g\",\"caption\":\"Reda\u00e7\u00e3o Portal MF\"},\"description\":\"Sejam bem-vindos o portal de informa\u00e7\u00f5es de entretenimento de Feira de Santana, desde 2006 realiza coberturas dos principais eventos com entrevistas exclusivas com as principais personalidades mundiais. Fique conectado tamb\u00e9m nas redes sociais.\",\"sameAs\":[\"http:\/\/www.portalmf.com.br\/\",\"https:\/\/www.facebook.com\/portalmfoficial\",\"https:\/\/www.instagram.com\/portalmf\/\",\"https:\/\/x.com\/https:\/\/x.com\/portalmfoficial\",\"https:\/\/www.youtube.com\/@portalmfoficial\"],\"url\":\"https:\/\/portalmf.com.br\/index.php\/author\/junior\/\"}]}<\/script>\n<!-- \/ Yoast SEO plugin. -->","yoast_head_json":{"title":"Na Para\u00edba, Jer\u00f4nimo Rodrigues participa de reuni\u00e3o do Cons\u00f3rcio Nordeste - Portal MF","robots":{"index":"index","follow":"follow","max-snippet":"max-snippet:-1","max-image-preview":"max-image-preview:large","max-video-preview":"max-video-preview:-1"},"canonical":"https:\/\/portalmf.com.br\/index.php\/2023\/01\/20\/na-paraiba-jeronimo-rodrigues-participa-de-reuniao-do-consorcio-nordeste\/","og_locale":"pt_BR","og_type":"article","og_title":"Na Para\u00edba, Jer\u00f4nimo Rodrigues participa de reuni\u00e3o do Cons\u00f3rcio Nordeste - Portal MF","og_description":"O governador Jer\u00f4nimo Rodrigues e os demais governadores do Cons\u00f3rcio Nordeste se encontraram em Jo\u00e3o Pessoa, na Para\u00edba, nesta sexta-feira (20), para alinhar as a\u00e7\u00f5es e pol\u00edticas p\u00fablicas que v\u00e3o permitir o di\u00e1logo entre governo federal, estados e munic\u00edpios e com isso garantir os investimentos para a regi\u00e3o.&nbsp; Um plano de a\u00e7\u00e3o e a lista [&hellip;]","og_url":"https:\/\/portalmf.com.br\/index.php\/2023\/01\/20\/na-paraiba-jeronimo-rodrigues-participa-de-reuniao-do-consorcio-nordeste\/","og_site_name":"Portal MF","article_author":"https:\/\/www.facebook.com\/portalmfoficial","article_published_time":"2023-01-20T17:51:33+00:00","og_image":[{"width":1156,"height":867,"url":"https:\/\/portalmf.com.br\/wp-content\/uploads\/2023\/01\/Jeronimo-Rodrigues-participa-de-reuniao-do-Consorcio-Nordeste.jpeg","type":"image\/jpeg"}],"author":"Reda\u00e7\u00e3o Portal MF","twitter_card":"summary_large_image","twitter_creator":"@https:\/\/x.com\/portalmfoficial","twitter_misc":{"Escrito por":"Reda\u00e7\u00e3o Portal MF","Est. tempo de leitura":"3 minutos"},"schema":{"@context":"https:\/\/schema.org","@graph":[{"@type":"WebPage","@id":"https:\/\/portalmf.com.br\/index.php\/2023\/01\/20\/na-paraiba-jeronimo-rodrigues-participa-de-reuniao-do-consorcio-nordeste\/","url":"https:\/\/portalmf.com.br\/index.php\/2023\/01\/20\/na-paraiba-jeronimo-rodrigues-participa-de-reuniao-do-consorcio-nordeste\/","name":"Na Para\u00edba, Jer\u00f4nimo Rodrigues participa de reuni\u00e3o do Cons\u00f3rcio Nordeste - Portal MF","isPartOf":{"@id":"https:\/\/portalmf.com.br\/#website"},"primaryImageOfPage":{"@id":"https:\/\/portalmf.com.br\/index.php\/2023\/01\/20\/na-paraiba-jeronimo-rodrigues-participa-de-reuniao-do-consorcio-nordeste\/#primaryimage"},"image":{"@id":"https:\/\/portalmf.com.br\/index.php\/2023\/01\/20\/na-paraiba-jeronimo-rodrigues-participa-de-reuniao-do-consorcio-nordeste\/#primaryimage"},"thumbnailUrl":"https:\/\/portalmf.com.br\/wp-content\/uploads\/2023\/01\/Jeronimo-Rodrigues-participa-de-reuniao-do-Consorcio-Nordeste.jpeg","datePublished":"2023-01-20T17:51:33+00:00","dateModified":"2023-01-20T17:51:33+00:00","author":{"@id":"https:\/\/portalmf.com.br\/#\/schema\/person\/9ec101baf56233e53520c26de5d6f6f0"},"breadcrumb":{"@id":"https:\/\/portalmf.com.br\/index.php\/2023\/01\/20\/na-paraiba-jeronimo-rodrigues-participa-de-reuniao-do-consorcio-nordeste\/#breadcrumb"},"inLanguage":"pt-BR","potentialAction":[{"@type":"ReadAction","target":["https:\/\/portalmf.com.br\/index.php\/2023\/01\/20\/na-paraiba-jeronimo-rodrigues-participa-de-reuniao-do-consorcio-nordeste\/"]}]},{"@type":"ImageObject","inLanguage":"pt-BR","@id":"https:\/\/portalmf.com.br\/index.php\/2023\/01\/20\/na-paraiba-jeronimo-rodrigues-participa-de-reuniao-do-consorcio-nordeste\/#primaryimage","url":"https:\/\/portalmf.com.br\/wp-content\/uploads\/2023\/01\/Jeronimo-Rodrigues-participa-de-reuniao-do-Consorcio-Nordeste.jpeg","contentUrl":"https:\/\/portalmf.com.br\/wp-content\/uploads\/2023\/01\/Jeronimo-Rodrigues-participa-de-reuniao-do-Consorcio-Nordeste.jpeg","width":1156,"height":867},{"@type":"BreadcrumbList","@id":"https:\/\/portalmf.com.br\/index.php\/2023\/01\/20\/na-paraiba-jeronimo-rodrigues-participa-de-reuniao-do-consorcio-nordeste\/#breadcrumb","itemListElement":[{"@type":"ListItem","position":1,"name":"In\u00edcio","item":"https:\/\/portalmf.com.br\/"},{"@type":"ListItem","position":2,"name":"Na Para\u00edba, Jer\u00f4nimo Rodrigues participa de reuni\u00e3o do Cons\u00f3rcio Nordeste"}]},{"@type":"WebSite","@id":"https:\/\/portalmf.com.br\/#website","url":"https:\/\/portalmf.com.br\/","name":"Portal MF","description":"Voc\u00ea conectado com a informa\u00e7\u00e3o","potentialAction":[{"@type":"SearchAction","target":{"@type":"EntryPoint","urlTemplate":"https:\/\/portalmf.com.br\/?s={search_term_string}"},"query-input":"required name=search_term_string"}],"inLanguage":"pt-BR"},{"@type":"Person","@id":"https:\/\/portalmf.com.br\/#\/schema\/person\/9ec101baf56233e53520c26de5d6f6f0","name":"Reda\u00e7\u00e3o Portal MF","image":{"@type":"ImageObject","inLanguage":"pt-BR","@id":"https:\/\/portalmf.com.br\/#\/schema\/person\/image\/","url":"https:\/\/secure.gravatar.com\/avatar\/41b9aaeb2100835f7c64362330f74c7f?s=96&d=mm&r=g","contentUrl":"https:\/\/secure.gravatar.com\/avatar\/41b9aaeb2100835f7c64362330f74c7f?s=96&d=mm&r=g","caption":"Reda\u00e7\u00e3o Portal MF"},"description":"Sejam bem-vindos o portal de informa\u00e7\u00f5es de entretenimento de Feira de Santana, desde 2006 realiza coberturas dos principais eventos com entrevistas exclusivas com as principais personalidades mundiais. Fique conectado tamb\u00e9m nas redes sociais.","sameAs":["http:\/\/www.portalmf.com.br\/","https:\/\/www.facebook.com\/portalmfoficial","https:\/\/www.instagram.com\/portalmf\/","https:\/\/x.com\/https:\/\/x.com\/portalmfoficial","https:\/\/www.youtube.com\/@portalmfoficial"],"url":"https:\/\/portalmf.com.br\/index.php\/author\/junior\/"}]}},"_links":{"self":[{"href":"https:\/\/portalmf.com.br\/index.php\/wp-json\/wp\/v2\/posts\/8167"}],"collection":[{"href":"https:\/\/portalmf.com.br\/index.php\/wp-json\/wp\/v2\/posts"}],"about":[{"href":"https:\/\/portalmf.com.br\/index.php\/wp-json\/wp\/v2\/types\/post"}],"author":[{"embeddable":true,"href":"https:\/\/portalmf.com.br\/index.php\/wp-json\/wp\/v2\/users\/3"}],"replies":[{"embeddable":true,"href":"https:\/\/portalmf.com.br\/index.php\/wp-json\/wp\/v2\/comments?post=8167"}],"version-history":[{"count":1,"href":"https:\/\/portalmf.com.br\/index.php\/wp-json\/wp\/v2\/posts\/8167\/revisions"}],"predecessor-version":[{"id":8169,"href":"https:\/\/portalmf.com.br\/index.php\/wp-json\/wp\/v2\/posts\/8167\/revisions\/8169"}],"wp:featuredmedia":[{"embeddable":true,"href":"https:\/\/portalmf.com.br\/index.php\/wp-json\/wp\/v2\/media\/8168"}],"wp:attachment":[{"href":"https:\/\/portalmf.com.br\/index.php\/wp-json\/wp\/v2\/media?parent=8167"}],"wp:term":[{"taxonomy":"category","embeddable":true,"href":"https:\/\/portalmf.com.br\/index.php\/wp-json\/wp\/v2\/categories?post=8167"},{"taxonomy":"post_tag","embeddable":true,"href":"https:\/\/portalmf.com.br\/index.php\/wp-json\/wp\/v2\/tags?post=8167"}],"curies":[{"name":"wp","href":"https:\/\/api.w.org\/{rel}","templated":true}]}}