{"id":8143,"date":"2023-01-19T07:02:00","date_gmt":"2023-01-19T10:02:00","guid":{"rendered":"https:\/\/portalmf.com.br\/?p=8143"},"modified":"2023-01-19T18:03:30","modified_gmt":"2023-01-19T21:03:30","slug":"carlinhos-brown-comanda-a-primeira-edicao-do-carnavais-em-sao-paulo","status":"publish","type":"post","link":"https:\/\/portalmf.com.br\/index.php\/2023\/01\/19\/carlinhos-brown-comanda-a-primeira-edicao-do-carnavais-em-sao-paulo\/","title":{"rendered":"<strong>Carlinhos Brown comanda a primeira edi\u00e7\u00e3o do Carnavais em S\u00e3o Paulo<\/strong>"},"content":{"rendered":"\n<p>Carlinhos Brown, refer\u00eancia em boa m\u00fasica e anima\u00e7\u00e3o, desembarca em S\u00e3o Paulo para se apresentar na primeira edi\u00e7\u00e3o do projeto&nbsp;<strong>Carnavais<\/strong>. Com&nbsp;a proposta de abrir portas para todas as comemora\u00e7\u00f5es carnavalescas do Brasil, o evento acontece nos dias 11 e 12 de fevereiro, no&nbsp;Novo Anhangaba\u00fa, no Centro Hist\u00f3rico.<\/p>\n\n\n\n<p>Para animar o p\u00fablico em estilo carnavalesco, Carlinhos Brown ser\u00e1 um dos nomes respons\u00e1veis por comandar a festa no domingo, dia 12. Conhecido por sua trajet\u00f3ria musical, o artista apresentar\u00e1 ao p\u00fablico paulistano seus maiores sucessos como \u201cVoc\u00ea, o Amor e Eu\u201d, \u201cA Namorada\u201d, \u201cMagalenha\u201d, \u201cGinga de Bal\u00e9\u201d. Imposs\u00edvel ficar parado ao som de tantos hits!<\/p>\n\n\n\n<p>No mesmo dia, a festa tamb\u00e9m contar\u00e1 com apresenta\u00e7\u00f5es de Claudia Leitte, Banda Eva, Ant\u00f4nio N\u00f3brega, Bateria da Tom Maior, Maracatu Bloco de Pedra e Cord\u00e3o Bola Preta. No s\u00e1bado, dia 11, o p\u00fablico ir\u00e1 se divertir ao som de Ferrugem, L\u00e9o Santana, Bloco Agrada Gregos, Uni\u00e3o da Ilha, entre outros grandes nomes.<\/p>\n\n\n\n<p>A festa Carnavais promete ao p\u00fablico a imers\u00e3o com experi\u00eancias pelos principais polos e ritmos de carnaval, unindo as principais culturas espalhadas pelo pa\u00eds: Te encontro no Farol (Bahia), Te encontro nos Quatro Cantos (Pernambuco), Te encontro no Samb\u00f3dromo (Rio e S\u00e3o Paulo), em todas as \u00e1reas os visitantes encontrar\u00e3o um espa\u00e7o instagram\u00e1vel, al\u00e9m de culin\u00e1ria local.<\/p>\n\n\n\n<p>Para Marcelo Britto, empres\u00e1rio e s\u00f3cio da Salvador Produ\u00e7\u00f5es e Entretenimento, este evento ser\u00e1 a abertura para todos os carnavais do Brasil. \u201cO projeto chega com o intuito de oferecer um conjunto de experi\u00eancias com a presen\u00e7a dos maiores artistas do pa\u00eds, queremos que seja uma festa inesquec\u00edvel para o p\u00fablico. Unindo culturas e costumes encontrados nos maiores carnavais. Por isso, escolhemos um artista como o Carlinhos, para representar todas essas festividades\u201d, explica Britto.<\/p>\n\n\n\n<p>Com uma infraestrutura capaz de receber 24 mil pessoas, com dois ambientes diferentes, o espa\u00e7o folia ter\u00e1 ingresso promocional por R$ 40,00. J\u00e1 no espa\u00e7o lounge, os ingressos ter\u00e3o o custo de R$ 400,00 com direito ao servi\u00e7o de open bar e vis\u00e3o privilegiada no front stage para 4 mil pessoas.<\/p>\n","protected":false},"excerpt":{"rendered":"<p>Carlinhos Brown, refer\u00eancia em boa m\u00fasica e anima\u00e7\u00e3o, desembarca em S\u00e3o Paulo para se apresentar na primeira edi\u00e7\u00e3o do projeto&nbsp;Carnavais. Com&nbsp;a proposta de abrir portas para todas as comemora\u00e7\u00f5es carnavalescas do Brasil, o evento acontece nos dias 11 e 12 de fevereiro, no&nbsp;Novo Anhangaba\u00fa, no Centro Hist\u00f3rico. Para animar o p\u00fablico em estilo carnavalesco, Carlinhos [&hellip;]<\/p>\n","protected":false},"author":3,"featured_media":8144,"comment_status":"open","ping_status":"open","sticky":false,"template":"","format":"standard","meta":{"_monsterinsights_skip_tracking":false,"_monsterinsights_sitenote_active":false,"_monsterinsights_sitenote_note":"","_monsterinsights_sitenote_category":0,"footnotes":""},"categories":[44,47],"tags":[],"yoast_head":"<!-- This site is optimized with the Yoast SEO plugin v22.9 - https:\/\/yoast.com\/wordpress\/plugins\/seo\/ -->\n<title>Carlinhos Brown comanda a primeira edi\u00e7\u00e3o do Carnavais em S\u00e3o Paulo - Portal MF<\/title>\n<meta name=\"robots\" content=\"index, follow, max-snippet:-1, max-image-preview:large, max-video-preview:-1\" \/>\n<link rel=\"canonical\" href=\"https:\/\/portalmf.com.br\/index.php\/2023\/01\/19\/carlinhos-brown-comanda-a-primeira-edicao-do-carnavais-em-sao-paulo\/\" \/>\n<meta property=\"og:locale\" content=\"pt_BR\" \/>\n<meta property=\"og:type\" content=\"article\" \/>\n<meta property=\"og:title\" content=\"Carlinhos Brown comanda a primeira edi\u00e7\u00e3o do Carnavais em S\u00e3o Paulo - Portal MF\" \/>\n<meta property=\"og:description\" content=\"Carlinhos Brown, refer\u00eancia em boa m\u00fasica e anima\u00e7\u00e3o, desembarca em S\u00e3o Paulo para se apresentar na primeira edi\u00e7\u00e3o do projeto&nbsp;Carnavais. Com&nbsp;a proposta de abrir portas para todas as comemora\u00e7\u00f5es carnavalescas do Brasil, o evento acontece nos dias 11 e 12 de fevereiro, no&nbsp;Novo Anhangaba\u00fa, no Centro Hist\u00f3rico. Para animar o p\u00fablico em estilo carnavalesco, Carlinhos [&hellip;]\" \/>\n<meta property=\"og:url\" content=\"https:\/\/portalmf.com.br\/index.php\/2023\/01\/19\/carlinhos-brown-comanda-a-primeira-edicao-do-carnavais-em-sao-paulo\/\" \/>\n<meta property=\"og:site_name\" content=\"Portal MF\" \/>\n<meta property=\"article:author\" content=\"https:\/\/www.facebook.com\/portalmfoficial\" \/>\n<meta property=\"article:published_time\" content=\"2023-01-19T10:02:00+00:00\" \/>\n<meta property=\"article:modified_time\" content=\"2023-01-19T21:03:30+00:00\" \/>\n<meta property=\"og:image\" content=\"https:\/\/portalmf.com.br\/wp-content\/uploads\/2023\/01\/Carlinhos-Brown-Carnavais.jpg\" \/>\n\t<meta property=\"og:image:width\" content=\"1600\" \/>\n\t<meta property=\"og:image:height\" content=\"1066\" \/>\n\t<meta property=\"og:image:type\" content=\"image\/jpeg\" \/>\n<meta name=\"author\" content=\"Reda\u00e7\u00e3o Portal MF\" \/>\n<meta name=\"twitter:card\" content=\"summary_large_image\" \/>\n<meta name=\"twitter:creator\" content=\"@https:\/\/x.com\/portalmfoficial\" \/>\n<meta name=\"twitter:label1\" content=\"Escrito por\" \/>\n\t<meta name=\"twitter:data1\" content=\"Reda\u00e7\u00e3o Portal MF\" \/>\n\t<meta name=\"twitter:label2\" content=\"Est. tempo de leitura\" \/>\n\t<meta name=\"twitter:data2\" content=\"2 minutos\" \/>\n<script type=\"application\/ld+json\" class=\"yoast-schema-graph\">{\"@context\":\"https:\/\/schema.org\",\"@graph\":[{\"@type\":\"WebPage\",\"@id\":\"https:\/\/portalmf.com.br\/index.php\/2023\/01\/19\/carlinhos-brown-comanda-a-primeira-edicao-do-carnavais-em-sao-paulo\/\",\"url\":\"https:\/\/portalmf.com.br\/index.php\/2023\/01\/19\/carlinhos-brown-comanda-a-primeira-edicao-do-carnavais-em-sao-paulo\/\",\"name\":\"Carlinhos Brown comanda a primeira edi\u00e7\u00e3o do Carnavais em S\u00e3o Paulo - Portal MF\",\"isPartOf\":{\"@id\":\"https:\/\/portalmf.com.br\/#website\"},\"primaryImageOfPage\":{\"@id\":\"https:\/\/portalmf.com.br\/index.php\/2023\/01\/19\/carlinhos-brown-comanda-a-primeira-edicao-do-carnavais-em-sao-paulo\/#primaryimage\"},\"image\":{\"@id\":\"https:\/\/portalmf.com.br\/index.php\/2023\/01\/19\/carlinhos-brown-comanda-a-primeira-edicao-do-carnavais-em-sao-paulo\/#primaryimage\"},\"thumbnailUrl\":\"https:\/\/portalmf.com.br\/wp-content\/uploads\/2023\/01\/Carlinhos-Brown-Carnavais.jpg\",\"datePublished\":\"2023-01-19T10:02:00+00:00\",\"dateModified\":\"2023-01-19T21:03:30+00:00\",\"author\":{\"@id\":\"https:\/\/portalmf.com.br\/#\/schema\/person\/9ec101baf56233e53520c26de5d6f6f0\"},\"breadcrumb\":{\"@id\":\"https:\/\/portalmf.com.br\/index.php\/2023\/01\/19\/carlinhos-brown-comanda-a-primeira-edicao-do-carnavais-em-sao-paulo\/#breadcrumb\"},\"inLanguage\":\"pt-BR\",\"potentialAction\":[{\"@type\":\"ReadAction\",\"target\":[\"https:\/\/portalmf.com.br\/index.php\/2023\/01\/19\/carlinhos-brown-comanda-a-primeira-edicao-do-carnavais-em-sao-paulo\/\"]}]},{\"@type\":\"ImageObject\",\"inLanguage\":\"pt-BR\",\"@id\":\"https:\/\/portalmf.com.br\/index.php\/2023\/01\/19\/carlinhos-brown-comanda-a-primeira-edicao-do-carnavais-em-sao-paulo\/#primaryimage\",\"url\":\"https:\/\/portalmf.com.br\/wp-content\/uploads\/2023\/01\/Carlinhos-Brown-Carnavais.jpg\",\"contentUrl\":\"https:\/\/portalmf.com.br\/wp-content\/uploads\/2023\/01\/Carlinhos-Brown-Carnavais.jpg\",\"width\":1600,\"height\":1066},{\"@type\":\"BreadcrumbList\",\"@id\":\"https:\/\/portalmf.com.br\/index.php\/2023\/01\/19\/carlinhos-brown-comanda-a-primeira-edicao-do-carnavais-em-sao-paulo\/#breadcrumb\",\"itemListElement\":[{\"@type\":\"ListItem\",\"position\":1,\"name\":\"In\u00edcio\",\"item\":\"https:\/\/portalmf.com.br\/\"},{\"@type\":\"ListItem\",\"position\":2,\"name\":\"Carlinhos Brown comanda a primeira edi\u00e7\u00e3o do Carnavais em S\u00e3o Paulo\"}]},{\"@type\":\"WebSite\",\"@id\":\"https:\/\/portalmf.com.br\/#website\",\"url\":\"https:\/\/portalmf.com.br\/\",\"name\":\"Portal MF\",\"description\":\"Voc\u00ea conectado com a informa\u00e7\u00e3o\",\"potentialAction\":[{\"@type\":\"SearchAction\",\"target\":{\"@type\":\"EntryPoint\",\"urlTemplate\":\"https:\/\/portalmf.com.br\/?s={search_term_string}\"},\"query-input\":\"required name=search_term_string\"}],\"inLanguage\":\"pt-BR\"},{\"@type\":\"Person\",\"@id\":\"https:\/\/portalmf.com.br\/#\/schema\/person\/9ec101baf56233e53520c26de5d6f6f0\",\"name\":\"Reda\u00e7\u00e3o Portal MF\",\"image\":{\"@type\":\"ImageObject\",\"inLanguage\":\"pt-BR\",\"@id\":\"https:\/\/portalmf.com.br\/#\/schema\/person\/image\/\",\"url\":\"https:\/\/secure.gravatar.com\/avatar\/41b9aaeb2100835f7c64362330f74c7f?s=96&d=mm&r=g\",\"contentUrl\":\"https:\/\/secure.gravatar.com\/avatar\/41b9aaeb2100835f7c64362330f74c7f?s=96&d=mm&r=g\",\"caption\":\"Reda\u00e7\u00e3o Portal MF\"},\"description\":\"Sejam bem-vindos o portal de informa\u00e7\u00f5es de entretenimento de Feira de Santana, desde 2006 realiza coberturas dos principais eventos com entrevistas exclusivas com as principais personalidades mundiais. Fique conectado tamb\u00e9m nas redes sociais.\",\"sameAs\":[\"http:\/\/www.portalmf.com.br\/\",\"https:\/\/www.facebook.com\/portalmfoficial\",\"https:\/\/www.instagram.com\/portalmf\/\",\"https:\/\/x.com\/https:\/\/x.com\/portalmfoficial\",\"https:\/\/www.youtube.com\/@portalmfoficial\"],\"url\":\"https:\/\/portalmf.com.br\/index.php\/author\/junior\/\"}]}<\/script>\n<!-- \/ Yoast SEO plugin. -->","yoast_head_json":{"title":"Carlinhos Brown comanda a primeira edi\u00e7\u00e3o do Carnavais em S\u00e3o Paulo - Portal MF","robots":{"index":"index","follow":"follow","max-snippet":"max-snippet:-1","max-image-preview":"max-image-preview:large","max-video-preview":"max-video-preview:-1"},"canonical":"https:\/\/portalmf.com.br\/index.php\/2023\/01\/19\/carlinhos-brown-comanda-a-primeira-edicao-do-carnavais-em-sao-paulo\/","og_locale":"pt_BR","og_type":"article","og_title":"Carlinhos Brown comanda a primeira edi\u00e7\u00e3o do Carnavais em S\u00e3o Paulo - Portal MF","og_description":"Carlinhos Brown, refer\u00eancia em boa m\u00fasica e anima\u00e7\u00e3o, desembarca em S\u00e3o Paulo para se apresentar na primeira edi\u00e7\u00e3o do projeto&nbsp;Carnavais. Com&nbsp;a proposta de abrir portas para todas as comemora\u00e7\u00f5es carnavalescas do Brasil, o evento acontece nos dias 11 e 12 de fevereiro, no&nbsp;Novo Anhangaba\u00fa, no Centro Hist\u00f3rico. Para animar o p\u00fablico em estilo carnavalesco, Carlinhos [&hellip;]","og_url":"https:\/\/portalmf.com.br\/index.php\/2023\/01\/19\/carlinhos-brown-comanda-a-primeira-edicao-do-carnavais-em-sao-paulo\/","og_site_name":"Portal MF","article_author":"https:\/\/www.facebook.com\/portalmfoficial","article_published_time":"2023-01-19T10:02:00+00:00","article_modified_time":"2023-01-19T21:03:30+00:00","og_image":[{"width":1600,"height":1066,"url":"https:\/\/portalmf.com.br\/wp-content\/uploads\/2023\/01\/Carlinhos-Brown-Carnavais.jpg","type":"image\/jpeg"}],"author":"Reda\u00e7\u00e3o Portal MF","twitter_card":"summary_large_image","twitter_creator":"@https:\/\/x.com\/portalmfoficial","twitter_misc":{"Escrito por":"Reda\u00e7\u00e3o Portal MF","Est. tempo de leitura":"2 minutos"},"schema":{"@context":"https:\/\/schema.org","@graph":[{"@type":"WebPage","@id":"https:\/\/portalmf.com.br\/index.php\/2023\/01\/19\/carlinhos-brown-comanda-a-primeira-edicao-do-carnavais-em-sao-paulo\/","url":"https:\/\/portalmf.com.br\/index.php\/2023\/01\/19\/carlinhos-brown-comanda-a-primeira-edicao-do-carnavais-em-sao-paulo\/","name":"Carlinhos Brown comanda a primeira edi\u00e7\u00e3o do Carnavais em S\u00e3o Paulo - Portal MF","isPartOf":{"@id":"https:\/\/portalmf.com.br\/#website"},"primaryImageOfPage":{"@id":"https:\/\/portalmf.com.br\/index.php\/2023\/01\/19\/carlinhos-brown-comanda-a-primeira-edicao-do-carnavais-em-sao-paulo\/#primaryimage"},"image":{"@id":"https:\/\/portalmf.com.br\/index.php\/2023\/01\/19\/carlinhos-brown-comanda-a-primeira-edicao-do-carnavais-em-sao-paulo\/#primaryimage"},"thumbnailUrl":"https:\/\/portalmf.com.br\/wp-content\/uploads\/2023\/01\/Carlinhos-Brown-Carnavais.jpg","datePublished":"2023-01-19T10:02:00+00:00","dateModified":"2023-01-19T21:03:30+00:00","author":{"@id":"https:\/\/portalmf.com.br\/#\/schema\/person\/9ec101baf56233e53520c26de5d6f6f0"},"breadcrumb":{"@id":"https:\/\/portalmf.com.br\/index.php\/2023\/01\/19\/carlinhos-brown-comanda-a-primeira-edicao-do-carnavais-em-sao-paulo\/#breadcrumb"},"inLanguage":"pt-BR","potentialAction":[{"@type":"ReadAction","target":["https:\/\/portalmf.com.br\/index.php\/2023\/01\/19\/carlinhos-brown-comanda-a-primeira-edicao-do-carnavais-em-sao-paulo\/"]}]},{"@type":"ImageObject","inLanguage":"pt-BR","@id":"https:\/\/portalmf.com.br\/index.php\/2023\/01\/19\/carlinhos-brown-comanda-a-primeira-edicao-do-carnavais-em-sao-paulo\/#primaryimage","url":"https:\/\/portalmf.com.br\/wp-content\/uploads\/2023\/01\/Carlinhos-Brown-Carnavais.jpg","contentUrl":"https:\/\/portalmf.com.br\/wp-content\/uploads\/2023\/01\/Carlinhos-Brown-Carnavais.jpg","width":1600,"height":1066},{"@type":"BreadcrumbList","@id":"https:\/\/portalmf.com.br\/index.php\/2023\/01\/19\/carlinhos-brown-comanda-a-primeira-edicao-do-carnavais-em-sao-paulo\/#breadcrumb","itemListElement":[{"@type":"ListItem","position":1,"name":"In\u00edcio","item":"https:\/\/portalmf.com.br\/"},{"@type":"ListItem","position":2,"name":"Carlinhos Brown comanda a primeira edi\u00e7\u00e3o do Carnavais em S\u00e3o Paulo"}]},{"@type":"WebSite","@id":"https:\/\/portalmf.com.br\/#website","url":"https:\/\/portalmf.com.br\/","name":"Portal MF","description":"Voc\u00ea conectado com a informa\u00e7\u00e3o","potentialAction":[{"@type":"SearchAction","target":{"@type":"EntryPoint","urlTemplate":"https:\/\/portalmf.com.br\/?s={search_term_string}"},"query-input":"required name=search_term_string"}],"inLanguage":"pt-BR"},{"@type":"Person","@id":"https:\/\/portalmf.com.br\/#\/schema\/person\/9ec101baf56233e53520c26de5d6f6f0","name":"Reda\u00e7\u00e3o Portal MF","image":{"@type":"ImageObject","inLanguage":"pt-BR","@id":"https:\/\/portalmf.com.br\/#\/schema\/person\/image\/","url":"https:\/\/secure.gravatar.com\/avatar\/41b9aaeb2100835f7c64362330f74c7f?s=96&d=mm&r=g","contentUrl":"https:\/\/secure.gravatar.com\/avatar\/41b9aaeb2100835f7c64362330f74c7f?s=96&d=mm&r=g","caption":"Reda\u00e7\u00e3o Portal MF"},"description":"Sejam bem-vindos o portal de informa\u00e7\u00f5es de entretenimento de Feira de Santana, desde 2006 realiza coberturas dos principais eventos com entrevistas exclusivas com as principais personalidades mundiais. Fique conectado tamb\u00e9m nas redes sociais.","sameAs":["http:\/\/www.portalmf.com.br\/","https:\/\/www.facebook.com\/portalmfoficial","https:\/\/www.instagram.com\/portalmf\/","https:\/\/x.com\/https:\/\/x.com\/portalmfoficial","https:\/\/www.youtube.com\/@portalmfoficial"],"url":"https:\/\/portalmf.com.br\/index.php\/author\/junior\/"}]}},"_links":{"self":[{"href":"https:\/\/portalmf.com.br\/index.php\/wp-json\/wp\/v2\/posts\/8143"}],"collection":[{"href":"https:\/\/portalmf.com.br\/index.php\/wp-json\/wp\/v2\/posts"}],"about":[{"href":"https:\/\/portalmf.com.br\/index.php\/wp-json\/wp\/v2\/types\/post"}],"author":[{"embeddable":true,"href":"https:\/\/portalmf.com.br\/index.php\/wp-json\/wp\/v2\/users\/3"}],"replies":[{"embeddable":true,"href":"https:\/\/portalmf.com.br\/index.php\/wp-json\/wp\/v2\/comments?post=8143"}],"version-history":[{"count":1,"href":"https:\/\/portalmf.com.br\/index.php\/wp-json\/wp\/v2\/posts\/8143\/revisions"}],"predecessor-version":[{"id":8145,"href":"https:\/\/portalmf.com.br\/index.php\/wp-json\/wp\/v2\/posts\/8143\/revisions\/8145"}],"wp:featuredmedia":[{"embeddable":true,"href":"https:\/\/portalmf.com.br\/index.php\/wp-json\/wp\/v2\/media\/8144"}],"wp:attachment":[{"href":"https:\/\/portalmf.com.br\/index.php\/wp-json\/wp\/v2\/media?parent=8143"}],"wp:term":[{"taxonomy":"category","embeddable":true,"href":"https:\/\/portalmf.com.br\/index.php\/wp-json\/wp\/v2\/categories?post=8143"},{"taxonomy":"post_tag","embeddable":true,"href":"https:\/\/portalmf.com.br\/index.php\/wp-json\/wp\/v2\/tags?post=8143"}],"curies":[{"name":"wp","href":"https:\/\/api.w.org\/{rel}","templated":true}]}}