{"id":8132,"date":"2023-01-19T09:51:00","date_gmt":"2023-01-19T12:51:00","guid":{"rendered":"https:\/\/portalmf.com.br\/?p=8132"},"modified":"2023-01-19T17:52:51","modified_gmt":"2023-01-19T20:52:51","slug":"turne-do-rbd-tem-duas-datas-confirmadas-no-brasil-diz-colunista","status":"publish","type":"post","link":"https:\/\/portalmf.com.br\/index.php\/2023\/01\/19\/turne-do-rbd-tem-duas-datas-confirmadas-no-brasil-diz-colunista\/","title":{"rendered":"Turn\u00ea do RBD tem duas datas confirmadas no Brasil, diz colunista"},"content":{"rendered":"\n<p>Os f\u00e3s brasileiros do RBD j\u00e1 podem se organizar. Segundo o colunista Leo Dias, do \u2018Metr\u00f3poles\u2019, o fen\u00f4meno mexicano vai se apresentar no pa\u00eds em pelo menos duas datas. Um terceiro show ainda segue em negocia\u00e7\u00e3o.<\/p>\n\n\n\n<p>Segundo a publica\u00e7\u00e3o, o grupo formado por Anah\u00ed, Dulce Maria, Maite Perroni, Christopher von Uckermann e Christian Ch\u00e1vez v\u00e3o realizar shows no Allianz Parque, em S\u00e3o Paulo, no dia 17 de novembro e tamb\u00e9m no dia 18, Est\u00e1dio Ol\u00edmpico Nilton Santos, o Engenh\u00e3o, no Rio de Janeiro.<\/p>\n\n\n\n<p>RBD (abrevia\u00e7\u00e3o de Rebelde) \u00e9 uma banda criada a partir da novela mexicana Rebelde, que fez sucesso no Brasil e mundo entre 2004-2006. O grupo \u00e9 considerado como o de maior \u00eaxito do pop mexicano e da Am\u00e9rica Latina.<\/p>\n\n\n\n<p>Com informa\u00e7\u00f5es do Ibahia<\/p>\n","protected":false},"excerpt":{"rendered":"<p>Os f\u00e3s brasileiros do RBD j\u00e1 podem se organizar. Segundo o colunista Leo Dias, do \u2018Metr\u00f3poles\u2019, o fen\u00f4meno mexicano vai se apresentar no pa\u00eds em pelo menos duas datas. Um terceiro show ainda segue em negocia\u00e7\u00e3o. Segundo a publica\u00e7\u00e3o, o grupo formado por Anah\u00ed, Dulce Maria, Maite Perroni, Christopher von Uckermann e Christian Ch\u00e1vez v\u00e3o [&hellip;]<\/p>\n","protected":false},"author":3,"featured_media":8133,"comment_status":"open","ping_status":"open","sticky":false,"template":"","format":"standard","meta":{"_monsterinsights_skip_tracking":false,"_monsterinsights_sitenote_active":false,"_monsterinsights_sitenote_note":"","_monsterinsights_sitenote_category":0,"footnotes":""},"categories":[47,36],"tags":[],"yoast_head":"<!-- This site is optimized with the Yoast SEO plugin v22.9 - https:\/\/yoast.com\/wordpress\/plugins\/seo\/ -->\n<title>Turn\u00ea do RBD tem duas datas confirmadas no Brasil, diz colunista - Portal MF<\/title>\n<meta name=\"robots\" content=\"index, follow, max-snippet:-1, max-image-preview:large, max-video-preview:-1\" \/>\n<link rel=\"canonical\" href=\"https:\/\/portalmf.com.br\/index.php\/2023\/01\/19\/turne-do-rbd-tem-duas-datas-confirmadas-no-brasil-diz-colunista\/\" \/>\n<meta property=\"og:locale\" content=\"pt_BR\" \/>\n<meta property=\"og:type\" content=\"article\" \/>\n<meta property=\"og:title\" content=\"Turn\u00ea do RBD tem duas datas confirmadas no Brasil, diz colunista - Portal MF\" \/>\n<meta property=\"og:description\" content=\"Os f\u00e3s brasileiros do RBD j\u00e1 podem se organizar. Segundo o colunista Leo Dias, do \u2018Metr\u00f3poles\u2019, o fen\u00f4meno mexicano vai se apresentar no pa\u00eds em pelo menos duas datas. Um terceiro show ainda segue em negocia\u00e7\u00e3o. Segundo a publica\u00e7\u00e3o, o grupo formado por Anah\u00ed, Dulce Maria, Maite Perroni, Christopher von Uckermann e Christian Ch\u00e1vez v\u00e3o [&hellip;]\" \/>\n<meta property=\"og:url\" content=\"https:\/\/portalmf.com.br\/index.php\/2023\/01\/19\/turne-do-rbd-tem-duas-datas-confirmadas-no-brasil-diz-colunista\/\" \/>\n<meta property=\"og:site_name\" content=\"Portal MF\" \/>\n<meta property=\"article:author\" content=\"https:\/\/www.facebook.com\/portalmfoficial\" \/>\n<meta property=\"article:published_time\" content=\"2023-01-19T12:51:00+00:00\" \/>\n<meta property=\"article:modified_time\" content=\"2023-01-19T20:52:51+00:00\" \/>\n<meta property=\"og:image\" content=\"https:\/\/portalmf.com.br\/wp-content\/uploads\/2023\/01\/rbd-1024x614-1.jpg\" \/>\n\t<meta property=\"og:image:width\" content=\"1024\" \/>\n\t<meta property=\"og:image:height\" content=\"614\" \/>\n\t<meta property=\"og:image:type\" content=\"image\/jpeg\" \/>\n<meta name=\"author\" content=\"Reda\u00e7\u00e3o Portal MF\" \/>\n<meta name=\"twitter:card\" content=\"summary_large_image\" \/>\n<meta name=\"twitter:creator\" content=\"@https:\/\/x.com\/portalmfoficial\" \/>\n<meta name=\"twitter:label1\" content=\"Escrito por\" \/>\n\t<meta name=\"twitter:data1\" content=\"Reda\u00e7\u00e3o Portal MF\" \/>\n\t<meta name=\"twitter:label2\" content=\"Est. tempo de leitura\" \/>\n\t<meta name=\"twitter:data2\" content=\"1 minuto\" \/>\n<script type=\"application\/ld+json\" class=\"yoast-schema-graph\">{\"@context\":\"https:\/\/schema.org\",\"@graph\":[{\"@type\":\"WebPage\",\"@id\":\"https:\/\/portalmf.com.br\/index.php\/2023\/01\/19\/turne-do-rbd-tem-duas-datas-confirmadas-no-brasil-diz-colunista\/\",\"url\":\"https:\/\/portalmf.com.br\/index.php\/2023\/01\/19\/turne-do-rbd-tem-duas-datas-confirmadas-no-brasil-diz-colunista\/\",\"name\":\"Turn\u00ea do RBD tem duas datas confirmadas no Brasil, diz colunista - Portal MF\",\"isPartOf\":{\"@id\":\"https:\/\/portalmf.com.br\/#website\"},\"primaryImageOfPage\":{\"@id\":\"https:\/\/portalmf.com.br\/index.php\/2023\/01\/19\/turne-do-rbd-tem-duas-datas-confirmadas-no-brasil-diz-colunista\/#primaryimage\"},\"image\":{\"@id\":\"https:\/\/portalmf.com.br\/index.php\/2023\/01\/19\/turne-do-rbd-tem-duas-datas-confirmadas-no-brasil-diz-colunista\/#primaryimage\"},\"thumbnailUrl\":\"https:\/\/portalmf.com.br\/wp-content\/uploads\/2023\/01\/rbd-1024x614-1.jpg\",\"datePublished\":\"2023-01-19T12:51:00+00:00\",\"dateModified\":\"2023-01-19T20:52:51+00:00\",\"author\":{\"@id\":\"https:\/\/portalmf.com.br\/#\/schema\/person\/9ec101baf56233e53520c26de5d6f6f0\"},\"breadcrumb\":{\"@id\":\"https:\/\/portalmf.com.br\/index.php\/2023\/01\/19\/turne-do-rbd-tem-duas-datas-confirmadas-no-brasil-diz-colunista\/#breadcrumb\"},\"inLanguage\":\"pt-BR\",\"potentialAction\":[{\"@type\":\"ReadAction\",\"target\":[\"https:\/\/portalmf.com.br\/index.php\/2023\/01\/19\/turne-do-rbd-tem-duas-datas-confirmadas-no-brasil-diz-colunista\/\"]}]},{\"@type\":\"ImageObject\",\"inLanguage\":\"pt-BR\",\"@id\":\"https:\/\/portalmf.com.br\/index.php\/2023\/01\/19\/turne-do-rbd-tem-duas-datas-confirmadas-no-brasil-diz-colunista\/#primaryimage\",\"url\":\"https:\/\/portalmf.com.br\/wp-content\/uploads\/2023\/01\/rbd-1024x614-1.jpg\",\"contentUrl\":\"https:\/\/portalmf.com.br\/wp-content\/uploads\/2023\/01\/rbd-1024x614-1.jpg\",\"width\":1024,\"height\":614},{\"@type\":\"BreadcrumbList\",\"@id\":\"https:\/\/portalmf.com.br\/index.php\/2023\/01\/19\/turne-do-rbd-tem-duas-datas-confirmadas-no-brasil-diz-colunista\/#breadcrumb\",\"itemListElement\":[{\"@type\":\"ListItem\",\"position\":1,\"name\":\"In\u00edcio\",\"item\":\"https:\/\/portalmf.com.br\/\"},{\"@type\":\"ListItem\",\"position\":2,\"name\":\"Turn\u00ea do RBD tem duas datas confirmadas no Brasil, diz colunista\"}]},{\"@type\":\"WebSite\",\"@id\":\"https:\/\/portalmf.com.br\/#website\",\"url\":\"https:\/\/portalmf.com.br\/\",\"name\":\"Portal MF\",\"description\":\"Voc\u00ea conectado com a informa\u00e7\u00e3o\",\"potentialAction\":[{\"@type\":\"SearchAction\",\"target\":{\"@type\":\"EntryPoint\",\"urlTemplate\":\"https:\/\/portalmf.com.br\/?s={search_term_string}\"},\"query-input\":\"required name=search_term_string\"}],\"inLanguage\":\"pt-BR\"},{\"@type\":\"Person\",\"@id\":\"https:\/\/portalmf.com.br\/#\/schema\/person\/9ec101baf56233e53520c26de5d6f6f0\",\"name\":\"Reda\u00e7\u00e3o Portal MF\",\"image\":{\"@type\":\"ImageObject\",\"inLanguage\":\"pt-BR\",\"@id\":\"https:\/\/portalmf.com.br\/#\/schema\/person\/image\/\",\"url\":\"https:\/\/secure.gravatar.com\/avatar\/41b9aaeb2100835f7c64362330f74c7f?s=96&d=mm&r=g\",\"contentUrl\":\"https:\/\/secure.gravatar.com\/avatar\/41b9aaeb2100835f7c64362330f74c7f?s=96&d=mm&r=g\",\"caption\":\"Reda\u00e7\u00e3o Portal MF\"},\"description\":\"Sejam bem-vindos o portal de informa\u00e7\u00f5es de entretenimento de Feira de Santana, desde 2006 realiza coberturas dos principais eventos com entrevistas exclusivas com as principais personalidades mundiais. Fique conectado tamb\u00e9m nas redes sociais.\",\"sameAs\":[\"http:\/\/www.portalmf.com.br\/\",\"https:\/\/www.facebook.com\/portalmfoficial\",\"https:\/\/www.instagram.com\/portalmf\/\",\"https:\/\/x.com\/https:\/\/x.com\/portalmfoficial\",\"https:\/\/www.youtube.com\/@portalmfoficial\"],\"url\":\"https:\/\/portalmf.com.br\/index.php\/author\/junior\/\"}]}<\/script>\n<!-- \/ Yoast SEO plugin. -->","yoast_head_json":{"title":"Turn\u00ea do RBD tem duas datas confirmadas no Brasil, diz colunista - Portal MF","robots":{"index":"index","follow":"follow","max-snippet":"max-snippet:-1","max-image-preview":"max-image-preview:large","max-video-preview":"max-video-preview:-1"},"canonical":"https:\/\/portalmf.com.br\/index.php\/2023\/01\/19\/turne-do-rbd-tem-duas-datas-confirmadas-no-brasil-diz-colunista\/","og_locale":"pt_BR","og_type":"article","og_title":"Turn\u00ea do RBD tem duas datas confirmadas no Brasil, diz colunista - Portal MF","og_description":"Os f\u00e3s brasileiros do RBD j\u00e1 podem se organizar. Segundo o colunista Leo Dias, do \u2018Metr\u00f3poles\u2019, o fen\u00f4meno mexicano vai se apresentar no pa\u00eds em pelo menos duas datas. Um terceiro show ainda segue em negocia\u00e7\u00e3o. Segundo a publica\u00e7\u00e3o, o grupo formado por Anah\u00ed, Dulce Maria, Maite Perroni, Christopher von Uckermann e Christian Ch\u00e1vez v\u00e3o [&hellip;]","og_url":"https:\/\/portalmf.com.br\/index.php\/2023\/01\/19\/turne-do-rbd-tem-duas-datas-confirmadas-no-brasil-diz-colunista\/","og_site_name":"Portal MF","article_author":"https:\/\/www.facebook.com\/portalmfoficial","article_published_time":"2023-01-19T12:51:00+00:00","article_modified_time":"2023-01-19T20:52:51+00:00","og_image":[{"width":1024,"height":614,"url":"https:\/\/portalmf.com.br\/wp-content\/uploads\/2023\/01\/rbd-1024x614-1.jpg","type":"image\/jpeg"}],"author":"Reda\u00e7\u00e3o Portal MF","twitter_card":"summary_large_image","twitter_creator":"@https:\/\/x.com\/portalmfoficial","twitter_misc":{"Escrito por":"Reda\u00e7\u00e3o Portal MF","Est. tempo de leitura":"1 minuto"},"schema":{"@context":"https:\/\/schema.org","@graph":[{"@type":"WebPage","@id":"https:\/\/portalmf.com.br\/index.php\/2023\/01\/19\/turne-do-rbd-tem-duas-datas-confirmadas-no-brasil-diz-colunista\/","url":"https:\/\/portalmf.com.br\/index.php\/2023\/01\/19\/turne-do-rbd-tem-duas-datas-confirmadas-no-brasil-diz-colunista\/","name":"Turn\u00ea do RBD tem duas datas confirmadas no Brasil, diz colunista - Portal MF","isPartOf":{"@id":"https:\/\/portalmf.com.br\/#website"},"primaryImageOfPage":{"@id":"https:\/\/portalmf.com.br\/index.php\/2023\/01\/19\/turne-do-rbd-tem-duas-datas-confirmadas-no-brasil-diz-colunista\/#primaryimage"},"image":{"@id":"https:\/\/portalmf.com.br\/index.php\/2023\/01\/19\/turne-do-rbd-tem-duas-datas-confirmadas-no-brasil-diz-colunista\/#primaryimage"},"thumbnailUrl":"https:\/\/portalmf.com.br\/wp-content\/uploads\/2023\/01\/rbd-1024x614-1.jpg","datePublished":"2023-01-19T12:51:00+00:00","dateModified":"2023-01-19T20:52:51+00:00","author":{"@id":"https:\/\/portalmf.com.br\/#\/schema\/person\/9ec101baf56233e53520c26de5d6f6f0"},"breadcrumb":{"@id":"https:\/\/portalmf.com.br\/index.php\/2023\/01\/19\/turne-do-rbd-tem-duas-datas-confirmadas-no-brasil-diz-colunista\/#breadcrumb"},"inLanguage":"pt-BR","potentialAction":[{"@type":"ReadAction","target":["https:\/\/portalmf.com.br\/index.php\/2023\/01\/19\/turne-do-rbd-tem-duas-datas-confirmadas-no-brasil-diz-colunista\/"]}]},{"@type":"ImageObject","inLanguage":"pt-BR","@id":"https:\/\/portalmf.com.br\/index.php\/2023\/01\/19\/turne-do-rbd-tem-duas-datas-confirmadas-no-brasil-diz-colunista\/#primaryimage","url":"https:\/\/portalmf.com.br\/wp-content\/uploads\/2023\/01\/rbd-1024x614-1.jpg","contentUrl":"https:\/\/portalmf.com.br\/wp-content\/uploads\/2023\/01\/rbd-1024x614-1.jpg","width":1024,"height":614},{"@type":"BreadcrumbList","@id":"https:\/\/portalmf.com.br\/index.php\/2023\/01\/19\/turne-do-rbd-tem-duas-datas-confirmadas-no-brasil-diz-colunista\/#breadcrumb","itemListElement":[{"@type":"ListItem","position":1,"name":"In\u00edcio","item":"https:\/\/portalmf.com.br\/"},{"@type":"ListItem","position":2,"name":"Turn\u00ea do RBD tem duas datas confirmadas no Brasil, diz colunista"}]},{"@type":"WebSite","@id":"https:\/\/portalmf.com.br\/#website","url":"https:\/\/portalmf.com.br\/","name":"Portal MF","description":"Voc\u00ea conectado com a informa\u00e7\u00e3o","potentialAction":[{"@type":"SearchAction","target":{"@type":"EntryPoint","urlTemplate":"https:\/\/portalmf.com.br\/?s={search_term_string}"},"query-input":"required name=search_term_string"}],"inLanguage":"pt-BR"},{"@type":"Person","@id":"https:\/\/portalmf.com.br\/#\/schema\/person\/9ec101baf56233e53520c26de5d6f6f0","name":"Reda\u00e7\u00e3o Portal MF","image":{"@type":"ImageObject","inLanguage":"pt-BR","@id":"https:\/\/portalmf.com.br\/#\/schema\/person\/image\/","url":"https:\/\/secure.gravatar.com\/avatar\/41b9aaeb2100835f7c64362330f74c7f?s=96&d=mm&r=g","contentUrl":"https:\/\/secure.gravatar.com\/avatar\/41b9aaeb2100835f7c64362330f74c7f?s=96&d=mm&r=g","caption":"Reda\u00e7\u00e3o Portal MF"},"description":"Sejam bem-vindos o portal de informa\u00e7\u00f5es de entretenimento de Feira de Santana, desde 2006 realiza coberturas dos principais eventos com entrevistas exclusivas com as principais personalidades mundiais. Fique conectado tamb\u00e9m nas redes sociais.","sameAs":["http:\/\/www.portalmf.com.br\/","https:\/\/www.facebook.com\/portalmfoficial","https:\/\/www.instagram.com\/portalmf\/","https:\/\/x.com\/https:\/\/x.com\/portalmfoficial","https:\/\/www.youtube.com\/@portalmfoficial"],"url":"https:\/\/portalmf.com.br\/index.php\/author\/junior\/"}]}},"_links":{"self":[{"href":"https:\/\/portalmf.com.br\/index.php\/wp-json\/wp\/v2\/posts\/8132"}],"collection":[{"href":"https:\/\/portalmf.com.br\/index.php\/wp-json\/wp\/v2\/posts"}],"about":[{"href":"https:\/\/portalmf.com.br\/index.php\/wp-json\/wp\/v2\/types\/post"}],"author":[{"embeddable":true,"href":"https:\/\/portalmf.com.br\/index.php\/wp-json\/wp\/v2\/users\/3"}],"replies":[{"embeddable":true,"href":"https:\/\/portalmf.com.br\/index.php\/wp-json\/wp\/v2\/comments?post=8132"}],"version-history":[{"count":1,"href":"https:\/\/portalmf.com.br\/index.php\/wp-json\/wp\/v2\/posts\/8132\/revisions"}],"predecessor-version":[{"id":8134,"href":"https:\/\/portalmf.com.br\/index.php\/wp-json\/wp\/v2\/posts\/8132\/revisions\/8134"}],"wp:featuredmedia":[{"embeddable":true,"href":"https:\/\/portalmf.com.br\/index.php\/wp-json\/wp\/v2\/media\/8133"}],"wp:attachment":[{"href":"https:\/\/portalmf.com.br\/index.php\/wp-json\/wp\/v2\/media?parent=8132"}],"wp:term":[{"taxonomy":"category","embeddable":true,"href":"https:\/\/portalmf.com.br\/index.php\/wp-json\/wp\/v2\/categories?post=8132"},{"taxonomy":"post_tag","embeddable":true,"href":"https:\/\/portalmf.com.br\/index.php\/wp-json\/wp\/v2\/tags?post=8132"}],"curies":[{"name":"wp","href":"https:\/\/api.w.org\/{rel}","templated":true}]}}