{"id":8121,"date":"2023-01-18T17:32:20","date_gmt":"2023-01-18T20:32:20","guid":{"rendered":"https:\/\/portalmf.com.br\/?p=8121"},"modified":"2023-01-19T17:35:26","modified_gmt":"2023-01-19T20:35:26","slug":"boulevard-arrecada-materiais-escolares-para-criancas-em-situacao-de-vulnerabilidade-social","status":"publish","type":"post","link":"https:\/\/portalmf.com.br\/index.php\/2023\/01\/18\/boulevard-arrecada-materiais-escolares-para-criancas-em-situacao-de-vulnerabilidade-social\/","title":{"rendered":"<strong>Boulevard arrecada materiais escolares para crian\u00e7as em situa\u00e7\u00e3o de vulnerabilidade social<\/strong>\u00a0"},"content":{"rendered":"\n<p>Com o intuito de auxiliar na educa\u00e7\u00e3o e no desenvolvimento de crian\u00e7as em situa\u00e7\u00e3o de vulnerabilidade social, at\u00e9 5 de fevereiro o Boulevard Feira \u2013 em parceria com o Instituto da Crian\u00e7a, promove a campanha de arrecada\u00e7\u00e3o de materiais escolares &#8220;Volta \u00e0s aulas&#8221;.&nbsp;<\/p>\n\n\n\n<p>Os itens ser\u00e3o doados para o Associa\u00e7\u00e3o de Pais e Amigos Excepcionais (APAE) e podem ser entregues no ponto de coleta localizado em frente \u00e0 Loja Reserva. Poder\u00e3o ser doados materiais escolares novos ou em bom estado de conserva\u00e7\u00e3o como livros infantis, apontador, caderno, caneta, borracha, estojo, l\u00e1pis comum, caixa de l\u00e1pis de cor, r\u00e9gua e tesoura.&nbsp;&nbsp;&nbsp;<\/p>\n\n\n\n<p>A a\u00e7\u00e3o \u00e9 realizada pela Aliansce Sonae +&nbsp;brMalls, h\u00e1 4 anos, e tem como objetivo fortalecer o compromisso com o desenvolvimento social das comunidades localizadas no entorno do shopping. At\u00e9 o momento j\u00e1 foram doados mais de 56 mil itens, sendo mais de 32 mil itens arrecadados em 11 shoppings da rede no Rio de Janeiro (RJ) no ano passado.&nbsp;&nbsp;<\/p>\n\n\n\n<p>Ao final do per\u00edodo de coleta, o Instituto da Crian\u00e7a vai distribuir as doa\u00e7\u00f5es a APAE Feira de Santana, uma organiza\u00e7\u00e3o sem fins lucrativos que presta assist\u00eancia integral \u00e0s pessoas com defici\u00eancia intelectual e m\u00faltiplas h\u00e1 38 anos.&nbsp;&nbsp;<\/p>\n\n\n\n<p><em>&#8220;Esperamos que muitas crian\u00e7as sejam beneficiadas, pois sabemos que com o in\u00edcio do ano letivo e a volta \u00e0s aulas h\u00e1 fam\u00edlias e organiza\u00e7\u00f5es que enfrentam dificuldade financeira para comprar os materiais escolares. Contribuir para auxilia-los refor\u00e7a nosso sentimento de solidariedade que precisa ser mantido durante todo o ano\u201d<\/em>, destacou Jo\u00e3o Almeida, gerente de marketing do Shopping.\u00a0<\/p>\n","protected":false},"excerpt":{"rendered":"<p>Com o intuito de auxiliar na educa\u00e7\u00e3o e no desenvolvimento de crian\u00e7as em situa\u00e7\u00e3o de vulnerabilidade social, at\u00e9 5 de fevereiro o Boulevard Feira \u2013 em parceria com o Instituto da Crian\u00e7a, promove a campanha de arrecada\u00e7\u00e3o de materiais escolares &#8220;Volta \u00e0s aulas&#8221;.&nbsp; Os itens ser\u00e3o doados para o Associa\u00e7\u00e3o de Pais e Amigos Excepcionais [&hellip;]<\/p>\n","protected":false},"author":3,"featured_media":8122,"comment_status":"open","ping_status":"open","sticky":false,"template":"","format":"standard","meta":{"_monsterinsights_skip_tracking":false,"_monsterinsights_sitenote_active":false,"_monsterinsights_sitenote_note":"","_monsterinsights_sitenote_category":0,"footnotes":""},"categories":[34],"tags":[],"yoast_head":"<!-- This site is optimized with the Yoast SEO plugin v22.9 - https:\/\/yoast.com\/wordpress\/plugins\/seo\/ -->\n<title>Boulevard arrecada materiais escolares para crian\u00e7as em situa\u00e7\u00e3o de vulnerabilidade social\u00a0 - Portal MF<\/title>\n<meta name=\"robots\" content=\"index, follow, max-snippet:-1, max-image-preview:large, max-video-preview:-1\" \/>\n<link rel=\"canonical\" href=\"https:\/\/portalmf.com.br\/index.php\/2023\/01\/18\/boulevard-arrecada-materiais-escolares-para-criancas-em-situacao-de-vulnerabilidade-social\/\" \/>\n<meta property=\"og:locale\" content=\"pt_BR\" \/>\n<meta property=\"og:type\" content=\"article\" \/>\n<meta property=\"og:title\" content=\"Boulevard arrecada materiais escolares para crian\u00e7as em situa\u00e7\u00e3o de vulnerabilidade social\u00a0 - Portal MF\" \/>\n<meta property=\"og:description\" content=\"Com o intuito de auxiliar na educa\u00e7\u00e3o e no desenvolvimento de crian\u00e7as em situa\u00e7\u00e3o de vulnerabilidade social, at\u00e9 5 de fevereiro o Boulevard Feira \u2013 em parceria com o Instituto da Crian\u00e7a, promove a campanha de arrecada\u00e7\u00e3o de materiais escolares &#8220;Volta \u00e0s aulas&#8221;.&nbsp; Os itens ser\u00e3o doados para o Associa\u00e7\u00e3o de Pais e Amigos Excepcionais [&hellip;]\" \/>\n<meta property=\"og:url\" content=\"https:\/\/portalmf.com.br\/index.php\/2023\/01\/18\/boulevard-arrecada-materiais-escolares-para-criancas-em-situacao-de-vulnerabilidade-social\/\" \/>\n<meta property=\"og:site_name\" content=\"Portal MF\" \/>\n<meta property=\"article:author\" content=\"https:\/\/www.facebook.com\/portalmfoficial\" \/>\n<meta property=\"article:published_time\" content=\"2023-01-18T20:32:20+00:00\" \/>\n<meta property=\"article:modified_time\" content=\"2023-01-19T20:35:26+00:00\" \/>\n<meta property=\"og:image\" content=\"https:\/\/portalmf.com.br\/wp-content\/uploads\/2023\/01\/IMG_7961.jpg\" \/>\n\t<meta property=\"og:image:width\" content=\"2000\" \/>\n\t<meta property=\"og:image:height\" content=\"1333\" \/>\n\t<meta property=\"og:image:type\" content=\"image\/jpeg\" \/>\n<meta name=\"author\" content=\"Reda\u00e7\u00e3o Portal MF\" \/>\n<meta name=\"twitter:card\" content=\"summary_large_image\" \/>\n<meta name=\"twitter:creator\" content=\"@https:\/\/x.com\/portalmfoficial\" \/>\n<meta name=\"twitter:label1\" content=\"Escrito por\" \/>\n\t<meta name=\"twitter:data1\" content=\"Reda\u00e7\u00e3o Portal MF\" \/>\n\t<meta name=\"twitter:label2\" content=\"Est. tempo de leitura\" \/>\n\t<meta name=\"twitter:data2\" content=\"2 minutos\" \/>\n<script type=\"application\/ld+json\" class=\"yoast-schema-graph\">{\"@context\":\"https:\/\/schema.org\",\"@graph\":[{\"@type\":\"WebPage\",\"@id\":\"https:\/\/portalmf.com.br\/index.php\/2023\/01\/18\/boulevard-arrecada-materiais-escolares-para-criancas-em-situacao-de-vulnerabilidade-social\/\",\"url\":\"https:\/\/portalmf.com.br\/index.php\/2023\/01\/18\/boulevard-arrecada-materiais-escolares-para-criancas-em-situacao-de-vulnerabilidade-social\/\",\"name\":\"Boulevard arrecada materiais escolares para crian\u00e7as em situa\u00e7\u00e3o de vulnerabilidade social\u00a0 - Portal MF\",\"isPartOf\":{\"@id\":\"https:\/\/portalmf.com.br\/#website\"},\"primaryImageOfPage\":{\"@id\":\"https:\/\/portalmf.com.br\/index.php\/2023\/01\/18\/boulevard-arrecada-materiais-escolares-para-criancas-em-situacao-de-vulnerabilidade-social\/#primaryimage\"},\"image\":{\"@id\":\"https:\/\/portalmf.com.br\/index.php\/2023\/01\/18\/boulevard-arrecada-materiais-escolares-para-criancas-em-situacao-de-vulnerabilidade-social\/#primaryimage\"},\"thumbnailUrl\":\"https:\/\/portalmf.com.br\/wp-content\/uploads\/2023\/01\/IMG_7961.jpg\",\"datePublished\":\"2023-01-18T20:32:20+00:00\",\"dateModified\":\"2023-01-19T20:35:26+00:00\",\"author\":{\"@id\":\"https:\/\/portalmf.com.br\/#\/schema\/person\/9ec101baf56233e53520c26de5d6f6f0\"},\"breadcrumb\":{\"@id\":\"https:\/\/portalmf.com.br\/index.php\/2023\/01\/18\/boulevard-arrecada-materiais-escolares-para-criancas-em-situacao-de-vulnerabilidade-social\/#breadcrumb\"},\"inLanguage\":\"pt-BR\",\"potentialAction\":[{\"@type\":\"ReadAction\",\"target\":[\"https:\/\/portalmf.com.br\/index.php\/2023\/01\/18\/boulevard-arrecada-materiais-escolares-para-criancas-em-situacao-de-vulnerabilidade-social\/\"]}]},{\"@type\":\"ImageObject\",\"inLanguage\":\"pt-BR\",\"@id\":\"https:\/\/portalmf.com.br\/index.php\/2023\/01\/18\/boulevard-arrecada-materiais-escolares-para-criancas-em-situacao-de-vulnerabilidade-social\/#primaryimage\",\"url\":\"https:\/\/portalmf.com.br\/wp-content\/uploads\/2023\/01\/IMG_7961.jpg\",\"contentUrl\":\"https:\/\/portalmf.com.br\/wp-content\/uploads\/2023\/01\/IMG_7961.jpg\",\"width\":2000,\"height\":1333},{\"@type\":\"BreadcrumbList\",\"@id\":\"https:\/\/portalmf.com.br\/index.php\/2023\/01\/18\/boulevard-arrecada-materiais-escolares-para-criancas-em-situacao-de-vulnerabilidade-social\/#breadcrumb\",\"itemListElement\":[{\"@type\":\"ListItem\",\"position\":1,\"name\":\"In\u00edcio\",\"item\":\"https:\/\/portalmf.com.br\/\"},{\"@type\":\"ListItem\",\"position\":2,\"name\":\"Boulevard arrecada materiais escolares para crian\u00e7as em situa\u00e7\u00e3o de vulnerabilidade social\u00a0\"}]},{\"@type\":\"WebSite\",\"@id\":\"https:\/\/portalmf.com.br\/#website\",\"url\":\"https:\/\/portalmf.com.br\/\",\"name\":\"Portal MF\",\"description\":\"Voc\u00ea conectado com a informa\u00e7\u00e3o\",\"potentialAction\":[{\"@type\":\"SearchAction\",\"target\":{\"@type\":\"EntryPoint\",\"urlTemplate\":\"https:\/\/portalmf.com.br\/?s={search_term_string}\"},\"query-input\":\"required name=search_term_string\"}],\"inLanguage\":\"pt-BR\"},{\"@type\":\"Person\",\"@id\":\"https:\/\/portalmf.com.br\/#\/schema\/person\/9ec101baf56233e53520c26de5d6f6f0\",\"name\":\"Reda\u00e7\u00e3o Portal MF\",\"image\":{\"@type\":\"ImageObject\",\"inLanguage\":\"pt-BR\",\"@id\":\"https:\/\/portalmf.com.br\/#\/schema\/person\/image\/\",\"url\":\"https:\/\/secure.gravatar.com\/avatar\/41b9aaeb2100835f7c64362330f74c7f?s=96&d=mm&r=g\",\"contentUrl\":\"https:\/\/secure.gravatar.com\/avatar\/41b9aaeb2100835f7c64362330f74c7f?s=96&d=mm&r=g\",\"caption\":\"Reda\u00e7\u00e3o Portal MF\"},\"description\":\"Sejam bem-vindos o portal de informa\u00e7\u00f5es de entretenimento de Feira de Santana, desde 2006 realiza coberturas dos principais eventos com entrevistas exclusivas com as principais personalidades mundiais. Fique conectado tamb\u00e9m nas redes sociais.\",\"sameAs\":[\"http:\/\/www.portalmf.com.br\/\",\"https:\/\/www.facebook.com\/portalmfoficial\",\"https:\/\/www.instagram.com\/portalmf\/\",\"https:\/\/x.com\/https:\/\/x.com\/portalmfoficial\",\"https:\/\/www.youtube.com\/@portalmfoficial\"],\"url\":\"https:\/\/portalmf.com.br\/index.php\/author\/junior\/\"}]}<\/script>\n<!-- \/ Yoast SEO plugin. -->","yoast_head_json":{"title":"Boulevard arrecada materiais escolares para crian\u00e7as em situa\u00e7\u00e3o de vulnerabilidade social\u00a0 - Portal MF","robots":{"index":"index","follow":"follow","max-snippet":"max-snippet:-1","max-image-preview":"max-image-preview:large","max-video-preview":"max-video-preview:-1"},"canonical":"https:\/\/portalmf.com.br\/index.php\/2023\/01\/18\/boulevard-arrecada-materiais-escolares-para-criancas-em-situacao-de-vulnerabilidade-social\/","og_locale":"pt_BR","og_type":"article","og_title":"Boulevard arrecada materiais escolares para crian\u00e7as em situa\u00e7\u00e3o de vulnerabilidade social\u00a0 - Portal MF","og_description":"Com o intuito de auxiliar na educa\u00e7\u00e3o e no desenvolvimento de crian\u00e7as em situa\u00e7\u00e3o de vulnerabilidade social, at\u00e9 5 de fevereiro o Boulevard Feira \u2013 em parceria com o Instituto da Crian\u00e7a, promove a campanha de arrecada\u00e7\u00e3o de materiais escolares &#8220;Volta \u00e0s aulas&#8221;.&nbsp; Os itens ser\u00e3o doados para o Associa\u00e7\u00e3o de Pais e Amigos Excepcionais [&hellip;]","og_url":"https:\/\/portalmf.com.br\/index.php\/2023\/01\/18\/boulevard-arrecada-materiais-escolares-para-criancas-em-situacao-de-vulnerabilidade-social\/","og_site_name":"Portal MF","article_author":"https:\/\/www.facebook.com\/portalmfoficial","article_published_time":"2023-01-18T20:32:20+00:00","article_modified_time":"2023-01-19T20:35:26+00:00","og_image":[{"width":2000,"height":1333,"url":"https:\/\/portalmf.com.br\/wp-content\/uploads\/2023\/01\/IMG_7961.jpg","type":"image\/jpeg"}],"author":"Reda\u00e7\u00e3o Portal MF","twitter_card":"summary_large_image","twitter_creator":"@https:\/\/x.com\/portalmfoficial","twitter_misc":{"Escrito por":"Reda\u00e7\u00e3o Portal MF","Est. tempo de leitura":"2 minutos"},"schema":{"@context":"https:\/\/schema.org","@graph":[{"@type":"WebPage","@id":"https:\/\/portalmf.com.br\/index.php\/2023\/01\/18\/boulevard-arrecada-materiais-escolares-para-criancas-em-situacao-de-vulnerabilidade-social\/","url":"https:\/\/portalmf.com.br\/index.php\/2023\/01\/18\/boulevard-arrecada-materiais-escolares-para-criancas-em-situacao-de-vulnerabilidade-social\/","name":"Boulevard arrecada materiais escolares para crian\u00e7as em situa\u00e7\u00e3o de vulnerabilidade social\u00a0 - Portal MF","isPartOf":{"@id":"https:\/\/portalmf.com.br\/#website"},"primaryImageOfPage":{"@id":"https:\/\/portalmf.com.br\/index.php\/2023\/01\/18\/boulevard-arrecada-materiais-escolares-para-criancas-em-situacao-de-vulnerabilidade-social\/#primaryimage"},"image":{"@id":"https:\/\/portalmf.com.br\/index.php\/2023\/01\/18\/boulevard-arrecada-materiais-escolares-para-criancas-em-situacao-de-vulnerabilidade-social\/#primaryimage"},"thumbnailUrl":"https:\/\/portalmf.com.br\/wp-content\/uploads\/2023\/01\/IMG_7961.jpg","datePublished":"2023-01-18T20:32:20+00:00","dateModified":"2023-01-19T20:35:26+00:00","author":{"@id":"https:\/\/portalmf.com.br\/#\/schema\/person\/9ec101baf56233e53520c26de5d6f6f0"},"breadcrumb":{"@id":"https:\/\/portalmf.com.br\/index.php\/2023\/01\/18\/boulevard-arrecada-materiais-escolares-para-criancas-em-situacao-de-vulnerabilidade-social\/#breadcrumb"},"inLanguage":"pt-BR","potentialAction":[{"@type":"ReadAction","target":["https:\/\/portalmf.com.br\/index.php\/2023\/01\/18\/boulevard-arrecada-materiais-escolares-para-criancas-em-situacao-de-vulnerabilidade-social\/"]}]},{"@type":"ImageObject","inLanguage":"pt-BR","@id":"https:\/\/portalmf.com.br\/index.php\/2023\/01\/18\/boulevard-arrecada-materiais-escolares-para-criancas-em-situacao-de-vulnerabilidade-social\/#primaryimage","url":"https:\/\/portalmf.com.br\/wp-content\/uploads\/2023\/01\/IMG_7961.jpg","contentUrl":"https:\/\/portalmf.com.br\/wp-content\/uploads\/2023\/01\/IMG_7961.jpg","width":2000,"height":1333},{"@type":"BreadcrumbList","@id":"https:\/\/portalmf.com.br\/index.php\/2023\/01\/18\/boulevard-arrecada-materiais-escolares-para-criancas-em-situacao-de-vulnerabilidade-social\/#breadcrumb","itemListElement":[{"@type":"ListItem","position":1,"name":"In\u00edcio","item":"https:\/\/portalmf.com.br\/"},{"@type":"ListItem","position":2,"name":"Boulevard arrecada materiais escolares para crian\u00e7as em situa\u00e7\u00e3o de vulnerabilidade social\u00a0"}]},{"@type":"WebSite","@id":"https:\/\/portalmf.com.br\/#website","url":"https:\/\/portalmf.com.br\/","name":"Portal MF","description":"Voc\u00ea conectado com a informa\u00e7\u00e3o","potentialAction":[{"@type":"SearchAction","target":{"@type":"EntryPoint","urlTemplate":"https:\/\/portalmf.com.br\/?s={search_term_string}"},"query-input":"required name=search_term_string"}],"inLanguage":"pt-BR"},{"@type":"Person","@id":"https:\/\/portalmf.com.br\/#\/schema\/person\/9ec101baf56233e53520c26de5d6f6f0","name":"Reda\u00e7\u00e3o Portal MF","image":{"@type":"ImageObject","inLanguage":"pt-BR","@id":"https:\/\/portalmf.com.br\/#\/schema\/person\/image\/","url":"https:\/\/secure.gravatar.com\/avatar\/41b9aaeb2100835f7c64362330f74c7f?s=96&d=mm&r=g","contentUrl":"https:\/\/secure.gravatar.com\/avatar\/41b9aaeb2100835f7c64362330f74c7f?s=96&d=mm&r=g","caption":"Reda\u00e7\u00e3o Portal MF"},"description":"Sejam bem-vindos o portal de informa\u00e7\u00f5es de entretenimento de Feira de Santana, desde 2006 realiza coberturas dos principais eventos com entrevistas exclusivas com as principais personalidades mundiais. Fique conectado tamb\u00e9m nas redes sociais.","sameAs":["http:\/\/www.portalmf.com.br\/","https:\/\/www.facebook.com\/portalmfoficial","https:\/\/www.instagram.com\/portalmf\/","https:\/\/x.com\/https:\/\/x.com\/portalmfoficial","https:\/\/www.youtube.com\/@portalmfoficial"],"url":"https:\/\/portalmf.com.br\/index.php\/author\/junior\/"}]}},"_links":{"self":[{"href":"https:\/\/portalmf.com.br\/index.php\/wp-json\/wp\/v2\/posts\/8121"}],"collection":[{"href":"https:\/\/portalmf.com.br\/index.php\/wp-json\/wp\/v2\/posts"}],"about":[{"href":"https:\/\/portalmf.com.br\/index.php\/wp-json\/wp\/v2\/types\/post"}],"author":[{"embeddable":true,"href":"https:\/\/portalmf.com.br\/index.php\/wp-json\/wp\/v2\/users\/3"}],"replies":[{"embeddable":true,"href":"https:\/\/portalmf.com.br\/index.php\/wp-json\/wp\/v2\/comments?post=8121"}],"version-history":[{"count":1,"href":"https:\/\/portalmf.com.br\/index.php\/wp-json\/wp\/v2\/posts\/8121\/revisions"}],"predecessor-version":[{"id":8123,"href":"https:\/\/portalmf.com.br\/index.php\/wp-json\/wp\/v2\/posts\/8121\/revisions\/8123"}],"wp:featuredmedia":[{"embeddable":true,"href":"https:\/\/portalmf.com.br\/index.php\/wp-json\/wp\/v2\/media\/8122"}],"wp:attachment":[{"href":"https:\/\/portalmf.com.br\/index.php\/wp-json\/wp\/v2\/media?parent=8121"}],"wp:term":[{"taxonomy":"category","embeddable":true,"href":"https:\/\/portalmf.com.br\/index.php\/wp-json\/wp\/v2\/categories?post=8121"},{"taxonomy":"post_tag","embeddable":true,"href":"https:\/\/portalmf.com.br\/index.php\/wp-json\/wp\/v2\/tags?post=8121"}],"curies":[{"name":"wp","href":"https:\/\/api.w.org\/{rel}","templated":true}]}}