{"id":8115,"date":"2023-01-18T17:27:06","date_gmt":"2023-01-18T20:27:06","guid":{"rendered":"https:\/\/portalmf.com.br\/?p=8115"},"modified":"2023-01-19T17:29:48","modified_gmt":"2023-01-19T20:29:48","slug":"prefeito-do-municipio-de-planaltino-romi-vai-voltar-para-o-pt","status":"publish","type":"post","link":"https:\/\/portalmf.com.br\/index.php\/2023\/01\/18\/prefeito-do-municipio-de-planaltino-romi-vai-voltar-para-o-pt\/","title":{"rendered":"<strong>Prefeito do munic\u00edpio de Planaltino, Romi vai voltar para o PT<\/strong>"},"content":{"rendered":"\n<p>O prefeito do munic\u00edpio baiano de Planaltino, Ronaldo Lisboa da Silva, conhecido como Romi, vai deixar o Partido Liberal (PL) para voltar ao Partido dos Trabalhadores (PT), legenda da qual foi filiado do ano de 2009 ao de 2011. A confirma\u00e7\u00e3o do retorno do prefeito \u00e0 legenda foi feita nesta quarta-feira, 18, na sede do PT Bahia, em Salvador, durante encontro dele com o presidente estadual do PT, \u00c9den Valadares.<\/p>\n\n\n\n<p>Presidente municipal do PT de Planaltino durante dois anos, o prefeito destacou que sua vontade sempre foi voltar a ser filiado ao Partido.<\/p>\n\n\n\n<p><em>\u201cEstou muito alegre, muito contente de ter retornado ao PT, era o meu sonho. Logo no in\u00edcio de tudo, n\u00f3s ficamos com o governador Jer\u00f4nimo, apoiamos junto ao ex-governador Rui Costa, hoje ministro, e estamos juntos. A popula\u00e7\u00e3o de Planaltino sabe que a gente j\u00e1 est\u00e1 retornando ao PT e tamb\u00e9m ficou muito alegre.&nbsp;&nbsp;Vamos ficar at\u00e9 o fim com Jer\u00f4nimo, no que depender, n\u00f3s estamos para ajudar o governador e no que precisarmos, a pedido da popula\u00e7\u00e3o, tamb\u00e9m vamos procur\u00e1-lo. A partir de hoje j\u00e1 est\u00e1 selada essa uni\u00e3o\u201d,<\/em> afirmou.&nbsp;<\/p>\n\n\n\n<p>O presidente do PT Bahia, \u00c9den Valadares, desejou boas-vindas ao gestor municipal e afirmou&nbsp;que Romi pode contribuir muito com o Governo Estadual.<\/p>\n\n\n\n<p><em>&nbsp;\u201cS\u00f3 de o senhor estar agora de novo com a gente no time do 13, ajudar Jer\u00f4nimo a fazer melhor do que Rui e Wagner fizeram, que esse \u00e9 o nosso desafio. Wagner pavimentou, Rui acelerou e agora com Jer\u00f4nimo, na parceria com Lula, vamos decolar. N\u00f3s temos chance, Rui deixou muita coisa engatilhada, muita entrega, quatro hospitais, cinco policl\u00ednicas, estradas, 31 aeroportos, 260 escolas. Jer\u00f4nimo tem uma carteira para entregar de not\u00edcia para o povo da Bahia e ele tem uma grande disposi\u00e7\u00e3o de di\u00e1logo\u201d,<\/em> disse \u00c9den.&nbsp;&nbsp;<\/p>\n","protected":false},"excerpt":{"rendered":"<p>O prefeito do munic\u00edpio baiano de Planaltino, Ronaldo Lisboa da Silva, conhecido como Romi, vai deixar o Partido Liberal (PL) para voltar ao Partido dos Trabalhadores (PT), legenda da qual foi filiado do ano de 2009 ao de 2011. A confirma\u00e7\u00e3o do retorno do prefeito \u00e0 legenda foi feita nesta quarta-feira, 18, na sede do [&hellip;]<\/p>\n","protected":false},"author":3,"featured_media":8116,"comment_status":"open","ping_status":"open","sticky":false,"template":"","format":"standard","meta":{"_monsterinsights_skip_tracking":false,"_monsterinsights_sitenote_active":false,"_monsterinsights_sitenote_note":"","_monsterinsights_sitenote_category":0,"footnotes":""},"categories":[34],"tags":[],"yoast_head":"<!-- This site is optimized with the Yoast SEO plugin v22.9 - https:\/\/yoast.com\/wordpress\/plugins\/seo\/ -->\n<title>Prefeito do munic\u00edpio de Planaltino, Romi vai voltar para o PT - Portal MF<\/title>\n<meta name=\"robots\" content=\"index, follow, max-snippet:-1, max-image-preview:large, max-video-preview:-1\" \/>\n<link rel=\"canonical\" href=\"https:\/\/portalmf.com.br\/index.php\/2023\/01\/18\/prefeito-do-municipio-de-planaltino-romi-vai-voltar-para-o-pt\/\" \/>\n<meta property=\"og:locale\" content=\"pt_BR\" \/>\n<meta property=\"og:type\" content=\"article\" \/>\n<meta property=\"og:title\" content=\"Prefeito do munic\u00edpio de Planaltino, Romi vai voltar para o PT - Portal MF\" \/>\n<meta property=\"og:description\" content=\"O prefeito do munic\u00edpio baiano de Planaltino, Ronaldo Lisboa da Silva, conhecido como Romi, vai deixar o Partido Liberal (PL) para voltar ao Partido dos Trabalhadores (PT), legenda da qual foi filiado do ano de 2009 ao de 2011. A confirma\u00e7\u00e3o do retorno do prefeito \u00e0 legenda foi feita nesta quarta-feira, 18, na sede do [&hellip;]\" \/>\n<meta property=\"og:url\" content=\"https:\/\/portalmf.com.br\/index.php\/2023\/01\/18\/prefeito-do-municipio-de-planaltino-romi-vai-voltar-para-o-pt\/\" \/>\n<meta property=\"og:site_name\" content=\"Portal MF\" \/>\n<meta property=\"article:author\" content=\"https:\/\/www.facebook.com\/portalmfoficial\" \/>\n<meta property=\"article:published_time\" content=\"2023-01-18T20:27:06+00:00\" \/>\n<meta property=\"article:modified_time\" content=\"2023-01-19T20:29:48+00:00\" \/>\n<meta property=\"og:image\" content=\"https:\/\/portalmf.com.br\/wp-content\/uploads\/2023\/01\/Prefeito-Romi-e-Eden-presidente-do-PT-Bahia.jpg\" \/>\n\t<meta property=\"og:image:width\" content=\"1500\" \/>\n\t<meta property=\"og:image:height\" content=\"1000\" \/>\n\t<meta property=\"og:image:type\" content=\"image\/jpeg\" \/>\n<meta name=\"author\" content=\"Reda\u00e7\u00e3o Portal MF\" \/>\n<meta name=\"twitter:card\" content=\"summary_large_image\" \/>\n<meta name=\"twitter:creator\" content=\"@https:\/\/x.com\/portalmfoficial\" \/>\n<meta name=\"twitter:label1\" content=\"Escrito por\" \/>\n\t<meta name=\"twitter:data1\" content=\"Reda\u00e7\u00e3o Portal MF\" \/>\n\t<meta name=\"twitter:label2\" content=\"Est. tempo de leitura\" \/>\n\t<meta name=\"twitter:data2\" content=\"2 minutos\" \/>\n<script type=\"application\/ld+json\" class=\"yoast-schema-graph\">{\"@context\":\"https:\/\/schema.org\",\"@graph\":[{\"@type\":\"WebPage\",\"@id\":\"https:\/\/portalmf.com.br\/index.php\/2023\/01\/18\/prefeito-do-municipio-de-planaltino-romi-vai-voltar-para-o-pt\/\",\"url\":\"https:\/\/portalmf.com.br\/index.php\/2023\/01\/18\/prefeito-do-municipio-de-planaltino-romi-vai-voltar-para-o-pt\/\",\"name\":\"Prefeito do munic\u00edpio de Planaltino, Romi vai voltar para o PT - Portal MF\",\"isPartOf\":{\"@id\":\"https:\/\/portalmf.com.br\/#website\"},\"primaryImageOfPage\":{\"@id\":\"https:\/\/portalmf.com.br\/index.php\/2023\/01\/18\/prefeito-do-municipio-de-planaltino-romi-vai-voltar-para-o-pt\/#primaryimage\"},\"image\":{\"@id\":\"https:\/\/portalmf.com.br\/index.php\/2023\/01\/18\/prefeito-do-municipio-de-planaltino-romi-vai-voltar-para-o-pt\/#primaryimage\"},\"thumbnailUrl\":\"https:\/\/portalmf.com.br\/wp-content\/uploads\/2023\/01\/Prefeito-Romi-e-Eden-presidente-do-PT-Bahia.jpg\",\"datePublished\":\"2023-01-18T20:27:06+00:00\",\"dateModified\":\"2023-01-19T20:29:48+00:00\",\"author\":{\"@id\":\"https:\/\/portalmf.com.br\/#\/schema\/person\/9ec101baf56233e53520c26de5d6f6f0\"},\"breadcrumb\":{\"@id\":\"https:\/\/portalmf.com.br\/index.php\/2023\/01\/18\/prefeito-do-municipio-de-planaltino-romi-vai-voltar-para-o-pt\/#breadcrumb\"},\"inLanguage\":\"pt-BR\",\"potentialAction\":[{\"@type\":\"ReadAction\",\"target\":[\"https:\/\/portalmf.com.br\/index.php\/2023\/01\/18\/prefeito-do-municipio-de-planaltino-romi-vai-voltar-para-o-pt\/\"]}]},{\"@type\":\"ImageObject\",\"inLanguage\":\"pt-BR\",\"@id\":\"https:\/\/portalmf.com.br\/index.php\/2023\/01\/18\/prefeito-do-municipio-de-planaltino-romi-vai-voltar-para-o-pt\/#primaryimage\",\"url\":\"https:\/\/portalmf.com.br\/wp-content\/uploads\/2023\/01\/Prefeito-Romi-e-Eden-presidente-do-PT-Bahia.jpg\",\"contentUrl\":\"https:\/\/portalmf.com.br\/wp-content\/uploads\/2023\/01\/Prefeito-Romi-e-Eden-presidente-do-PT-Bahia.jpg\",\"width\":1500,\"height\":1000},{\"@type\":\"BreadcrumbList\",\"@id\":\"https:\/\/portalmf.com.br\/index.php\/2023\/01\/18\/prefeito-do-municipio-de-planaltino-romi-vai-voltar-para-o-pt\/#breadcrumb\",\"itemListElement\":[{\"@type\":\"ListItem\",\"position\":1,\"name\":\"In\u00edcio\",\"item\":\"https:\/\/portalmf.com.br\/\"},{\"@type\":\"ListItem\",\"position\":2,\"name\":\"Prefeito do munic\u00edpio de Planaltino, Romi vai voltar para o PT\"}]},{\"@type\":\"WebSite\",\"@id\":\"https:\/\/portalmf.com.br\/#website\",\"url\":\"https:\/\/portalmf.com.br\/\",\"name\":\"Portal MF\",\"description\":\"Voc\u00ea conectado com a informa\u00e7\u00e3o\",\"potentialAction\":[{\"@type\":\"SearchAction\",\"target\":{\"@type\":\"EntryPoint\",\"urlTemplate\":\"https:\/\/portalmf.com.br\/?s={search_term_string}\"},\"query-input\":\"required name=search_term_string\"}],\"inLanguage\":\"pt-BR\"},{\"@type\":\"Person\",\"@id\":\"https:\/\/portalmf.com.br\/#\/schema\/person\/9ec101baf56233e53520c26de5d6f6f0\",\"name\":\"Reda\u00e7\u00e3o Portal MF\",\"image\":{\"@type\":\"ImageObject\",\"inLanguage\":\"pt-BR\",\"@id\":\"https:\/\/portalmf.com.br\/#\/schema\/person\/image\/\",\"url\":\"https:\/\/secure.gravatar.com\/avatar\/41b9aaeb2100835f7c64362330f74c7f?s=96&d=mm&r=g\",\"contentUrl\":\"https:\/\/secure.gravatar.com\/avatar\/41b9aaeb2100835f7c64362330f74c7f?s=96&d=mm&r=g\",\"caption\":\"Reda\u00e7\u00e3o Portal MF\"},\"description\":\"Sejam bem-vindos o portal de informa\u00e7\u00f5es de entretenimento de Feira de Santana, desde 2006 realiza coberturas dos principais eventos com entrevistas exclusivas com as principais personalidades mundiais. Fique conectado tamb\u00e9m nas redes sociais.\",\"sameAs\":[\"http:\/\/www.portalmf.com.br\/\",\"https:\/\/www.facebook.com\/portalmfoficial\",\"https:\/\/www.instagram.com\/portalmf\/\",\"https:\/\/x.com\/https:\/\/x.com\/portalmfoficial\",\"https:\/\/www.youtube.com\/@portalmfoficial\"],\"url\":\"https:\/\/portalmf.com.br\/index.php\/author\/junior\/\"}]}<\/script>\n<!-- \/ Yoast SEO plugin. -->","yoast_head_json":{"title":"Prefeito do munic\u00edpio de Planaltino, Romi vai voltar para o PT - Portal MF","robots":{"index":"index","follow":"follow","max-snippet":"max-snippet:-1","max-image-preview":"max-image-preview:large","max-video-preview":"max-video-preview:-1"},"canonical":"https:\/\/portalmf.com.br\/index.php\/2023\/01\/18\/prefeito-do-municipio-de-planaltino-romi-vai-voltar-para-o-pt\/","og_locale":"pt_BR","og_type":"article","og_title":"Prefeito do munic\u00edpio de Planaltino, Romi vai voltar para o PT - Portal MF","og_description":"O prefeito do munic\u00edpio baiano de Planaltino, Ronaldo Lisboa da Silva, conhecido como Romi, vai deixar o Partido Liberal (PL) para voltar ao Partido dos Trabalhadores (PT), legenda da qual foi filiado do ano de 2009 ao de 2011. A confirma\u00e7\u00e3o do retorno do prefeito \u00e0 legenda foi feita nesta quarta-feira, 18, na sede do [&hellip;]","og_url":"https:\/\/portalmf.com.br\/index.php\/2023\/01\/18\/prefeito-do-municipio-de-planaltino-romi-vai-voltar-para-o-pt\/","og_site_name":"Portal MF","article_author":"https:\/\/www.facebook.com\/portalmfoficial","article_published_time":"2023-01-18T20:27:06+00:00","article_modified_time":"2023-01-19T20:29:48+00:00","og_image":[{"width":1500,"height":1000,"url":"https:\/\/portalmf.com.br\/wp-content\/uploads\/2023\/01\/Prefeito-Romi-e-Eden-presidente-do-PT-Bahia.jpg","type":"image\/jpeg"}],"author":"Reda\u00e7\u00e3o Portal MF","twitter_card":"summary_large_image","twitter_creator":"@https:\/\/x.com\/portalmfoficial","twitter_misc":{"Escrito por":"Reda\u00e7\u00e3o Portal MF","Est. tempo de leitura":"2 minutos"},"schema":{"@context":"https:\/\/schema.org","@graph":[{"@type":"WebPage","@id":"https:\/\/portalmf.com.br\/index.php\/2023\/01\/18\/prefeito-do-municipio-de-planaltino-romi-vai-voltar-para-o-pt\/","url":"https:\/\/portalmf.com.br\/index.php\/2023\/01\/18\/prefeito-do-municipio-de-planaltino-romi-vai-voltar-para-o-pt\/","name":"Prefeito do munic\u00edpio de Planaltino, Romi vai voltar para o PT - Portal MF","isPartOf":{"@id":"https:\/\/portalmf.com.br\/#website"},"primaryImageOfPage":{"@id":"https:\/\/portalmf.com.br\/index.php\/2023\/01\/18\/prefeito-do-municipio-de-planaltino-romi-vai-voltar-para-o-pt\/#primaryimage"},"image":{"@id":"https:\/\/portalmf.com.br\/index.php\/2023\/01\/18\/prefeito-do-municipio-de-planaltino-romi-vai-voltar-para-o-pt\/#primaryimage"},"thumbnailUrl":"https:\/\/portalmf.com.br\/wp-content\/uploads\/2023\/01\/Prefeito-Romi-e-Eden-presidente-do-PT-Bahia.jpg","datePublished":"2023-01-18T20:27:06+00:00","dateModified":"2023-01-19T20:29:48+00:00","author":{"@id":"https:\/\/portalmf.com.br\/#\/schema\/person\/9ec101baf56233e53520c26de5d6f6f0"},"breadcrumb":{"@id":"https:\/\/portalmf.com.br\/index.php\/2023\/01\/18\/prefeito-do-municipio-de-planaltino-romi-vai-voltar-para-o-pt\/#breadcrumb"},"inLanguage":"pt-BR","potentialAction":[{"@type":"ReadAction","target":["https:\/\/portalmf.com.br\/index.php\/2023\/01\/18\/prefeito-do-municipio-de-planaltino-romi-vai-voltar-para-o-pt\/"]}]},{"@type":"ImageObject","inLanguage":"pt-BR","@id":"https:\/\/portalmf.com.br\/index.php\/2023\/01\/18\/prefeito-do-municipio-de-planaltino-romi-vai-voltar-para-o-pt\/#primaryimage","url":"https:\/\/portalmf.com.br\/wp-content\/uploads\/2023\/01\/Prefeito-Romi-e-Eden-presidente-do-PT-Bahia.jpg","contentUrl":"https:\/\/portalmf.com.br\/wp-content\/uploads\/2023\/01\/Prefeito-Romi-e-Eden-presidente-do-PT-Bahia.jpg","width":1500,"height":1000},{"@type":"BreadcrumbList","@id":"https:\/\/portalmf.com.br\/index.php\/2023\/01\/18\/prefeito-do-municipio-de-planaltino-romi-vai-voltar-para-o-pt\/#breadcrumb","itemListElement":[{"@type":"ListItem","position":1,"name":"In\u00edcio","item":"https:\/\/portalmf.com.br\/"},{"@type":"ListItem","position":2,"name":"Prefeito do munic\u00edpio de Planaltino, Romi vai voltar para o PT"}]},{"@type":"WebSite","@id":"https:\/\/portalmf.com.br\/#website","url":"https:\/\/portalmf.com.br\/","name":"Portal MF","description":"Voc\u00ea conectado com a informa\u00e7\u00e3o","potentialAction":[{"@type":"SearchAction","target":{"@type":"EntryPoint","urlTemplate":"https:\/\/portalmf.com.br\/?s={search_term_string}"},"query-input":"required name=search_term_string"}],"inLanguage":"pt-BR"},{"@type":"Person","@id":"https:\/\/portalmf.com.br\/#\/schema\/person\/9ec101baf56233e53520c26de5d6f6f0","name":"Reda\u00e7\u00e3o Portal MF","image":{"@type":"ImageObject","inLanguage":"pt-BR","@id":"https:\/\/portalmf.com.br\/#\/schema\/person\/image\/","url":"https:\/\/secure.gravatar.com\/avatar\/41b9aaeb2100835f7c64362330f74c7f?s=96&d=mm&r=g","contentUrl":"https:\/\/secure.gravatar.com\/avatar\/41b9aaeb2100835f7c64362330f74c7f?s=96&d=mm&r=g","caption":"Reda\u00e7\u00e3o Portal MF"},"description":"Sejam bem-vindos o portal de informa\u00e7\u00f5es de entretenimento de Feira de Santana, desde 2006 realiza coberturas dos principais eventos com entrevistas exclusivas com as principais personalidades mundiais. Fique conectado tamb\u00e9m nas redes sociais.","sameAs":["http:\/\/www.portalmf.com.br\/","https:\/\/www.facebook.com\/portalmfoficial","https:\/\/www.instagram.com\/portalmf\/","https:\/\/x.com\/https:\/\/x.com\/portalmfoficial","https:\/\/www.youtube.com\/@portalmfoficial"],"url":"https:\/\/portalmf.com.br\/index.php\/author\/junior\/"}]}},"_links":{"self":[{"href":"https:\/\/portalmf.com.br\/index.php\/wp-json\/wp\/v2\/posts\/8115"}],"collection":[{"href":"https:\/\/portalmf.com.br\/index.php\/wp-json\/wp\/v2\/posts"}],"about":[{"href":"https:\/\/portalmf.com.br\/index.php\/wp-json\/wp\/v2\/types\/post"}],"author":[{"embeddable":true,"href":"https:\/\/portalmf.com.br\/index.php\/wp-json\/wp\/v2\/users\/3"}],"replies":[{"embeddable":true,"href":"https:\/\/portalmf.com.br\/index.php\/wp-json\/wp\/v2\/comments?post=8115"}],"version-history":[{"count":1,"href":"https:\/\/portalmf.com.br\/index.php\/wp-json\/wp\/v2\/posts\/8115\/revisions"}],"predecessor-version":[{"id":8117,"href":"https:\/\/portalmf.com.br\/index.php\/wp-json\/wp\/v2\/posts\/8115\/revisions\/8117"}],"wp:featuredmedia":[{"embeddable":true,"href":"https:\/\/portalmf.com.br\/index.php\/wp-json\/wp\/v2\/media\/8116"}],"wp:attachment":[{"href":"https:\/\/portalmf.com.br\/index.php\/wp-json\/wp\/v2\/media?parent=8115"}],"wp:term":[{"taxonomy":"category","embeddable":true,"href":"https:\/\/portalmf.com.br\/index.php\/wp-json\/wp\/v2\/categories?post=8115"},{"taxonomy":"post_tag","embeddable":true,"href":"https:\/\/portalmf.com.br\/index.php\/wp-json\/wp\/v2\/tags?post=8115"}],"curies":[{"name":"wp","href":"https:\/\/api.w.org\/{rel}","templated":true}]}}