{"id":8103,"date":"2023-01-19T16:23:24","date_gmt":"2023-01-19T19:23:24","guid":{"rendered":"https:\/\/portalmf.com.br\/?p=8103"},"modified":"2023-01-19T16:23:25","modified_gmt":"2023-01-19T19:23:25","slug":"mcdonalds-em-feira-de-santana-celebra-10-anos-com-reinauguracao-e-novidades","status":"publish","type":"post","link":"https:\/\/portalmf.com.br\/index.php\/2023\/01\/19\/mcdonalds-em-feira-de-santana-celebra-10-anos-com-reinauguracao-e-novidades\/","title":{"rendered":"<strong>McDonald&#8217;s em Feira de Santana celebra 10 anos com reinaugura\u00e7\u00e3o e novidades<\/strong>\u00a0"},"content":{"rendered":"\n<p>O McDonald&#8217;s reinaugura nessa quarta-feira (18), sua unidade na Avenida Get\u00falio Vargas, em Feira de Santana. O restaurante, que completa 10 anos neste m\u00eas, est\u00e1 completamente repaginado e alinhado ao novo conceito de decora\u00e7\u00e3o das unidades da rede.&nbsp;<\/p>\n\n\n\n<p>Com arquitetura moderna e design inovador, aliando conveni\u00eancia e interatividade para o cliente, o restaurante agora possui capacidade para acomodar 86 pessoas e conta com quatro totens de autoatendimento, que permitem a personaliza\u00e7\u00e3o dos pedidos e pagamento direto nos equipamentos, al\u00e9m de possuir tecnologia simult\u00e2nea que faz com que os produtos comecem a ser preparados no exato momento que o cliente faz o pedido. Essas inova\u00e7\u00f5es fazem parte do que a Arcos&nbsp;Dorados, franquia que opera a marca McDonald\u2019s na Am\u00e9rica Latina e Caribe, chama de vendas digitais, uma tend\u00eancia cada vez mais forte. A unidade conta&nbsp;ainda com estacionamento e toda a conveni\u00eancia do Drive-Tudo, que al\u00e9m de carros, tamb\u00e9m atende consumidores em diferentes meios de transporte, como bicicleta, skates, patins e patinetes.&nbsp;<\/p>\n\n\n\n<p>Ap\u00f3s a revitaliza\u00e7\u00e3o, o restaurante manteve os 85 postos de trabalho dos funcion\u00e1rios, que contam com benef\u00edcios como vale-transporte, plano de sa\u00fade e odontol\u00f3gico, seguro de vida, programas de sa\u00fade e bem-estar, alimenta\u00e7\u00e3o no restaurante e plano de carreira. Al\u00e9m disso, o McDonald\u2019s tem como filosofia a&nbsp;Cooltura&nbsp;de Servi\u00e7o, que incentiva que cada indiv\u00edduo se sinta \u00e0 vontade para se expressar conforme se identifica, desde cabelo, maquiagem, acess\u00f3rios, at\u00e9 nome no crach\u00e1, gerando bons momentos sendo quem s\u00e3o.&nbsp;<\/p>\n\n\n\n<p>A unidade Get\u00falio Vargas, que vai funcionar de segunda a s\u00e1bado, das 9h \u00e0s 5h, e aos domingos das 11h \u00e0s 5h, conta com atendimento no balc\u00e3o&nbsp;e&nbsp;digital, onde o cliente pode realizar seu pedido diretamente nos totens de autoatendimento.&nbsp;&nbsp;<\/p>\n\n\n\n<p><strong>Sustentabilidade<\/strong>&nbsp;<\/p>\n\n\n\n<p>O restaurante seguir\u00e1 trabalhando com a\u00e7\u00f5es da plataforma Receita do Futuro, estrat\u00e9gia ESG criada pela Arcos&nbsp;Dorados&nbsp;para guiar o trabalho social e ambientalmente respons\u00e1vel da companhia. Entre as iniciativas, est\u00e1 a reciclagem de \u00f3leo, jardim natural, lixeira com separa\u00e7\u00e3o de lixo recicl\u00e1vel e o programa de redu\u00e7\u00e3o de pl\u00e1sticos de um s\u00f3 uso, que j\u00e1 soma a\u00e7\u00f5es como a substitui\u00e7\u00e3o das embalagens de pl\u00e1stico de saladas por outras fabricadas com papel cartonado certificado, redu\u00e7\u00e3o do uso de tampas de pl\u00e1stico para bebidas e sobremesas, fim da entrega proativa de canudos, entre outras.&nbsp;&nbsp;<\/p>\n\n\n\n<p><strong>Portas Abertas<\/strong>&nbsp;<\/p>\n\n\n\n<p>A iniciativa, que nos \u00faltimos dois anos ficou dispon\u00edvel apenas no formato de visitas online, devido \u00e0s restri\u00e7\u00f5es causadas pela COVID-19, est\u00e1 de volta em sua vers\u00e3o presencial. O tour pela cozinha n\u00e3o requer agendamento pr\u00e9vio e, durante aproximadamente 20 minutos, o respons\u00e1vel pelo restaurante e sua equipe guiar\u00e3o os visitantes por toda a experi\u00eancia, que inclui a demonstra\u00e7\u00e3o das medidas de higiene e seguran\u00e7a do alimento, a origem e armazenamento dos ingredientes, a prepara\u00e7\u00e3o dos pedidos e muitos outros processos que, embora n\u00e3o sejam vis\u00edveis, fazem parte do s\u00f3lido compromisso da rede com a alta qualidade. Desde o seu lan\u00e7amento, em 2014, o Portas Abertas j\u00e1 levou mais de 10 milh\u00f5es de pessoas para conhecer de perto as cozinhas do McDonald &#8216;s em todo o Brasil! Para saber mais, acesse:&nbsp;<a href=\"https:\/\/nam11.safelinks.protection.outlook.com\/?url=http%3A%2F%2Fmcdonaldsdeportasabertas.com.br%2F&amp;data=04%7C01%7Canderson.lima%40br.mcd.com%7Ce735e696677442dff9a208d91efc31f3%7Cc56a089c7ef04fcbb7eb3858330142ed%7C0%7C0%7C637574891537637074%7CUnknown%7CTWFpbGZsb3d8eyJWIjoiMC4wLjAwMDAiLCJQIjoiV2luMzIiLCJBTiI6Ik1haWwiLCJXVCI6Mn0%3D%7C2000&amp;sdata=FRXmWDB%2FRC7c9gNk36GriS9%2BToa8zCKCZBCXTm%2FvjxU%3D&amp;reserved=0\" target=\"_blank\" rel=\"noreferrer noopener\">mcdonaldsdeportasabertas.com.br<\/a>.&nbsp;&nbsp;<\/p>\n","protected":false},"excerpt":{"rendered":"<p>O McDonald&#8217;s reinaugura nessa quarta-feira (18), sua unidade na Avenida Get\u00falio Vargas, em Feira de Santana. O restaurante, que completa 10 anos neste m\u00eas, est\u00e1 completamente repaginado e alinhado ao novo conceito de decora\u00e7\u00e3o das unidades da rede.&nbsp; Com arquitetura moderna e design inovador, aliando conveni\u00eancia e interatividade para o cliente, o restaurante agora possui [&hellip;]<\/p>\n","protected":false},"author":3,"featured_media":8104,"comment_status":"open","ping_status":"open","sticky":false,"template":"","format":"standard","meta":{"_monsterinsights_skip_tracking":false,"_monsterinsights_sitenote_active":false,"_monsterinsights_sitenote_note":"","_monsterinsights_sitenote_category":0,"footnotes":""},"categories":[295],"tags":[],"yoast_head":"<!-- This site is optimized with the Yoast SEO plugin v22.9 - https:\/\/yoast.com\/wordpress\/plugins\/seo\/ -->\n<title>McDonald&#039;s em Feira de Santana celebra 10 anos com reinaugura\u00e7\u00e3o e novidades\u00a0 - Portal MF<\/title>\n<meta name=\"robots\" content=\"index, follow, max-snippet:-1, max-image-preview:large, max-video-preview:-1\" \/>\n<link rel=\"canonical\" href=\"https:\/\/portalmf.com.br\/index.php\/2023\/01\/19\/mcdonalds-em-feira-de-santana-celebra-10-anos-com-reinauguracao-e-novidades\/\" \/>\n<meta property=\"og:locale\" content=\"pt_BR\" \/>\n<meta property=\"og:type\" content=\"article\" \/>\n<meta property=\"og:title\" content=\"McDonald&#039;s em Feira de Santana celebra 10 anos com reinaugura\u00e7\u00e3o e novidades\u00a0 - Portal MF\" \/>\n<meta property=\"og:description\" content=\"O McDonald&#8217;s reinaugura nessa quarta-feira (18), sua unidade na Avenida Get\u00falio Vargas, em Feira de Santana. O restaurante, que completa 10 anos neste m\u00eas, est\u00e1 completamente repaginado e alinhado ao novo conceito de decora\u00e7\u00e3o das unidades da rede.&nbsp; Com arquitetura moderna e design inovador, aliando conveni\u00eancia e interatividade para o cliente, o restaurante agora possui [&hellip;]\" \/>\n<meta property=\"og:url\" content=\"https:\/\/portalmf.com.br\/index.php\/2023\/01\/19\/mcdonalds-em-feira-de-santana-celebra-10-anos-com-reinauguracao-e-novidades\/\" \/>\n<meta property=\"og:site_name\" content=\"Portal MF\" \/>\n<meta property=\"article:author\" content=\"https:\/\/www.facebook.com\/portalmfoficial\" \/>\n<meta property=\"article:published_time\" content=\"2023-01-19T19:23:24+00:00\" \/>\n<meta property=\"article:modified_time\" content=\"2023-01-19T19:23:25+00:00\" \/>\n<meta property=\"og:image\" content=\"https:\/\/portalmf.com.br\/wp-content\/uploads\/2023\/01\/McDonalds-em-Feira-de-Santana.jpg\" \/>\n\t<meta property=\"og:image:width\" content=\"602\" \/>\n\t<meta property=\"og:image:height\" content=\"451\" \/>\n\t<meta property=\"og:image:type\" content=\"image\/jpeg\" \/>\n<meta name=\"author\" content=\"Reda\u00e7\u00e3o Portal MF\" \/>\n<meta name=\"twitter:card\" content=\"summary_large_image\" \/>\n<meta name=\"twitter:creator\" content=\"@https:\/\/x.com\/portalmfoficial\" \/>\n<meta name=\"twitter:label1\" content=\"Escrito por\" \/>\n\t<meta name=\"twitter:data1\" content=\"Reda\u00e7\u00e3o Portal MF\" \/>\n\t<meta name=\"twitter:label2\" content=\"Est. tempo de leitura\" \/>\n\t<meta name=\"twitter:data2\" content=\"3 minutos\" \/>\n<script type=\"application\/ld+json\" class=\"yoast-schema-graph\">{\"@context\":\"https:\/\/schema.org\",\"@graph\":[{\"@type\":\"WebPage\",\"@id\":\"https:\/\/portalmf.com.br\/index.php\/2023\/01\/19\/mcdonalds-em-feira-de-santana-celebra-10-anos-com-reinauguracao-e-novidades\/\",\"url\":\"https:\/\/portalmf.com.br\/index.php\/2023\/01\/19\/mcdonalds-em-feira-de-santana-celebra-10-anos-com-reinauguracao-e-novidades\/\",\"name\":\"McDonald's em Feira de Santana celebra 10 anos com reinaugura\u00e7\u00e3o e novidades\u00a0 - Portal MF\",\"isPartOf\":{\"@id\":\"https:\/\/portalmf.com.br\/#website\"},\"primaryImageOfPage\":{\"@id\":\"https:\/\/portalmf.com.br\/index.php\/2023\/01\/19\/mcdonalds-em-feira-de-santana-celebra-10-anos-com-reinauguracao-e-novidades\/#primaryimage\"},\"image\":{\"@id\":\"https:\/\/portalmf.com.br\/index.php\/2023\/01\/19\/mcdonalds-em-feira-de-santana-celebra-10-anos-com-reinauguracao-e-novidades\/#primaryimage\"},\"thumbnailUrl\":\"https:\/\/portalmf.com.br\/wp-content\/uploads\/2023\/01\/McDonalds-em-Feira-de-Santana.jpg\",\"datePublished\":\"2023-01-19T19:23:24+00:00\",\"dateModified\":\"2023-01-19T19:23:25+00:00\",\"author\":{\"@id\":\"https:\/\/portalmf.com.br\/#\/schema\/person\/9ec101baf56233e53520c26de5d6f6f0\"},\"breadcrumb\":{\"@id\":\"https:\/\/portalmf.com.br\/index.php\/2023\/01\/19\/mcdonalds-em-feira-de-santana-celebra-10-anos-com-reinauguracao-e-novidades\/#breadcrumb\"},\"inLanguage\":\"pt-BR\",\"potentialAction\":[{\"@type\":\"ReadAction\",\"target\":[\"https:\/\/portalmf.com.br\/index.php\/2023\/01\/19\/mcdonalds-em-feira-de-santana-celebra-10-anos-com-reinauguracao-e-novidades\/\"]}]},{\"@type\":\"ImageObject\",\"inLanguage\":\"pt-BR\",\"@id\":\"https:\/\/portalmf.com.br\/index.php\/2023\/01\/19\/mcdonalds-em-feira-de-santana-celebra-10-anos-com-reinauguracao-e-novidades\/#primaryimage\",\"url\":\"https:\/\/portalmf.com.br\/wp-content\/uploads\/2023\/01\/McDonalds-em-Feira-de-Santana.jpg\",\"contentUrl\":\"https:\/\/portalmf.com.br\/wp-content\/uploads\/2023\/01\/McDonalds-em-Feira-de-Santana.jpg\",\"width\":602,\"height\":451},{\"@type\":\"BreadcrumbList\",\"@id\":\"https:\/\/portalmf.com.br\/index.php\/2023\/01\/19\/mcdonalds-em-feira-de-santana-celebra-10-anos-com-reinauguracao-e-novidades\/#breadcrumb\",\"itemListElement\":[{\"@type\":\"ListItem\",\"position\":1,\"name\":\"In\u00edcio\",\"item\":\"https:\/\/portalmf.com.br\/\"},{\"@type\":\"ListItem\",\"position\":2,\"name\":\"McDonald&#8217;s em Feira de Santana celebra 10 anos com reinaugura\u00e7\u00e3o e novidades\u00a0\"}]},{\"@type\":\"WebSite\",\"@id\":\"https:\/\/portalmf.com.br\/#website\",\"url\":\"https:\/\/portalmf.com.br\/\",\"name\":\"Portal MF\",\"description\":\"Voc\u00ea conectado com a informa\u00e7\u00e3o\",\"potentialAction\":[{\"@type\":\"SearchAction\",\"target\":{\"@type\":\"EntryPoint\",\"urlTemplate\":\"https:\/\/portalmf.com.br\/?s={search_term_string}\"},\"query-input\":\"required name=search_term_string\"}],\"inLanguage\":\"pt-BR\"},{\"@type\":\"Person\",\"@id\":\"https:\/\/portalmf.com.br\/#\/schema\/person\/9ec101baf56233e53520c26de5d6f6f0\",\"name\":\"Reda\u00e7\u00e3o Portal MF\",\"image\":{\"@type\":\"ImageObject\",\"inLanguage\":\"pt-BR\",\"@id\":\"https:\/\/portalmf.com.br\/#\/schema\/person\/image\/\",\"url\":\"https:\/\/secure.gravatar.com\/avatar\/41b9aaeb2100835f7c64362330f74c7f?s=96&d=mm&r=g\",\"contentUrl\":\"https:\/\/secure.gravatar.com\/avatar\/41b9aaeb2100835f7c64362330f74c7f?s=96&d=mm&r=g\",\"caption\":\"Reda\u00e7\u00e3o Portal MF\"},\"description\":\"Sejam bem-vindos o portal de informa\u00e7\u00f5es de entretenimento de Feira de Santana, desde 2006 realiza coberturas dos principais eventos com entrevistas exclusivas com as principais personalidades mundiais. Fique conectado tamb\u00e9m nas redes sociais.\",\"sameAs\":[\"http:\/\/www.portalmf.com.br\/\",\"https:\/\/www.facebook.com\/portalmfoficial\",\"https:\/\/www.instagram.com\/portalmf\/\",\"https:\/\/x.com\/https:\/\/x.com\/portalmfoficial\",\"https:\/\/www.youtube.com\/@portalmfoficial\"],\"url\":\"https:\/\/portalmf.com.br\/index.php\/author\/junior\/\"}]}<\/script>\n<!-- \/ Yoast SEO plugin. -->","yoast_head_json":{"title":"McDonald's em Feira de Santana celebra 10 anos com reinaugura\u00e7\u00e3o e novidades\u00a0 - Portal MF","robots":{"index":"index","follow":"follow","max-snippet":"max-snippet:-1","max-image-preview":"max-image-preview:large","max-video-preview":"max-video-preview:-1"},"canonical":"https:\/\/portalmf.com.br\/index.php\/2023\/01\/19\/mcdonalds-em-feira-de-santana-celebra-10-anos-com-reinauguracao-e-novidades\/","og_locale":"pt_BR","og_type":"article","og_title":"McDonald's em Feira de Santana celebra 10 anos com reinaugura\u00e7\u00e3o e novidades\u00a0 - Portal MF","og_description":"O McDonald&#8217;s reinaugura nessa quarta-feira (18), sua unidade na Avenida Get\u00falio Vargas, em Feira de Santana. O restaurante, que completa 10 anos neste m\u00eas, est\u00e1 completamente repaginado e alinhado ao novo conceito de decora\u00e7\u00e3o das unidades da rede.&nbsp; Com arquitetura moderna e design inovador, aliando conveni\u00eancia e interatividade para o cliente, o restaurante agora possui [&hellip;]","og_url":"https:\/\/portalmf.com.br\/index.php\/2023\/01\/19\/mcdonalds-em-feira-de-santana-celebra-10-anos-com-reinauguracao-e-novidades\/","og_site_name":"Portal MF","article_author":"https:\/\/www.facebook.com\/portalmfoficial","article_published_time":"2023-01-19T19:23:24+00:00","article_modified_time":"2023-01-19T19:23:25+00:00","og_image":[{"width":602,"height":451,"url":"https:\/\/portalmf.com.br\/wp-content\/uploads\/2023\/01\/McDonalds-em-Feira-de-Santana.jpg","type":"image\/jpeg"}],"author":"Reda\u00e7\u00e3o Portal MF","twitter_card":"summary_large_image","twitter_creator":"@https:\/\/x.com\/portalmfoficial","twitter_misc":{"Escrito por":"Reda\u00e7\u00e3o Portal MF","Est. tempo de leitura":"3 minutos"},"schema":{"@context":"https:\/\/schema.org","@graph":[{"@type":"WebPage","@id":"https:\/\/portalmf.com.br\/index.php\/2023\/01\/19\/mcdonalds-em-feira-de-santana-celebra-10-anos-com-reinauguracao-e-novidades\/","url":"https:\/\/portalmf.com.br\/index.php\/2023\/01\/19\/mcdonalds-em-feira-de-santana-celebra-10-anos-com-reinauguracao-e-novidades\/","name":"McDonald's em Feira de Santana celebra 10 anos com reinaugura\u00e7\u00e3o e novidades\u00a0 - Portal MF","isPartOf":{"@id":"https:\/\/portalmf.com.br\/#website"},"primaryImageOfPage":{"@id":"https:\/\/portalmf.com.br\/index.php\/2023\/01\/19\/mcdonalds-em-feira-de-santana-celebra-10-anos-com-reinauguracao-e-novidades\/#primaryimage"},"image":{"@id":"https:\/\/portalmf.com.br\/index.php\/2023\/01\/19\/mcdonalds-em-feira-de-santana-celebra-10-anos-com-reinauguracao-e-novidades\/#primaryimage"},"thumbnailUrl":"https:\/\/portalmf.com.br\/wp-content\/uploads\/2023\/01\/McDonalds-em-Feira-de-Santana.jpg","datePublished":"2023-01-19T19:23:24+00:00","dateModified":"2023-01-19T19:23:25+00:00","author":{"@id":"https:\/\/portalmf.com.br\/#\/schema\/person\/9ec101baf56233e53520c26de5d6f6f0"},"breadcrumb":{"@id":"https:\/\/portalmf.com.br\/index.php\/2023\/01\/19\/mcdonalds-em-feira-de-santana-celebra-10-anos-com-reinauguracao-e-novidades\/#breadcrumb"},"inLanguage":"pt-BR","potentialAction":[{"@type":"ReadAction","target":["https:\/\/portalmf.com.br\/index.php\/2023\/01\/19\/mcdonalds-em-feira-de-santana-celebra-10-anos-com-reinauguracao-e-novidades\/"]}]},{"@type":"ImageObject","inLanguage":"pt-BR","@id":"https:\/\/portalmf.com.br\/index.php\/2023\/01\/19\/mcdonalds-em-feira-de-santana-celebra-10-anos-com-reinauguracao-e-novidades\/#primaryimage","url":"https:\/\/portalmf.com.br\/wp-content\/uploads\/2023\/01\/McDonalds-em-Feira-de-Santana.jpg","contentUrl":"https:\/\/portalmf.com.br\/wp-content\/uploads\/2023\/01\/McDonalds-em-Feira-de-Santana.jpg","width":602,"height":451},{"@type":"BreadcrumbList","@id":"https:\/\/portalmf.com.br\/index.php\/2023\/01\/19\/mcdonalds-em-feira-de-santana-celebra-10-anos-com-reinauguracao-e-novidades\/#breadcrumb","itemListElement":[{"@type":"ListItem","position":1,"name":"In\u00edcio","item":"https:\/\/portalmf.com.br\/"},{"@type":"ListItem","position":2,"name":"McDonald&#8217;s em Feira de Santana celebra 10 anos com reinaugura\u00e7\u00e3o e novidades\u00a0"}]},{"@type":"WebSite","@id":"https:\/\/portalmf.com.br\/#website","url":"https:\/\/portalmf.com.br\/","name":"Portal MF","description":"Voc\u00ea conectado com a informa\u00e7\u00e3o","potentialAction":[{"@type":"SearchAction","target":{"@type":"EntryPoint","urlTemplate":"https:\/\/portalmf.com.br\/?s={search_term_string}"},"query-input":"required name=search_term_string"}],"inLanguage":"pt-BR"},{"@type":"Person","@id":"https:\/\/portalmf.com.br\/#\/schema\/person\/9ec101baf56233e53520c26de5d6f6f0","name":"Reda\u00e7\u00e3o Portal MF","image":{"@type":"ImageObject","inLanguage":"pt-BR","@id":"https:\/\/portalmf.com.br\/#\/schema\/person\/image\/","url":"https:\/\/secure.gravatar.com\/avatar\/41b9aaeb2100835f7c64362330f74c7f?s=96&d=mm&r=g","contentUrl":"https:\/\/secure.gravatar.com\/avatar\/41b9aaeb2100835f7c64362330f74c7f?s=96&d=mm&r=g","caption":"Reda\u00e7\u00e3o Portal MF"},"description":"Sejam bem-vindos o portal de informa\u00e7\u00f5es de entretenimento de Feira de Santana, desde 2006 realiza coberturas dos principais eventos com entrevistas exclusivas com as principais personalidades mundiais. Fique conectado tamb\u00e9m nas redes sociais.","sameAs":["http:\/\/www.portalmf.com.br\/","https:\/\/www.facebook.com\/portalmfoficial","https:\/\/www.instagram.com\/portalmf\/","https:\/\/x.com\/https:\/\/x.com\/portalmfoficial","https:\/\/www.youtube.com\/@portalmfoficial"],"url":"https:\/\/portalmf.com.br\/index.php\/author\/junior\/"}]}},"_links":{"self":[{"href":"https:\/\/portalmf.com.br\/index.php\/wp-json\/wp\/v2\/posts\/8103"}],"collection":[{"href":"https:\/\/portalmf.com.br\/index.php\/wp-json\/wp\/v2\/posts"}],"about":[{"href":"https:\/\/portalmf.com.br\/index.php\/wp-json\/wp\/v2\/types\/post"}],"author":[{"embeddable":true,"href":"https:\/\/portalmf.com.br\/index.php\/wp-json\/wp\/v2\/users\/3"}],"replies":[{"embeddable":true,"href":"https:\/\/portalmf.com.br\/index.php\/wp-json\/wp\/v2\/comments?post=8103"}],"version-history":[{"count":1,"href":"https:\/\/portalmf.com.br\/index.php\/wp-json\/wp\/v2\/posts\/8103\/revisions"}],"predecessor-version":[{"id":8105,"href":"https:\/\/portalmf.com.br\/index.php\/wp-json\/wp\/v2\/posts\/8103\/revisions\/8105"}],"wp:featuredmedia":[{"embeddable":true,"href":"https:\/\/portalmf.com.br\/index.php\/wp-json\/wp\/v2\/media\/8104"}],"wp:attachment":[{"href":"https:\/\/portalmf.com.br\/index.php\/wp-json\/wp\/v2\/media?parent=8103"}],"wp:term":[{"taxonomy":"category","embeddable":true,"href":"https:\/\/portalmf.com.br\/index.php\/wp-json\/wp\/v2\/categories?post=8103"},{"taxonomy":"post_tag","embeddable":true,"href":"https:\/\/portalmf.com.br\/index.php\/wp-json\/wp\/v2\/tags?post=8103"}],"curies":[{"name":"wp","href":"https:\/\/api.w.org\/{rel}","templated":true}]}}