{"id":8091,"date":"2023-01-19T14:47:24","date_gmt":"2023-01-19T17:47:24","guid":{"rendered":"https:\/\/portalmf.com.br\/?p=8091"},"modified":"2023-01-19T14:47:34","modified_gmt":"2023-01-19T17:47:34","slug":"mercado-de-trabalho-para-pessoas-com-deficiencia-o-que-diz-a-lei","status":"publish","type":"post","link":"https:\/\/portalmf.com.br\/index.php\/2023\/01\/19\/mercado-de-trabalho-para-pessoas-com-deficiencia-o-que-diz-a-lei\/","title":{"rendered":"Mercado de trabalho para pessoas com defici\u00eancia: o que diz a lei"},"content":{"rendered":"\n<p>Criada h\u00e1 tr\u00eas d\u00e9cadas para assegurar a inclus\u00e3o no mercado de trabalho brasileiro, a Lei de Cotas tem dado oportunidades a pessoas com defici\u00eancia, mas ainda enfrenta desafios para ser amplamente cumprida.<\/p>\n\n\n\n<p>A lei estipula o percentual de contrata\u00e7\u00e3o de pessoas com defici\u00eancia tomando como base a quantidade de funcion\u00e1rios.<\/p>\n\n\n\n<p><em>\u201cConforme a legisla\u00e7\u00e3o, a porcentagem de vagas reservadas para PCDs varia de acordo com o n\u00famero total de empregados da empresa. Para as empresas que possuem a partir de 100 at\u00e9 200 empregados, a reserva legal \u00e9 de 2%; de 201 a 500, de 3%; de 501 a 1.000, de 4%. As empresas que possuem a partir de 1.001 empregados devem reservar 5% das vagas para PCDs<\/em>\u201d, declara a advogada especialista em direito trabalhista e previdenci\u00e1rio, Ana Maria Cunha.<\/p>\n\n\n<div class=\"wp-block-image\">\n<figure class=\"alignleft size-large is-resized\"><img fetchpriority=\"high\" decoding=\"async\" src=\"https:\/\/portalmf.com.br\/wp-content\/uploads\/2023\/01\/especialista-em-direito-trabalhista-e-previdenciario-Ana-Maria-Cunha.-1-1024x725.jpeg\" alt=\"\" class=\"wp-image-8094\" width=\"354\" height=\"250\" srcset=\"https:\/\/portalmf.com.br\/wp-content\/uploads\/2023\/01\/especialista-em-direito-trabalhista-e-previdenciario-Ana-Maria-Cunha.-1-1024x725.jpeg 1024w, https:\/\/portalmf.com.br\/wp-content\/uploads\/2023\/01\/especialista-em-direito-trabalhista-e-previdenciario-Ana-Maria-Cunha.-1-300x212.jpeg 300w, https:\/\/portalmf.com.br\/wp-content\/uploads\/2023\/01\/especialista-em-direito-trabalhista-e-previdenciario-Ana-Maria-Cunha.-1-768x544.jpeg 768w, https:\/\/portalmf.com.br\/wp-content\/uploads\/2023\/01\/especialista-em-direito-trabalhista-e-previdenciario-Ana-Maria-Cunha.-1-585x414.jpeg 585w, https:\/\/portalmf.com.br\/wp-content\/uploads\/2023\/01\/especialista-em-direito-trabalhista-e-previdenciario-Ana-Maria-Cunha.-1.jpeg 1066w\" sizes=\"(max-width: 354px) 100vw, 354px\" \/><\/figure><\/div>\n\n\n<p>O direito est\u00e1 previsto no artigo 93 da Lei 8.213\/91, que definiu os benef\u00edcios da Previd\u00eancia Social. A multa para o descumprimento pode chegar a mais de R$200 mil.<\/p>\n\n\n\n<p><em>\u201cDe acordo com a Lei de Cotas para PCDs, as empresas devem promover a inclus\u00e3o de pessoas com defici\u00eancia no mercado de trabalho, abrindo e reservando vagas para empreg\u00e1-las. Caso uma empresa que se enquadre na Lei n\u00e3o a cumpra e seja fiscalizada, a pena pelo descumprimento \u00e9 uma multa, que varia de acordo com o grau da infra\u00e7\u00e3o e o faturamento da empresa\u201d, a<\/em>crescenta a advogada.<\/p>\n\n\n\n<p>No \u00faltimo Censo Demogr\u00e1fico, de 2010, 45,6 milh\u00f5es de pessoas declararam ter pelo menos um tipo de defici\u00eancia, seja do tipo visual, auditiva, motora ou mental\/intelectual, representando 23,9% da popula\u00e7\u00e3o brasileira \u2013 25,8 milh\u00f5es s\u00e3o mulheres e 19,8 milh\u00f5es s\u00e3o homens.<\/p>\n\n\n\n<p><em>\u201c\u00c9 claro que ainda h\u00e1 um longo caminho a ser percorrido para incluir de fato as pessoas com defici\u00eancia no mercado de trabalho, mas a Lei de Cotas foi fundamental para minimizar a discrimina\u00e7\u00e3o e alertar sobre a import\u00e2ncia da inclus\u00e3o.Por isso justifica-se a import\u00e2ncia das empresas entenderem bem a lei para que a cota seja aplicada de maneira ben\u00e9fica tanto para o empregado quanto para a empresa. A boa aplica\u00e7\u00e3o da cota de PCDs ocorre somente quando a empresa entende a Lei de Cotas e a aplica de forma \u00e9tica e n\u00e3o discriminat\u00f3ria. Quando bem efetuada, torna-se um benef\u00edcio inestim\u00e1vel para ambas as partes, empregado e empregador<\/em>\u201d, conclui Dra Ana Maria Cunha.<\/p>\n","protected":false},"excerpt":{"rendered":"<p>Criada h\u00e1 tr\u00eas d\u00e9cadas para assegurar a inclus\u00e3o no mercado de trabalho brasileiro, a Lei de Cotas tem dado oportunidades a pessoas com defici\u00eancia, mas ainda enfrenta desafios para ser amplamente cumprida. A lei estipula o percentual de contrata\u00e7\u00e3o de pessoas com defici\u00eancia tomando como base a quantidade de funcion\u00e1rios. \u201cConforme a legisla\u00e7\u00e3o, a porcentagem [&hellip;]<\/p>\n","protected":false},"author":3,"featured_media":8093,"comment_status":"open","ping_status":"open","sticky":false,"template":"","format":"standard","meta":{"_monsterinsights_skip_tracking":false,"_monsterinsights_sitenote_active":false,"_monsterinsights_sitenote_note":"","_monsterinsights_sitenote_category":0,"footnotes":""},"categories":[34],"tags":[],"yoast_head":"<!-- This site is optimized with the Yoast SEO plugin v22.9 - https:\/\/yoast.com\/wordpress\/plugins\/seo\/ -->\n<title>Mercado de trabalho para pessoas com defici\u00eancia: o que diz a lei - Portal MF<\/title>\n<meta name=\"robots\" content=\"index, follow, max-snippet:-1, max-image-preview:large, max-video-preview:-1\" \/>\n<link rel=\"canonical\" href=\"https:\/\/portalmf.com.br\/index.php\/2023\/01\/19\/mercado-de-trabalho-para-pessoas-com-deficiencia-o-que-diz-a-lei\/\" \/>\n<meta property=\"og:locale\" content=\"pt_BR\" \/>\n<meta property=\"og:type\" content=\"article\" \/>\n<meta property=\"og:title\" content=\"Mercado de trabalho para pessoas com defici\u00eancia: o que diz a lei - Portal MF\" \/>\n<meta property=\"og:description\" content=\"Criada h\u00e1 tr\u00eas d\u00e9cadas para assegurar a inclus\u00e3o no mercado de trabalho brasileiro, a Lei de Cotas tem dado oportunidades a pessoas com defici\u00eancia, mas ainda enfrenta desafios para ser amplamente cumprida. A lei estipula o percentual de contrata\u00e7\u00e3o de pessoas com defici\u00eancia tomando como base a quantidade de funcion\u00e1rios. \u201cConforme a legisla\u00e7\u00e3o, a porcentagem [&hellip;]\" \/>\n<meta property=\"og:url\" content=\"https:\/\/portalmf.com.br\/index.php\/2023\/01\/19\/mercado-de-trabalho-para-pessoas-com-deficiencia-o-que-diz-a-lei\/\" \/>\n<meta property=\"og:site_name\" content=\"Portal MF\" \/>\n<meta property=\"article:author\" content=\"https:\/\/www.facebook.com\/portalmfoficial\" \/>\n<meta property=\"article:published_time\" content=\"2023-01-19T17:47:24+00:00\" \/>\n<meta property=\"article:modified_time\" content=\"2023-01-19T17:47:34+00:00\" \/>\n<meta property=\"og:image\" content=\"https:\/\/portalmf.com.br\/wp-content\/uploads\/2023\/01\/original-bf3fe542117f59183d1de0440f6db0e3.jpg\" \/>\n\t<meta property=\"og:image:width\" content=\"2000\" \/>\n\t<meta property=\"og:image:height\" content=\"1333\" \/>\n\t<meta property=\"og:image:type\" content=\"image\/jpeg\" \/>\n<meta name=\"author\" content=\"Reda\u00e7\u00e3o Portal MF\" \/>\n<meta name=\"twitter:card\" content=\"summary_large_image\" \/>\n<meta name=\"twitter:creator\" content=\"@https:\/\/x.com\/portalmfoficial\" \/>\n<meta name=\"twitter:label1\" content=\"Escrito por\" \/>\n\t<meta name=\"twitter:data1\" content=\"Reda\u00e7\u00e3o Portal MF\" \/>\n\t<meta name=\"twitter:label2\" content=\"Est. tempo de leitura\" \/>\n\t<meta name=\"twitter:data2\" content=\"3 minutos\" \/>\n<script type=\"application\/ld+json\" class=\"yoast-schema-graph\">{\"@context\":\"https:\/\/schema.org\",\"@graph\":[{\"@type\":\"WebPage\",\"@id\":\"https:\/\/portalmf.com.br\/index.php\/2023\/01\/19\/mercado-de-trabalho-para-pessoas-com-deficiencia-o-que-diz-a-lei\/\",\"url\":\"https:\/\/portalmf.com.br\/index.php\/2023\/01\/19\/mercado-de-trabalho-para-pessoas-com-deficiencia-o-que-diz-a-lei\/\",\"name\":\"Mercado de trabalho para pessoas com defici\u00eancia: o que diz a lei - Portal MF\",\"isPartOf\":{\"@id\":\"https:\/\/portalmf.com.br\/#website\"},\"primaryImageOfPage\":{\"@id\":\"https:\/\/portalmf.com.br\/index.php\/2023\/01\/19\/mercado-de-trabalho-para-pessoas-com-deficiencia-o-que-diz-a-lei\/#primaryimage\"},\"image\":{\"@id\":\"https:\/\/portalmf.com.br\/index.php\/2023\/01\/19\/mercado-de-trabalho-para-pessoas-com-deficiencia-o-que-diz-a-lei\/#primaryimage\"},\"thumbnailUrl\":\"https:\/\/portalmf.com.br\/wp-content\/uploads\/2023\/01\/original-bf3fe542117f59183d1de0440f6db0e3.jpg\",\"datePublished\":\"2023-01-19T17:47:24+00:00\",\"dateModified\":\"2023-01-19T17:47:34+00:00\",\"author\":{\"@id\":\"https:\/\/portalmf.com.br\/#\/schema\/person\/9ec101baf56233e53520c26de5d6f6f0\"},\"breadcrumb\":{\"@id\":\"https:\/\/portalmf.com.br\/index.php\/2023\/01\/19\/mercado-de-trabalho-para-pessoas-com-deficiencia-o-que-diz-a-lei\/#breadcrumb\"},\"inLanguage\":\"pt-BR\",\"potentialAction\":[{\"@type\":\"ReadAction\",\"target\":[\"https:\/\/portalmf.com.br\/index.php\/2023\/01\/19\/mercado-de-trabalho-para-pessoas-com-deficiencia-o-que-diz-a-lei\/\"]}]},{\"@type\":\"ImageObject\",\"inLanguage\":\"pt-BR\",\"@id\":\"https:\/\/portalmf.com.br\/index.php\/2023\/01\/19\/mercado-de-trabalho-para-pessoas-com-deficiencia-o-que-diz-a-lei\/#primaryimage\",\"url\":\"https:\/\/portalmf.com.br\/wp-content\/uploads\/2023\/01\/original-bf3fe542117f59183d1de0440f6db0e3.jpg\",\"contentUrl\":\"https:\/\/portalmf.com.br\/wp-content\/uploads\/2023\/01\/original-bf3fe542117f59183d1de0440f6db0e3.jpg\",\"width\":2000,\"height\":1333},{\"@type\":\"BreadcrumbList\",\"@id\":\"https:\/\/portalmf.com.br\/index.php\/2023\/01\/19\/mercado-de-trabalho-para-pessoas-com-deficiencia-o-que-diz-a-lei\/#breadcrumb\",\"itemListElement\":[{\"@type\":\"ListItem\",\"position\":1,\"name\":\"In\u00edcio\",\"item\":\"https:\/\/portalmf.com.br\/\"},{\"@type\":\"ListItem\",\"position\":2,\"name\":\"Mercado de trabalho para pessoas com defici\u00eancia: o que diz a lei\"}]},{\"@type\":\"WebSite\",\"@id\":\"https:\/\/portalmf.com.br\/#website\",\"url\":\"https:\/\/portalmf.com.br\/\",\"name\":\"Portal MF\",\"description\":\"Voc\u00ea conectado com a informa\u00e7\u00e3o\",\"potentialAction\":[{\"@type\":\"SearchAction\",\"target\":{\"@type\":\"EntryPoint\",\"urlTemplate\":\"https:\/\/portalmf.com.br\/?s={search_term_string}\"},\"query-input\":\"required name=search_term_string\"}],\"inLanguage\":\"pt-BR\"},{\"@type\":\"Person\",\"@id\":\"https:\/\/portalmf.com.br\/#\/schema\/person\/9ec101baf56233e53520c26de5d6f6f0\",\"name\":\"Reda\u00e7\u00e3o Portal MF\",\"image\":{\"@type\":\"ImageObject\",\"inLanguage\":\"pt-BR\",\"@id\":\"https:\/\/portalmf.com.br\/#\/schema\/person\/image\/\",\"url\":\"https:\/\/secure.gravatar.com\/avatar\/41b9aaeb2100835f7c64362330f74c7f?s=96&d=mm&r=g\",\"contentUrl\":\"https:\/\/secure.gravatar.com\/avatar\/41b9aaeb2100835f7c64362330f74c7f?s=96&d=mm&r=g\",\"caption\":\"Reda\u00e7\u00e3o Portal MF\"},\"description\":\"Sejam bem-vindos o portal de informa\u00e7\u00f5es de entretenimento de Feira de Santana, desde 2006 realiza coberturas dos principais eventos com entrevistas exclusivas com as principais personalidades mundiais. Fique conectado tamb\u00e9m nas redes sociais.\",\"sameAs\":[\"http:\/\/www.portalmf.com.br\/\",\"https:\/\/www.facebook.com\/portalmfoficial\",\"https:\/\/www.instagram.com\/portalmf\/\",\"https:\/\/x.com\/https:\/\/x.com\/portalmfoficial\",\"https:\/\/www.youtube.com\/@portalmfoficial\"],\"url\":\"https:\/\/portalmf.com.br\/index.php\/author\/junior\/\"}]}<\/script>\n<!-- \/ Yoast SEO plugin. -->","yoast_head_json":{"title":"Mercado de trabalho para pessoas com defici\u00eancia: o que diz a lei - Portal MF","robots":{"index":"index","follow":"follow","max-snippet":"max-snippet:-1","max-image-preview":"max-image-preview:large","max-video-preview":"max-video-preview:-1"},"canonical":"https:\/\/portalmf.com.br\/index.php\/2023\/01\/19\/mercado-de-trabalho-para-pessoas-com-deficiencia-o-que-diz-a-lei\/","og_locale":"pt_BR","og_type":"article","og_title":"Mercado de trabalho para pessoas com defici\u00eancia: o que diz a lei - Portal MF","og_description":"Criada h\u00e1 tr\u00eas d\u00e9cadas para assegurar a inclus\u00e3o no mercado de trabalho brasileiro, a Lei de Cotas tem dado oportunidades a pessoas com defici\u00eancia, mas ainda enfrenta desafios para ser amplamente cumprida. A lei estipula o percentual de contrata\u00e7\u00e3o de pessoas com defici\u00eancia tomando como base a quantidade de funcion\u00e1rios. \u201cConforme a legisla\u00e7\u00e3o, a porcentagem [&hellip;]","og_url":"https:\/\/portalmf.com.br\/index.php\/2023\/01\/19\/mercado-de-trabalho-para-pessoas-com-deficiencia-o-que-diz-a-lei\/","og_site_name":"Portal MF","article_author":"https:\/\/www.facebook.com\/portalmfoficial","article_published_time":"2023-01-19T17:47:24+00:00","article_modified_time":"2023-01-19T17:47:34+00:00","og_image":[{"width":2000,"height":1333,"url":"https:\/\/portalmf.com.br\/wp-content\/uploads\/2023\/01\/original-bf3fe542117f59183d1de0440f6db0e3.jpg","type":"image\/jpeg"}],"author":"Reda\u00e7\u00e3o Portal MF","twitter_card":"summary_large_image","twitter_creator":"@https:\/\/x.com\/portalmfoficial","twitter_misc":{"Escrito por":"Reda\u00e7\u00e3o Portal MF","Est. tempo de leitura":"3 minutos"},"schema":{"@context":"https:\/\/schema.org","@graph":[{"@type":"WebPage","@id":"https:\/\/portalmf.com.br\/index.php\/2023\/01\/19\/mercado-de-trabalho-para-pessoas-com-deficiencia-o-que-diz-a-lei\/","url":"https:\/\/portalmf.com.br\/index.php\/2023\/01\/19\/mercado-de-trabalho-para-pessoas-com-deficiencia-o-que-diz-a-lei\/","name":"Mercado de trabalho para pessoas com defici\u00eancia: o que diz a lei - Portal MF","isPartOf":{"@id":"https:\/\/portalmf.com.br\/#website"},"primaryImageOfPage":{"@id":"https:\/\/portalmf.com.br\/index.php\/2023\/01\/19\/mercado-de-trabalho-para-pessoas-com-deficiencia-o-que-diz-a-lei\/#primaryimage"},"image":{"@id":"https:\/\/portalmf.com.br\/index.php\/2023\/01\/19\/mercado-de-trabalho-para-pessoas-com-deficiencia-o-que-diz-a-lei\/#primaryimage"},"thumbnailUrl":"https:\/\/portalmf.com.br\/wp-content\/uploads\/2023\/01\/original-bf3fe542117f59183d1de0440f6db0e3.jpg","datePublished":"2023-01-19T17:47:24+00:00","dateModified":"2023-01-19T17:47:34+00:00","author":{"@id":"https:\/\/portalmf.com.br\/#\/schema\/person\/9ec101baf56233e53520c26de5d6f6f0"},"breadcrumb":{"@id":"https:\/\/portalmf.com.br\/index.php\/2023\/01\/19\/mercado-de-trabalho-para-pessoas-com-deficiencia-o-que-diz-a-lei\/#breadcrumb"},"inLanguage":"pt-BR","potentialAction":[{"@type":"ReadAction","target":["https:\/\/portalmf.com.br\/index.php\/2023\/01\/19\/mercado-de-trabalho-para-pessoas-com-deficiencia-o-que-diz-a-lei\/"]}]},{"@type":"ImageObject","inLanguage":"pt-BR","@id":"https:\/\/portalmf.com.br\/index.php\/2023\/01\/19\/mercado-de-trabalho-para-pessoas-com-deficiencia-o-que-diz-a-lei\/#primaryimage","url":"https:\/\/portalmf.com.br\/wp-content\/uploads\/2023\/01\/original-bf3fe542117f59183d1de0440f6db0e3.jpg","contentUrl":"https:\/\/portalmf.com.br\/wp-content\/uploads\/2023\/01\/original-bf3fe542117f59183d1de0440f6db0e3.jpg","width":2000,"height":1333},{"@type":"BreadcrumbList","@id":"https:\/\/portalmf.com.br\/index.php\/2023\/01\/19\/mercado-de-trabalho-para-pessoas-com-deficiencia-o-que-diz-a-lei\/#breadcrumb","itemListElement":[{"@type":"ListItem","position":1,"name":"In\u00edcio","item":"https:\/\/portalmf.com.br\/"},{"@type":"ListItem","position":2,"name":"Mercado de trabalho para pessoas com defici\u00eancia: o que diz a lei"}]},{"@type":"WebSite","@id":"https:\/\/portalmf.com.br\/#website","url":"https:\/\/portalmf.com.br\/","name":"Portal MF","description":"Voc\u00ea conectado com a informa\u00e7\u00e3o","potentialAction":[{"@type":"SearchAction","target":{"@type":"EntryPoint","urlTemplate":"https:\/\/portalmf.com.br\/?s={search_term_string}"},"query-input":"required name=search_term_string"}],"inLanguage":"pt-BR"},{"@type":"Person","@id":"https:\/\/portalmf.com.br\/#\/schema\/person\/9ec101baf56233e53520c26de5d6f6f0","name":"Reda\u00e7\u00e3o Portal MF","image":{"@type":"ImageObject","inLanguage":"pt-BR","@id":"https:\/\/portalmf.com.br\/#\/schema\/person\/image\/","url":"https:\/\/secure.gravatar.com\/avatar\/41b9aaeb2100835f7c64362330f74c7f?s=96&d=mm&r=g","contentUrl":"https:\/\/secure.gravatar.com\/avatar\/41b9aaeb2100835f7c64362330f74c7f?s=96&d=mm&r=g","caption":"Reda\u00e7\u00e3o Portal MF"},"description":"Sejam bem-vindos o portal de informa\u00e7\u00f5es de entretenimento de Feira de Santana, desde 2006 realiza coberturas dos principais eventos com entrevistas exclusivas com as principais personalidades mundiais. Fique conectado tamb\u00e9m nas redes sociais.","sameAs":["http:\/\/www.portalmf.com.br\/","https:\/\/www.facebook.com\/portalmfoficial","https:\/\/www.instagram.com\/portalmf\/","https:\/\/x.com\/https:\/\/x.com\/portalmfoficial","https:\/\/www.youtube.com\/@portalmfoficial"],"url":"https:\/\/portalmf.com.br\/index.php\/author\/junior\/"}]}},"_links":{"self":[{"href":"https:\/\/portalmf.com.br\/index.php\/wp-json\/wp\/v2\/posts\/8091"}],"collection":[{"href":"https:\/\/portalmf.com.br\/index.php\/wp-json\/wp\/v2\/posts"}],"about":[{"href":"https:\/\/portalmf.com.br\/index.php\/wp-json\/wp\/v2\/types\/post"}],"author":[{"embeddable":true,"href":"https:\/\/portalmf.com.br\/index.php\/wp-json\/wp\/v2\/users\/3"}],"replies":[{"embeddable":true,"href":"https:\/\/portalmf.com.br\/index.php\/wp-json\/wp\/v2\/comments?post=8091"}],"version-history":[{"count":1,"href":"https:\/\/portalmf.com.br\/index.php\/wp-json\/wp\/v2\/posts\/8091\/revisions"}],"predecessor-version":[{"id":8095,"href":"https:\/\/portalmf.com.br\/index.php\/wp-json\/wp\/v2\/posts\/8091\/revisions\/8095"}],"wp:featuredmedia":[{"embeddable":true,"href":"https:\/\/portalmf.com.br\/index.php\/wp-json\/wp\/v2\/media\/8093"}],"wp:attachment":[{"href":"https:\/\/portalmf.com.br\/index.php\/wp-json\/wp\/v2\/media?parent=8091"}],"wp:term":[{"taxonomy":"category","embeddable":true,"href":"https:\/\/portalmf.com.br\/index.php\/wp-json\/wp\/v2\/categories?post=8091"},{"taxonomy":"post_tag","embeddable":true,"href":"https:\/\/portalmf.com.br\/index.php\/wp-json\/wp\/v2\/tags?post=8091"}],"curies":[{"name":"wp","href":"https:\/\/api.w.org\/{rel}","templated":true}]}}