{"id":8083,"date":"2023-01-18T13:02:00","date_gmt":"2023-01-18T16:02:00","guid":{"rendered":"https:\/\/portalmf.com.br\/?p=8083"},"modified":"2023-01-19T17:51:02","modified_gmt":"2023-01-19T20:51:02","slug":"empresa-de-gusttavo-lima-justifica-cancelamento-de-bloco-no-carnaval-de-salvador","status":"publish","type":"post","link":"https:\/\/portalmf.com.br\/index.php\/2023\/01\/18\/empresa-de-gusttavo-lima-justifica-cancelamento-de-bloco-no-carnaval-de-salvador\/","title":{"rendered":"Empresa de Gusttavo Lima justifica cancelamento de bloco no Carnaval de Salvador"},"content":{"rendered":"\n<p>A empresa Balada Music, respons\u00e1vel pela carreira do cantor Gusttavo Lima, divulgou uma nota justificando o cancelamento do Bloco do Embaixador, trio que seria puxado pelo sertanejo no Carnaval de Salvador em 2023.<\/p>\n\n\n\n<p>Horas ap\u00f3s a not\u00edcia ganhar as redes sociais, com confirma\u00e7\u00e3o da assessoria do bloco, a empresa informou o motivo que gerou o adiamento da apresenta\u00e7\u00e3o para 2024.<\/p>\n\n\n\n<p>De acordo com a Balada Music, o desfile foi cancelado por quest\u00f5es t\u00e9cnicas e por sobercarga na agenda do artista. O bloco foi anunciado em outubro de 2022.<\/p>\n\n\n\n<p>\u201cO cantor j\u00e1 tinha duas apresenta\u00e7\u00f5es previamente agendadas para o domingo de Carnaval 2023 (v\u00e9spera do bloco) na cidade de Recife (PE), que j\u00e1 estavam marcadas no per\u00edodo da pandemia e foram reagendadas para o dia 19\/02 \u2013 n\u00e3o sendo poss\u00edvel uma nova mudan\u00e7a de data.\u201d<\/p>\n\n\n\n<figure class=\"wp-block-image size-large\"><img fetchpriority=\"high\" decoding=\"async\" width=\"686\" height=\"1024\" src=\"https:\/\/portalmf.com.br\/wp-content\/uploads\/2023\/01\/image-2-686x1024.png\" alt=\"\" class=\"wp-image-8084\" srcset=\"https:\/\/portalmf.com.br\/wp-content\/uploads\/2023\/01\/image-2-686x1024.png 686w, https:\/\/portalmf.com.br\/wp-content\/uploads\/2023\/01\/image-2-201x300.png 201w, https:\/\/portalmf.com.br\/wp-content\/uploads\/2023\/01\/image-2-585x873.png 585w, https:\/\/portalmf.com.br\/wp-content\/uploads\/2023\/01\/image-2.png 724w\" sizes=\"(max-width: 686px) 100vw, 686px\" \/><\/figure>\n\n\n\n<p>A empresa afirma que foi priorizada a sa\u00fade e o desgaste que o artista teria na maratona de eventos durante o per\u00edodo da folia.<\/p>\n\n\n\n<p>\u201cPara conseguir dar conta da maratona carnavalesca (que contempla outros shows), respeitando o descanso e a sa\u00fade do artista e de sua equipe, optamos por suspender a apresenta\u00e7\u00e3o do Bloco em 2023, que exigiria mais de oito horas em cima do trio.\u201d<\/p>\n\n\n\n<p>O \u2018Bloco do Embaixador\u2019 estava sendo vendido \u00e0 R$ 1 mil no 1\u00ba lote, valor que foi motivo de cr\u00edticas por parte dos foli\u00f5es. Apesar de n\u00e3o ter mais o bloco na folia baiana em 2023, o artista \u00e9 presen\u00e7a confirmada no Carnaval de Salvador com uma apresenta\u00e7\u00e3o em um dos camarotes da festa.<\/p>\n\n\n\n<p>Com informa\u00e7\u00f5es do IBahia<\/p>\n","protected":false},"excerpt":{"rendered":"<p>A empresa Balada Music, respons\u00e1vel pela carreira do cantor Gusttavo Lima, divulgou uma nota justificando o cancelamento do Bloco do Embaixador, trio que seria puxado pelo sertanejo no Carnaval de Salvador em 2023. Horas ap\u00f3s a not\u00edcia ganhar as redes sociais, com confirma\u00e7\u00e3o da assessoria do bloco, a empresa informou o motivo que gerou o [&hellip;]<\/p>\n","protected":false},"author":3,"featured_media":8085,"comment_status":"open","ping_status":"open","sticky":false,"template":"","format":"standard","meta":{"_monsterinsights_skip_tracking":false,"_monsterinsights_sitenote_active":false,"_monsterinsights_sitenote_note":"","_monsterinsights_sitenote_category":0,"footnotes":""},"categories":[44,47],"tags":[],"yoast_head":"<!-- This site is optimized with the Yoast SEO plugin v22.9 - https:\/\/yoast.com\/wordpress\/plugins\/seo\/ -->\n<title>Empresa de Gusttavo Lima justifica cancelamento de bloco no Carnaval de Salvador - Portal MF<\/title>\n<meta name=\"robots\" content=\"index, follow, max-snippet:-1, max-image-preview:large, max-video-preview:-1\" \/>\n<link rel=\"canonical\" href=\"https:\/\/portalmf.com.br\/index.php\/2023\/01\/18\/empresa-de-gusttavo-lima-justifica-cancelamento-de-bloco-no-carnaval-de-salvador\/\" \/>\n<meta property=\"og:locale\" content=\"pt_BR\" \/>\n<meta property=\"og:type\" content=\"article\" \/>\n<meta property=\"og:title\" content=\"Empresa de Gusttavo Lima justifica cancelamento de bloco no Carnaval de Salvador - Portal MF\" \/>\n<meta property=\"og:description\" content=\"A empresa Balada Music, respons\u00e1vel pela carreira do cantor Gusttavo Lima, divulgou uma nota justificando o cancelamento do Bloco do Embaixador, trio que seria puxado pelo sertanejo no Carnaval de Salvador em 2023. Horas ap\u00f3s a not\u00edcia ganhar as redes sociais, com confirma\u00e7\u00e3o da assessoria do bloco, a empresa informou o motivo que gerou o [&hellip;]\" \/>\n<meta property=\"og:url\" content=\"https:\/\/portalmf.com.br\/index.php\/2023\/01\/18\/empresa-de-gusttavo-lima-justifica-cancelamento-de-bloco-no-carnaval-de-salvador\/\" \/>\n<meta property=\"og:site_name\" content=\"Portal MF\" \/>\n<meta property=\"article:author\" content=\"https:\/\/www.facebook.com\/portalmfoficial\" \/>\n<meta property=\"article:published_time\" content=\"2023-01-18T16:02:00+00:00\" \/>\n<meta property=\"article:modified_time\" content=\"2023-01-19T20:51:02+00:00\" \/>\n<meta property=\"og:image\" content=\"https:\/\/portalmf.com.br\/wp-content\/uploads\/2023\/01\/gusttavo-lima-cancela.jpg\" \/>\n\t<meta property=\"og:image:width\" content=\"1200\" \/>\n\t<meta property=\"og:image:height\" content=\"800\" \/>\n\t<meta property=\"og:image:type\" content=\"image\/jpeg\" \/>\n<meta name=\"author\" content=\"Reda\u00e7\u00e3o Portal MF\" \/>\n<meta name=\"twitter:card\" content=\"summary_large_image\" \/>\n<meta name=\"twitter:creator\" content=\"@https:\/\/x.com\/portalmfoficial\" \/>\n<meta name=\"twitter:label1\" content=\"Escrito por\" \/>\n\t<meta name=\"twitter:data1\" content=\"Reda\u00e7\u00e3o Portal MF\" \/>\n\t<meta name=\"twitter:label2\" content=\"Est. tempo de leitura\" \/>\n\t<meta name=\"twitter:data2\" content=\"2 minutos\" \/>\n<script type=\"application\/ld+json\" class=\"yoast-schema-graph\">{\"@context\":\"https:\/\/schema.org\",\"@graph\":[{\"@type\":\"WebPage\",\"@id\":\"https:\/\/portalmf.com.br\/index.php\/2023\/01\/18\/empresa-de-gusttavo-lima-justifica-cancelamento-de-bloco-no-carnaval-de-salvador\/\",\"url\":\"https:\/\/portalmf.com.br\/index.php\/2023\/01\/18\/empresa-de-gusttavo-lima-justifica-cancelamento-de-bloco-no-carnaval-de-salvador\/\",\"name\":\"Empresa de Gusttavo Lima justifica cancelamento de bloco no Carnaval de Salvador - Portal MF\",\"isPartOf\":{\"@id\":\"https:\/\/portalmf.com.br\/#website\"},\"primaryImageOfPage\":{\"@id\":\"https:\/\/portalmf.com.br\/index.php\/2023\/01\/18\/empresa-de-gusttavo-lima-justifica-cancelamento-de-bloco-no-carnaval-de-salvador\/#primaryimage\"},\"image\":{\"@id\":\"https:\/\/portalmf.com.br\/index.php\/2023\/01\/18\/empresa-de-gusttavo-lima-justifica-cancelamento-de-bloco-no-carnaval-de-salvador\/#primaryimage\"},\"thumbnailUrl\":\"https:\/\/portalmf.com.br\/wp-content\/uploads\/2023\/01\/gusttavo-lima-cancela.jpg\",\"datePublished\":\"2023-01-18T16:02:00+00:00\",\"dateModified\":\"2023-01-19T20:51:02+00:00\",\"author\":{\"@id\":\"https:\/\/portalmf.com.br\/#\/schema\/person\/9ec101baf56233e53520c26de5d6f6f0\"},\"breadcrumb\":{\"@id\":\"https:\/\/portalmf.com.br\/index.php\/2023\/01\/18\/empresa-de-gusttavo-lima-justifica-cancelamento-de-bloco-no-carnaval-de-salvador\/#breadcrumb\"},\"inLanguage\":\"pt-BR\",\"potentialAction\":[{\"@type\":\"ReadAction\",\"target\":[\"https:\/\/portalmf.com.br\/index.php\/2023\/01\/18\/empresa-de-gusttavo-lima-justifica-cancelamento-de-bloco-no-carnaval-de-salvador\/\"]}]},{\"@type\":\"ImageObject\",\"inLanguage\":\"pt-BR\",\"@id\":\"https:\/\/portalmf.com.br\/index.php\/2023\/01\/18\/empresa-de-gusttavo-lima-justifica-cancelamento-de-bloco-no-carnaval-de-salvador\/#primaryimage\",\"url\":\"https:\/\/portalmf.com.br\/wp-content\/uploads\/2023\/01\/gusttavo-lima-cancela.jpg\",\"contentUrl\":\"https:\/\/portalmf.com.br\/wp-content\/uploads\/2023\/01\/gusttavo-lima-cancela.jpg\",\"width\":1200,\"height\":800},{\"@type\":\"BreadcrumbList\",\"@id\":\"https:\/\/portalmf.com.br\/index.php\/2023\/01\/18\/empresa-de-gusttavo-lima-justifica-cancelamento-de-bloco-no-carnaval-de-salvador\/#breadcrumb\",\"itemListElement\":[{\"@type\":\"ListItem\",\"position\":1,\"name\":\"In\u00edcio\",\"item\":\"https:\/\/portalmf.com.br\/\"},{\"@type\":\"ListItem\",\"position\":2,\"name\":\"Empresa de Gusttavo Lima justifica cancelamento de bloco no Carnaval de Salvador\"}]},{\"@type\":\"WebSite\",\"@id\":\"https:\/\/portalmf.com.br\/#website\",\"url\":\"https:\/\/portalmf.com.br\/\",\"name\":\"Portal MF\",\"description\":\"Voc\u00ea conectado com a informa\u00e7\u00e3o\",\"potentialAction\":[{\"@type\":\"SearchAction\",\"target\":{\"@type\":\"EntryPoint\",\"urlTemplate\":\"https:\/\/portalmf.com.br\/?s={search_term_string}\"},\"query-input\":\"required name=search_term_string\"}],\"inLanguage\":\"pt-BR\"},{\"@type\":\"Person\",\"@id\":\"https:\/\/portalmf.com.br\/#\/schema\/person\/9ec101baf56233e53520c26de5d6f6f0\",\"name\":\"Reda\u00e7\u00e3o Portal MF\",\"image\":{\"@type\":\"ImageObject\",\"inLanguage\":\"pt-BR\",\"@id\":\"https:\/\/portalmf.com.br\/#\/schema\/person\/image\/\",\"url\":\"https:\/\/secure.gravatar.com\/avatar\/41b9aaeb2100835f7c64362330f74c7f?s=96&d=mm&r=g\",\"contentUrl\":\"https:\/\/secure.gravatar.com\/avatar\/41b9aaeb2100835f7c64362330f74c7f?s=96&d=mm&r=g\",\"caption\":\"Reda\u00e7\u00e3o Portal MF\"},\"description\":\"Sejam bem-vindos o portal de informa\u00e7\u00f5es de entretenimento de Feira de Santana, desde 2006 realiza coberturas dos principais eventos com entrevistas exclusivas com as principais personalidades mundiais. Fique conectado tamb\u00e9m nas redes sociais.\",\"sameAs\":[\"http:\/\/www.portalmf.com.br\/\",\"https:\/\/www.facebook.com\/portalmfoficial\",\"https:\/\/www.instagram.com\/portalmf\/\",\"https:\/\/x.com\/https:\/\/x.com\/portalmfoficial\",\"https:\/\/www.youtube.com\/@portalmfoficial\"],\"url\":\"https:\/\/portalmf.com.br\/index.php\/author\/junior\/\"}]}<\/script>\n<!-- \/ Yoast SEO plugin. -->","yoast_head_json":{"title":"Empresa de Gusttavo Lima justifica cancelamento de bloco no Carnaval de Salvador - Portal MF","robots":{"index":"index","follow":"follow","max-snippet":"max-snippet:-1","max-image-preview":"max-image-preview:large","max-video-preview":"max-video-preview:-1"},"canonical":"https:\/\/portalmf.com.br\/index.php\/2023\/01\/18\/empresa-de-gusttavo-lima-justifica-cancelamento-de-bloco-no-carnaval-de-salvador\/","og_locale":"pt_BR","og_type":"article","og_title":"Empresa de Gusttavo Lima justifica cancelamento de bloco no Carnaval de Salvador - Portal MF","og_description":"A empresa Balada Music, respons\u00e1vel pela carreira do cantor Gusttavo Lima, divulgou uma nota justificando o cancelamento do Bloco do Embaixador, trio que seria puxado pelo sertanejo no Carnaval de Salvador em 2023. Horas ap\u00f3s a not\u00edcia ganhar as redes sociais, com confirma\u00e7\u00e3o da assessoria do bloco, a empresa informou o motivo que gerou o [&hellip;]","og_url":"https:\/\/portalmf.com.br\/index.php\/2023\/01\/18\/empresa-de-gusttavo-lima-justifica-cancelamento-de-bloco-no-carnaval-de-salvador\/","og_site_name":"Portal MF","article_author":"https:\/\/www.facebook.com\/portalmfoficial","article_published_time":"2023-01-18T16:02:00+00:00","article_modified_time":"2023-01-19T20:51:02+00:00","og_image":[{"width":1200,"height":800,"url":"https:\/\/portalmf.com.br\/wp-content\/uploads\/2023\/01\/gusttavo-lima-cancela.jpg","type":"image\/jpeg"}],"author":"Reda\u00e7\u00e3o Portal MF","twitter_card":"summary_large_image","twitter_creator":"@https:\/\/x.com\/portalmfoficial","twitter_misc":{"Escrito por":"Reda\u00e7\u00e3o Portal MF","Est. tempo de leitura":"2 minutos"},"schema":{"@context":"https:\/\/schema.org","@graph":[{"@type":"WebPage","@id":"https:\/\/portalmf.com.br\/index.php\/2023\/01\/18\/empresa-de-gusttavo-lima-justifica-cancelamento-de-bloco-no-carnaval-de-salvador\/","url":"https:\/\/portalmf.com.br\/index.php\/2023\/01\/18\/empresa-de-gusttavo-lima-justifica-cancelamento-de-bloco-no-carnaval-de-salvador\/","name":"Empresa de Gusttavo Lima justifica cancelamento de bloco no Carnaval de Salvador - Portal MF","isPartOf":{"@id":"https:\/\/portalmf.com.br\/#website"},"primaryImageOfPage":{"@id":"https:\/\/portalmf.com.br\/index.php\/2023\/01\/18\/empresa-de-gusttavo-lima-justifica-cancelamento-de-bloco-no-carnaval-de-salvador\/#primaryimage"},"image":{"@id":"https:\/\/portalmf.com.br\/index.php\/2023\/01\/18\/empresa-de-gusttavo-lima-justifica-cancelamento-de-bloco-no-carnaval-de-salvador\/#primaryimage"},"thumbnailUrl":"https:\/\/portalmf.com.br\/wp-content\/uploads\/2023\/01\/gusttavo-lima-cancela.jpg","datePublished":"2023-01-18T16:02:00+00:00","dateModified":"2023-01-19T20:51:02+00:00","author":{"@id":"https:\/\/portalmf.com.br\/#\/schema\/person\/9ec101baf56233e53520c26de5d6f6f0"},"breadcrumb":{"@id":"https:\/\/portalmf.com.br\/index.php\/2023\/01\/18\/empresa-de-gusttavo-lima-justifica-cancelamento-de-bloco-no-carnaval-de-salvador\/#breadcrumb"},"inLanguage":"pt-BR","potentialAction":[{"@type":"ReadAction","target":["https:\/\/portalmf.com.br\/index.php\/2023\/01\/18\/empresa-de-gusttavo-lima-justifica-cancelamento-de-bloco-no-carnaval-de-salvador\/"]}]},{"@type":"ImageObject","inLanguage":"pt-BR","@id":"https:\/\/portalmf.com.br\/index.php\/2023\/01\/18\/empresa-de-gusttavo-lima-justifica-cancelamento-de-bloco-no-carnaval-de-salvador\/#primaryimage","url":"https:\/\/portalmf.com.br\/wp-content\/uploads\/2023\/01\/gusttavo-lima-cancela.jpg","contentUrl":"https:\/\/portalmf.com.br\/wp-content\/uploads\/2023\/01\/gusttavo-lima-cancela.jpg","width":1200,"height":800},{"@type":"BreadcrumbList","@id":"https:\/\/portalmf.com.br\/index.php\/2023\/01\/18\/empresa-de-gusttavo-lima-justifica-cancelamento-de-bloco-no-carnaval-de-salvador\/#breadcrumb","itemListElement":[{"@type":"ListItem","position":1,"name":"In\u00edcio","item":"https:\/\/portalmf.com.br\/"},{"@type":"ListItem","position":2,"name":"Empresa de Gusttavo Lima justifica cancelamento de bloco no Carnaval de Salvador"}]},{"@type":"WebSite","@id":"https:\/\/portalmf.com.br\/#website","url":"https:\/\/portalmf.com.br\/","name":"Portal MF","description":"Voc\u00ea conectado com a informa\u00e7\u00e3o","potentialAction":[{"@type":"SearchAction","target":{"@type":"EntryPoint","urlTemplate":"https:\/\/portalmf.com.br\/?s={search_term_string}"},"query-input":"required name=search_term_string"}],"inLanguage":"pt-BR"},{"@type":"Person","@id":"https:\/\/portalmf.com.br\/#\/schema\/person\/9ec101baf56233e53520c26de5d6f6f0","name":"Reda\u00e7\u00e3o Portal MF","image":{"@type":"ImageObject","inLanguage":"pt-BR","@id":"https:\/\/portalmf.com.br\/#\/schema\/person\/image\/","url":"https:\/\/secure.gravatar.com\/avatar\/41b9aaeb2100835f7c64362330f74c7f?s=96&d=mm&r=g","contentUrl":"https:\/\/secure.gravatar.com\/avatar\/41b9aaeb2100835f7c64362330f74c7f?s=96&d=mm&r=g","caption":"Reda\u00e7\u00e3o Portal MF"},"description":"Sejam bem-vindos o portal de informa\u00e7\u00f5es de entretenimento de Feira de Santana, desde 2006 realiza coberturas dos principais eventos com entrevistas exclusivas com as principais personalidades mundiais. Fique conectado tamb\u00e9m nas redes sociais.","sameAs":["http:\/\/www.portalmf.com.br\/","https:\/\/www.facebook.com\/portalmfoficial","https:\/\/www.instagram.com\/portalmf\/","https:\/\/x.com\/https:\/\/x.com\/portalmfoficial","https:\/\/www.youtube.com\/@portalmfoficial"],"url":"https:\/\/portalmf.com.br\/index.php\/author\/junior\/"}]}},"_links":{"self":[{"href":"https:\/\/portalmf.com.br\/index.php\/wp-json\/wp\/v2\/posts\/8083"}],"collection":[{"href":"https:\/\/portalmf.com.br\/index.php\/wp-json\/wp\/v2\/posts"}],"about":[{"href":"https:\/\/portalmf.com.br\/index.php\/wp-json\/wp\/v2\/types\/post"}],"author":[{"embeddable":true,"href":"https:\/\/portalmf.com.br\/index.php\/wp-json\/wp\/v2\/users\/3"}],"replies":[{"embeddable":true,"href":"https:\/\/portalmf.com.br\/index.php\/wp-json\/wp\/v2\/comments?post=8083"}],"version-history":[{"count":1,"href":"https:\/\/portalmf.com.br\/index.php\/wp-json\/wp\/v2\/posts\/8083\/revisions"}],"predecessor-version":[{"id":8086,"href":"https:\/\/portalmf.com.br\/index.php\/wp-json\/wp\/v2\/posts\/8083\/revisions\/8086"}],"wp:featuredmedia":[{"embeddable":true,"href":"https:\/\/portalmf.com.br\/index.php\/wp-json\/wp\/v2\/media\/8085"}],"wp:attachment":[{"href":"https:\/\/portalmf.com.br\/index.php\/wp-json\/wp\/v2\/media?parent=8083"}],"wp:term":[{"taxonomy":"category","embeddable":true,"href":"https:\/\/portalmf.com.br\/index.php\/wp-json\/wp\/v2\/categories?post=8083"},{"taxonomy":"post_tag","embeddable":true,"href":"https:\/\/portalmf.com.br\/index.php\/wp-json\/wp\/v2\/tags?post=8083"}],"curies":[{"name":"wp","href":"https:\/\/api.w.org\/{rel}","templated":true}]}}