{"id":8080,"date":"2023-01-18T16:57:52","date_gmt":"2023-01-18T19:57:52","guid":{"rendered":"https:\/\/portalmf.com.br\/?p=8080"},"modified":"2023-01-18T16:57:59","modified_gmt":"2023-01-18T19:57:59","slug":"gabriel-santana-falou-sobre-bissexualidade-no-bbb-23-veja-outros-participantes-lgbtqiapn","status":"publish","type":"post","link":"https:\/\/portalmf.com.br\/index.php\/2023\/01\/18\/gabriel-santana-falou-sobre-bissexualidade-no-bbb-23-veja-outros-participantes-lgbtqiapn\/","title":{"rendered":"Gabriel Santana falou sobre bissexualidade no \u2018BBB 23\u2019; veja outros participantes LGBTQIAPN+"},"content":{"rendered":"\n<p>O \u201cBBB 23\u201d come\u00e7ou na segunda-feira (16) e fez os olhares de internautas se voltarem para os 22 participantes da nova temporada do reality show.<\/p>\n\n\n\n<p>Logo na apresenta\u00e7\u00e3o, o ator Gabriel Santana falou abertamente sobre a bissexualidade e disse estar dispon\u00edvel para homens e mulheres.<\/p>\n\n\n\n<p>\u201cEu sou Gabriel Santana, tenho 23 anos. Meninos eu estou dispon\u00edvel, meninas tamb\u00e9m. Eu acho que idade \u00e9 s\u00f3 um n\u00famero, ent\u00e3o, t\u00e1 tudo certo\u201d, disse durante a din\u00e2mica.<\/p>\n\n\n\n<p>Por\u00e9m, al\u00e9m de Gabriel Santana existem outros participantes que tamb\u00e9m fazem parte da comunidade LGBTQIAPN+.<\/p>\n\n\n\n<figure class=\"wp-block-embed is-type-rich is-provider-twitter wp-block-embed-twitter\"><div class=\"wp-block-embed__wrapper\">\n<blockquote class=\"twitter-tweet\" data-width=\"550\" data-dnt=\"true\"><p lang=\"pt\" dir=\"ltr\">&#8211; Meninos eu estou dispon\u00edvel, meninas tamb\u00e9m!<br>&#8211; Eu tamb\u00e9m!<br><br>Eeeeeeeeeeeitcha \ud83d\udd25\ud83d\udd25\ud83d\udd25 <a href=\"https:\/\/twitter.com\/hashtag\/BBB?src=hash&amp;ref_src=twsrc%5Etfw\">#BBB<\/a> <a href=\"https:\/\/twitter.com\/hashtag\/RedeBBB?src=hash&amp;ref_src=twsrc%5Etfw\">#RedeBBB<\/a> <a href=\"https:\/\/t.co\/rDxBudJt0N\">pic.twitter.com\/rDxBudJt0N<\/a><\/p>&mdash; TV Globo \ud83d\udcfa (@tvglobo) <a href=\"https:\/\/twitter.com\/tvglobo\/status\/1615164989232517120?ref_src=twsrc%5Etfw\">January 17, 2023<\/a><\/blockquote><script async src=\"https:\/\/platform.twitter.com\/widgets.js\" charset=\"utf-8\"><\/script>\n<\/div><\/figure>\n\n\n\n<p>Veja a lista:<\/p>\n\n\n\n<h3 class=\"wp-block-heading\" id=\"h-aline-wirley\">Aline Wirley<\/h3>\n\n\n\n<figure class=\"wp-block-image\"><img decoding=\"async\" src=\"https:\/\/www.ibahia.com\/wp-content\/uploads\/2023\/01\/aline1-1024x614.jpg\" alt=\"\"\/><figcaption class=\"wp-element-caption\">Foto: Gshow<\/figcaption><\/figure>\n\n\n\n<p>A cantora e ex-participante do grupo Rouge \u00e9 bissexual. Ela \u00e9 casada com o ator Igor Rickli e os dois revelaram que vivem em um relacionamento aberto. Os dois s\u00e3o pais de Antonio, de 8 anos.<\/p>\n\n\n\n<h3 class=\"wp-block-heading\" id=\"h-fred-nicacio\">Fred Nic\u00e1cio<\/h3>\n\n\n\n<figure class=\"wp-block-image\"><img decoding=\"async\" src=\"https:\/\/www.ibahia.com\/wp-content\/uploads\/2023\/01\/fred-bbb-1024x614.jpg\" alt=\"\"\/><figcaption class=\"wp-element-caption\">Foto: Divulga\u00e7\u00e3o<\/figcaption><\/figure>\n\n\n\n<p>Conhecido como o m\u00e9dico dos famosos, o participante do \u201cBBB 23\u201d \u00e9 gay e casado h\u00e1 tr\u00eas anos com um dentista. Os dois vivem um relacionamento aberto.<\/p>\n\n\n\n<h3 class=\"wp-block-heading\" id=\"h-sarah-aline\">Sarah Aline<\/h3>\n\n\n\n<figure class=\"wp-block-image\"><img decoding=\"async\" src=\"https:\/\/www.ibahia.com\/wp-content\/uploads\/2023\/01\/sarah-aline-1024x614.jpg\" alt=\"\"\/><figcaption class=\"wp-element-caption\">Foto: Divulga\u00e7\u00e3o<\/figcaption><\/figure>\n\n\n\n<p>Parceria de Gabriel Santana na primeira semana de jogo, a analista de diversidade j\u00e1 se definiu como bissexual e tamb\u00e9m disse estar dispon\u00edvel para homens e mulheres durante apresenta\u00e7\u00e3o.<\/p>\n\n\n\n<h3 class=\"wp-block-heading\" id=\"h-bruno-nogueira\">Bruno Nogueira<\/h3>\n\n\n\n<figure class=\"wp-block-image\"><img decoding=\"async\" src=\"https:\/\/www.ibahia.com\/wp-content\/uploads\/2023\/01\/bruno-1024x614.jpg\" alt=\"\"\/><figcaption class=\"wp-element-caption\">Foto: Reprodu\u00e7\u00e3o \/ Instagram<\/figcaption><\/figure>\n\n\n\n<p>Participante da pipoca, o atendente de farm\u00e1cia se identifica como gay e \u00e9 o parceiro de Aline Wirley na primeira semana de jogo.<\/p>\n\n\n\n<p>Com informa\u00e7\u00f5es do Ibahia<\/p>\n","protected":false},"excerpt":{"rendered":"<p>O \u201cBBB 23\u201d come\u00e7ou na segunda-feira (16) e fez os olhares de internautas se voltarem para os 22 participantes da nova temporada do reality show. Logo na apresenta\u00e7\u00e3o, o ator Gabriel Santana falou abertamente sobre a bissexualidade e disse estar dispon\u00edvel para homens e mulheres. \u201cEu sou Gabriel Santana, tenho 23 anos. Meninos eu estou [&hellip;]<\/p>\n","protected":false},"author":3,"featured_media":8081,"comment_status":"open","ping_status":"open","sticky":false,"template":"","format":"standard","meta":{"_monsterinsights_skip_tracking":false,"_monsterinsights_sitenote_active":false,"_monsterinsights_sitenote_note":"","_monsterinsights_sitenote_category":0,"footnotes":""},"categories":[47,43],"tags":[],"yoast_head":"<!-- This site is optimized with the Yoast SEO plugin v22.9 - https:\/\/yoast.com\/wordpress\/plugins\/seo\/ -->\n<title>Gabriel Santana falou sobre bissexualidade no \u2018BBB 23\u2019; veja outros participantes LGBTQIAPN+ - Portal MF<\/title>\n<meta name=\"robots\" content=\"index, follow, max-snippet:-1, max-image-preview:large, max-video-preview:-1\" \/>\n<link rel=\"canonical\" href=\"https:\/\/portalmf.com.br\/index.php\/2023\/01\/18\/gabriel-santana-falou-sobre-bissexualidade-no-bbb-23-veja-outros-participantes-lgbtqiapn\/\" \/>\n<meta property=\"og:locale\" content=\"pt_BR\" \/>\n<meta property=\"og:type\" content=\"article\" \/>\n<meta property=\"og:title\" content=\"Gabriel Santana falou sobre bissexualidade no \u2018BBB 23\u2019; veja outros participantes LGBTQIAPN+ - Portal MF\" \/>\n<meta property=\"og:description\" content=\"O \u201cBBB 23\u201d come\u00e7ou na segunda-feira (16) e fez os olhares de internautas se voltarem para os 22 participantes da nova temporada do reality show. Logo na apresenta\u00e7\u00e3o, o ator Gabriel Santana falou abertamente sobre a bissexualidade e disse estar dispon\u00edvel para homens e mulheres. \u201cEu sou Gabriel Santana, tenho 23 anos. Meninos eu estou [&hellip;]\" \/>\n<meta property=\"og:url\" content=\"https:\/\/portalmf.com.br\/index.php\/2023\/01\/18\/gabriel-santana-falou-sobre-bissexualidade-no-bbb-23-veja-outros-participantes-lgbtqiapn\/\" \/>\n<meta property=\"og:site_name\" content=\"Portal MF\" \/>\n<meta property=\"article:author\" content=\"https:\/\/www.facebook.com\/portalmfoficial\" \/>\n<meta property=\"article:published_time\" content=\"2023-01-18T19:57:52+00:00\" \/>\n<meta property=\"article:modified_time\" content=\"2023-01-18T19:57:59+00:00\" \/>\n<meta property=\"og:image\" content=\"https:\/\/portalmf.com.br\/wp-content\/uploads\/2023\/01\/Gabriel-Santana-BBB23.jpg\" \/>\n\t<meta property=\"og:image:width\" content=\"2362\" \/>\n\t<meta property=\"og:image:height\" content=\"1575\" \/>\n\t<meta property=\"og:image:type\" content=\"image\/jpeg\" \/>\n<meta name=\"author\" content=\"Reda\u00e7\u00e3o Portal MF\" \/>\n<meta name=\"twitter:card\" content=\"summary_large_image\" \/>\n<meta name=\"twitter:creator\" content=\"@https:\/\/x.com\/portalmfoficial\" \/>\n<meta name=\"twitter:label1\" content=\"Escrito por\" \/>\n\t<meta name=\"twitter:data1\" content=\"Reda\u00e7\u00e3o Portal MF\" \/>\n\t<meta name=\"twitter:label2\" content=\"Est. tempo de leitura\" \/>\n\t<meta name=\"twitter:data2\" content=\"3 minutos\" \/>\n<script type=\"application\/ld+json\" class=\"yoast-schema-graph\">{\"@context\":\"https:\/\/schema.org\",\"@graph\":[{\"@type\":\"WebPage\",\"@id\":\"https:\/\/portalmf.com.br\/index.php\/2023\/01\/18\/gabriel-santana-falou-sobre-bissexualidade-no-bbb-23-veja-outros-participantes-lgbtqiapn\/\",\"url\":\"https:\/\/portalmf.com.br\/index.php\/2023\/01\/18\/gabriel-santana-falou-sobre-bissexualidade-no-bbb-23-veja-outros-participantes-lgbtqiapn\/\",\"name\":\"Gabriel Santana falou sobre bissexualidade no \u2018BBB 23\u2019; veja outros participantes LGBTQIAPN+ - Portal MF\",\"isPartOf\":{\"@id\":\"https:\/\/portalmf.com.br\/#website\"},\"primaryImageOfPage\":{\"@id\":\"https:\/\/portalmf.com.br\/index.php\/2023\/01\/18\/gabriel-santana-falou-sobre-bissexualidade-no-bbb-23-veja-outros-participantes-lgbtqiapn\/#primaryimage\"},\"image\":{\"@id\":\"https:\/\/portalmf.com.br\/index.php\/2023\/01\/18\/gabriel-santana-falou-sobre-bissexualidade-no-bbb-23-veja-outros-participantes-lgbtqiapn\/#primaryimage\"},\"thumbnailUrl\":\"https:\/\/portalmf.com.br\/wp-content\/uploads\/2023\/01\/Gabriel-Santana-BBB23.jpg\",\"datePublished\":\"2023-01-18T19:57:52+00:00\",\"dateModified\":\"2023-01-18T19:57:59+00:00\",\"author\":{\"@id\":\"https:\/\/portalmf.com.br\/#\/schema\/person\/9ec101baf56233e53520c26de5d6f6f0\"},\"breadcrumb\":{\"@id\":\"https:\/\/portalmf.com.br\/index.php\/2023\/01\/18\/gabriel-santana-falou-sobre-bissexualidade-no-bbb-23-veja-outros-participantes-lgbtqiapn\/#breadcrumb\"},\"inLanguage\":\"pt-BR\",\"potentialAction\":[{\"@type\":\"ReadAction\",\"target\":[\"https:\/\/portalmf.com.br\/index.php\/2023\/01\/18\/gabriel-santana-falou-sobre-bissexualidade-no-bbb-23-veja-outros-participantes-lgbtqiapn\/\"]}]},{\"@type\":\"ImageObject\",\"inLanguage\":\"pt-BR\",\"@id\":\"https:\/\/portalmf.com.br\/index.php\/2023\/01\/18\/gabriel-santana-falou-sobre-bissexualidade-no-bbb-23-veja-outros-participantes-lgbtqiapn\/#primaryimage\",\"url\":\"https:\/\/portalmf.com.br\/wp-content\/uploads\/2023\/01\/Gabriel-Santana-BBB23.jpg\",\"contentUrl\":\"https:\/\/portalmf.com.br\/wp-content\/uploads\/2023\/01\/Gabriel-Santana-BBB23.jpg\",\"width\":2362,\"height\":1575,\"caption\":\"Foto: Globo\/Paulo Belote\"},{\"@type\":\"BreadcrumbList\",\"@id\":\"https:\/\/portalmf.com.br\/index.php\/2023\/01\/18\/gabriel-santana-falou-sobre-bissexualidade-no-bbb-23-veja-outros-participantes-lgbtqiapn\/#breadcrumb\",\"itemListElement\":[{\"@type\":\"ListItem\",\"position\":1,\"name\":\"In\u00edcio\",\"item\":\"https:\/\/portalmf.com.br\/\"},{\"@type\":\"ListItem\",\"position\":2,\"name\":\"Gabriel Santana falou sobre bissexualidade no \u2018BBB 23\u2019; veja outros participantes LGBTQIAPN+\"}]},{\"@type\":\"WebSite\",\"@id\":\"https:\/\/portalmf.com.br\/#website\",\"url\":\"https:\/\/portalmf.com.br\/\",\"name\":\"Portal MF\",\"description\":\"Voc\u00ea conectado com a informa\u00e7\u00e3o\",\"potentialAction\":[{\"@type\":\"SearchAction\",\"target\":{\"@type\":\"EntryPoint\",\"urlTemplate\":\"https:\/\/portalmf.com.br\/?s={search_term_string}\"},\"query-input\":\"required name=search_term_string\"}],\"inLanguage\":\"pt-BR\"},{\"@type\":\"Person\",\"@id\":\"https:\/\/portalmf.com.br\/#\/schema\/person\/9ec101baf56233e53520c26de5d6f6f0\",\"name\":\"Reda\u00e7\u00e3o Portal MF\",\"image\":{\"@type\":\"ImageObject\",\"inLanguage\":\"pt-BR\",\"@id\":\"https:\/\/portalmf.com.br\/#\/schema\/person\/image\/\",\"url\":\"https:\/\/secure.gravatar.com\/avatar\/41b9aaeb2100835f7c64362330f74c7f?s=96&d=mm&r=g\",\"contentUrl\":\"https:\/\/secure.gravatar.com\/avatar\/41b9aaeb2100835f7c64362330f74c7f?s=96&d=mm&r=g\",\"caption\":\"Reda\u00e7\u00e3o Portal MF\"},\"description\":\"Sejam bem-vindos o portal de informa\u00e7\u00f5es de entretenimento de Feira de Santana, desde 2006 realiza coberturas dos principais eventos com entrevistas exclusivas com as principais personalidades mundiais. Fique conectado tamb\u00e9m nas redes sociais.\",\"sameAs\":[\"http:\/\/www.portalmf.com.br\/\",\"https:\/\/www.facebook.com\/portalmfoficial\",\"https:\/\/www.instagram.com\/portalmf\/\",\"https:\/\/x.com\/https:\/\/x.com\/portalmfoficial\",\"https:\/\/www.youtube.com\/@portalmfoficial\"],\"url\":\"https:\/\/portalmf.com.br\/index.php\/author\/junior\/\"}]}<\/script>\n<!-- \/ Yoast SEO plugin. -->","yoast_head_json":{"title":"Gabriel Santana falou sobre bissexualidade no \u2018BBB 23\u2019; veja outros participantes LGBTQIAPN+ - Portal MF","robots":{"index":"index","follow":"follow","max-snippet":"max-snippet:-1","max-image-preview":"max-image-preview:large","max-video-preview":"max-video-preview:-1"},"canonical":"https:\/\/portalmf.com.br\/index.php\/2023\/01\/18\/gabriel-santana-falou-sobre-bissexualidade-no-bbb-23-veja-outros-participantes-lgbtqiapn\/","og_locale":"pt_BR","og_type":"article","og_title":"Gabriel Santana falou sobre bissexualidade no \u2018BBB 23\u2019; veja outros participantes LGBTQIAPN+ - Portal MF","og_description":"O \u201cBBB 23\u201d come\u00e7ou na segunda-feira (16) e fez os olhares de internautas se voltarem para os 22 participantes da nova temporada do reality show. Logo na apresenta\u00e7\u00e3o, o ator Gabriel Santana falou abertamente sobre a bissexualidade e disse estar dispon\u00edvel para homens e mulheres. \u201cEu sou Gabriel Santana, tenho 23 anos. Meninos eu estou [&hellip;]","og_url":"https:\/\/portalmf.com.br\/index.php\/2023\/01\/18\/gabriel-santana-falou-sobre-bissexualidade-no-bbb-23-veja-outros-participantes-lgbtqiapn\/","og_site_name":"Portal MF","article_author":"https:\/\/www.facebook.com\/portalmfoficial","article_published_time":"2023-01-18T19:57:52+00:00","article_modified_time":"2023-01-18T19:57:59+00:00","og_image":[{"width":2362,"height":1575,"url":"https:\/\/portalmf.com.br\/wp-content\/uploads\/2023\/01\/Gabriel-Santana-BBB23.jpg","type":"image\/jpeg"}],"author":"Reda\u00e7\u00e3o Portal MF","twitter_card":"summary_large_image","twitter_creator":"@https:\/\/x.com\/portalmfoficial","twitter_misc":{"Escrito por":"Reda\u00e7\u00e3o Portal MF","Est. tempo de leitura":"3 minutos"},"schema":{"@context":"https:\/\/schema.org","@graph":[{"@type":"WebPage","@id":"https:\/\/portalmf.com.br\/index.php\/2023\/01\/18\/gabriel-santana-falou-sobre-bissexualidade-no-bbb-23-veja-outros-participantes-lgbtqiapn\/","url":"https:\/\/portalmf.com.br\/index.php\/2023\/01\/18\/gabriel-santana-falou-sobre-bissexualidade-no-bbb-23-veja-outros-participantes-lgbtqiapn\/","name":"Gabriel Santana falou sobre bissexualidade no \u2018BBB 23\u2019; veja outros participantes LGBTQIAPN+ - Portal MF","isPartOf":{"@id":"https:\/\/portalmf.com.br\/#website"},"primaryImageOfPage":{"@id":"https:\/\/portalmf.com.br\/index.php\/2023\/01\/18\/gabriel-santana-falou-sobre-bissexualidade-no-bbb-23-veja-outros-participantes-lgbtqiapn\/#primaryimage"},"image":{"@id":"https:\/\/portalmf.com.br\/index.php\/2023\/01\/18\/gabriel-santana-falou-sobre-bissexualidade-no-bbb-23-veja-outros-participantes-lgbtqiapn\/#primaryimage"},"thumbnailUrl":"https:\/\/portalmf.com.br\/wp-content\/uploads\/2023\/01\/Gabriel-Santana-BBB23.jpg","datePublished":"2023-01-18T19:57:52+00:00","dateModified":"2023-01-18T19:57:59+00:00","author":{"@id":"https:\/\/portalmf.com.br\/#\/schema\/person\/9ec101baf56233e53520c26de5d6f6f0"},"breadcrumb":{"@id":"https:\/\/portalmf.com.br\/index.php\/2023\/01\/18\/gabriel-santana-falou-sobre-bissexualidade-no-bbb-23-veja-outros-participantes-lgbtqiapn\/#breadcrumb"},"inLanguage":"pt-BR","potentialAction":[{"@type":"ReadAction","target":["https:\/\/portalmf.com.br\/index.php\/2023\/01\/18\/gabriel-santana-falou-sobre-bissexualidade-no-bbb-23-veja-outros-participantes-lgbtqiapn\/"]}]},{"@type":"ImageObject","inLanguage":"pt-BR","@id":"https:\/\/portalmf.com.br\/index.php\/2023\/01\/18\/gabriel-santana-falou-sobre-bissexualidade-no-bbb-23-veja-outros-participantes-lgbtqiapn\/#primaryimage","url":"https:\/\/portalmf.com.br\/wp-content\/uploads\/2023\/01\/Gabriel-Santana-BBB23.jpg","contentUrl":"https:\/\/portalmf.com.br\/wp-content\/uploads\/2023\/01\/Gabriel-Santana-BBB23.jpg","width":2362,"height":1575,"caption":"Foto: Globo\/Paulo Belote"},{"@type":"BreadcrumbList","@id":"https:\/\/portalmf.com.br\/index.php\/2023\/01\/18\/gabriel-santana-falou-sobre-bissexualidade-no-bbb-23-veja-outros-participantes-lgbtqiapn\/#breadcrumb","itemListElement":[{"@type":"ListItem","position":1,"name":"In\u00edcio","item":"https:\/\/portalmf.com.br\/"},{"@type":"ListItem","position":2,"name":"Gabriel Santana falou sobre bissexualidade no \u2018BBB 23\u2019; veja outros participantes LGBTQIAPN+"}]},{"@type":"WebSite","@id":"https:\/\/portalmf.com.br\/#website","url":"https:\/\/portalmf.com.br\/","name":"Portal MF","description":"Voc\u00ea conectado com a informa\u00e7\u00e3o","potentialAction":[{"@type":"SearchAction","target":{"@type":"EntryPoint","urlTemplate":"https:\/\/portalmf.com.br\/?s={search_term_string}"},"query-input":"required name=search_term_string"}],"inLanguage":"pt-BR"},{"@type":"Person","@id":"https:\/\/portalmf.com.br\/#\/schema\/person\/9ec101baf56233e53520c26de5d6f6f0","name":"Reda\u00e7\u00e3o Portal MF","image":{"@type":"ImageObject","inLanguage":"pt-BR","@id":"https:\/\/portalmf.com.br\/#\/schema\/person\/image\/","url":"https:\/\/secure.gravatar.com\/avatar\/41b9aaeb2100835f7c64362330f74c7f?s=96&d=mm&r=g","contentUrl":"https:\/\/secure.gravatar.com\/avatar\/41b9aaeb2100835f7c64362330f74c7f?s=96&d=mm&r=g","caption":"Reda\u00e7\u00e3o Portal MF"},"description":"Sejam bem-vindos o portal de informa\u00e7\u00f5es de entretenimento de Feira de Santana, desde 2006 realiza coberturas dos principais eventos com entrevistas exclusivas com as principais personalidades mundiais. Fique conectado tamb\u00e9m nas redes sociais.","sameAs":["http:\/\/www.portalmf.com.br\/","https:\/\/www.facebook.com\/portalmfoficial","https:\/\/www.instagram.com\/portalmf\/","https:\/\/x.com\/https:\/\/x.com\/portalmfoficial","https:\/\/www.youtube.com\/@portalmfoficial"],"url":"https:\/\/portalmf.com.br\/index.php\/author\/junior\/"}]}},"_links":{"self":[{"href":"https:\/\/portalmf.com.br\/index.php\/wp-json\/wp\/v2\/posts\/8080"}],"collection":[{"href":"https:\/\/portalmf.com.br\/index.php\/wp-json\/wp\/v2\/posts"}],"about":[{"href":"https:\/\/portalmf.com.br\/index.php\/wp-json\/wp\/v2\/types\/post"}],"author":[{"embeddable":true,"href":"https:\/\/portalmf.com.br\/index.php\/wp-json\/wp\/v2\/users\/3"}],"replies":[{"embeddable":true,"href":"https:\/\/portalmf.com.br\/index.php\/wp-json\/wp\/v2\/comments?post=8080"}],"version-history":[{"count":1,"href":"https:\/\/portalmf.com.br\/index.php\/wp-json\/wp\/v2\/posts\/8080\/revisions"}],"predecessor-version":[{"id":8082,"href":"https:\/\/portalmf.com.br\/index.php\/wp-json\/wp\/v2\/posts\/8080\/revisions\/8082"}],"wp:featuredmedia":[{"embeddable":true,"href":"https:\/\/portalmf.com.br\/index.php\/wp-json\/wp\/v2\/media\/8081"}],"wp:attachment":[{"href":"https:\/\/portalmf.com.br\/index.php\/wp-json\/wp\/v2\/media?parent=8080"}],"wp:term":[{"taxonomy":"category","embeddable":true,"href":"https:\/\/portalmf.com.br\/index.php\/wp-json\/wp\/v2\/categories?post=8080"},{"taxonomy":"post_tag","embeddable":true,"href":"https:\/\/portalmf.com.br\/index.php\/wp-json\/wp\/v2\/tags?post=8080"}],"curies":[{"name":"wp","href":"https:\/\/api.w.org\/{rel}","templated":true}]}}