{"id":8071,"date":"2023-01-18T16:47:46","date_gmt":"2023-01-18T19:47:46","guid":{"rendered":"https:\/\/portalmf.com.br\/?p=8071"},"modified":"2023-01-18T16:47:48","modified_gmt":"2023-01-18T19:47:48","slug":"bloco-do-nana-lanca-promocao-especial-na-compra-dos-abadas","status":"publish","type":"post","link":"https:\/\/portalmf.com.br\/index.php\/2023\/01\/18\/bloco-do-nana-lanca-promocao-especial-na-compra-dos-abadas\/","title":{"rendered":"<strong>Bloco do Nana lan\u00e7a promo\u00e7\u00e3o especial na compra dos abad\u00e1s<\/strong>"},"content":{"rendered":"\n<p>J\u00e1 pensou em aproveitar o maior ensaio de ver\u00e3o da cidade e ainda curtir dois dias no Carnaval de Salvador com o gigante L\u00e9o Santana?<\/p>\n\n\n\n<p>O Bloco do Nana acaba de lan\u00e7ar uma promo\u00e7\u00e3o especial para os foli\u00f5es. Na compra de 1 dia do bloco, automaticamente voc\u00ea ganha 1 ingresso de \u00e1rea vip para o Baile da Santinha \u2013 In the Park, e comprando os dois dias, sexta e s\u00e1bado, voc\u00ea ganha 1 ingresso de backstage.<\/p>\n\n\n\n<p>Sob o comando de L\u00e9o Santana, o Bloco do Nana desfilar\u00e1 no circuito Barra-Ondina, no Carnaval de Salvador e ainda dar\u00e1 a oportunidade de o p\u00fablico aproveitar a \u00faltima edi\u00e7\u00e3o do Baile da Santinha \u2013 que contar\u00e1 com shows de L\u00e9o Santana, Nattan, Pedro Sampaio e da dupla Z\u00e9 Neto &amp; Cristiano.<\/p>\n\n\n\n<p>Os abad\u00e1s est\u00e3o dispon\u00edveis para venda atrav\u00e9s dos sites&nbsp;<a href=\"http:\/\/www.centraldocarnaval.com.br\/\" target=\"_blank\" rel=\"noreferrer noopener\">www.centraldocarnaval.com.br<\/a>&nbsp;ou&nbsp;<a href=\"http:\/\/www.queroabada.com.br\/\" target=\"_blank\" rel=\"noreferrer noopener\">www.queroabada.com.br<\/a>&nbsp;.<\/p>\n","protected":false},"excerpt":{"rendered":"<p>J\u00e1 pensou em aproveitar o maior ensaio de ver\u00e3o da cidade e ainda curtir dois dias no Carnaval de Salvador com o gigante L\u00e9o Santana? O Bloco do Nana acaba de lan\u00e7ar uma promo\u00e7\u00e3o especial para os foli\u00f5es. Na compra de 1 dia do bloco, automaticamente voc\u00ea ganha 1 ingresso de \u00e1rea vip para o [&hellip;]<\/p>\n","protected":false},"author":3,"featured_media":8072,"comment_status":"open","ping_status":"open","sticky":false,"template":"","format":"standard","meta":{"_monsterinsights_skip_tracking":false,"_monsterinsights_sitenote_active":false,"_monsterinsights_sitenote_note":"","_monsterinsights_sitenote_category":0,"footnotes":""},"categories":[44],"tags":[],"yoast_head":"<!-- This site is optimized with the Yoast SEO plugin v22.9 - https:\/\/yoast.com\/wordpress\/plugins\/seo\/ -->\n<title>Bloco do Nana lan\u00e7a promo\u00e7\u00e3o especial na compra dos abad\u00e1s - Portal MF<\/title>\n<meta name=\"robots\" content=\"index, follow, max-snippet:-1, max-image-preview:large, max-video-preview:-1\" \/>\n<link rel=\"canonical\" href=\"https:\/\/portalmf.com.br\/index.php\/2023\/01\/18\/bloco-do-nana-lanca-promocao-especial-na-compra-dos-abadas\/\" \/>\n<meta property=\"og:locale\" content=\"pt_BR\" \/>\n<meta property=\"og:type\" content=\"article\" \/>\n<meta property=\"og:title\" content=\"Bloco do Nana lan\u00e7a promo\u00e7\u00e3o especial na compra dos abad\u00e1s - Portal MF\" \/>\n<meta property=\"og:description\" content=\"J\u00e1 pensou em aproveitar o maior ensaio de ver\u00e3o da cidade e ainda curtir dois dias no Carnaval de Salvador com o gigante L\u00e9o Santana? O Bloco do Nana acaba de lan\u00e7ar uma promo\u00e7\u00e3o especial para os foli\u00f5es. Na compra de 1 dia do bloco, automaticamente voc\u00ea ganha 1 ingresso de \u00e1rea vip para o [&hellip;]\" \/>\n<meta property=\"og:url\" content=\"https:\/\/portalmf.com.br\/index.php\/2023\/01\/18\/bloco-do-nana-lanca-promocao-especial-na-compra-dos-abadas\/\" \/>\n<meta property=\"og:site_name\" content=\"Portal MF\" \/>\n<meta property=\"article:author\" content=\"https:\/\/www.facebook.com\/portalmfoficial\" \/>\n<meta property=\"article:published_time\" content=\"2023-01-18T19:47:46+00:00\" \/>\n<meta property=\"article:modified_time\" content=\"2023-01-18T19:47:48+00:00\" \/>\n<meta property=\"og:image\" content=\"https:\/\/portalmf.com.br\/wp-content\/uploads\/2023\/01\/Leo-Santana-Bloco-do-Nana-3.jpg\" \/>\n\t<meta property=\"og:image:width\" content=\"1600\" \/>\n\t<meta property=\"og:image:height\" content=\"1066\" \/>\n\t<meta property=\"og:image:type\" content=\"image\/jpeg\" \/>\n<meta name=\"author\" content=\"Reda\u00e7\u00e3o Portal MF\" \/>\n<meta name=\"twitter:card\" content=\"summary_large_image\" \/>\n<meta name=\"twitter:creator\" content=\"@https:\/\/x.com\/portalmfoficial\" \/>\n<meta name=\"twitter:label1\" content=\"Escrito por\" \/>\n\t<meta name=\"twitter:data1\" content=\"Reda\u00e7\u00e3o Portal MF\" \/>\n\t<meta name=\"twitter:label2\" content=\"Est. tempo de leitura\" \/>\n\t<meta name=\"twitter:data2\" content=\"1 minuto\" \/>\n<script type=\"application\/ld+json\" class=\"yoast-schema-graph\">{\"@context\":\"https:\/\/schema.org\",\"@graph\":[{\"@type\":\"WebPage\",\"@id\":\"https:\/\/portalmf.com.br\/index.php\/2023\/01\/18\/bloco-do-nana-lanca-promocao-especial-na-compra-dos-abadas\/\",\"url\":\"https:\/\/portalmf.com.br\/index.php\/2023\/01\/18\/bloco-do-nana-lanca-promocao-especial-na-compra-dos-abadas\/\",\"name\":\"Bloco do Nana lan\u00e7a promo\u00e7\u00e3o especial na compra dos abad\u00e1s - Portal MF\",\"isPartOf\":{\"@id\":\"https:\/\/portalmf.com.br\/#website\"},\"primaryImageOfPage\":{\"@id\":\"https:\/\/portalmf.com.br\/index.php\/2023\/01\/18\/bloco-do-nana-lanca-promocao-especial-na-compra-dos-abadas\/#primaryimage\"},\"image\":{\"@id\":\"https:\/\/portalmf.com.br\/index.php\/2023\/01\/18\/bloco-do-nana-lanca-promocao-especial-na-compra-dos-abadas\/#primaryimage\"},\"thumbnailUrl\":\"https:\/\/portalmf.com.br\/wp-content\/uploads\/2023\/01\/Leo-Santana-Bloco-do-Nana-3.jpg\",\"datePublished\":\"2023-01-18T19:47:46+00:00\",\"dateModified\":\"2023-01-18T19:47:48+00:00\",\"author\":{\"@id\":\"https:\/\/portalmf.com.br\/#\/schema\/person\/9ec101baf56233e53520c26de5d6f6f0\"},\"breadcrumb\":{\"@id\":\"https:\/\/portalmf.com.br\/index.php\/2023\/01\/18\/bloco-do-nana-lanca-promocao-especial-na-compra-dos-abadas\/#breadcrumb\"},\"inLanguage\":\"pt-BR\",\"potentialAction\":[{\"@type\":\"ReadAction\",\"target\":[\"https:\/\/portalmf.com.br\/index.php\/2023\/01\/18\/bloco-do-nana-lanca-promocao-especial-na-compra-dos-abadas\/\"]}]},{\"@type\":\"ImageObject\",\"inLanguage\":\"pt-BR\",\"@id\":\"https:\/\/portalmf.com.br\/index.php\/2023\/01\/18\/bloco-do-nana-lanca-promocao-especial-na-compra-dos-abadas\/#primaryimage\",\"url\":\"https:\/\/portalmf.com.br\/wp-content\/uploads\/2023\/01\/Leo-Santana-Bloco-do-Nana-3.jpg\",\"contentUrl\":\"https:\/\/portalmf.com.br\/wp-content\/uploads\/2023\/01\/Leo-Santana-Bloco-do-Nana-3.jpg\",\"width\":1600,\"height\":1066},{\"@type\":\"BreadcrumbList\",\"@id\":\"https:\/\/portalmf.com.br\/index.php\/2023\/01\/18\/bloco-do-nana-lanca-promocao-especial-na-compra-dos-abadas\/#breadcrumb\",\"itemListElement\":[{\"@type\":\"ListItem\",\"position\":1,\"name\":\"In\u00edcio\",\"item\":\"https:\/\/portalmf.com.br\/\"},{\"@type\":\"ListItem\",\"position\":2,\"name\":\"Bloco do Nana lan\u00e7a promo\u00e7\u00e3o especial na compra dos abad\u00e1s\"}]},{\"@type\":\"WebSite\",\"@id\":\"https:\/\/portalmf.com.br\/#website\",\"url\":\"https:\/\/portalmf.com.br\/\",\"name\":\"Portal MF\",\"description\":\"Voc\u00ea conectado com a informa\u00e7\u00e3o\",\"potentialAction\":[{\"@type\":\"SearchAction\",\"target\":{\"@type\":\"EntryPoint\",\"urlTemplate\":\"https:\/\/portalmf.com.br\/?s={search_term_string}\"},\"query-input\":\"required name=search_term_string\"}],\"inLanguage\":\"pt-BR\"},{\"@type\":\"Person\",\"@id\":\"https:\/\/portalmf.com.br\/#\/schema\/person\/9ec101baf56233e53520c26de5d6f6f0\",\"name\":\"Reda\u00e7\u00e3o Portal MF\",\"image\":{\"@type\":\"ImageObject\",\"inLanguage\":\"pt-BR\",\"@id\":\"https:\/\/portalmf.com.br\/#\/schema\/person\/image\/\",\"url\":\"https:\/\/secure.gravatar.com\/avatar\/41b9aaeb2100835f7c64362330f74c7f?s=96&d=mm&r=g\",\"contentUrl\":\"https:\/\/secure.gravatar.com\/avatar\/41b9aaeb2100835f7c64362330f74c7f?s=96&d=mm&r=g\",\"caption\":\"Reda\u00e7\u00e3o Portal MF\"},\"description\":\"Sejam bem-vindos o portal de informa\u00e7\u00f5es de entretenimento de Feira de Santana, desde 2006 realiza coberturas dos principais eventos com entrevistas exclusivas com as principais personalidades mundiais. Fique conectado tamb\u00e9m nas redes sociais.\",\"sameAs\":[\"http:\/\/www.portalmf.com.br\/\",\"https:\/\/www.facebook.com\/portalmfoficial\",\"https:\/\/www.instagram.com\/portalmf\/\",\"https:\/\/x.com\/https:\/\/x.com\/portalmfoficial\",\"https:\/\/www.youtube.com\/@portalmfoficial\"],\"url\":\"https:\/\/portalmf.com.br\/index.php\/author\/junior\/\"}]}<\/script>\n<!-- \/ Yoast SEO plugin. -->","yoast_head_json":{"title":"Bloco do Nana lan\u00e7a promo\u00e7\u00e3o especial na compra dos abad\u00e1s - Portal MF","robots":{"index":"index","follow":"follow","max-snippet":"max-snippet:-1","max-image-preview":"max-image-preview:large","max-video-preview":"max-video-preview:-1"},"canonical":"https:\/\/portalmf.com.br\/index.php\/2023\/01\/18\/bloco-do-nana-lanca-promocao-especial-na-compra-dos-abadas\/","og_locale":"pt_BR","og_type":"article","og_title":"Bloco do Nana lan\u00e7a promo\u00e7\u00e3o especial na compra dos abad\u00e1s - Portal MF","og_description":"J\u00e1 pensou em aproveitar o maior ensaio de ver\u00e3o da cidade e ainda curtir dois dias no Carnaval de Salvador com o gigante L\u00e9o Santana? O Bloco do Nana acaba de lan\u00e7ar uma promo\u00e7\u00e3o especial para os foli\u00f5es. Na compra de 1 dia do bloco, automaticamente voc\u00ea ganha 1 ingresso de \u00e1rea vip para o [&hellip;]","og_url":"https:\/\/portalmf.com.br\/index.php\/2023\/01\/18\/bloco-do-nana-lanca-promocao-especial-na-compra-dos-abadas\/","og_site_name":"Portal MF","article_author":"https:\/\/www.facebook.com\/portalmfoficial","article_published_time":"2023-01-18T19:47:46+00:00","article_modified_time":"2023-01-18T19:47:48+00:00","og_image":[{"width":1600,"height":1066,"url":"https:\/\/portalmf.com.br\/wp-content\/uploads\/2023\/01\/Leo-Santana-Bloco-do-Nana-3.jpg","type":"image\/jpeg"}],"author":"Reda\u00e7\u00e3o Portal MF","twitter_card":"summary_large_image","twitter_creator":"@https:\/\/x.com\/portalmfoficial","twitter_misc":{"Escrito por":"Reda\u00e7\u00e3o Portal MF","Est. tempo de leitura":"1 minuto"},"schema":{"@context":"https:\/\/schema.org","@graph":[{"@type":"WebPage","@id":"https:\/\/portalmf.com.br\/index.php\/2023\/01\/18\/bloco-do-nana-lanca-promocao-especial-na-compra-dos-abadas\/","url":"https:\/\/portalmf.com.br\/index.php\/2023\/01\/18\/bloco-do-nana-lanca-promocao-especial-na-compra-dos-abadas\/","name":"Bloco do Nana lan\u00e7a promo\u00e7\u00e3o especial na compra dos abad\u00e1s - Portal MF","isPartOf":{"@id":"https:\/\/portalmf.com.br\/#website"},"primaryImageOfPage":{"@id":"https:\/\/portalmf.com.br\/index.php\/2023\/01\/18\/bloco-do-nana-lanca-promocao-especial-na-compra-dos-abadas\/#primaryimage"},"image":{"@id":"https:\/\/portalmf.com.br\/index.php\/2023\/01\/18\/bloco-do-nana-lanca-promocao-especial-na-compra-dos-abadas\/#primaryimage"},"thumbnailUrl":"https:\/\/portalmf.com.br\/wp-content\/uploads\/2023\/01\/Leo-Santana-Bloco-do-Nana-3.jpg","datePublished":"2023-01-18T19:47:46+00:00","dateModified":"2023-01-18T19:47:48+00:00","author":{"@id":"https:\/\/portalmf.com.br\/#\/schema\/person\/9ec101baf56233e53520c26de5d6f6f0"},"breadcrumb":{"@id":"https:\/\/portalmf.com.br\/index.php\/2023\/01\/18\/bloco-do-nana-lanca-promocao-especial-na-compra-dos-abadas\/#breadcrumb"},"inLanguage":"pt-BR","potentialAction":[{"@type":"ReadAction","target":["https:\/\/portalmf.com.br\/index.php\/2023\/01\/18\/bloco-do-nana-lanca-promocao-especial-na-compra-dos-abadas\/"]}]},{"@type":"ImageObject","inLanguage":"pt-BR","@id":"https:\/\/portalmf.com.br\/index.php\/2023\/01\/18\/bloco-do-nana-lanca-promocao-especial-na-compra-dos-abadas\/#primaryimage","url":"https:\/\/portalmf.com.br\/wp-content\/uploads\/2023\/01\/Leo-Santana-Bloco-do-Nana-3.jpg","contentUrl":"https:\/\/portalmf.com.br\/wp-content\/uploads\/2023\/01\/Leo-Santana-Bloco-do-Nana-3.jpg","width":1600,"height":1066},{"@type":"BreadcrumbList","@id":"https:\/\/portalmf.com.br\/index.php\/2023\/01\/18\/bloco-do-nana-lanca-promocao-especial-na-compra-dos-abadas\/#breadcrumb","itemListElement":[{"@type":"ListItem","position":1,"name":"In\u00edcio","item":"https:\/\/portalmf.com.br\/"},{"@type":"ListItem","position":2,"name":"Bloco do Nana lan\u00e7a promo\u00e7\u00e3o especial na compra dos abad\u00e1s"}]},{"@type":"WebSite","@id":"https:\/\/portalmf.com.br\/#website","url":"https:\/\/portalmf.com.br\/","name":"Portal MF","description":"Voc\u00ea conectado com a informa\u00e7\u00e3o","potentialAction":[{"@type":"SearchAction","target":{"@type":"EntryPoint","urlTemplate":"https:\/\/portalmf.com.br\/?s={search_term_string}"},"query-input":"required name=search_term_string"}],"inLanguage":"pt-BR"},{"@type":"Person","@id":"https:\/\/portalmf.com.br\/#\/schema\/person\/9ec101baf56233e53520c26de5d6f6f0","name":"Reda\u00e7\u00e3o Portal MF","image":{"@type":"ImageObject","inLanguage":"pt-BR","@id":"https:\/\/portalmf.com.br\/#\/schema\/person\/image\/","url":"https:\/\/secure.gravatar.com\/avatar\/41b9aaeb2100835f7c64362330f74c7f?s=96&d=mm&r=g","contentUrl":"https:\/\/secure.gravatar.com\/avatar\/41b9aaeb2100835f7c64362330f74c7f?s=96&d=mm&r=g","caption":"Reda\u00e7\u00e3o Portal MF"},"description":"Sejam bem-vindos o portal de informa\u00e7\u00f5es de entretenimento de Feira de Santana, desde 2006 realiza coberturas dos principais eventos com entrevistas exclusivas com as principais personalidades mundiais. Fique conectado tamb\u00e9m nas redes sociais.","sameAs":["http:\/\/www.portalmf.com.br\/","https:\/\/www.facebook.com\/portalmfoficial","https:\/\/www.instagram.com\/portalmf\/","https:\/\/x.com\/https:\/\/x.com\/portalmfoficial","https:\/\/www.youtube.com\/@portalmfoficial"],"url":"https:\/\/portalmf.com.br\/index.php\/author\/junior\/"}]}},"_links":{"self":[{"href":"https:\/\/portalmf.com.br\/index.php\/wp-json\/wp\/v2\/posts\/8071"}],"collection":[{"href":"https:\/\/portalmf.com.br\/index.php\/wp-json\/wp\/v2\/posts"}],"about":[{"href":"https:\/\/portalmf.com.br\/index.php\/wp-json\/wp\/v2\/types\/post"}],"author":[{"embeddable":true,"href":"https:\/\/portalmf.com.br\/index.php\/wp-json\/wp\/v2\/users\/3"}],"replies":[{"embeddable":true,"href":"https:\/\/portalmf.com.br\/index.php\/wp-json\/wp\/v2\/comments?post=8071"}],"version-history":[{"count":1,"href":"https:\/\/portalmf.com.br\/index.php\/wp-json\/wp\/v2\/posts\/8071\/revisions"}],"predecessor-version":[{"id":8073,"href":"https:\/\/portalmf.com.br\/index.php\/wp-json\/wp\/v2\/posts\/8071\/revisions\/8073"}],"wp:featuredmedia":[{"embeddable":true,"href":"https:\/\/portalmf.com.br\/index.php\/wp-json\/wp\/v2\/media\/8072"}],"wp:attachment":[{"href":"https:\/\/portalmf.com.br\/index.php\/wp-json\/wp\/v2\/media?parent=8071"}],"wp:term":[{"taxonomy":"category","embeddable":true,"href":"https:\/\/portalmf.com.br\/index.php\/wp-json\/wp\/v2\/categories?post=8071"},{"taxonomy":"post_tag","embeddable":true,"href":"https:\/\/portalmf.com.br\/index.php\/wp-json\/wp\/v2\/tags?post=8071"}],"curies":[{"name":"wp","href":"https:\/\/api.w.org\/{rel}","templated":true}]}}