{"id":8049,"date":"2023-01-17T15:38:07","date_gmt":"2023-01-17T18:38:07","guid":{"rendered":"https:\/\/portalmf.com.br\/?p=8049"},"modified":"2023-01-17T15:38:08","modified_gmt":"2023-01-17T18:38:08","slug":"confira-as-atracoes-do-segundo-dia-do-festival-de-forro-de-riachao-do-jacuipe","status":"publish","type":"post","link":"https:\/\/portalmf.com.br\/index.php\/2023\/01\/17\/confira-as-atracoes-do-segundo-dia-do-festival-de-forro-de-riachao-do-jacuipe\/","title":{"rendered":"Confira as atra\u00e7\u00f5es do segundo dia do Festival de Forr\u00f3 de Riach\u00e3o do Jacu\u00edpe"},"content":{"rendered":"\n<p>A programa\u00e7\u00e3o do 1\u00ba Festival de Cultura e Forr\u00f3 de Riach\u00e3o do Jacu\u00edpe tamb\u00e9m reserva grandes emo\u00e7\u00f5es para quem for curtir os shows no dia 28 de janeiro. A organiza\u00e7\u00e3o do evento divulgou nesta segunda-feira (16) a grade de atra\u00e7\u00f5es para o segundo dia de festa, confirmando a presen\u00e7a de Chambinho do Acordeon, Mariana Aydar, Nando Cordel, Trio Nordestino, al\u00e9m da cantora portuguesa Noa (atra\u00e7\u00e3o internacional).<\/p>\n\n\n\n<p>Tamb\u00e9m fazem parte da lista, DJ Preta, Mardio e Milena, Luana Ingry, Pedro Sampaio, Lucinha Owens, Malvadinhos do Forr\u00f3, Del Feliz, Ari PB (Cacau com Leite), Jairo Barboza, Flor Serena, Raphael Moura e Olivan Monteiro.<\/p>\n\n\n\n<p>S\u00e3o mais de 30 atra\u00e7\u00f5es durante os dois dias de muita anima\u00e7\u00e3o, com entrada gratuita para os shows que v\u00e3o come\u00e7ar sempre \u00e0s 18h. Al\u00e9m dos espet\u00e1culos, o festival tamb\u00e9m vai promover workshops, oficinas de dan\u00e7a e sanfona e apresenta\u00e7\u00f5es de cord\u00e9is e poesia, durante o dia, a partir das 14h.<\/p>\n\n\n\n<p>Elba Ramalho, Santanna O Cantador, Mestre Gennaro, Orquestra Sanf\u00f4nica da Bahia e Del Feliz est\u00e3o entre os nomes que sobem ao palco na sexta-feira (27), na estrutura que ser\u00e1 montada na Pra\u00e7a Landulfo Alves. Quarteto de Luiz, Enok e Marquinhos, Marinho (Sela Vaqueira), Carlos Villela, L\u00e9o (Cegueira de N\u00f3), Carol Forrozeira, Raphael Moura, Alice D\u2019\u00c2ngelo, M\u00e1rcia Porto, Carlos Pitta, J\u00f3 Miranda, Ant\u00f4nio Jos\u00e9 e J\u00falio C\u00e9sar completam a lista do primeiro dia.<\/p>\n\n\n\n<p>O Festival de Forr\u00f3 de Riach\u00e3o do Jacu\u00edpe pretende aquecer o turismo cultural e gastron\u00f4mico da regi\u00e3o, enaltecendo a cultura local e contribuindo para a promo\u00e7\u00e3o de munic\u00edpios vizinhos, atraindo as aten\u00e7\u00f5es dos visitantes que v\u00e3o conferir os dois dias de festa.<\/p>\n\n\n\n<p>Mais informa\u00e7\u00f5es est\u00e3o dispon\u00edveis no Instagram @festivaldeforroriachao<\/p>\n","protected":false},"excerpt":{"rendered":"<p>A programa\u00e7\u00e3o do 1\u00ba Festival de Cultura e Forr\u00f3 de Riach\u00e3o do Jacu\u00edpe tamb\u00e9m reserva grandes emo\u00e7\u00f5es para quem for curtir os shows no dia 28 de janeiro. A organiza\u00e7\u00e3o do evento divulgou nesta segunda-feira (16) a grade de atra\u00e7\u00f5es para o segundo dia de festa, confirmando a presen\u00e7a de Chambinho do Acordeon, Mariana Aydar, [&hellip;]<\/p>\n","protected":false},"author":3,"featured_media":8050,"comment_status":"open","ping_status":"open","sticky":false,"template":"","format":"standard","meta":{"_monsterinsights_skip_tracking":false,"_monsterinsights_sitenote_active":false,"_monsterinsights_sitenote_note":"","_monsterinsights_sitenote_category":0,"footnotes":""},"categories":[40],"tags":[],"yoast_head":"<!-- This site is optimized with the Yoast SEO plugin v22.9 - https:\/\/yoast.com\/wordpress\/plugins\/seo\/ -->\n<title>Confira as atra\u00e7\u00f5es do segundo dia do Festival de Forr\u00f3 de Riach\u00e3o do Jacu\u00edpe - Portal MF<\/title>\n<meta name=\"robots\" content=\"index, follow, max-snippet:-1, max-image-preview:large, max-video-preview:-1\" \/>\n<link rel=\"canonical\" href=\"https:\/\/portalmf.com.br\/index.php\/2023\/01\/17\/confira-as-atracoes-do-segundo-dia-do-festival-de-forro-de-riachao-do-jacuipe\/\" \/>\n<meta property=\"og:locale\" content=\"pt_BR\" \/>\n<meta property=\"og:type\" content=\"article\" \/>\n<meta property=\"og:title\" content=\"Confira as atra\u00e7\u00f5es do segundo dia do Festival de Forr\u00f3 de Riach\u00e3o do Jacu\u00edpe - Portal MF\" \/>\n<meta property=\"og:description\" content=\"A programa\u00e7\u00e3o do 1\u00ba Festival de Cultura e Forr\u00f3 de Riach\u00e3o do Jacu\u00edpe tamb\u00e9m reserva grandes emo\u00e7\u00f5es para quem for curtir os shows no dia 28 de janeiro. A organiza\u00e7\u00e3o do evento divulgou nesta segunda-feira (16) a grade de atra\u00e7\u00f5es para o segundo dia de festa, confirmando a presen\u00e7a de Chambinho do Acordeon, Mariana Aydar, [&hellip;]\" \/>\n<meta property=\"og:url\" content=\"https:\/\/portalmf.com.br\/index.php\/2023\/01\/17\/confira-as-atracoes-do-segundo-dia-do-festival-de-forro-de-riachao-do-jacuipe\/\" \/>\n<meta property=\"og:site_name\" content=\"Portal MF\" \/>\n<meta property=\"article:author\" content=\"https:\/\/www.facebook.com\/portalmfoficial\" \/>\n<meta property=\"article:published_time\" content=\"2023-01-17T18:38:07+00:00\" \/>\n<meta property=\"article:modified_time\" content=\"2023-01-17T18:38:08+00:00\" \/>\n<meta property=\"og:image\" content=\"https:\/\/portalmf.com.br\/wp-content\/uploads\/2023\/01\/Chambinho-do-Acordeon.jpeg\" \/>\n\t<meta property=\"og:image:width\" content=\"853\" \/>\n\t<meta property=\"og:image:height\" content=\"770\" \/>\n\t<meta property=\"og:image:type\" content=\"image\/jpeg\" \/>\n<meta name=\"author\" content=\"Reda\u00e7\u00e3o Portal MF\" \/>\n<meta name=\"twitter:card\" content=\"summary_large_image\" \/>\n<meta name=\"twitter:creator\" content=\"@https:\/\/x.com\/portalmfoficial\" \/>\n<meta name=\"twitter:label1\" content=\"Escrito por\" \/>\n\t<meta name=\"twitter:data1\" content=\"Reda\u00e7\u00e3o Portal MF\" \/>\n\t<meta name=\"twitter:label2\" content=\"Est. tempo de leitura\" \/>\n\t<meta name=\"twitter:data2\" content=\"2 minutos\" \/>\n<script type=\"application\/ld+json\" class=\"yoast-schema-graph\">{\"@context\":\"https:\/\/schema.org\",\"@graph\":[{\"@type\":\"WebPage\",\"@id\":\"https:\/\/portalmf.com.br\/index.php\/2023\/01\/17\/confira-as-atracoes-do-segundo-dia-do-festival-de-forro-de-riachao-do-jacuipe\/\",\"url\":\"https:\/\/portalmf.com.br\/index.php\/2023\/01\/17\/confira-as-atracoes-do-segundo-dia-do-festival-de-forro-de-riachao-do-jacuipe\/\",\"name\":\"Confira as atra\u00e7\u00f5es do segundo dia do Festival de Forr\u00f3 de Riach\u00e3o do Jacu\u00edpe - Portal MF\",\"isPartOf\":{\"@id\":\"https:\/\/portalmf.com.br\/#website\"},\"primaryImageOfPage\":{\"@id\":\"https:\/\/portalmf.com.br\/index.php\/2023\/01\/17\/confira-as-atracoes-do-segundo-dia-do-festival-de-forro-de-riachao-do-jacuipe\/#primaryimage\"},\"image\":{\"@id\":\"https:\/\/portalmf.com.br\/index.php\/2023\/01\/17\/confira-as-atracoes-do-segundo-dia-do-festival-de-forro-de-riachao-do-jacuipe\/#primaryimage\"},\"thumbnailUrl\":\"https:\/\/portalmf.com.br\/wp-content\/uploads\/2023\/01\/Chambinho-do-Acordeon.jpeg\",\"datePublished\":\"2023-01-17T18:38:07+00:00\",\"dateModified\":\"2023-01-17T18:38:08+00:00\",\"author\":{\"@id\":\"https:\/\/portalmf.com.br\/#\/schema\/person\/9ec101baf56233e53520c26de5d6f6f0\"},\"breadcrumb\":{\"@id\":\"https:\/\/portalmf.com.br\/index.php\/2023\/01\/17\/confira-as-atracoes-do-segundo-dia-do-festival-de-forro-de-riachao-do-jacuipe\/#breadcrumb\"},\"inLanguage\":\"pt-BR\",\"potentialAction\":[{\"@type\":\"ReadAction\",\"target\":[\"https:\/\/portalmf.com.br\/index.php\/2023\/01\/17\/confira-as-atracoes-do-segundo-dia-do-festival-de-forro-de-riachao-do-jacuipe\/\"]}]},{\"@type\":\"ImageObject\",\"inLanguage\":\"pt-BR\",\"@id\":\"https:\/\/portalmf.com.br\/index.php\/2023\/01\/17\/confira-as-atracoes-do-segundo-dia-do-festival-de-forro-de-riachao-do-jacuipe\/#primaryimage\",\"url\":\"https:\/\/portalmf.com.br\/wp-content\/uploads\/2023\/01\/Chambinho-do-Acordeon.jpeg\",\"contentUrl\":\"https:\/\/portalmf.com.br\/wp-content\/uploads\/2023\/01\/Chambinho-do-Acordeon.jpeg\",\"width\":853,\"height\":770},{\"@type\":\"BreadcrumbList\",\"@id\":\"https:\/\/portalmf.com.br\/index.php\/2023\/01\/17\/confira-as-atracoes-do-segundo-dia-do-festival-de-forro-de-riachao-do-jacuipe\/#breadcrumb\",\"itemListElement\":[{\"@type\":\"ListItem\",\"position\":1,\"name\":\"In\u00edcio\",\"item\":\"https:\/\/portalmf.com.br\/\"},{\"@type\":\"ListItem\",\"position\":2,\"name\":\"Confira as atra\u00e7\u00f5es do segundo dia do Festival de Forr\u00f3 de Riach\u00e3o do Jacu\u00edpe\"}]},{\"@type\":\"WebSite\",\"@id\":\"https:\/\/portalmf.com.br\/#website\",\"url\":\"https:\/\/portalmf.com.br\/\",\"name\":\"Portal MF\",\"description\":\"Voc\u00ea conectado com a informa\u00e7\u00e3o\",\"potentialAction\":[{\"@type\":\"SearchAction\",\"target\":{\"@type\":\"EntryPoint\",\"urlTemplate\":\"https:\/\/portalmf.com.br\/?s={search_term_string}\"},\"query-input\":\"required name=search_term_string\"}],\"inLanguage\":\"pt-BR\"},{\"@type\":\"Person\",\"@id\":\"https:\/\/portalmf.com.br\/#\/schema\/person\/9ec101baf56233e53520c26de5d6f6f0\",\"name\":\"Reda\u00e7\u00e3o Portal MF\",\"image\":{\"@type\":\"ImageObject\",\"inLanguage\":\"pt-BR\",\"@id\":\"https:\/\/portalmf.com.br\/#\/schema\/person\/image\/\",\"url\":\"https:\/\/secure.gravatar.com\/avatar\/41b9aaeb2100835f7c64362330f74c7f?s=96&d=mm&r=g\",\"contentUrl\":\"https:\/\/secure.gravatar.com\/avatar\/41b9aaeb2100835f7c64362330f74c7f?s=96&d=mm&r=g\",\"caption\":\"Reda\u00e7\u00e3o Portal MF\"},\"description\":\"Sejam bem-vindos o portal de informa\u00e7\u00f5es de entretenimento de Feira de Santana, desde 2006 realiza coberturas dos principais eventos com entrevistas exclusivas com as principais personalidades mundiais. Fique conectado tamb\u00e9m nas redes sociais.\",\"sameAs\":[\"http:\/\/www.portalmf.com.br\/\",\"https:\/\/www.facebook.com\/portalmfoficial\",\"https:\/\/www.instagram.com\/portalmf\/\",\"https:\/\/x.com\/https:\/\/x.com\/portalmfoficial\",\"https:\/\/www.youtube.com\/@portalmfoficial\"],\"url\":\"https:\/\/portalmf.com.br\/index.php\/author\/junior\/\"}]}<\/script>\n<!-- \/ Yoast SEO plugin. -->","yoast_head_json":{"title":"Confira as atra\u00e7\u00f5es do segundo dia do Festival de Forr\u00f3 de Riach\u00e3o do Jacu\u00edpe - Portal MF","robots":{"index":"index","follow":"follow","max-snippet":"max-snippet:-1","max-image-preview":"max-image-preview:large","max-video-preview":"max-video-preview:-1"},"canonical":"https:\/\/portalmf.com.br\/index.php\/2023\/01\/17\/confira-as-atracoes-do-segundo-dia-do-festival-de-forro-de-riachao-do-jacuipe\/","og_locale":"pt_BR","og_type":"article","og_title":"Confira as atra\u00e7\u00f5es do segundo dia do Festival de Forr\u00f3 de Riach\u00e3o do Jacu\u00edpe - Portal MF","og_description":"A programa\u00e7\u00e3o do 1\u00ba Festival de Cultura e Forr\u00f3 de Riach\u00e3o do Jacu\u00edpe tamb\u00e9m reserva grandes emo\u00e7\u00f5es para quem for curtir os shows no dia 28 de janeiro. A organiza\u00e7\u00e3o do evento divulgou nesta segunda-feira (16) a grade de atra\u00e7\u00f5es para o segundo dia de festa, confirmando a presen\u00e7a de Chambinho do Acordeon, Mariana Aydar, [&hellip;]","og_url":"https:\/\/portalmf.com.br\/index.php\/2023\/01\/17\/confira-as-atracoes-do-segundo-dia-do-festival-de-forro-de-riachao-do-jacuipe\/","og_site_name":"Portal MF","article_author":"https:\/\/www.facebook.com\/portalmfoficial","article_published_time":"2023-01-17T18:38:07+00:00","article_modified_time":"2023-01-17T18:38:08+00:00","og_image":[{"width":853,"height":770,"url":"https:\/\/portalmf.com.br\/wp-content\/uploads\/2023\/01\/Chambinho-do-Acordeon.jpeg","type":"image\/jpeg"}],"author":"Reda\u00e7\u00e3o Portal MF","twitter_card":"summary_large_image","twitter_creator":"@https:\/\/x.com\/portalmfoficial","twitter_misc":{"Escrito por":"Reda\u00e7\u00e3o Portal MF","Est. tempo de leitura":"2 minutos"},"schema":{"@context":"https:\/\/schema.org","@graph":[{"@type":"WebPage","@id":"https:\/\/portalmf.com.br\/index.php\/2023\/01\/17\/confira-as-atracoes-do-segundo-dia-do-festival-de-forro-de-riachao-do-jacuipe\/","url":"https:\/\/portalmf.com.br\/index.php\/2023\/01\/17\/confira-as-atracoes-do-segundo-dia-do-festival-de-forro-de-riachao-do-jacuipe\/","name":"Confira as atra\u00e7\u00f5es do segundo dia do Festival de Forr\u00f3 de Riach\u00e3o do Jacu\u00edpe - Portal MF","isPartOf":{"@id":"https:\/\/portalmf.com.br\/#website"},"primaryImageOfPage":{"@id":"https:\/\/portalmf.com.br\/index.php\/2023\/01\/17\/confira-as-atracoes-do-segundo-dia-do-festival-de-forro-de-riachao-do-jacuipe\/#primaryimage"},"image":{"@id":"https:\/\/portalmf.com.br\/index.php\/2023\/01\/17\/confira-as-atracoes-do-segundo-dia-do-festival-de-forro-de-riachao-do-jacuipe\/#primaryimage"},"thumbnailUrl":"https:\/\/portalmf.com.br\/wp-content\/uploads\/2023\/01\/Chambinho-do-Acordeon.jpeg","datePublished":"2023-01-17T18:38:07+00:00","dateModified":"2023-01-17T18:38:08+00:00","author":{"@id":"https:\/\/portalmf.com.br\/#\/schema\/person\/9ec101baf56233e53520c26de5d6f6f0"},"breadcrumb":{"@id":"https:\/\/portalmf.com.br\/index.php\/2023\/01\/17\/confira-as-atracoes-do-segundo-dia-do-festival-de-forro-de-riachao-do-jacuipe\/#breadcrumb"},"inLanguage":"pt-BR","potentialAction":[{"@type":"ReadAction","target":["https:\/\/portalmf.com.br\/index.php\/2023\/01\/17\/confira-as-atracoes-do-segundo-dia-do-festival-de-forro-de-riachao-do-jacuipe\/"]}]},{"@type":"ImageObject","inLanguage":"pt-BR","@id":"https:\/\/portalmf.com.br\/index.php\/2023\/01\/17\/confira-as-atracoes-do-segundo-dia-do-festival-de-forro-de-riachao-do-jacuipe\/#primaryimage","url":"https:\/\/portalmf.com.br\/wp-content\/uploads\/2023\/01\/Chambinho-do-Acordeon.jpeg","contentUrl":"https:\/\/portalmf.com.br\/wp-content\/uploads\/2023\/01\/Chambinho-do-Acordeon.jpeg","width":853,"height":770},{"@type":"BreadcrumbList","@id":"https:\/\/portalmf.com.br\/index.php\/2023\/01\/17\/confira-as-atracoes-do-segundo-dia-do-festival-de-forro-de-riachao-do-jacuipe\/#breadcrumb","itemListElement":[{"@type":"ListItem","position":1,"name":"In\u00edcio","item":"https:\/\/portalmf.com.br\/"},{"@type":"ListItem","position":2,"name":"Confira as atra\u00e7\u00f5es do segundo dia do Festival de Forr\u00f3 de Riach\u00e3o do Jacu\u00edpe"}]},{"@type":"WebSite","@id":"https:\/\/portalmf.com.br\/#website","url":"https:\/\/portalmf.com.br\/","name":"Portal MF","description":"Voc\u00ea conectado com a informa\u00e7\u00e3o","potentialAction":[{"@type":"SearchAction","target":{"@type":"EntryPoint","urlTemplate":"https:\/\/portalmf.com.br\/?s={search_term_string}"},"query-input":"required name=search_term_string"}],"inLanguage":"pt-BR"},{"@type":"Person","@id":"https:\/\/portalmf.com.br\/#\/schema\/person\/9ec101baf56233e53520c26de5d6f6f0","name":"Reda\u00e7\u00e3o Portal MF","image":{"@type":"ImageObject","inLanguage":"pt-BR","@id":"https:\/\/portalmf.com.br\/#\/schema\/person\/image\/","url":"https:\/\/secure.gravatar.com\/avatar\/41b9aaeb2100835f7c64362330f74c7f?s=96&d=mm&r=g","contentUrl":"https:\/\/secure.gravatar.com\/avatar\/41b9aaeb2100835f7c64362330f74c7f?s=96&d=mm&r=g","caption":"Reda\u00e7\u00e3o Portal MF"},"description":"Sejam bem-vindos o portal de informa\u00e7\u00f5es de entretenimento de Feira de Santana, desde 2006 realiza coberturas dos principais eventos com entrevistas exclusivas com as principais personalidades mundiais. Fique conectado tamb\u00e9m nas redes sociais.","sameAs":["http:\/\/www.portalmf.com.br\/","https:\/\/www.facebook.com\/portalmfoficial","https:\/\/www.instagram.com\/portalmf\/","https:\/\/x.com\/https:\/\/x.com\/portalmfoficial","https:\/\/www.youtube.com\/@portalmfoficial"],"url":"https:\/\/portalmf.com.br\/index.php\/author\/junior\/"}]}},"_links":{"self":[{"href":"https:\/\/portalmf.com.br\/index.php\/wp-json\/wp\/v2\/posts\/8049"}],"collection":[{"href":"https:\/\/portalmf.com.br\/index.php\/wp-json\/wp\/v2\/posts"}],"about":[{"href":"https:\/\/portalmf.com.br\/index.php\/wp-json\/wp\/v2\/types\/post"}],"author":[{"embeddable":true,"href":"https:\/\/portalmf.com.br\/index.php\/wp-json\/wp\/v2\/users\/3"}],"replies":[{"embeddable":true,"href":"https:\/\/portalmf.com.br\/index.php\/wp-json\/wp\/v2\/comments?post=8049"}],"version-history":[{"count":1,"href":"https:\/\/portalmf.com.br\/index.php\/wp-json\/wp\/v2\/posts\/8049\/revisions"}],"predecessor-version":[{"id":8051,"href":"https:\/\/portalmf.com.br\/index.php\/wp-json\/wp\/v2\/posts\/8049\/revisions\/8051"}],"wp:featuredmedia":[{"embeddable":true,"href":"https:\/\/portalmf.com.br\/index.php\/wp-json\/wp\/v2\/media\/8050"}],"wp:attachment":[{"href":"https:\/\/portalmf.com.br\/index.php\/wp-json\/wp\/v2\/media?parent=8049"}],"wp:term":[{"taxonomy":"category","embeddable":true,"href":"https:\/\/portalmf.com.br\/index.php\/wp-json\/wp\/v2\/categories?post=8049"},{"taxonomy":"post_tag","embeddable":true,"href":"https:\/\/portalmf.com.br\/index.php\/wp-json\/wp\/v2\/tags?post=8049"}],"curies":[{"name":"wp","href":"https:\/\/api.w.org\/{rel}","templated":true}]}}