{"id":8046,"date":"2023-01-11T15:31:00","date_gmt":"2023-01-11T18:31:00","guid":{"rendered":"https:\/\/portalmf.com.br\/?p=8046"},"modified":"2023-01-17T15:33:13","modified_gmt":"2023-01-17T18:33:13","slug":"festival-de-forro-de-riachao-divulga-grade-de-atracoes-do-primeiro-dia-de-festa","status":"publish","type":"post","link":"https:\/\/portalmf.com.br\/index.php\/2023\/01\/11\/festival-de-forro-de-riachao-divulga-grade-de-atracoes-do-primeiro-dia-de-festa\/","title":{"rendered":"Festival de Forr\u00f3 de Riach\u00e3o divulga grade de atra\u00e7\u00f5es do primeiro dia de festa"},"content":{"rendered":"\n<p>Uma apresenta\u00e7\u00e3o de sanfoneiros com a presen\u00e7a de autoridades em uma coletiva de imprensa abre a programa\u00e7\u00e3o do 1\u00ba Festival de Cultura e Forr\u00f3 de Riach\u00e3o do Jacu\u00edpe no dia 27 de janeiro, \u00e0s 14h. A grade de atra\u00e7\u00f5es do primeiro dia de festa foi divulgada nesta quarta-feira (11) pela organiza\u00e7\u00e3o do evento.<\/p>\n\n\n\n<p>Elba Ramalho, Santanna O Cantador, Mestre Gennaro, Orquestra Sanf\u00f4nica da Bahia e Del Feliz est\u00e3o entre os nomes que sobem ao palco na sexta-feira (27), na estrutura que ser\u00e1 montada na Pra\u00e7a Landulfo Alves.<\/p>\n\n\n\n<p>Tamb\u00e9m fazem parte da lista o Quarteto de Luiz, Enok e Marquinhos, Marinho (Sela Vaqueira), Carlos Villela, L\u00e9o (Cegueira de N\u00f3), Carol Forrozeira, Raphael Moura, Alice D\u2019\u00c2ngelo, M\u00e1rcia Porto, Carlos Pitta, J\u00f3 Miranda, Ant\u00f4nio Jos\u00e9 e J\u00falio C\u00e9sar.<\/p>\n\n\n\n<p>S\u00e3o mais de 30 atra\u00e7\u00f5es durante os dois dias de muita anima\u00e7\u00e3o, com entrada gratuita para os shows que v\u00e3o come\u00e7ar sempre \u00e0s 18h. Al\u00e9m dos espet\u00e1culos, o festival tamb\u00e9m vai promover workshops, oficinas de dan\u00e7a e sanfona e apresenta\u00e7\u00f5es de cord\u00e9is e poesia, durante o dia, a partir das 14h.<\/p>\n\n\n\n<p>O Festival de Forr\u00f3 de Riach\u00e3o do Jacu\u00edpe pretende aquecer o turismo cultural e gastron\u00f4mico da regi\u00e3o, enaltecendo a cultura local e contribuindo para a promo\u00e7\u00e3o de munic\u00edpios vizinhos, atraindo as aten\u00e7\u00f5es dos visitantes que v\u00e3o conferir os dois dias de festa.<\/p>\n\n\n\n<p>Mais informa\u00e7\u00f5es est\u00e3o dispon\u00edveis no Instagram @festivaldeforroriachao<\/p>\n","protected":false},"excerpt":{"rendered":"<p>Uma apresenta\u00e7\u00e3o de sanfoneiros com a presen\u00e7a de autoridades em uma coletiva de imprensa abre a programa\u00e7\u00e3o do 1\u00ba Festival de Cultura e Forr\u00f3 de Riach\u00e3o do Jacu\u00edpe no dia 27 de janeiro, \u00e0s 14h. A grade de atra\u00e7\u00f5es do primeiro dia de festa foi divulgada nesta quarta-feira (11) pela organiza\u00e7\u00e3o do evento. Elba Ramalho, [&hellip;]<\/p>\n","protected":false},"author":3,"featured_media":8047,"comment_status":"open","ping_status":"open","sticky":false,"template":"","format":"standard","meta":{"_monsterinsights_skip_tracking":false,"_monsterinsights_sitenote_active":false,"_monsterinsights_sitenote_note":"","_monsterinsights_sitenote_category":0,"footnotes":""},"categories":[40],"tags":[],"yoast_head":"<!-- This site is optimized with the Yoast SEO plugin v22.9 - https:\/\/yoast.com\/wordpress\/plugins\/seo\/ -->\n<title>Festival de Forr\u00f3 de Riach\u00e3o divulga grade de atra\u00e7\u00f5es do primeiro dia de festa - Portal MF<\/title>\n<meta name=\"robots\" content=\"index, follow, max-snippet:-1, max-image-preview:large, max-video-preview:-1\" \/>\n<link rel=\"canonical\" href=\"https:\/\/portalmf.com.br\/index.php\/2023\/01\/11\/festival-de-forro-de-riachao-divulga-grade-de-atracoes-do-primeiro-dia-de-festa\/\" \/>\n<meta property=\"og:locale\" content=\"pt_BR\" \/>\n<meta property=\"og:type\" content=\"article\" \/>\n<meta property=\"og:title\" content=\"Festival de Forr\u00f3 de Riach\u00e3o divulga grade de atra\u00e7\u00f5es do primeiro dia de festa - Portal MF\" \/>\n<meta property=\"og:description\" content=\"Uma apresenta\u00e7\u00e3o de sanfoneiros com a presen\u00e7a de autoridades em uma coletiva de imprensa abre a programa\u00e7\u00e3o do 1\u00ba Festival de Cultura e Forr\u00f3 de Riach\u00e3o do Jacu\u00edpe no dia 27 de janeiro, \u00e0s 14h. A grade de atra\u00e7\u00f5es do primeiro dia de festa foi divulgada nesta quarta-feira (11) pela organiza\u00e7\u00e3o do evento. Elba Ramalho, [&hellip;]\" \/>\n<meta property=\"og:url\" content=\"https:\/\/portalmf.com.br\/index.php\/2023\/01\/11\/festival-de-forro-de-riachao-divulga-grade-de-atracoes-do-primeiro-dia-de-festa\/\" \/>\n<meta property=\"og:site_name\" content=\"Portal MF\" \/>\n<meta property=\"article:author\" content=\"https:\/\/www.facebook.com\/portalmfoficial\" \/>\n<meta property=\"article:published_time\" content=\"2023-01-11T18:31:00+00:00\" \/>\n<meta property=\"article:modified_time\" content=\"2023-01-17T18:33:13+00:00\" \/>\n<meta property=\"og:image\" content=\"https:\/\/portalmf.com.br\/wp-content\/uploads\/2023\/01\/WhatsApp-Image-2023-01-17-at-13.27.42.jpeg\" \/>\n\t<meta property=\"og:image:width\" content=\"1305\" \/>\n\t<meta property=\"og:image:height\" content=\"870\" \/>\n\t<meta property=\"og:image:type\" content=\"image\/jpeg\" \/>\n<meta name=\"author\" content=\"Reda\u00e7\u00e3o Portal MF\" \/>\n<meta name=\"twitter:card\" content=\"summary_large_image\" \/>\n<meta name=\"twitter:creator\" content=\"@https:\/\/x.com\/portalmfoficial\" \/>\n<meta name=\"twitter:label1\" content=\"Escrito por\" \/>\n\t<meta name=\"twitter:data1\" content=\"Reda\u00e7\u00e3o Portal MF\" \/>\n\t<meta name=\"twitter:label2\" content=\"Est. tempo de leitura\" \/>\n\t<meta name=\"twitter:data2\" content=\"2 minutos\" \/>\n<script type=\"application\/ld+json\" class=\"yoast-schema-graph\">{\"@context\":\"https:\/\/schema.org\",\"@graph\":[{\"@type\":\"WebPage\",\"@id\":\"https:\/\/portalmf.com.br\/index.php\/2023\/01\/11\/festival-de-forro-de-riachao-divulga-grade-de-atracoes-do-primeiro-dia-de-festa\/\",\"url\":\"https:\/\/portalmf.com.br\/index.php\/2023\/01\/11\/festival-de-forro-de-riachao-divulga-grade-de-atracoes-do-primeiro-dia-de-festa\/\",\"name\":\"Festival de Forr\u00f3 de Riach\u00e3o divulga grade de atra\u00e7\u00f5es do primeiro dia de festa - Portal MF\",\"isPartOf\":{\"@id\":\"https:\/\/portalmf.com.br\/#website\"},\"primaryImageOfPage\":{\"@id\":\"https:\/\/portalmf.com.br\/index.php\/2023\/01\/11\/festival-de-forro-de-riachao-divulga-grade-de-atracoes-do-primeiro-dia-de-festa\/#primaryimage\"},\"image\":{\"@id\":\"https:\/\/portalmf.com.br\/index.php\/2023\/01\/11\/festival-de-forro-de-riachao-divulga-grade-de-atracoes-do-primeiro-dia-de-festa\/#primaryimage\"},\"thumbnailUrl\":\"https:\/\/portalmf.com.br\/wp-content\/uploads\/2023\/01\/WhatsApp-Image-2023-01-17-at-13.27.42.jpeg\",\"datePublished\":\"2023-01-11T18:31:00+00:00\",\"dateModified\":\"2023-01-17T18:33:13+00:00\",\"author\":{\"@id\":\"https:\/\/portalmf.com.br\/#\/schema\/person\/9ec101baf56233e53520c26de5d6f6f0\"},\"breadcrumb\":{\"@id\":\"https:\/\/portalmf.com.br\/index.php\/2023\/01\/11\/festival-de-forro-de-riachao-divulga-grade-de-atracoes-do-primeiro-dia-de-festa\/#breadcrumb\"},\"inLanguage\":\"pt-BR\",\"potentialAction\":[{\"@type\":\"ReadAction\",\"target\":[\"https:\/\/portalmf.com.br\/index.php\/2023\/01\/11\/festival-de-forro-de-riachao-divulga-grade-de-atracoes-do-primeiro-dia-de-festa\/\"]}]},{\"@type\":\"ImageObject\",\"inLanguage\":\"pt-BR\",\"@id\":\"https:\/\/portalmf.com.br\/index.php\/2023\/01\/11\/festival-de-forro-de-riachao-divulga-grade-de-atracoes-do-primeiro-dia-de-festa\/#primaryimage\",\"url\":\"https:\/\/portalmf.com.br\/wp-content\/uploads\/2023\/01\/WhatsApp-Image-2023-01-17-at-13.27.42.jpeg\",\"contentUrl\":\"https:\/\/portalmf.com.br\/wp-content\/uploads\/2023\/01\/WhatsApp-Image-2023-01-17-at-13.27.42.jpeg\",\"width\":1305,\"height\":870},{\"@type\":\"BreadcrumbList\",\"@id\":\"https:\/\/portalmf.com.br\/index.php\/2023\/01\/11\/festival-de-forro-de-riachao-divulga-grade-de-atracoes-do-primeiro-dia-de-festa\/#breadcrumb\",\"itemListElement\":[{\"@type\":\"ListItem\",\"position\":1,\"name\":\"In\u00edcio\",\"item\":\"https:\/\/portalmf.com.br\/\"},{\"@type\":\"ListItem\",\"position\":2,\"name\":\"Festival de Forr\u00f3 de Riach\u00e3o divulga grade de atra\u00e7\u00f5es do primeiro dia de festa\"}]},{\"@type\":\"WebSite\",\"@id\":\"https:\/\/portalmf.com.br\/#website\",\"url\":\"https:\/\/portalmf.com.br\/\",\"name\":\"Portal MF\",\"description\":\"Voc\u00ea conectado com a informa\u00e7\u00e3o\",\"potentialAction\":[{\"@type\":\"SearchAction\",\"target\":{\"@type\":\"EntryPoint\",\"urlTemplate\":\"https:\/\/portalmf.com.br\/?s={search_term_string}\"},\"query-input\":\"required name=search_term_string\"}],\"inLanguage\":\"pt-BR\"},{\"@type\":\"Person\",\"@id\":\"https:\/\/portalmf.com.br\/#\/schema\/person\/9ec101baf56233e53520c26de5d6f6f0\",\"name\":\"Reda\u00e7\u00e3o Portal MF\",\"image\":{\"@type\":\"ImageObject\",\"inLanguage\":\"pt-BR\",\"@id\":\"https:\/\/portalmf.com.br\/#\/schema\/person\/image\/\",\"url\":\"https:\/\/secure.gravatar.com\/avatar\/41b9aaeb2100835f7c64362330f74c7f?s=96&d=mm&r=g\",\"contentUrl\":\"https:\/\/secure.gravatar.com\/avatar\/41b9aaeb2100835f7c64362330f74c7f?s=96&d=mm&r=g\",\"caption\":\"Reda\u00e7\u00e3o Portal MF\"},\"description\":\"Sejam bem-vindos o portal de informa\u00e7\u00f5es de entretenimento de Feira de Santana, desde 2006 realiza coberturas dos principais eventos com entrevistas exclusivas com as principais personalidades mundiais. Fique conectado tamb\u00e9m nas redes sociais.\",\"sameAs\":[\"http:\/\/www.portalmf.com.br\/\",\"https:\/\/www.facebook.com\/portalmfoficial\",\"https:\/\/www.instagram.com\/portalmf\/\",\"https:\/\/x.com\/https:\/\/x.com\/portalmfoficial\",\"https:\/\/www.youtube.com\/@portalmfoficial\"],\"url\":\"https:\/\/portalmf.com.br\/index.php\/author\/junior\/\"}]}<\/script>\n<!-- \/ Yoast SEO plugin. -->","yoast_head_json":{"title":"Festival de Forr\u00f3 de Riach\u00e3o divulga grade de atra\u00e7\u00f5es do primeiro dia de festa - Portal MF","robots":{"index":"index","follow":"follow","max-snippet":"max-snippet:-1","max-image-preview":"max-image-preview:large","max-video-preview":"max-video-preview:-1"},"canonical":"https:\/\/portalmf.com.br\/index.php\/2023\/01\/11\/festival-de-forro-de-riachao-divulga-grade-de-atracoes-do-primeiro-dia-de-festa\/","og_locale":"pt_BR","og_type":"article","og_title":"Festival de Forr\u00f3 de Riach\u00e3o divulga grade de atra\u00e7\u00f5es do primeiro dia de festa - Portal MF","og_description":"Uma apresenta\u00e7\u00e3o de sanfoneiros com a presen\u00e7a de autoridades em uma coletiva de imprensa abre a programa\u00e7\u00e3o do 1\u00ba Festival de Cultura e Forr\u00f3 de Riach\u00e3o do Jacu\u00edpe no dia 27 de janeiro, \u00e0s 14h. A grade de atra\u00e7\u00f5es do primeiro dia de festa foi divulgada nesta quarta-feira (11) pela organiza\u00e7\u00e3o do evento. Elba Ramalho, [&hellip;]","og_url":"https:\/\/portalmf.com.br\/index.php\/2023\/01\/11\/festival-de-forro-de-riachao-divulga-grade-de-atracoes-do-primeiro-dia-de-festa\/","og_site_name":"Portal MF","article_author":"https:\/\/www.facebook.com\/portalmfoficial","article_published_time":"2023-01-11T18:31:00+00:00","article_modified_time":"2023-01-17T18:33:13+00:00","og_image":[{"width":1305,"height":870,"url":"https:\/\/portalmf.com.br\/wp-content\/uploads\/2023\/01\/WhatsApp-Image-2023-01-17-at-13.27.42.jpeg","type":"image\/jpeg"}],"author":"Reda\u00e7\u00e3o Portal MF","twitter_card":"summary_large_image","twitter_creator":"@https:\/\/x.com\/portalmfoficial","twitter_misc":{"Escrito por":"Reda\u00e7\u00e3o Portal MF","Est. tempo de leitura":"2 minutos"},"schema":{"@context":"https:\/\/schema.org","@graph":[{"@type":"WebPage","@id":"https:\/\/portalmf.com.br\/index.php\/2023\/01\/11\/festival-de-forro-de-riachao-divulga-grade-de-atracoes-do-primeiro-dia-de-festa\/","url":"https:\/\/portalmf.com.br\/index.php\/2023\/01\/11\/festival-de-forro-de-riachao-divulga-grade-de-atracoes-do-primeiro-dia-de-festa\/","name":"Festival de Forr\u00f3 de Riach\u00e3o divulga grade de atra\u00e7\u00f5es do primeiro dia de festa - Portal MF","isPartOf":{"@id":"https:\/\/portalmf.com.br\/#website"},"primaryImageOfPage":{"@id":"https:\/\/portalmf.com.br\/index.php\/2023\/01\/11\/festival-de-forro-de-riachao-divulga-grade-de-atracoes-do-primeiro-dia-de-festa\/#primaryimage"},"image":{"@id":"https:\/\/portalmf.com.br\/index.php\/2023\/01\/11\/festival-de-forro-de-riachao-divulga-grade-de-atracoes-do-primeiro-dia-de-festa\/#primaryimage"},"thumbnailUrl":"https:\/\/portalmf.com.br\/wp-content\/uploads\/2023\/01\/WhatsApp-Image-2023-01-17-at-13.27.42.jpeg","datePublished":"2023-01-11T18:31:00+00:00","dateModified":"2023-01-17T18:33:13+00:00","author":{"@id":"https:\/\/portalmf.com.br\/#\/schema\/person\/9ec101baf56233e53520c26de5d6f6f0"},"breadcrumb":{"@id":"https:\/\/portalmf.com.br\/index.php\/2023\/01\/11\/festival-de-forro-de-riachao-divulga-grade-de-atracoes-do-primeiro-dia-de-festa\/#breadcrumb"},"inLanguage":"pt-BR","potentialAction":[{"@type":"ReadAction","target":["https:\/\/portalmf.com.br\/index.php\/2023\/01\/11\/festival-de-forro-de-riachao-divulga-grade-de-atracoes-do-primeiro-dia-de-festa\/"]}]},{"@type":"ImageObject","inLanguage":"pt-BR","@id":"https:\/\/portalmf.com.br\/index.php\/2023\/01\/11\/festival-de-forro-de-riachao-divulga-grade-de-atracoes-do-primeiro-dia-de-festa\/#primaryimage","url":"https:\/\/portalmf.com.br\/wp-content\/uploads\/2023\/01\/WhatsApp-Image-2023-01-17-at-13.27.42.jpeg","contentUrl":"https:\/\/portalmf.com.br\/wp-content\/uploads\/2023\/01\/WhatsApp-Image-2023-01-17-at-13.27.42.jpeg","width":1305,"height":870},{"@type":"BreadcrumbList","@id":"https:\/\/portalmf.com.br\/index.php\/2023\/01\/11\/festival-de-forro-de-riachao-divulga-grade-de-atracoes-do-primeiro-dia-de-festa\/#breadcrumb","itemListElement":[{"@type":"ListItem","position":1,"name":"In\u00edcio","item":"https:\/\/portalmf.com.br\/"},{"@type":"ListItem","position":2,"name":"Festival de Forr\u00f3 de Riach\u00e3o divulga grade de atra\u00e7\u00f5es do primeiro dia de festa"}]},{"@type":"WebSite","@id":"https:\/\/portalmf.com.br\/#website","url":"https:\/\/portalmf.com.br\/","name":"Portal MF","description":"Voc\u00ea conectado com a informa\u00e7\u00e3o","potentialAction":[{"@type":"SearchAction","target":{"@type":"EntryPoint","urlTemplate":"https:\/\/portalmf.com.br\/?s={search_term_string}"},"query-input":"required name=search_term_string"}],"inLanguage":"pt-BR"},{"@type":"Person","@id":"https:\/\/portalmf.com.br\/#\/schema\/person\/9ec101baf56233e53520c26de5d6f6f0","name":"Reda\u00e7\u00e3o Portal MF","image":{"@type":"ImageObject","inLanguage":"pt-BR","@id":"https:\/\/portalmf.com.br\/#\/schema\/person\/image\/","url":"https:\/\/secure.gravatar.com\/avatar\/41b9aaeb2100835f7c64362330f74c7f?s=96&d=mm&r=g","contentUrl":"https:\/\/secure.gravatar.com\/avatar\/41b9aaeb2100835f7c64362330f74c7f?s=96&d=mm&r=g","caption":"Reda\u00e7\u00e3o Portal MF"},"description":"Sejam bem-vindos o portal de informa\u00e7\u00f5es de entretenimento de Feira de Santana, desde 2006 realiza coberturas dos principais eventos com entrevistas exclusivas com as principais personalidades mundiais. Fique conectado tamb\u00e9m nas redes sociais.","sameAs":["http:\/\/www.portalmf.com.br\/","https:\/\/www.facebook.com\/portalmfoficial","https:\/\/www.instagram.com\/portalmf\/","https:\/\/x.com\/https:\/\/x.com\/portalmfoficial","https:\/\/www.youtube.com\/@portalmfoficial"],"url":"https:\/\/portalmf.com.br\/index.php\/author\/junior\/"}]}},"_links":{"self":[{"href":"https:\/\/portalmf.com.br\/index.php\/wp-json\/wp\/v2\/posts\/8046"}],"collection":[{"href":"https:\/\/portalmf.com.br\/index.php\/wp-json\/wp\/v2\/posts"}],"about":[{"href":"https:\/\/portalmf.com.br\/index.php\/wp-json\/wp\/v2\/types\/post"}],"author":[{"embeddable":true,"href":"https:\/\/portalmf.com.br\/index.php\/wp-json\/wp\/v2\/users\/3"}],"replies":[{"embeddable":true,"href":"https:\/\/portalmf.com.br\/index.php\/wp-json\/wp\/v2\/comments?post=8046"}],"version-history":[{"count":1,"href":"https:\/\/portalmf.com.br\/index.php\/wp-json\/wp\/v2\/posts\/8046\/revisions"}],"predecessor-version":[{"id":8048,"href":"https:\/\/portalmf.com.br\/index.php\/wp-json\/wp\/v2\/posts\/8046\/revisions\/8048"}],"wp:featuredmedia":[{"embeddable":true,"href":"https:\/\/portalmf.com.br\/index.php\/wp-json\/wp\/v2\/media\/8047"}],"wp:attachment":[{"href":"https:\/\/portalmf.com.br\/index.php\/wp-json\/wp\/v2\/media?parent=8046"}],"wp:term":[{"taxonomy":"category","embeddable":true,"href":"https:\/\/portalmf.com.br\/index.php\/wp-json\/wp\/v2\/categories?post=8046"},{"taxonomy":"post_tag","embeddable":true,"href":"https:\/\/portalmf.com.br\/index.php\/wp-json\/wp\/v2\/tags?post=8046"}],"curies":[{"name":"wp","href":"https:\/\/api.w.org\/{rel}","templated":true}]}}