{"id":8044,"date":"2023-01-17T14:58:47","date_gmt":"2023-01-17T17:58:47","guid":{"rendered":"https:\/\/portalmf.com.br\/?p=8044"},"modified":"2023-01-17T14:58:48","modified_gmt":"2023-01-17T17:58:48","slug":"bloco-de-gusttavo-lima-e-adiado-para-o-carnaval-2024","status":"publish","type":"post","link":"https:\/\/portalmf.com.br\/index.php\/2023\/01\/17\/bloco-de-gusttavo-lima-e-adiado-para-o-carnaval-2024\/","title":{"rendered":"Bloco de Gusttavo Lima \u00e9 adiado para o carnaval 2024"},"content":{"rendered":"\n<p>Os f\u00e3s de Gusttavo Lima ter\u00e3o de reprogramar a rota durante o carnaval 2023. Segundo apura\u00e7\u00e3o do iBahia, o Bloco do Embaixador foi adiado para o pr\u00f3ximo ano.&nbsp;O sertanejo iria desfilar no circuito Dod\u00f4 (Barra-Ondina) no dia 20 de fevereiro.<\/p>\n\n\n\n<p>Os foli\u00f5es que tivesem interesse em participar do tinham de&nbsp;investir o valor de R$ 1.000&nbsp;no abad\u00e1. Os pre\u00e7os dos ingressos causaram pol\u00eamicas entre internautas.<\/p>\n\n\n\n<p>Como publicado primeiramente pelo\u00a0iBahia, o primeiro lote do Bloco Coruja, de Ivete Sangalo, por exemplo, custou R$ 860 e foi esgotado em apenas duas horas. Os novos lotes do bloco da artista j\u00e1 custam mais do que o que foi cobrado pelo Embaixador. Para desfilar com Ivete em 2023, quem quiser comprar nos locais oficiais ter\u00e1 que investir no m\u00ednimo R$ 1.100.<\/p>\n\n\n\n<p>O abad\u00e1 do sertanejo conseguiu ser mais caro que o de Bell Marques em um dos dias do Vumbora. A sexta-feira (17), com o veterano sai por R$ 800.<\/p>\n\n\n\n<p>Com Claudia Leitte no Blow Out e Largadinho, cada um sai por R$ 600. e Daniela Mercury, no Crocodilo, o desfile sai a partir de R$ 560. O Bloco do Nana, com L\u00e9o Santana \u00e9 da lista dos acess\u00edveis e custa R$ 340 na sexta e R$ 420 no s\u00e1bado.<\/p>\n\n\n\n<p>Al\u00e9m das cr\u00edticas pelo valor alto, muito foi falado nas redes sociais sobre a descaracteriza\u00e7\u00e3o do Carnaval com a participa\u00e7\u00e3o do sertanejo na festa.<\/p>\n\n\n\n<p>Com informa\u00e7\u00f5es do Ibahia<\/p>\n","protected":false},"excerpt":{"rendered":"<p>Os f\u00e3s de Gusttavo Lima ter\u00e3o de reprogramar a rota durante o carnaval 2023. Segundo apura\u00e7\u00e3o do iBahia, o Bloco do Embaixador foi adiado para o pr\u00f3ximo ano.&nbsp;O sertanejo iria desfilar no circuito Dod\u00f4 (Barra-Ondina) no dia 20 de fevereiro. Os foli\u00f5es que tivesem interesse em participar do tinham de&nbsp;investir o valor de R$ 1.000&nbsp;no [&hellip;]<\/p>\n","protected":false},"author":3,"featured_media":5377,"comment_status":"open","ping_status":"open","sticky":false,"template":"","format":"standard","meta":{"_monsterinsights_skip_tracking":false,"_monsterinsights_sitenote_active":false,"_monsterinsights_sitenote_note":"","_monsterinsights_sitenote_category":0,"footnotes":""},"categories":[44,47],"tags":[],"yoast_head":"<!-- This site is optimized with the Yoast SEO plugin v22.9 - https:\/\/yoast.com\/wordpress\/plugins\/seo\/ -->\n<title>Bloco de Gusttavo Lima \u00e9 adiado para o carnaval 2024 - Portal MF<\/title>\n<meta name=\"robots\" content=\"index, follow, max-snippet:-1, max-image-preview:large, max-video-preview:-1\" \/>\n<link rel=\"canonical\" href=\"https:\/\/portalmf.com.br\/index.php\/2023\/01\/17\/bloco-de-gusttavo-lima-e-adiado-para-o-carnaval-2024\/\" \/>\n<meta property=\"og:locale\" content=\"pt_BR\" \/>\n<meta property=\"og:type\" content=\"article\" \/>\n<meta property=\"og:title\" content=\"Bloco de Gusttavo Lima \u00e9 adiado para o carnaval 2024 - Portal MF\" \/>\n<meta property=\"og:description\" content=\"Os f\u00e3s de Gusttavo Lima ter\u00e3o de reprogramar a rota durante o carnaval 2023. Segundo apura\u00e7\u00e3o do iBahia, o Bloco do Embaixador foi adiado para o pr\u00f3ximo ano.&nbsp;O sertanejo iria desfilar no circuito Dod\u00f4 (Barra-Ondina) no dia 20 de fevereiro. Os foli\u00f5es que tivesem interesse em participar do tinham de&nbsp;investir o valor de R$ 1.000&nbsp;no [&hellip;]\" \/>\n<meta property=\"og:url\" content=\"https:\/\/portalmf.com.br\/index.php\/2023\/01\/17\/bloco-de-gusttavo-lima-e-adiado-para-o-carnaval-2024\/\" \/>\n<meta property=\"og:site_name\" content=\"Portal MF\" \/>\n<meta property=\"article:author\" content=\"https:\/\/www.facebook.com\/portalmfoficial\" \/>\n<meta property=\"article:published_time\" content=\"2023-01-17T17:58:47+00:00\" \/>\n<meta property=\"article:modified_time\" content=\"2023-01-17T17:58:48+00:00\" \/>\n<meta property=\"og:image\" content=\"https:\/\/portalmf.com.br\/wp-content\/uploads\/2022\/10\/Gusttavo-Lima.jpg\" \/>\n\t<meta property=\"og:image:width\" content=\"900\" \/>\n\t<meta property=\"og:image:height\" content=\"506\" \/>\n\t<meta property=\"og:image:type\" content=\"image\/jpeg\" \/>\n<meta name=\"author\" content=\"Reda\u00e7\u00e3o Portal MF\" \/>\n<meta name=\"twitter:card\" content=\"summary_large_image\" \/>\n<meta name=\"twitter:creator\" content=\"@https:\/\/x.com\/portalmfoficial\" \/>\n<meta name=\"twitter:label1\" content=\"Escrito por\" \/>\n\t<meta name=\"twitter:data1\" content=\"Reda\u00e7\u00e3o Portal MF\" \/>\n\t<meta name=\"twitter:label2\" content=\"Est. tempo de leitura\" \/>\n\t<meta name=\"twitter:data2\" content=\"2 minutos\" \/>\n<script type=\"application\/ld+json\" class=\"yoast-schema-graph\">{\"@context\":\"https:\/\/schema.org\",\"@graph\":[{\"@type\":\"WebPage\",\"@id\":\"https:\/\/portalmf.com.br\/index.php\/2023\/01\/17\/bloco-de-gusttavo-lima-e-adiado-para-o-carnaval-2024\/\",\"url\":\"https:\/\/portalmf.com.br\/index.php\/2023\/01\/17\/bloco-de-gusttavo-lima-e-adiado-para-o-carnaval-2024\/\",\"name\":\"Bloco de Gusttavo Lima \u00e9 adiado para o carnaval 2024 - Portal MF\",\"isPartOf\":{\"@id\":\"https:\/\/portalmf.com.br\/#website\"},\"primaryImageOfPage\":{\"@id\":\"https:\/\/portalmf.com.br\/index.php\/2023\/01\/17\/bloco-de-gusttavo-lima-e-adiado-para-o-carnaval-2024\/#primaryimage\"},\"image\":{\"@id\":\"https:\/\/portalmf.com.br\/index.php\/2023\/01\/17\/bloco-de-gusttavo-lima-e-adiado-para-o-carnaval-2024\/#primaryimage\"},\"thumbnailUrl\":\"https:\/\/portalmf.com.br\/wp-content\/uploads\/2022\/10\/Gusttavo-Lima.jpg\",\"datePublished\":\"2023-01-17T17:58:47+00:00\",\"dateModified\":\"2023-01-17T17:58:48+00:00\",\"author\":{\"@id\":\"https:\/\/portalmf.com.br\/#\/schema\/person\/9ec101baf56233e53520c26de5d6f6f0\"},\"breadcrumb\":{\"@id\":\"https:\/\/portalmf.com.br\/index.php\/2023\/01\/17\/bloco-de-gusttavo-lima-e-adiado-para-o-carnaval-2024\/#breadcrumb\"},\"inLanguage\":\"pt-BR\",\"potentialAction\":[{\"@type\":\"ReadAction\",\"target\":[\"https:\/\/portalmf.com.br\/index.php\/2023\/01\/17\/bloco-de-gusttavo-lima-e-adiado-para-o-carnaval-2024\/\"]}]},{\"@type\":\"ImageObject\",\"inLanguage\":\"pt-BR\",\"@id\":\"https:\/\/portalmf.com.br\/index.php\/2023\/01\/17\/bloco-de-gusttavo-lima-e-adiado-para-o-carnaval-2024\/#primaryimage\",\"url\":\"https:\/\/portalmf.com.br\/wp-content\/uploads\/2022\/10\/Gusttavo-Lima.jpg\",\"contentUrl\":\"https:\/\/portalmf.com.br\/wp-content\/uploads\/2022\/10\/Gusttavo-Lima.jpg\",\"width\":900,\"height\":506},{\"@type\":\"BreadcrumbList\",\"@id\":\"https:\/\/portalmf.com.br\/index.php\/2023\/01\/17\/bloco-de-gusttavo-lima-e-adiado-para-o-carnaval-2024\/#breadcrumb\",\"itemListElement\":[{\"@type\":\"ListItem\",\"position\":1,\"name\":\"In\u00edcio\",\"item\":\"https:\/\/portalmf.com.br\/\"},{\"@type\":\"ListItem\",\"position\":2,\"name\":\"Bloco de Gusttavo Lima \u00e9 adiado para o carnaval 2024\"}]},{\"@type\":\"WebSite\",\"@id\":\"https:\/\/portalmf.com.br\/#website\",\"url\":\"https:\/\/portalmf.com.br\/\",\"name\":\"Portal MF\",\"description\":\"Voc\u00ea conectado com a informa\u00e7\u00e3o\",\"potentialAction\":[{\"@type\":\"SearchAction\",\"target\":{\"@type\":\"EntryPoint\",\"urlTemplate\":\"https:\/\/portalmf.com.br\/?s={search_term_string}\"},\"query-input\":\"required name=search_term_string\"}],\"inLanguage\":\"pt-BR\"},{\"@type\":\"Person\",\"@id\":\"https:\/\/portalmf.com.br\/#\/schema\/person\/9ec101baf56233e53520c26de5d6f6f0\",\"name\":\"Reda\u00e7\u00e3o Portal MF\",\"image\":{\"@type\":\"ImageObject\",\"inLanguage\":\"pt-BR\",\"@id\":\"https:\/\/portalmf.com.br\/#\/schema\/person\/image\/\",\"url\":\"https:\/\/secure.gravatar.com\/avatar\/41b9aaeb2100835f7c64362330f74c7f?s=96&d=mm&r=g\",\"contentUrl\":\"https:\/\/secure.gravatar.com\/avatar\/41b9aaeb2100835f7c64362330f74c7f?s=96&d=mm&r=g\",\"caption\":\"Reda\u00e7\u00e3o Portal MF\"},\"description\":\"Sejam bem-vindos o portal de informa\u00e7\u00f5es de entretenimento de Feira de Santana, desde 2006 realiza coberturas dos principais eventos com entrevistas exclusivas com as principais personalidades mundiais. Fique conectado tamb\u00e9m nas redes sociais.\",\"sameAs\":[\"http:\/\/www.portalmf.com.br\/\",\"https:\/\/www.facebook.com\/portalmfoficial\",\"https:\/\/www.instagram.com\/portalmf\/\",\"https:\/\/x.com\/https:\/\/x.com\/portalmfoficial\",\"https:\/\/www.youtube.com\/@portalmfoficial\"],\"url\":\"https:\/\/portalmf.com.br\/index.php\/author\/junior\/\"}]}<\/script>\n<!-- \/ Yoast SEO plugin. -->","yoast_head_json":{"title":"Bloco de Gusttavo Lima \u00e9 adiado para o carnaval 2024 - Portal MF","robots":{"index":"index","follow":"follow","max-snippet":"max-snippet:-1","max-image-preview":"max-image-preview:large","max-video-preview":"max-video-preview:-1"},"canonical":"https:\/\/portalmf.com.br\/index.php\/2023\/01\/17\/bloco-de-gusttavo-lima-e-adiado-para-o-carnaval-2024\/","og_locale":"pt_BR","og_type":"article","og_title":"Bloco de Gusttavo Lima \u00e9 adiado para o carnaval 2024 - Portal MF","og_description":"Os f\u00e3s de Gusttavo Lima ter\u00e3o de reprogramar a rota durante o carnaval 2023. Segundo apura\u00e7\u00e3o do iBahia, o Bloco do Embaixador foi adiado para o pr\u00f3ximo ano.&nbsp;O sertanejo iria desfilar no circuito Dod\u00f4 (Barra-Ondina) no dia 20 de fevereiro. Os foli\u00f5es que tivesem interesse em participar do tinham de&nbsp;investir o valor de R$ 1.000&nbsp;no [&hellip;]","og_url":"https:\/\/portalmf.com.br\/index.php\/2023\/01\/17\/bloco-de-gusttavo-lima-e-adiado-para-o-carnaval-2024\/","og_site_name":"Portal MF","article_author":"https:\/\/www.facebook.com\/portalmfoficial","article_published_time":"2023-01-17T17:58:47+00:00","article_modified_time":"2023-01-17T17:58:48+00:00","og_image":[{"width":900,"height":506,"url":"https:\/\/portalmf.com.br\/wp-content\/uploads\/2022\/10\/Gusttavo-Lima.jpg","type":"image\/jpeg"}],"author":"Reda\u00e7\u00e3o Portal MF","twitter_card":"summary_large_image","twitter_creator":"@https:\/\/x.com\/portalmfoficial","twitter_misc":{"Escrito por":"Reda\u00e7\u00e3o Portal MF","Est. tempo de leitura":"2 minutos"},"schema":{"@context":"https:\/\/schema.org","@graph":[{"@type":"WebPage","@id":"https:\/\/portalmf.com.br\/index.php\/2023\/01\/17\/bloco-de-gusttavo-lima-e-adiado-para-o-carnaval-2024\/","url":"https:\/\/portalmf.com.br\/index.php\/2023\/01\/17\/bloco-de-gusttavo-lima-e-adiado-para-o-carnaval-2024\/","name":"Bloco de Gusttavo Lima \u00e9 adiado para o carnaval 2024 - Portal MF","isPartOf":{"@id":"https:\/\/portalmf.com.br\/#website"},"primaryImageOfPage":{"@id":"https:\/\/portalmf.com.br\/index.php\/2023\/01\/17\/bloco-de-gusttavo-lima-e-adiado-para-o-carnaval-2024\/#primaryimage"},"image":{"@id":"https:\/\/portalmf.com.br\/index.php\/2023\/01\/17\/bloco-de-gusttavo-lima-e-adiado-para-o-carnaval-2024\/#primaryimage"},"thumbnailUrl":"https:\/\/portalmf.com.br\/wp-content\/uploads\/2022\/10\/Gusttavo-Lima.jpg","datePublished":"2023-01-17T17:58:47+00:00","dateModified":"2023-01-17T17:58:48+00:00","author":{"@id":"https:\/\/portalmf.com.br\/#\/schema\/person\/9ec101baf56233e53520c26de5d6f6f0"},"breadcrumb":{"@id":"https:\/\/portalmf.com.br\/index.php\/2023\/01\/17\/bloco-de-gusttavo-lima-e-adiado-para-o-carnaval-2024\/#breadcrumb"},"inLanguage":"pt-BR","potentialAction":[{"@type":"ReadAction","target":["https:\/\/portalmf.com.br\/index.php\/2023\/01\/17\/bloco-de-gusttavo-lima-e-adiado-para-o-carnaval-2024\/"]}]},{"@type":"ImageObject","inLanguage":"pt-BR","@id":"https:\/\/portalmf.com.br\/index.php\/2023\/01\/17\/bloco-de-gusttavo-lima-e-adiado-para-o-carnaval-2024\/#primaryimage","url":"https:\/\/portalmf.com.br\/wp-content\/uploads\/2022\/10\/Gusttavo-Lima.jpg","contentUrl":"https:\/\/portalmf.com.br\/wp-content\/uploads\/2022\/10\/Gusttavo-Lima.jpg","width":900,"height":506},{"@type":"BreadcrumbList","@id":"https:\/\/portalmf.com.br\/index.php\/2023\/01\/17\/bloco-de-gusttavo-lima-e-adiado-para-o-carnaval-2024\/#breadcrumb","itemListElement":[{"@type":"ListItem","position":1,"name":"In\u00edcio","item":"https:\/\/portalmf.com.br\/"},{"@type":"ListItem","position":2,"name":"Bloco de Gusttavo Lima \u00e9 adiado para o carnaval 2024"}]},{"@type":"WebSite","@id":"https:\/\/portalmf.com.br\/#website","url":"https:\/\/portalmf.com.br\/","name":"Portal MF","description":"Voc\u00ea conectado com a informa\u00e7\u00e3o","potentialAction":[{"@type":"SearchAction","target":{"@type":"EntryPoint","urlTemplate":"https:\/\/portalmf.com.br\/?s={search_term_string}"},"query-input":"required name=search_term_string"}],"inLanguage":"pt-BR"},{"@type":"Person","@id":"https:\/\/portalmf.com.br\/#\/schema\/person\/9ec101baf56233e53520c26de5d6f6f0","name":"Reda\u00e7\u00e3o Portal MF","image":{"@type":"ImageObject","inLanguage":"pt-BR","@id":"https:\/\/portalmf.com.br\/#\/schema\/person\/image\/","url":"https:\/\/secure.gravatar.com\/avatar\/41b9aaeb2100835f7c64362330f74c7f?s=96&d=mm&r=g","contentUrl":"https:\/\/secure.gravatar.com\/avatar\/41b9aaeb2100835f7c64362330f74c7f?s=96&d=mm&r=g","caption":"Reda\u00e7\u00e3o Portal MF"},"description":"Sejam bem-vindos o portal de informa\u00e7\u00f5es de entretenimento de Feira de Santana, desde 2006 realiza coberturas dos principais eventos com entrevistas exclusivas com as principais personalidades mundiais. Fique conectado tamb\u00e9m nas redes sociais.","sameAs":["http:\/\/www.portalmf.com.br\/","https:\/\/www.facebook.com\/portalmfoficial","https:\/\/www.instagram.com\/portalmf\/","https:\/\/x.com\/https:\/\/x.com\/portalmfoficial","https:\/\/www.youtube.com\/@portalmfoficial"],"url":"https:\/\/portalmf.com.br\/index.php\/author\/junior\/"}]}},"_links":{"self":[{"href":"https:\/\/portalmf.com.br\/index.php\/wp-json\/wp\/v2\/posts\/8044"}],"collection":[{"href":"https:\/\/portalmf.com.br\/index.php\/wp-json\/wp\/v2\/posts"}],"about":[{"href":"https:\/\/portalmf.com.br\/index.php\/wp-json\/wp\/v2\/types\/post"}],"author":[{"embeddable":true,"href":"https:\/\/portalmf.com.br\/index.php\/wp-json\/wp\/v2\/users\/3"}],"replies":[{"embeddable":true,"href":"https:\/\/portalmf.com.br\/index.php\/wp-json\/wp\/v2\/comments?post=8044"}],"version-history":[{"count":1,"href":"https:\/\/portalmf.com.br\/index.php\/wp-json\/wp\/v2\/posts\/8044\/revisions"}],"predecessor-version":[{"id":8045,"href":"https:\/\/portalmf.com.br\/index.php\/wp-json\/wp\/v2\/posts\/8044\/revisions\/8045"}],"wp:featuredmedia":[{"embeddable":true,"href":"https:\/\/portalmf.com.br\/index.php\/wp-json\/wp\/v2\/media\/5377"}],"wp:attachment":[{"href":"https:\/\/portalmf.com.br\/index.php\/wp-json\/wp\/v2\/media?parent=8044"}],"wp:term":[{"taxonomy":"category","embeddable":true,"href":"https:\/\/portalmf.com.br\/index.php\/wp-json\/wp\/v2\/categories?post=8044"},{"taxonomy":"post_tag","embeddable":true,"href":"https:\/\/portalmf.com.br\/index.php\/wp-json\/wp\/v2\/tags?post=8044"}],"curies":[{"name":"wp","href":"https:\/\/api.w.org\/{rel}","templated":true}]}}