{"id":8041,"date":"2023-01-17T08:53:00","date_gmt":"2023-01-17T11:53:00","guid":{"rendered":"https:\/\/portalmf.com.br\/?p=8041"},"modified":"2023-01-17T14:55:48","modified_gmt":"2023-01-17T17:55:48","slug":"janeiro-verde-reune-alertas-sobre-prevencao-do-cancer-de-colo-de-utero","status":"publish","type":"post","link":"https:\/\/portalmf.com.br\/index.php\/2023\/01\/17\/janeiro-verde-reune-alertas-sobre-prevencao-do-cancer-de-colo-de-utero\/","title":{"rendered":"Janeiro Verde re\u00fane alertas sobre preven\u00e7\u00e3o do c\u00e2ncer de colo de \u00fatero"},"content":{"rendered":"\n<p>Embora seja uma doen\u00e7a de comportamento agressivo, o c\u00e2ncer de colo de \u00fatero \u00e9 altamente preven\u00edvel. Apesar disso, os dados preocupam: no Brasil, a doen\u00e7a atinge mais de 16 mil mulheres por ano, segundo dados do Instituto Nacional do C\u00e2ncer (Inca). Por ser, com frequ\u00eancia, assintom\u00e1tica, 60% dos casos s\u00e3o diagnosticados em est\u00e1gios avan\u00e7ados e 35% das pacientes com diagn\u00f3stico morrem pela a\u00e7\u00e3o do tumor. Causado pela infec\u00e7\u00e3o persistente provocada por alguns tipos do papiloma v\u00edrus humano (HPV), este que \u00e9 o quarto tipo de c\u00e2ncer mais frequente em mulheres pode ser evitado pela vacina contra o HPV e, principalmente, pelo exame de Papanicolau, mais conhecido como preventivo. E esses s\u00e3o os grandes alertas da campanha Janeiro Verde, em curso at\u00e9 o fim deste m\u00eas.<\/p>\n\n\n\n<p>Embora a infec\u00e7\u00e3o pelo HPV seja muito frequente, na maioria dos casos ela \u00e9 transit\u00f3ria, com regress\u00e3o espont\u00e2nea. Contudo, em algumas pacientes, a infec\u00e7\u00e3o persiste e, quando o agente causador \u00e9 um tipo viral oncog\u00eanico, as les\u00f5es precursoras podem progredir para o c\u00e2ncer, principalmente no colo do \u00fatero, mas tamb\u00e9m na vagina, vulva, \u00e2nus, orofaringe e boca. Nos homens, les\u00f5es causadas pelo HPV tamb\u00e9m podem evoluir para c\u00e2ncer de p\u00eanis.<\/p>\n\n\n\n<p>Segundo o cirurgi\u00e3o oncol\u00f3gico Andr\u00e9 Bouzas, ap\u00f3s o cont\u00e1gio pelo HPV, geralmente transmitido por via sexual, quando o sistema imunol\u00f3gico n\u00e3o consegue combater o v\u00edrus, c\u00e9lulas anormais se desenvolvem na parte do \u00fatero que fica em contato com a vagina e causam les\u00f5es precursoras do c\u00e2ncer. \u201cNesta fase, at\u00e9 podem surgir sangramento vaginal, corrimento e dor, mas o mais comum \u00e9 a aus\u00eancia de sintomas. Por isso o Papanicolau precisa ser feito anualmente por todas as mulheres desde o in\u00edcio de sua vida sexual, pois \u00e9 atrav\u00e9s dele que as les\u00f5es pr\u00e9-c\u00e2ncer podem ser identificadas e tratadas\u201d, destacou.<\/p>\n\n\n\n<p>Ainda segundo o mestre em oncologia, a vacina contra o HPV, que protege contra os tipos mais perigosos desse v\u00edrus, \u00e9 segura, eficaz e sua administra\u00e7\u00e3o \u00e9 recomendada antes do in\u00edcio da atividade sexual para meninas dos 9 aos 14 anos e tamb\u00e9m para os meninos dos 11 aos 14. <em>\u201cAl\u00e9m de n\u00e3o tomar a vacina contra o HPV, outros fatores contribuem para facilitar o aparecimento dessa doen\u00e7a. S\u00e3o eles: o in\u00edcio precoce da atividade sexual, m\u00faltiplos parceiros, outras infec\u00e7\u00f5es sexualmente transmiss\u00edveis, n\u00famero elevado de gesta\u00e7\u00f5es, uso cont\u00ednuo de contraceptivos orais por longo prazo e tabagismo\u201d<\/em>, elencou o<br>m\u00e9dico assistente do Servi\u00e7o de Oncoginecologia do Hospital da Mulher, professor do curso de medicina da Universidade do Estado da Bahia (UNEB) e diretor do n\u00facleo de cirurgia oncol\u00f3gica do Instituto Baiano de Cirurgia Rob\u00f3tica (IBCR).<\/p>\n\n\n\n<p>Quanto mais precoce o diagn\u00f3stico da doen\u00e7a, menos invasiva \u00e9 a cirurgia e maiores s\u00e3o as chances de cura. Nos est\u00e1gios mais avan\u00e7ados, quimioterapia e\/ou radioterapia costumam ser necess\u00e1rias. O tipo de tratamento depende do estadiamento da doen\u00e7a, tamanho do tumor e fatores pessoais, como idade e desejo de preserva\u00e7\u00e3o da fertilidade. No caso da auxiliar administrativa B\u00e1rbara Camila Souza Silva (34), a cirurgia de histerectomia total (remo\u00e7\u00e3o cir\u00fargica do \u00fatero, trompas adjacentes e ov\u00e1rio) foi suficiente.<\/p>\n\n\n\n<p>Ela conta que sempre fez seus exames peri\u00f3dicos anuais com a devida regularidade, mas em uma determinada ocasi\u00e3o, esqueceu de pegar o resultado. Quando, ap\u00f3s um ano e meio, voltou \u00e0 m\u00e9dica para repetir o preventivo, j\u00e1 no exame cl\u00ednico a ginecologista identificou uma les\u00e3o e chegou a fazer uma cicatriza\u00e7\u00e3o. \u201cEnquanto fui ao banheiro, ela abriu o resultado do \u00faltimo preventivo e viu que j\u00e1 havia o indicativo de um c\u00e2ncer. O susto foi enorme, claro. A princ\u00edpio, tive muito medo, chorei, pensei que fosse morrer e deixar meu filho de 3 anos \u00f3rf\u00e3o. Mas, como sou uma pessoa de muita f\u00e9, logo Deus confortou meu cora\u00e7\u00e3o e eu tive certeza de que, com o importante apoio de seu esposo, irm\u00e3s e colegas de trabalho, eu venceria\u201d, contou.<\/p>\n\n\n\n<p>Ap\u00f3s a bi\u00f3psia que confirmou o c\u00e2ncer, B\u00e1rbara passou por oncologista, fez resson\u00e2ncia magn\u00e9tica e chegou at\u00e9 o cirurgi\u00e3o Andr\u00e9 Bouzas, que a operou. \u201cGra\u00e7as a Deus, o tumor n\u00e3o evoluiu para nenhum outro \u00f3rg\u00e3o e s\u00f3 a cirurgia resolveu minha situa\u00e7\u00e3o. A maior li\u00e7\u00e3o que aprendi foi a de que todo o cuidado \u00e9 pouco e que os resultados dos exames que fazemos n\u00e3o podem ser negligenciados. Sempre fiz meus exames peri\u00f3dicos religiosamente e tive essa surpresa, imagine o que poderia acontecer se eu n\u00e3o me cuidasse!\u201d, concluiu a paciente, j\u00e1 curada.<\/p>\n","protected":false},"excerpt":{"rendered":"<p>Embora seja uma doen\u00e7a de comportamento agressivo, o c\u00e2ncer de colo de \u00fatero \u00e9 altamente preven\u00edvel. Apesar disso, os dados preocupam: no Brasil, a doen\u00e7a atinge mais de 16 mil mulheres por ano, segundo dados do Instituto Nacional do C\u00e2ncer (Inca). Por ser, com frequ\u00eancia, assintom\u00e1tica, 60% dos casos s\u00e3o diagnosticados em est\u00e1gios avan\u00e7ados e [&hellip;]<\/p>\n","protected":false},"author":3,"featured_media":8042,"comment_status":"open","ping_status":"open","sticky":false,"template":"","format":"standard","meta":{"_monsterinsights_skip_tracking":false,"_monsterinsights_sitenote_active":false,"_monsterinsights_sitenote_note":"","_monsterinsights_sitenote_category":0,"footnotes":""},"categories":[41],"tags":[],"yoast_head":"<!-- This site is optimized with the Yoast SEO plugin v22.9 - https:\/\/yoast.com\/wordpress\/plugins\/seo\/ -->\n<title>Janeiro Verde re\u00fane alertas sobre preven\u00e7\u00e3o do c\u00e2ncer de colo de \u00fatero - Portal MF<\/title>\n<meta name=\"robots\" content=\"index, follow, max-snippet:-1, max-image-preview:large, max-video-preview:-1\" \/>\n<link rel=\"canonical\" href=\"https:\/\/portalmf.com.br\/index.php\/2023\/01\/17\/janeiro-verde-reune-alertas-sobre-prevencao-do-cancer-de-colo-de-utero\/\" \/>\n<meta property=\"og:locale\" content=\"pt_BR\" \/>\n<meta property=\"og:type\" content=\"article\" \/>\n<meta property=\"og:title\" content=\"Janeiro Verde re\u00fane alertas sobre preven\u00e7\u00e3o do c\u00e2ncer de colo de \u00fatero - Portal MF\" \/>\n<meta property=\"og:description\" content=\"Embora seja uma doen\u00e7a de comportamento agressivo, o c\u00e2ncer de colo de \u00fatero \u00e9 altamente preven\u00edvel. Apesar disso, os dados preocupam: no Brasil, a doen\u00e7a atinge mais de 16 mil mulheres por ano, segundo dados do Instituto Nacional do C\u00e2ncer (Inca). Por ser, com frequ\u00eancia, assintom\u00e1tica, 60% dos casos s\u00e3o diagnosticados em est\u00e1gios avan\u00e7ados e [&hellip;]\" \/>\n<meta property=\"og:url\" content=\"https:\/\/portalmf.com.br\/index.php\/2023\/01\/17\/janeiro-verde-reune-alertas-sobre-prevencao-do-cancer-de-colo-de-utero\/\" \/>\n<meta property=\"og:site_name\" content=\"Portal MF\" \/>\n<meta property=\"article:author\" content=\"https:\/\/www.facebook.com\/portalmfoficial\" \/>\n<meta property=\"article:published_time\" content=\"2023-01-17T11:53:00+00:00\" \/>\n<meta property=\"article:modified_time\" content=\"2023-01-17T17:55:48+00:00\" \/>\n<meta property=\"og:image\" content=\"https:\/\/portalmf.com.br\/wp-content\/uploads\/2023\/01\/Janeiro-Verde.jpeg\" \/>\n\t<meta property=\"og:image:width\" content=\"1412\" \/>\n\t<meta property=\"og:image:height\" content=\"1414\" \/>\n\t<meta property=\"og:image:type\" content=\"image\/jpeg\" \/>\n<meta name=\"author\" content=\"Reda\u00e7\u00e3o Portal MF\" \/>\n<meta name=\"twitter:card\" content=\"summary_large_image\" \/>\n<meta name=\"twitter:creator\" content=\"@https:\/\/x.com\/portalmfoficial\" \/>\n<meta name=\"twitter:label1\" content=\"Escrito por\" \/>\n\t<meta name=\"twitter:data1\" content=\"Reda\u00e7\u00e3o Portal MF\" \/>\n\t<meta name=\"twitter:label2\" content=\"Est. tempo de leitura\" \/>\n\t<meta name=\"twitter:data2\" content=\"5 minutos\" \/>\n<script type=\"application\/ld+json\" class=\"yoast-schema-graph\">{\"@context\":\"https:\/\/schema.org\",\"@graph\":[{\"@type\":\"WebPage\",\"@id\":\"https:\/\/portalmf.com.br\/index.php\/2023\/01\/17\/janeiro-verde-reune-alertas-sobre-prevencao-do-cancer-de-colo-de-utero\/\",\"url\":\"https:\/\/portalmf.com.br\/index.php\/2023\/01\/17\/janeiro-verde-reune-alertas-sobre-prevencao-do-cancer-de-colo-de-utero\/\",\"name\":\"Janeiro Verde re\u00fane alertas sobre preven\u00e7\u00e3o do c\u00e2ncer de colo de \u00fatero - Portal MF\",\"isPartOf\":{\"@id\":\"https:\/\/portalmf.com.br\/#website\"},\"primaryImageOfPage\":{\"@id\":\"https:\/\/portalmf.com.br\/index.php\/2023\/01\/17\/janeiro-verde-reune-alertas-sobre-prevencao-do-cancer-de-colo-de-utero\/#primaryimage\"},\"image\":{\"@id\":\"https:\/\/portalmf.com.br\/index.php\/2023\/01\/17\/janeiro-verde-reune-alertas-sobre-prevencao-do-cancer-de-colo-de-utero\/#primaryimage\"},\"thumbnailUrl\":\"https:\/\/portalmf.com.br\/wp-content\/uploads\/2023\/01\/Janeiro-Verde.jpeg\",\"datePublished\":\"2023-01-17T11:53:00+00:00\",\"dateModified\":\"2023-01-17T17:55:48+00:00\",\"author\":{\"@id\":\"https:\/\/portalmf.com.br\/#\/schema\/person\/9ec101baf56233e53520c26de5d6f6f0\"},\"breadcrumb\":{\"@id\":\"https:\/\/portalmf.com.br\/index.php\/2023\/01\/17\/janeiro-verde-reune-alertas-sobre-prevencao-do-cancer-de-colo-de-utero\/#breadcrumb\"},\"inLanguage\":\"pt-BR\",\"potentialAction\":[{\"@type\":\"ReadAction\",\"target\":[\"https:\/\/portalmf.com.br\/index.php\/2023\/01\/17\/janeiro-verde-reune-alertas-sobre-prevencao-do-cancer-de-colo-de-utero\/\"]}]},{\"@type\":\"ImageObject\",\"inLanguage\":\"pt-BR\",\"@id\":\"https:\/\/portalmf.com.br\/index.php\/2023\/01\/17\/janeiro-verde-reune-alertas-sobre-prevencao-do-cancer-de-colo-de-utero\/#primaryimage\",\"url\":\"https:\/\/portalmf.com.br\/wp-content\/uploads\/2023\/01\/Janeiro-Verde.jpeg\",\"contentUrl\":\"https:\/\/portalmf.com.br\/wp-content\/uploads\/2023\/01\/Janeiro-Verde.jpeg\",\"width\":1412,\"height\":1414},{\"@type\":\"BreadcrumbList\",\"@id\":\"https:\/\/portalmf.com.br\/index.php\/2023\/01\/17\/janeiro-verde-reune-alertas-sobre-prevencao-do-cancer-de-colo-de-utero\/#breadcrumb\",\"itemListElement\":[{\"@type\":\"ListItem\",\"position\":1,\"name\":\"In\u00edcio\",\"item\":\"https:\/\/portalmf.com.br\/\"},{\"@type\":\"ListItem\",\"position\":2,\"name\":\"Janeiro Verde re\u00fane alertas sobre preven\u00e7\u00e3o do c\u00e2ncer de colo de \u00fatero\"}]},{\"@type\":\"WebSite\",\"@id\":\"https:\/\/portalmf.com.br\/#website\",\"url\":\"https:\/\/portalmf.com.br\/\",\"name\":\"Portal MF\",\"description\":\"Voc\u00ea conectado com a informa\u00e7\u00e3o\",\"potentialAction\":[{\"@type\":\"SearchAction\",\"target\":{\"@type\":\"EntryPoint\",\"urlTemplate\":\"https:\/\/portalmf.com.br\/?s={search_term_string}\"},\"query-input\":\"required name=search_term_string\"}],\"inLanguage\":\"pt-BR\"},{\"@type\":\"Person\",\"@id\":\"https:\/\/portalmf.com.br\/#\/schema\/person\/9ec101baf56233e53520c26de5d6f6f0\",\"name\":\"Reda\u00e7\u00e3o Portal MF\",\"image\":{\"@type\":\"ImageObject\",\"inLanguage\":\"pt-BR\",\"@id\":\"https:\/\/portalmf.com.br\/#\/schema\/person\/image\/\",\"url\":\"https:\/\/secure.gravatar.com\/avatar\/41b9aaeb2100835f7c64362330f74c7f?s=96&d=mm&r=g\",\"contentUrl\":\"https:\/\/secure.gravatar.com\/avatar\/41b9aaeb2100835f7c64362330f74c7f?s=96&d=mm&r=g\",\"caption\":\"Reda\u00e7\u00e3o Portal MF\"},\"description\":\"Sejam bem-vindos o portal de informa\u00e7\u00f5es de entretenimento de Feira de Santana, desde 2006 realiza coberturas dos principais eventos com entrevistas exclusivas com as principais personalidades mundiais. Fique conectado tamb\u00e9m nas redes sociais.\",\"sameAs\":[\"http:\/\/www.portalmf.com.br\/\",\"https:\/\/www.facebook.com\/portalmfoficial\",\"https:\/\/www.instagram.com\/portalmf\/\",\"https:\/\/x.com\/https:\/\/x.com\/portalmfoficial\",\"https:\/\/www.youtube.com\/@portalmfoficial\"],\"url\":\"https:\/\/portalmf.com.br\/index.php\/author\/junior\/\"}]}<\/script>\n<!-- \/ Yoast SEO plugin. -->","yoast_head_json":{"title":"Janeiro Verde re\u00fane alertas sobre preven\u00e7\u00e3o do c\u00e2ncer de colo de \u00fatero - Portal MF","robots":{"index":"index","follow":"follow","max-snippet":"max-snippet:-1","max-image-preview":"max-image-preview:large","max-video-preview":"max-video-preview:-1"},"canonical":"https:\/\/portalmf.com.br\/index.php\/2023\/01\/17\/janeiro-verde-reune-alertas-sobre-prevencao-do-cancer-de-colo-de-utero\/","og_locale":"pt_BR","og_type":"article","og_title":"Janeiro Verde re\u00fane alertas sobre preven\u00e7\u00e3o do c\u00e2ncer de colo de \u00fatero - Portal MF","og_description":"Embora seja uma doen\u00e7a de comportamento agressivo, o c\u00e2ncer de colo de \u00fatero \u00e9 altamente preven\u00edvel. Apesar disso, os dados preocupam: no Brasil, a doen\u00e7a atinge mais de 16 mil mulheres por ano, segundo dados do Instituto Nacional do C\u00e2ncer (Inca). Por ser, com frequ\u00eancia, assintom\u00e1tica, 60% dos casos s\u00e3o diagnosticados em est\u00e1gios avan\u00e7ados e [&hellip;]","og_url":"https:\/\/portalmf.com.br\/index.php\/2023\/01\/17\/janeiro-verde-reune-alertas-sobre-prevencao-do-cancer-de-colo-de-utero\/","og_site_name":"Portal MF","article_author":"https:\/\/www.facebook.com\/portalmfoficial","article_published_time":"2023-01-17T11:53:00+00:00","article_modified_time":"2023-01-17T17:55:48+00:00","og_image":[{"width":1412,"height":1414,"url":"https:\/\/portalmf.com.br\/wp-content\/uploads\/2023\/01\/Janeiro-Verde.jpeg","type":"image\/jpeg"}],"author":"Reda\u00e7\u00e3o Portal MF","twitter_card":"summary_large_image","twitter_creator":"@https:\/\/x.com\/portalmfoficial","twitter_misc":{"Escrito por":"Reda\u00e7\u00e3o Portal MF","Est. tempo de leitura":"5 minutos"},"schema":{"@context":"https:\/\/schema.org","@graph":[{"@type":"WebPage","@id":"https:\/\/portalmf.com.br\/index.php\/2023\/01\/17\/janeiro-verde-reune-alertas-sobre-prevencao-do-cancer-de-colo-de-utero\/","url":"https:\/\/portalmf.com.br\/index.php\/2023\/01\/17\/janeiro-verde-reune-alertas-sobre-prevencao-do-cancer-de-colo-de-utero\/","name":"Janeiro Verde re\u00fane alertas sobre preven\u00e7\u00e3o do c\u00e2ncer de colo de \u00fatero - Portal MF","isPartOf":{"@id":"https:\/\/portalmf.com.br\/#website"},"primaryImageOfPage":{"@id":"https:\/\/portalmf.com.br\/index.php\/2023\/01\/17\/janeiro-verde-reune-alertas-sobre-prevencao-do-cancer-de-colo-de-utero\/#primaryimage"},"image":{"@id":"https:\/\/portalmf.com.br\/index.php\/2023\/01\/17\/janeiro-verde-reune-alertas-sobre-prevencao-do-cancer-de-colo-de-utero\/#primaryimage"},"thumbnailUrl":"https:\/\/portalmf.com.br\/wp-content\/uploads\/2023\/01\/Janeiro-Verde.jpeg","datePublished":"2023-01-17T11:53:00+00:00","dateModified":"2023-01-17T17:55:48+00:00","author":{"@id":"https:\/\/portalmf.com.br\/#\/schema\/person\/9ec101baf56233e53520c26de5d6f6f0"},"breadcrumb":{"@id":"https:\/\/portalmf.com.br\/index.php\/2023\/01\/17\/janeiro-verde-reune-alertas-sobre-prevencao-do-cancer-de-colo-de-utero\/#breadcrumb"},"inLanguage":"pt-BR","potentialAction":[{"@type":"ReadAction","target":["https:\/\/portalmf.com.br\/index.php\/2023\/01\/17\/janeiro-verde-reune-alertas-sobre-prevencao-do-cancer-de-colo-de-utero\/"]}]},{"@type":"ImageObject","inLanguage":"pt-BR","@id":"https:\/\/portalmf.com.br\/index.php\/2023\/01\/17\/janeiro-verde-reune-alertas-sobre-prevencao-do-cancer-de-colo-de-utero\/#primaryimage","url":"https:\/\/portalmf.com.br\/wp-content\/uploads\/2023\/01\/Janeiro-Verde.jpeg","contentUrl":"https:\/\/portalmf.com.br\/wp-content\/uploads\/2023\/01\/Janeiro-Verde.jpeg","width":1412,"height":1414},{"@type":"BreadcrumbList","@id":"https:\/\/portalmf.com.br\/index.php\/2023\/01\/17\/janeiro-verde-reune-alertas-sobre-prevencao-do-cancer-de-colo-de-utero\/#breadcrumb","itemListElement":[{"@type":"ListItem","position":1,"name":"In\u00edcio","item":"https:\/\/portalmf.com.br\/"},{"@type":"ListItem","position":2,"name":"Janeiro Verde re\u00fane alertas sobre preven\u00e7\u00e3o do c\u00e2ncer de colo de \u00fatero"}]},{"@type":"WebSite","@id":"https:\/\/portalmf.com.br\/#website","url":"https:\/\/portalmf.com.br\/","name":"Portal MF","description":"Voc\u00ea conectado com a informa\u00e7\u00e3o","potentialAction":[{"@type":"SearchAction","target":{"@type":"EntryPoint","urlTemplate":"https:\/\/portalmf.com.br\/?s={search_term_string}"},"query-input":"required name=search_term_string"}],"inLanguage":"pt-BR"},{"@type":"Person","@id":"https:\/\/portalmf.com.br\/#\/schema\/person\/9ec101baf56233e53520c26de5d6f6f0","name":"Reda\u00e7\u00e3o Portal MF","image":{"@type":"ImageObject","inLanguage":"pt-BR","@id":"https:\/\/portalmf.com.br\/#\/schema\/person\/image\/","url":"https:\/\/secure.gravatar.com\/avatar\/41b9aaeb2100835f7c64362330f74c7f?s=96&d=mm&r=g","contentUrl":"https:\/\/secure.gravatar.com\/avatar\/41b9aaeb2100835f7c64362330f74c7f?s=96&d=mm&r=g","caption":"Reda\u00e7\u00e3o Portal MF"},"description":"Sejam bem-vindos o portal de informa\u00e7\u00f5es de entretenimento de Feira de Santana, desde 2006 realiza coberturas dos principais eventos com entrevistas exclusivas com as principais personalidades mundiais. Fique conectado tamb\u00e9m nas redes sociais.","sameAs":["http:\/\/www.portalmf.com.br\/","https:\/\/www.facebook.com\/portalmfoficial","https:\/\/www.instagram.com\/portalmf\/","https:\/\/x.com\/https:\/\/x.com\/portalmfoficial","https:\/\/www.youtube.com\/@portalmfoficial"],"url":"https:\/\/portalmf.com.br\/index.php\/author\/junior\/"}]}},"_links":{"self":[{"href":"https:\/\/portalmf.com.br\/index.php\/wp-json\/wp\/v2\/posts\/8041"}],"collection":[{"href":"https:\/\/portalmf.com.br\/index.php\/wp-json\/wp\/v2\/posts"}],"about":[{"href":"https:\/\/portalmf.com.br\/index.php\/wp-json\/wp\/v2\/types\/post"}],"author":[{"embeddable":true,"href":"https:\/\/portalmf.com.br\/index.php\/wp-json\/wp\/v2\/users\/3"}],"replies":[{"embeddable":true,"href":"https:\/\/portalmf.com.br\/index.php\/wp-json\/wp\/v2\/comments?post=8041"}],"version-history":[{"count":1,"href":"https:\/\/portalmf.com.br\/index.php\/wp-json\/wp\/v2\/posts\/8041\/revisions"}],"predecessor-version":[{"id":8043,"href":"https:\/\/portalmf.com.br\/index.php\/wp-json\/wp\/v2\/posts\/8041\/revisions\/8043"}],"wp:featuredmedia":[{"embeddable":true,"href":"https:\/\/portalmf.com.br\/index.php\/wp-json\/wp\/v2\/media\/8042"}],"wp:attachment":[{"href":"https:\/\/portalmf.com.br\/index.php\/wp-json\/wp\/v2\/media?parent=8041"}],"wp:term":[{"taxonomy":"category","embeddable":true,"href":"https:\/\/portalmf.com.br\/index.php\/wp-json\/wp\/v2\/categories?post=8041"},{"taxonomy":"post_tag","embeddable":true,"href":"https:\/\/portalmf.com.br\/index.php\/wp-json\/wp\/v2\/tags?post=8041"}],"curies":[{"name":"wp","href":"https:\/\/api.w.org\/{rel}","templated":true}]}}