{"id":8028,"date":"2023-01-17T08:43:00","date_gmt":"2023-01-17T11:43:00","guid":{"rendered":"https:\/\/portalmf.com.br\/?p=8028"},"modified":"2023-01-17T14:44:58","modified_gmt":"2023-01-17T17:44:58","slug":"governo-da-bahia-investe-cerca-de-r-240-milhoes-por-ano-apenas-na-saude-de-feira-de-santana","status":"publish","type":"post","link":"https:\/\/portalmf.com.br\/index.php\/2023\/01\/17\/governo-da-bahia-investe-cerca-de-r-240-milhoes-por-ano-apenas-na-saude-de-feira-de-santana\/","title":{"rendered":"<strong>Governo da Bahia investe cerca de R$ 240 milh\u00f5es por ano apenas na sa\u00fade de Feira de Santana\u00a0<\/strong>"},"content":{"rendered":"\n<p>O Governo do Estado vem realizando diversos investimentos no munic\u00edpio de Feira de Santana, buscando melhorar as condi\u00e7\u00f5es de vida da popula\u00e7\u00e3o de local, sobretudo na \u00e1rea sa\u00fade, ao contr\u00e1rio do que foi dito pelo prefeito de Feira de Santana, Colbert Martins.&nbsp;<\/p>\n\n\n\n<p>Cerca de 240 milh\u00f5es de reais s\u00e3o investidos por ano em custeio de servi\u00e7os de sa\u00fade, a fim de suprir lacunas deixadas pela gest\u00e3o municipal, que parece desconhecer as obriga\u00e7\u00f5es constitucionais da segunda maior cidade da Bahia, que \u00e9 cuidar tanto da aten\u00e7\u00e3o b\u00e1sica, o que envolve consultas, exames e cirurgias eletivas, passando pela Urg\u00eancia e Emerg\u00eancia, e at\u00e9 a alta complexidade.&nbsp;&nbsp;<\/p>\n\n\n\n<p>O superintendente de Aten\u00e7\u00e3o \u00e0 Sa\u00fade da Secretaria da Sa\u00fade do Estado (Sesab), Igor Lob\u00e3o, esclarece que o Governo do Estado vem \u201csocorrendo\u201d os cidad\u00e3os de Feira de Santana e demais munic\u00edpios da macrorregi\u00e3o. Lob\u00e3o ressalta ainda que foram investidos R$ 160 milh\u00f5es em investimentos na melhoria da assist\u00eancia \u00e0 sa\u00fade no munic\u00edpio.&nbsp;&nbsp;<\/p>\n\n\n\n<p>Para o ano em curso, o superintendente pontua como principal projeto a amplia\u00e7\u00e3o e revitaliza\u00e7\u00e3o do Hospital Cl\u00e9riston Andrade, com 40 novos leitos do UTI, 11 novas salas cir\u00fargicas, amplia\u00e7\u00e3o e climatiza\u00e7\u00e3o das enfermarias e amplia\u00e7\u00e3o da estrutura da Hemoba.&nbsp;&nbsp;<\/p>\n\n\n\n<p>\u201cO que vem ocorrendo hoje em dia \u00e9 que o Estado socorre a popula\u00e7\u00e3o de Feira de Santana por conta da lacuna entre o que \u00e9 ofertado pelo munic\u00edpio e o que deveria oferecer. Nas gest\u00f5es de Jacques Wagner e Rui Costa, foram feitos o Hospital Estadual da Crian\u00e7a; a Maternidade Regional de Feira de Santana; o Hospital Cl\u00e9riston Andrade&nbsp;&nbsp;2; a maior UPA do interior do Estado, e uma Policl\u00ednica Regional, que at\u00e9 bem pouco tempo, registrava d\u00edvida da Prefeitura para com o Cons\u00f3rcio\u201d, esclarece o Lob\u00e3o.&nbsp;&nbsp;<\/p>\n\n\n\n<p><strong>Amplia\u00e7\u00e3o e melhorias&nbsp;<\/strong><\/p>\n\n\n\n<p>J\u00e1 foi implantado um novo centro de capta\u00e7\u00e3o de sangue da Hemoba e est\u00e1 em curso a amplia\u00e7\u00e3o do Cl\u00e9riston Andrade. Somente em Feira de Santana, nos \u00faltimos oito anos, foram investidos mais R$ 160 milh\u00f5es na constru\u00e7\u00e3o de novas unidades, al\u00e9m da reforma, amplia\u00e7\u00e3o e requalifica\u00e7\u00e3o de espa\u00e7os j\u00e1 existentes. O Estado ainda investe cerca de R$ 40 milh\u00f5es por ano em servi\u00e7os de ortopedia, traumatologia, tratamento hiperb\u00e1rico, transplantes e cirurgias eletivas.&nbsp;&nbsp;<\/p>\n\n\n\n<p>\u201cEnquanto isso, o prefeito de Feira de Santana diz que o hospital municipal possui uma maternidade, que teria sido foi constru\u00edda em 1992, e, passados 31 anos, quando tem algum caso mais grave, \u00e9 solicitada transfer\u00eancia para o Hospital Estadual da Crian\u00e7a. O prefeito tamb\u00e9m anunciou que a Unidade de Pronto Atendimento (UPA) do bairro Mangabeira ser\u00e1 fechada sem justificativa, sem revelar porque a unidade n\u00e3o tinha m\u00e9dicos e servi\u00e7os em pleno funcionamento e era queixa recorrente da popula\u00e7\u00e3o com v\u00e1rias manifesta\u00e7\u00f5es e protestos at\u00e9 na imprensa\u201d, complementou o superintendente&nbsp;<\/p>\n\n\n\n<p>&nbsp;<strong>Novos servi\u00e7os&nbsp;<\/strong><\/p>\n\n\n\n<p>No munic\u00edpio de Feira de Santana existem tamb\u00e9m diversos credenciamentos de prestadores de servi\u00e7os de sa\u00fade com o Estado, entre eles o de UTI adulto na Santa Casa de Miseric\u00f3rdia de Feira de Santa; Hospital Dom Pedro de Alc\u00e2ntara (10 leitos, com valor anual de R$ 4.645.944,00); credenciamento de prestadores de servi\u00e7os de sa\u00fade de remo\u00e7\u00e3o terrestre (Sert\u00e3o Servi\u00e7os M\u00e9dicos, com valor semestral R$ 883.383,00); credenciamento de prestadores de servi\u00e7os de sa\u00fade de Medicina Hiperb\u00e1rica (Cento de Medicina Hiperb\u00e1rica, valor anual R$ 1.463.520,00); credenciamento de servi\u00e7os de sa\u00fade de Ortopedia e Traumatologia (Serfisio \u2013 Cl\u00ednica de Fisioterapia Ortopedia e Traumatologia\/Hospital Ortop\u00e9dico Ltda, valor anual R$ 316.587,80).&nbsp;<\/p>\n","protected":false},"excerpt":{"rendered":"<p>O Governo do Estado vem realizando diversos investimentos no munic\u00edpio de Feira de Santana, buscando melhorar as condi\u00e7\u00f5es de vida da popula\u00e7\u00e3o de local, sobretudo na \u00e1rea sa\u00fade, ao contr\u00e1rio do que foi dito pelo prefeito de Feira de Santana, Colbert Martins.&nbsp; Cerca de 240 milh\u00f5es de reais s\u00e3o investidos por ano em custeio de [&hellip;]<\/p>\n","protected":false},"author":3,"featured_media":8029,"comment_status":"open","ping_status":"open","sticky":false,"template":"","format":"standard","meta":{"_monsterinsights_skip_tracking":false,"_monsterinsights_sitenote_active":false,"_monsterinsights_sitenote_note":"","_monsterinsights_sitenote_category":0,"footnotes":""},"categories":[34],"tags":[],"yoast_head":"<!-- This site is optimized with the Yoast SEO plugin v22.9 - https:\/\/yoast.com\/wordpress\/plugins\/seo\/ -->\n<title>Governo da Bahia investe cerca de R$ 240 milh\u00f5es por ano apenas na sa\u00fade de Feira de Santana\u00a0 - Portal MF<\/title>\n<meta name=\"robots\" content=\"index, follow, max-snippet:-1, max-image-preview:large, max-video-preview:-1\" \/>\n<link rel=\"canonical\" href=\"https:\/\/portalmf.com.br\/index.php\/2023\/01\/17\/governo-da-bahia-investe-cerca-de-r-240-milhoes-por-ano-apenas-na-saude-de-feira-de-santana\/\" \/>\n<meta property=\"og:locale\" content=\"pt_BR\" \/>\n<meta property=\"og:type\" content=\"article\" \/>\n<meta property=\"og:title\" content=\"Governo da Bahia investe cerca de R$ 240 milh\u00f5es por ano apenas na sa\u00fade de Feira de Santana\u00a0 - Portal MF\" \/>\n<meta property=\"og:description\" content=\"O Governo do Estado vem realizando diversos investimentos no munic\u00edpio de Feira de Santana, buscando melhorar as condi\u00e7\u00f5es de vida da popula\u00e7\u00e3o de local, sobretudo na \u00e1rea sa\u00fade, ao contr\u00e1rio do que foi dito pelo prefeito de Feira de Santana, Colbert Martins.&nbsp; Cerca de 240 milh\u00f5es de reais s\u00e3o investidos por ano em custeio de [&hellip;]\" \/>\n<meta property=\"og:url\" content=\"https:\/\/portalmf.com.br\/index.php\/2023\/01\/17\/governo-da-bahia-investe-cerca-de-r-240-milhoes-por-ano-apenas-na-saude-de-feira-de-santana\/\" \/>\n<meta property=\"og:site_name\" content=\"Portal MF\" \/>\n<meta property=\"article:author\" content=\"https:\/\/www.facebook.com\/portalmfoficial\" \/>\n<meta property=\"article:published_time\" content=\"2023-01-17T11:43:00+00:00\" \/>\n<meta property=\"article:modified_time\" content=\"2023-01-17T17:44:58+00:00\" \/>\n<meta property=\"og:image\" content=\"https:\/\/portalmf.com.br\/wp-content\/uploads\/2023\/01\/Igor_Lobao-Sais-2.jpg\" \/>\n\t<meta property=\"og:image:width\" content=\"2126\" \/>\n\t<meta property=\"og:image:height\" content=\"1417\" \/>\n\t<meta property=\"og:image:type\" content=\"image\/jpeg\" \/>\n<meta name=\"author\" content=\"Reda\u00e7\u00e3o Portal MF\" \/>\n<meta name=\"twitter:card\" content=\"summary_large_image\" \/>\n<meta name=\"twitter:creator\" content=\"@https:\/\/x.com\/portalmfoficial\" \/>\n<meta name=\"twitter:label1\" content=\"Escrito por\" \/>\n\t<meta name=\"twitter:data1\" content=\"Reda\u00e7\u00e3o Portal MF\" \/>\n\t<meta name=\"twitter:label2\" content=\"Est. tempo de leitura\" \/>\n\t<meta name=\"twitter:data2\" content=\"4 minutos\" \/>\n<script type=\"application\/ld+json\" class=\"yoast-schema-graph\">{\"@context\":\"https:\/\/schema.org\",\"@graph\":[{\"@type\":\"WebPage\",\"@id\":\"https:\/\/portalmf.com.br\/index.php\/2023\/01\/17\/governo-da-bahia-investe-cerca-de-r-240-milhoes-por-ano-apenas-na-saude-de-feira-de-santana\/\",\"url\":\"https:\/\/portalmf.com.br\/index.php\/2023\/01\/17\/governo-da-bahia-investe-cerca-de-r-240-milhoes-por-ano-apenas-na-saude-de-feira-de-santana\/\",\"name\":\"Governo da Bahia investe cerca de R$ 240 milh\u00f5es por ano apenas na sa\u00fade de Feira de Santana\u00a0 - Portal MF\",\"isPartOf\":{\"@id\":\"https:\/\/portalmf.com.br\/#website\"},\"primaryImageOfPage\":{\"@id\":\"https:\/\/portalmf.com.br\/index.php\/2023\/01\/17\/governo-da-bahia-investe-cerca-de-r-240-milhoes-por-ano-apenas-na-saude-de-feira-de-santana\/#primaryimage\"},\"image\":{\"@id\":\"https:\/\/portalmf.com.br\/index.php\/2023\/01\/17\/governo-da-bahia-investe-cerca-de-r-240-milhoes-por-ano-apenas-na-saude-de-feira-de-santana\/#primaryimage\"},\"thumbnailUrl\":\"https:\/\/portalmf.com.br\/wp-content\/uploads\/2023\/01\/Igor_Lobao-Sais-2.jpg\",\"datePublished\":\"2023-01-17T11:43:00+00:00\",\"dateModified\":\"2023-01-17T17:44:58+00:00\",\"author\":{\"@id\":\"https:\/\/portalmf.com.br\/#\/schema\/person\/9ec101baf56233e53520c26de5d6f6f0\"},\"breadcrumb\":{\"@id\":\"https:\/\/portalmf.com.br\/index.php\/2023\/01\/17\/governo-da-bahia-investe-cerca-de-r-240-milhoes-por-ano-apenas-na-saude-de-feira-de-santana\/#breadcrumb\"},\"inLanguage\":\"pt-BR\",\"potentialAction\":[{\"@type\":\"ReadAction\",\"target\":[\"https:\/\/portalmf.com.br\/index.php\/2023\/01\/17\/governo-da-bahia-investe-cerca-de-r-240-milhoes-por-ano-apenas-na-saude-de-feira-de-santana\/\"]}]},{\"@type\":\"ImageObject\",\"inLanguage\":\"pt-BR\",\"@id\":\"https:\/\/portalmf.com.br\/index.php\/2023\/01\/17\/governo-da-bahia-investe-cerca-de-r-240-milhoes-por-ano-apenas-na-saude-de-feira-de-santana\/#primaryimage\",\"url\":\"https:\/\/portalmf.com.br\/wp-content\/uploads\/2023\/01\/Igor_Lobao-Sais-2.jpg\",\"contentUrl\":\"https:\/\/portalmf.com.br\/wp-content\/uploads\/2023\/01\/Igor_Lobao-Sais-2.jpg\",\"width\":2126,\"height\":1417,\"caption\":\"Foto: Leonardo Rattes\/ Sa\u00fade GovBa\"},{\"@type\":\"BreadcrumbList\",\"@id\":\"https:\/\/portalmf.com.br\/index.php\/2023\/01\/17\/governo-da-bahia-investe-cerca-de-r-240-milhoes-por-ano-apenas-na-saude-de-feira-de-santana\/#breadcrumb\",\"itemListElement\":[{\"@type\":\"ListItem\",\"position\":1,\"name\":\"In\u00edcio\",\"item\":\"https:\/\/portalmf.com.br\/\"},{\"@type\":\"ListItem\",\"position\":2,\"name\":\"Governo da Bahia investe cerca de R$ 240 milh\u00f5es por ano apenas na sa\u00fade de Feira de Santana\u00a0\"}]},{\"@type\":\"WebSite\",\"@id\":\"https:\/\/portalmf.com.br\/#website\",\"url\":\"https:\/\/portalmf.com.br\/\",\"name\":\"Portal MF\",\"description\":\"Voc\u00ea conectado com a informa\u00e7\u00e3o\",\"potentialAction\":[{\"@type\":\"SearchAction\",\"target\":{\"@type\":\"EntryPoint\",\"urlTemplate\":\"https:\/\/portalmf.com.br\/?s={search_term_string}\"},\"query-input\":\"required name=search_term_string\"}],\"inLanguage\":\"pt-BR\"},{\"@type\":\"Person\",\"@id\":\"https:\/\/portalmf.com.br\/#\/schema\/person\/9ec101baf56233e53520c26de5d6f6f0\",\"name\":\"Reda\u00e7\u00e3o Portal MF\",\"image\":{\"@type\":\"ImageObject\",\"inLanguage\":\"pt-BR\",\"@id\":\"https:\/\/portalmf.com.br\/#\/schema\/person\/image\/\",\"url\":\"https:\/\/secure.gravatar.com\/avatar\/41b9aaeb2100835f7c64362330f74c7f?s=96&d=mm&r=g\",\"contentUrl\":\"https:\/\/secure.gravatar.com\/avatar\/41b9aaeb2100835f7c64362330f74c7f?s=96&d=mm&r=g\",\"caption\":\"Reda\u00e7\u00e3o Portal MF\"},\"description\":\"Sejam bem-vindos o portal de informa\u00e7\u00f5es de entretenimento de Feira de Santana, desde 2006 realiza coberturas dos principais eventos com entrevistas exclusivas com as principais personalidades mundiais. Fique conectado tamb\u00e9m nas redes sociais.\",\"sameAs\":[\"http:\/\/www.portalmf.com.br\/\",\"https:\/\/www.facebook.com\/portalmfoficial\",\"https:\/\/www.instagram.com\/portalmf\/\",\"https:\/\/x.com\/https:\/\/x.com\/portalmfoficial\",\"https:\/\/www.youtube.com\/@portalmfoficial\"],\"url\":\"https:\/\/portalmf.com.br\/index.php\/author\/junior\/\"}]}<\/script>\n<!-- \/ Yoast SEO plugin. -->","yoast_head_json":{"title":"Governo da Bahia investe cerca de R$ 240 milh\u00f5es por ano apenas na sa\u00fade de Feira de Santana\u00a0 - Portal MF","robots":{"index":"index","follow":"follow","max-snippet":"max-snippet:-1","max-image-preview":"max-image-preview:large","max-video-preview":"max-video-preview:-1"},"canonical":"https:\/\/portalmf.com.br\/index.php\/2023\/01\/17\/governo-da-bahia-investe-cerca-de-r-240-milhoes-por-ano-apenas-na-saude-de-feira-de-santana\/","og_locale":"pt_BR","og_type":"article","og_title":"Governo da Bahia investe cerca de R$ 240 milh\u00f5es por ano apenas na sa\u00fade de Feira de Santana\u00a0 - Portal MF","og_description":"O Governo do Estado vem realizando diversos investimentos no munic\u00edpio de Feira de Santana, buscando melhorar as condi\u00e7\u00f5es de vida da popula\u00e7\u00e3o de local, sobretudo na \u00e1rea sa\u00fade, ao contr\u00e1rio do que foi dito pelo prefeito de Feira de Santana, Colbert Martins.&nbsp; Cerca de 240 milh\u00f5es de reais s\u00e3o investidos por ano em custeio de [&hellip;]","og_url":"https:\/\/portalmf.com.br\/index.php\/2023\/01\/17\/governo-da-bahia-investe-cerca-de-r-240-milhoes-por-ano-apenas-na-saude-de-feira-de-santana\/","og_site_name":"Portal MF","article_author":"https:\/\/www.facebook.com\/portalmfoficial","article_published_time":"2023-01-17T11:43:00+00:00","article_modified_time":"2023-01-17T17:44:58+00:00","og_image":[{"width":2126,"height":1417,"url":"https:\/\/portalmf.com.br\/wp-content\/uploads\/2023\/01\/Igor_Lobao-Sais-2.jpg","type":"image\/jpeg"}],"author":"Reda\u00e7\u00e3o Portal MF","twitter_card":"summary_large_image","twitter_creator":"@https:\/\/x.com\/portalmfoficial","twitter_misc":{"Escrito por":"Reda\u00e7\u00e3o Portal MF","Est. tempo de leitura":"4 minutos"},"schema":{"@context":"https:\/\/schema.org","@graph":[{"@type":"WebPage","@id":"https:\/\/portalmf.com.br\/index.php\/2023\/01\/17\/governo-da-bahia-investe-cerca-de-r-240-milhoes-por-ano-apenas-na-saude-de-feira-de-santana\/","url":"https:\/\/portalmf.com.br\/index.php\/2023\/01\/17\/governo-da-bahia-investe-cerca-de-r-240-milhoes-por-ano-apenas-na-saude-de-feira-de-santana\/","name":"Governo da Bahia investe cerca de R$ 240 milh\u00f5es por ano apenas na sa\u00fade de Feira de Santana\u00a0 - Portal MF","isPartOf":{"@id":"https:\/\/portalmf.com.br\/#website"},"primaryImageOfPage":{"@id":"https:\/\/portalmf.com.br\/index.php\/2023\/01\/17\/governo-da-bahia-investe-cerca-de-r-240-milhoes-por-ano-apenas-na-saude-de-feira-de-santana\/#primaryimage"},"image":{"@id":"https:\/\/portalmf.com.br\/index.php\/2023\/01\/17\/governo-da-bahia-investe-cerca-de-r-240-milhoes-por-ano-apenas-na-saude-de-feira-de-santana\/#primaryimage"},"thumbnailUrl":"https:\/\/portalmf.com.br\/wp-content\/uploads\/2023\/01\/Igor_Lobao-Sais-2.jpg","datePublished":"2023-01-17T11:43:00+00:00","dateModified":"2023-01-17T17:44:58+00:00","author":{"@id":"https:\/\/portalmf.com.br\/#\/schema\/person\/9ec101baf56233e53520c26de5d6f6f0"},"breadcrumb":{"@id":"https:\/\/portalmf.com.br\/index.php\/2023\/01\/17\/governo-da-bahia-investe-cerca-de-r-240-milhoes-por-ano-apenas-na-saude-de-feira-de-santana\/#breadcrumb"},"inLanguage":"pt-BR","potentialAction":[{"@type":"ReadAction","target":["https:\/\/portalmf.com.br\/index.php\/2023\/01\/17\/governo-da-bahia-investe-cerca-de-r-240-milhoes-por-ano-apenas-na-saude-de-feira-de-santana\/"]}]},{"@type":"ImageObject","inLanguage":"pt-BR","@id":"https:\/\/portalmf.com.br\/index.php\/2023\/01\/17\/governo-da-bahia-investe-cerca-de-r-240-milhoes-por-ano-apenas-na-saude-de-feira-de-santana\/#primaryimage","url":"https:\/\/portalmf.com.br\/wp-content\/uploads\/2023\/01\/Igor_Lobao-Sais-2.jpg","contentUrl":"https:\/\/portalmf.com.br\/wp-content\/uploads\/2023\/01\/Igor_Lobao-Sais-2.jpg","width":2126,"height":1417,"caption":"Foto: Leonardo Rattes\/ Sa\u00fade GovBa"},{"@type":"BreadcrumbList","@id":"https:\/\/portalmf.com.br\/index.php\/2023\/01\/17\/governo-da-bahia-investe-cerca-de-r-240-milhoes-por-ano-apenas-na-saude-de-feira-de-santana\/#breadcrumb","itemListElement":[{"@type":"ListItem","position":1,"name":"In\u00edcio","item":"https:\/\/portalmf.com.br\/"},{"@type":"ListItem","position":2,"name":"Governo da Bahia investe cerca de R$ 240 milh\u00f5es por ano apenas na sa\u00fade de Feira de Santana\u00a0"}]},{"@type":"WebSite","@id":"https:\/\/portalmf.com.br\/#website","url":"https:\/\/portalmf.com.br\/","name":"Portal MF","description":"Voc\u00ea conectado com a informa\u00e7\u00e3o","potentialAction":[{"@type":"SearchAction","target":{"@type":"EntryPoint","urlTemplate":"https:\/\/portalmf.com.br\/?s={search_term_string}"},"query-input":"required name=search_term_string"}],"inLanguage":"pt-BR"},{"@type":"Person","@id":"https:\/\/portalmf.com.br\/#\/schema\/person\/9ec101baf56233e53520c26de5d6f6f0","name":"Reda\u00e7\u00e3o Portal MF","image":{"@type":"ImageObject","inLanguage":"pt-BR","@id":"https:\/\/portalmf.com.br\/#\/schema\/person\/image\/","url":"https:\/\/secure.gravatar.com\/avatar\/41b9aaeb2100835f7c64362330f74c7f?s=96&d=mm&r=g","contentUrl":"https:\/\/secure.gravatar.com\/avatar\/41b9aaeb2100835f7c64362330f74c7f?s=96&d=mm&r=g","caption":"Reda\u00e7\u00e3o Portal MF"},"description":"Sejam bem-vindos o portal de informa\u00e7\u00f5es de entretenimento de Feira de Santana, desde 2006 realiza coberturas dos principais eventos com entrevistas exclusivas com as principais personalidades mundiais. Fique conectado tamb\u00e9m nas redes sociais.","sameAs":["http:\/\/www.portalmf.com.br\/","https:\/\/www.facebook.com\/portalmfoficial","https:\/\/www.instagram.com\/portalmf\/","https:\/\/x.com\/https:\/\/x.com\/portalmfoficial","https:\/\/www.youtube.com\/@portalmfoficial"],"url":"https:\/\/portalmf.com.br\/index.php\/author\/junior\/"}]}},"_links":{"self":[{"href":"https:\/\/portalmf.com.br\/index.php\/wp-json\/wp\/v2\/posts\/8028"}],"collection":[{"href":"https:\/\/portalmf.com.br\/index.php\/wp-json\/wp\/v2\/posts"}],"about":[{"href":"https:\/\/portalmf.com.br\/index.php\/wp-json\/wp\/v2\/types\/post"}],"author":[{"embeddable":true,"href":"https:\/\/portalmf.com.br\/index.php\/wp-json\/wp\/v2\/users\/3"}],"replies":[{"embeddable":true,"href":"https:\/\/portalmf.com.br\/index.php\/wp-json\/wp\/v2\/comments?post=8028"}],"version-history":[{"count":1,"href":"https:\/\/portalmf.com.br\/index.php\/wp-json\/wp\/v2\/posts\/8028\/revisions"}],"predecessor-version":[{"id":8030,"href":"https:\/\/portalmf.com.br\/index.php\/wp-json\/wp\/v2\/posts\/8028\/revisions\/8030"}],"wp:featuredmedia":[{"embeddable":true,"href":"https:\/\/portalmf.com.br\/index.php\/wp-json\/wp\/v2\/media\/8029"}],"wp:attachment":[{"href":"https:\/\/portalmf.com.br\/index.php\/wp-json\/wp\/v2\/media?parent=8028"}],"wp:term":[{"taxonomy":"category","embeddable":true,"href":"https:\/\/portalmf.com.br\/index.php\/wp-json\/wp\/v2\/categories?post=8028"},{"taxonomy":"post_tag","embeddable":true,"href":"https:\/\/portalmf.com.br\/index.php\/wp-json\/wp\/v2\/tags?post=8028"}],"curies":[{"name":"wp","href":"https:\/\/api.w.org\/{rel}","templated":true}]}}