{"id":8019,"date":"2023-01-17T14:34:10","date_gmt":"2023-01-17T17:34:10","guid":{"rendered":"https:\/\/portalmf.com.br\/?p=8019"},"modified":"2023-01-17T14:34:11","modified_gmt":"2023-01-17T17:34:11","slug":"cantor-vitera-se-prepara-para-lancar-novo-disco-gravado-em-mg","status":"publish","type":"post","link":"https:\/\/portalmf.com.br\/index.php\/2023\/01\/17\/cantor-vitera-se-prepara-para-lancar-novo-disco-gravado-em-mg\/","title":{"rendered":"<strong>Cantor Vit\u00eara se prepara para lan\u00e7ar novo disco gravado em MG<\/strong>"},"content":{"rendered":"\n<p>O ver\u00e3o est\u00e1 a mil e o cantor Vit\u00eara aproveita a esta\u00e7\u00e3o para trazer ainda mais surpresas para os seus f\u00e3s. O artista est\u00e1 nos ajustes finais para lan\u00e7ar seu novo trabalho, um CD gravado no formato \u201cao vivo\u201d, durante seu show no Bloco Me Leva, realizado no final de 2022, em Minas Gerais, na cidade de Montalv\u00e2nia.<\/p>\n\n\n\n<p><em>\u00a0\u201cO CD vai ter toda a energia do ax\u00e9 e \u00e9 a cara do pr\u00e9-Carnaval. S\u00e3o can\u00e7\u00f5es escolhidas a dedo, que resumem nossa grande festa e que mostram a ansiedade que estamos vivendo, diante desse retorno da maior festa de rua do planeta esse ano<\/em>\u201d, conta.<\/p>\n\n\n\n<p>&nbsp;Ao todo, o setlist do novo trabalho ter\u00e1 10 faixas, sendo tr\u00eas m\u00fasicas autorais; entre elas, \u201cO Milho Vai Virar Pipoca\u201d, carro chefe de Vit\u00eara para o Carnaval.<\/p>\n\n\n\n<p>Em breve, o cantor divulgar\u00e1 a data de lan\u00e7amento do disco, que estar\u00e1 dispon\u00edvel no Sua M\u00fasica e em todas as plataformas de streaming de \u00e1udio.<\/p>\n","protected":false},"excerpt":{"rendered":"<p>O ver\u00e3o est\u00e1 a mil e o cantor Vit\u00eara aproveita a esta\u00e7\u00e3o para trazer ainda mais surpresas para os seus f\u00e3s. O artista est\u00e1 nos ajustes finais para lan\u00e7ar seu novo trabalho, um CD gravado no formato \u201cao vivo\u201d, durante seu show no Bloco Me Leva, realizado no final de 2022, em Minas Gerais, na [&hellip;]<\/p>\n","protected":false},"author":3,"featured_media":8020,"comment_status":"open","ping_status":"open","sticky":false,"template":"","format":"standard","meta":{"_monsterinsights_skip_tracking":false,"_monsterinsights_sitenote_active":false,"_monsterinsights_sitenote_note":"","_monsterinsights_sitenote_category":0,"footnotes":""},"categories":[36],"tags":[],"yoast_head":"<!-- This site is optimized with the Yoast SEO plugin v22.9 - https:\/\/yoast.com\/wordpress\/plugins\/seo\/ -->\n<title>Cantor Vit\u00eara se prepara para lan\u00e7ar novo disco gravado em MG - Portal MF<\/title>\n<meta name=\"robots\" content=\"index, follow, max-snippet:-1, max-image-preview:large, max-video-preview:-1\" \/>\n<link rel=\"canonical\" href=\"https:\/\/portalmf.com.br\/index.php\/2023\/01\/17\/cantor-vitera-se-prepara-para-lancar-novo-disco-gravado-em-mg\/\" \/>\n<meta property=\"og:locale\" content=\"pt_BR\" \/>\n<meta property=\"og:type\" content=\"article\" \/>\n<meta property=\"og:title\" content=\"Cantor Vit\u00eara se prepara para lan\u00e7ar novo disco gravado em MG - Portal MF\" \/>\n<meta property=\"og:description\" content=\"O ver\u00e3o est\u00e1 a mil e o cantor Vit\u00eara aproveita a esta\u00e7\u00e3o para trazer ainda mais surpresas para os seus f\u00e3s. O artista est\u00e1 nos ajustes finais para lan\u00e7ar seu novo trabalho, um CD gravado no formato \u201cao vivo\u201d, durante seu show no Bloco Me Leva, realizado no final de 2022, em Minas Gerais, na [&hellip;]\" \/>\n<meta property=\"og:url\" content=\"https:\/\/portalmf.com.br\/index.php\/2023\/01\/17\/cantor-vitera-se-prepara-para-lancar-novo-disco-gravado-em-mg\/\" \/>\n<meta property=\"og:site_name\" content=\"Portal MF\" \/>\n<meta property=\"article:author\" content=\"https:\/\/www.facebook.com\/portalmfoficial\" \/>\n<meta property=\"article:published_time\" content=\"2023-01-17T17:34:10+00:00\" \/>\n<meta property=\"article:modified_time\" content=\"2023-01-17T17:34:11+00:00\" \/>\n<meta property=\"og:image\" content=\"https:\/\/portalmf.com.br\/wp-content\/uploads\/2023\/01\/Vitera_2023_1.jpg\" \/>\n\t<meta property=\"og:image:width\" content=\"828\" \/>\n\t<meta property=\"og:image:height\" content=\"560\" \/>\n\t<meta property=\"og:image:type\" content=\"image\/jpeg\" \/>\n<meta name=\"author\" content=\"Reda\u00e7\u00e3o Portal MF\" \/>\n<meta name=\"twitter:card\" content=\"summary_large_image\" \/>\n<meta name=\"twitter:creator\" content=\"@https:\/\/x.com\/portalmfoficial\" \/>\n<meta name=\"twitter:label1\" content=\"Escrito por\" \/>\n\t<meta name=\"twitter:data1\" content=\"Reda\u00e7\u00e3o Portal MF\" \/>\n\t<meta name=\"twitter:label2\" content=\"Est. tempo de leitura\" \/>\n\t<meta name=\"twitter:data2\" content=\"1 minuto\" \/>\n<script type=\"application\/ld+json\" class=\"yoast-schema-graph\">{\"@context\":\"https:\/\/schema.org\",\"@graph\":[{\"@type\":\"WebPage\",\"@id\":\"https:\/\/portalmf.com.br\/index.php\/2023\/01\/17\/cantor-vitera-se-prepara-para-lancar-novo-disco-gravado-em-mg\/\",\"url\":\"https:\/\/portalmf.com.br\/index.php\/2023\/01\/17\/cantor-vitera-se-prepara-para-lancar-novo-disco-gravado-em-mg\/\",\"name\":\"Cantor Vit\u00eara se prepara para lan\u00e7ar novo disco gravado em MG - Portal MF\",\"isPartOf\":{\"@id\":\"https:\/\/portalmf.com.br\/#website\"},\"primaryImageOfPage\":{\"@id\":\"https:\/\/portalmf.com.br\/index.php\/2023\/01\/17\/cantor-vitera-se-prepara-para-lancar-novo-disco-gravado-em-mg\/#primaryimage\"},\"image\":{\"@id\":\"https:\/\/portalmf.com.br\/index.php\/2023\/01\/17\/cantor-vitera-se-prepara-para-lancar-novo-disco-gravado-em-mg\/#primaryimage\"},\"thumbnailUrl\":\"https:\/\/portalmf.com.br\/wp-content\/uploads\/2023\/01\/Vitera_2023_1.jpg\",\"datePublished\":\"2023-01-17T17:34:10+00:00\",\"dateModified\":\"2023-01-17T17:34:11+00:00\",\"author\":{\"@id\":\"https:\/\/portalmf.com.br\/#\/schema\/person\/9ec101baf56233e53520c26de5d6f6f0\"},\"breadcrumb\":{\"@id\":\"https:\/\/portalmf.com.br\/index.php\/2023\/01\/17\/cantor-vitera-se-prepara-para-lancar-novo-disco-gravado-em-mg\/#breadcrumb\"},\"inLanguage\":\"pt-BR\",\"potentialAction\":[{\"@type\":\"ReadAction\",\"target\":[\"https:\/\/portalmf.com.br\/index.php\/2023\/01\/17\/cantor-vitera-se-prepara-para-lancar-novo-disco-gravado-em-mg\/\"]}]},{\"@type\":\"ImageObject\",\"inLanguage\":\"pt-BR\",\"@id\":\"https:\/\/portalmf.com.br\/index.php\/2023\/01\/17\/cantor-vitera-se-prepara-para-lancar-novo-disco-gravado-em-mg\/#primaryimage\",\"url\":\"https:\/\/portalmf.com.br\/wp-content\/uploads\/2023\/01\/Vitera_2023_1.jpg\",\"contentUrl\":\"https:\/\/portalmf.com.br\/wp-content\/uploads\/2023\/01\/Vitera_2023_1.jpg\",\"width\":828,\"height\":560},{\"@type\":\"BreadcrumbList\",\"@id\":\"https:\/\/portalmf.com.br\/index.php\/2023\/01\/17\/cantor-vitera-se-prepara-para-lancar-novo-disco-gravado-em-mg\/#breadcrumb\",\"itemListElement\":[{\"@type\":\"ListItem\",\"position\":1,\"name\":\"In\u00edcio\",\"item\":\"https:\/\/portalmf.com.br\/\"},{\"@type\":\"ListItem\",\"position\":2,\"name\":\"Cantor Vit\u00eara se prepara para lan\u00e7ar novo disco gravado em MG\"}]},{\"@type\":\"WebSite\",\"@id\":\"https:\/\/portalmf.com.br\/#website\",\"url\":\"https:\/\/portalmf.com.br\/\",\"name\":\"Portal MF\",\"description\":\"Voc\u00ea conectado com a informa\u00e7\u00e3o\",\"potentialAction\":[{\"@type\":\"SearchAction\",\"target\":{\"@type\":\"EntryPoint\",\"urlTemplate\":\"https:\/\/portalmf.com.br\/?s={search_term_string}\"},\"query-input\":\"required name=search_term_string\"}],\"inLanguage\":\"pt-BR\"},{\"@type\":\"Person\",\"@id\":\"https:\/\/portalmf.com.br\/#\/schema\/person\/9ec101baf56233e53520c26de5d6f6f0\",\"name\":\"Reda\u00e7\u00e3o Portal MF\",\"image\":{\"@type\":\"ImageObject\",\"inLanguage\":\"pt-BR\",\"@id\":\"https:\/\/portalmf.com.br\/#\/schema\/person\/image\/\",\"url\":\"https:\/\/secure.gravatar.com\/avatar\/41b9aaeb2100835f7c64362330f74c7f?s=96&d=mm&r=g\",\"contentUrl\":\"https:\/\/secure.gravatar.com\/avatar\/41b9aaeb2100835f7c64362330f74c7f?s=96&d=mm&r=g\",\"caption\":\"Reda\u00e7\u00e3o Portal MF\"},\"description\":\"Sejam bem-vindos o portal de informa\u00e7\u00f5es de entretenimento de Feira de Santana, desde 2006 realiza coberturas dos principais eventos com entrevistas exclusivas com as principais personalidades mundiais. Fique conectado tamb\u00e9m nas redes sociais.\",\"sameAs\":[\"http:\/\/www.portalmf.com.br\/\",\"https:\/\/www.facebook.com\/portalmfoficial\",\"https:\/\/www.instagram.com\/portalmf\/\",\"https:\/\/x.com\/https:\/\/x.com\/portalmfoficial\",\"https:\/\/www.youtube.com\/@portalmfoficial\"],\"url\":\"https:\/\/portalmf.com.br\/index.php\/author\/junior\/\"}]}<\/script>\n<!-- \/ Yoast SEO plugin. -->","yoast_head_json":{"title":"Cantor Vit\u00eara se prepara para lan\u00e7ar novo disco gravado em MG - Portal MF","robots":{"index":"index","follow":"follow","max-snippet":"max-snippet:-1","max-image-preview":"max-image-preview:large","max-video-preview":"max-video-preview:-1"},"canonical":"https:\/\/portalmf.com.br\/index.php\/2023\/01\/17\/cantor-vitera-se-prepara-para-lancar-novo-disco-gravado-em-mg\/","og_locale":"pt_BR","og_type":"article","og_title":"Cantor Vit\u00eara se prepara para lan\u00e7ar novo disco gravado em MG - Portal MF","og_description":"O ver\u00e3o est\u00e1 a mil e o cantor Vit\u00eara aproveita a esta\u00e7\u00e3o para trazer ainda mais surpresas para os seus f\u00e3s. O artista est\u00e1 nos ajustes finais para lan\u00e7ar seu novo trabalho, um CD gravado no formato \u201cao vivo\u201d, durante seu show no Bloco Me Leva, realizado no final de 2022, em Minas Gerais, na [&hellip;]","og_url":"https:\/\/portalmf.com.br\/index.php\/2023\/01\/17\/cantor-vitera-se-prepara-para-lancar-novo-disco-gravado-em-mg\/","og_site_name":"Portal MF","article_author":"https:\/\/www.facebook.com\/portalmfoficial","article_published_time":"2023-01-17T17:34:10+00:00","article_modified_time":"2023-01-17T17:34:11+00:00","og_image":[{"width":828,"height":560,"url":"https:\/\/portalmf.com.br\/wp-content\/uploads\/2023\/01\/Vitera_2023_1.jpg","type":"image\/jpeg"}],"author":"Reda\u00e7\u00e3o Portal MF","twitter_card":"summary_large_image","twitter_creator":"@https:\/\/x.com\/portalmfoficial","twitter_misc":{"Escrito por":"Reda\u00e7\u00e3o Portal MF","Est. tempo de leitura":"1 minuto"},"schema":{"@context":"https:\/\/schema.org","@graph":[{"@type":"WebPage","@id":"https:\/\/portalmf.com.br\/index.php\/2023\/01\/17\/cantor-vitera-se-prepara-para-lancar-novo-disco-gravado-em-mg\/","url":"https:\/\/portalmf.com.br\/index.php\/2023\/01\/17\/cantor-vitera-se-prepara-para-lancar-novo-disco-gravado-em-mg\/","name":"Cantor Vit\u00eara se prepara para lan\u00e7ar novo disco gravado em MG - Portal MF","isPartOf":{"@id":"https:\/\/portalmf.com.br\/#website"},"primaryImageOfPage":{"@id":"https:\/\/portalmf.com.br\/index.php\/2023\/01\/17\/cantor-vitera-se-prepara-para-lancar-novo-disco-gravado-em-mg\/#primaryimage"},"image":{"@id":"https:\/\/portalmf.com.br\/index.php\/2023\/01\/17\/cantor-vitera-se-prepara-para-lancar-novo-disco-gravado-em-mg\/#primaryimage"},"thumbnailUrl":"https:\/\/portalmf.com.br\/wp-content\/uploads\/2023\/01\/Vitera_2023_1.jpg","datePublished":"2023-01-17T17:34:10+00:00","dateModified":"2023-01-17T17:34:11+00:00","author":{"@id":"https:\/\/portalmf.com.br\/#\/schema\/person\/9ec101baf56233e53520c26de5d6f6f0"},"breadcrumb":{"@id":"https:\/\/portalmf.com.br\/index.php\/2023\/01\/17\/cantor-vitera-se-prepara-para-lancar-novo-disco-gravado-em-mg\/#breadcrumb"},"inLanguage":"pt-BR","potentialAction":[{"@type":"ReadAction","target":["https:\/\/portalmf.com.br\/index.php\/2023\/01\/17\/cantor-vitera-se-prepara-para-lancar-novo-disco-gravado-em-mg\/"]}]},{"@type":"ImageObject","inLanguage":"pt-BR","@id":"https:\/\/portalmf.com.br\/index.php\/2023\/01\/17\/cantor-vitera-se-prepara-para-lancar-novo-disco-gravado-em-mg\/#primaryimage","url":"https:\/\/portalmf.com.br\/wp-content\/uploads\/2023\/01\/Vitera_2023_1.jpg","contentUrl":"https:\/\/portalmf.com.br\/wp-content\/uploads\/2023\/01\/Vitera_2023_1.jpg","width":828,"height":560},{"@type":"BreadcrumbList","@id":"https:\/\/portalmf.com.br\/index.php\/2023\/01\/17\/cantor-vitera-se-prepara-para-lancar-novo-disco-gravado-em-mg\/#breadcrumb","itemListElement":[{"@type":"ListItem","position":1,"name":"In\u00edcio","item":"https:\/\/portalmf.com.br\/"},{"@type":"ListItem","position":2,"name":"Cantor Vit\u00eara se prepara para lan\u00e7ar novo disco gravado em MG"}]},{"@type":"WebSite","@id":"https:\/\/portalmf.com.br\/#website","url":"https:\/\/portalmf.com.br\/","name":"Portal MF","description":"Voc\u00ea conectado com a informa\u00e7\u00e3o","potentialAction":[{"@type":"SearchAction","target":{"@type":"EntryPoint","urlTemplate":"https:\/\/portalmf.com.br\/?s={search_term_string}"},"query-input":"required name=search_term_string"}],"inLanguage":"pt-BR"},{"@type":"Person","@id":"https:\/\/portalmf.com.br\/#\/schema\/person\/9ec101baf56233e53520c26de5d6f6f0","name":"Reda\u00e7\u00e3o Portal MF","image":{"@type":"ImageObject","inLanguage":"pt-BR","@id":"https:\/\/portalmf.com.br\/#\/schema\/person\/image\/","url":"https:\/\/secure.gravatar.com\/avatar\/41b9aaeb2100835f7c64362330f74c7f?s=96&d=mm&r=g","contentUrl":"https:\/\/secure.gravatar.com\/avatar\/41b9aaeb2100835f7c64362330f74c7f?s=96&d=mm&r=g","caption":"Reda\u00e7\u00e3o Portal MF"},"description":"Sejam bem-vindos o portal de informa\u00e7\u00f5es de entretenimento de Feira de Santana, desde 2006 realiza coberturas dos principais eventos com entrevistas exclusivas com as principais personalidades mundiais. Fique conectado tamb\u00e9m nas redes sociais.","sameAs":["http:\/\/www.portalmf.com.br\/","https:\/\/www.facebook.com\/portalmfoficial","https:\/\/www.instagram.com\/portalmf\/","https:\/\/x.com\/https:\/\/x.com\/portalmfoficial","https:\/\/www.youtube.com\/@portalmfoficial"],"url":"https:\/\/portalmf.com.br\/index.php\/author\/junior\/"}]}},"_links":{"self":[{"href":"https:\/\/portalmf.com.br\/index.php\/wp-json\/wp\/v2\/posts\/8019"}],"collection":[{"href":"https:\/\/portalmf.com.br\/index.php\/wp-json\/wp\/v2\/posts"}],"about":[{"href":"https:\/\/portalmf.com.br\/index.php\/wp-json\/wp\/v2\/types\/post"}],"author":[{"embeddable":true,"href":"https:\/\/portalmf.com.br\/index.php\/wp-json\/wp\/v2\/users\/3"}],"replies":[{"embeddable":true,"href":"https:\/\/portalmf.com.br\/index.php\/wp-json\/wp\/v2\/comments?post=8019"}],"version-history":[{"count":1,"href":"https:\/\/portalmf.com.br\/index.php\/wp-json\/wp\/v2\/posts\/8019\/revisions"}],"predecessor-version":[{"id":8021,"href":"https:\/\/portalmf.com.br\/index.php\/wp-json\/wp\/v2\/posts\/8019\/revisions\/8021"}],"wp:featuredmedia":[{"embeddable":true,"href":"https:\/\/portalmf.com.br\/index.php\/wp-json\/wp\/v2\/media\/8020"}],"wp:attachment":[{"href":"https:\/\/portalmf.com.br\/index.php\/wp-json\/wp\/v2\/media?parent=8019"}],"wp:term":[{"taxonomy":"category","embeddable":true,"href":"https:\/\/portalmf.com.br\/index.php\/wp-json\/wp\/v2\/categories?post=8019"},{"taxonomy":"post_tag","embeddable":true,"href":"https:\/\/portalmf.com.br\/index.php\/wp-json\/wp\/v2\/tags?post=8019"}],"curies":[{"name":"wp","href":"https:\/\/api.w.org\/{rel}","templated":true}]}}