{"id":8014,"date":"2023-01-17T14:25:00","date_gmt":"2023-01-17T17:25:00","guid":{"rendered":"https:\/\/portalmf.com.br\/?p=8014"},"modified":"2023-01-17T14:25:02","modified_gmt":"2023-01-17T17:25:02","slug":"samba-junino-arrasta-multidao-na-lavagem-do-bonfim","status":"publish","type":"post","link":"https:\/\/portalmf.com.br\/index.php\/2023\/01\/17\/samba-junino-arrasta-multidao-na-lavagem-do-bonfim\/","title":{"rendered":"<strong>Samba Junino arrasta multid\u00e3o na Lavagem do Bonfim<\/strong>"},"content":{"rendered":"\n<p>Fazendo valer o lema &#8220;quem tem f\u00e9 vai a p\u00e9&#8221;, representantes do Samba Junino arrastaram uma multid\u00e3o na Lavagem do Bonfim na \u00faltima quinta-feira. Durante seis horas, Bob Grilo do Samba Duro de Terreiro, Jorge Fogueir\u00e3o, Nonato Sanskey e Roda de Samba Mucum\u2019G receberam v\u00e1rios convidados e fizeram um grande arrast\u00e3o\/desfile de Samba Junino do Com\u00e9rcio ao Bonfim.<\/p>\n\n\n\n<p><em>\u201cMesmo ap\u00f3s momentos muito dif\u00edceis em fun\u00e7\u00e3o da pandemia do novo coronav\u00edrus e extrema dificuldade para toda cadeia produtiva, o Samba Junino est\u00e1 se reinventando mais uma vez nos moldes atuais para preservar e difundir essa manifesta\u00e7\u00e3o que \u00e9 nosso patrim\u00f4nio. Nada mais justo participarmos da lavagem do Bonfim para fortalecer ainda mais a nossa cultura\u201d<\/em>, afirma Nonato Sanskey.<\/p>\n\n\n\n<p>Durante o percurso da caminhada, aqueles que acompanhavam o desfile do Samba Junino puderam ainda ver as apresenta\u00e7\u00f5es de Marcos Natividade, S\u00e9rgio Baleiro do Muzenza, Neizinho Pagode Vesart, Rog\u00e9rio Hodd Bamba, Jair Chiada, Offscala, Samba Duro VS, Samba do Morro e Samba Du Papel\u00e3o que participaram como convidados.<\/p>\n\n\n\n<p><em>\u00a0\u201cO samba junino foi o respons\u00e1vel pelo desenvolvimento dos principais grupos, cantores, compositores e m\u00fasicas ic\u00f4nicas da cultura baiana, a exemplo de sucessos de Sarajane, Timbalada, \u00c9 o Tchan, Ninha, dentre outros artistas e grupos, oriundos da manifesta\u00e7\u00e3o cultural, nascida nos bairros da cidade\u201d<\/em>, acrescenta Sanskey.<\/p>\n\n\n\n<p><strong>Sobre o Samba Junino:<\/strong><\/p>\n\n\n\n<p>O samba junino representa uma express\u00e3o cultural genuinamente soteropolitana, marcado pela r\u00edtmica do samba duro, disseminada h\u00e1 pelo menos 50 anos em diversos bairros de Salvador. Os bairros tradicionais que realizam os festejos s\u00e3o Engenho Velho de Brotas, Engenho Velho da Federa\u00e7\u00e3o, Federa\u00e7\u00e3o, Fazenda Garcia, Toror\u00f3, Nordeste de Amaralina, Liberdade, dentre outros. Em fevereiro de 2018, o Samba Junino foi reconhecido como Patrim\u00f4nio Imaterial de Salvador e em 2020 entrou no calend\u00e1rio oficial de eventos da capital baiana, sendo comemorado no dia 17 de abril.<\/p>\n","protected":false},"excerpt":{"rendered":"<p>Fazendo valer o lema &#8220;quem tem f\u00e9 vai a p\u00e9&#8221;, representantes do Samba Junino arrastaram uma multid\u00e3o na Lavagem do Bonfim na \u00faltima quinta-feira. Durante seis horas, Bob Grilo do Samba Duro de Terreiro, Jorge Fogueir\u00e3o, Nonato Sanskey e Roda de Samba Mucum\u2019G receberam v\u00e1rios convidados e fizeram um grande arrast\u00e3o\/desfile de Samba Junino do [&hellip;]<\/p>\n","protected":false},"author":3,"featured_media":8015,"comment_status":"open","ping_status":"open","sticky":false,"template":"","format":"standard","meta":{"_monsterinsights_skip_tracking":false,"_monsterinsights_sitenote_active":false,"_monsterinsights_sitenote_note":"","_monsterinsights_sitenote_category":0,"footnotes":""},"categories":[44],"tags":[],"yoast_head":"<!-- This site is optimized with the Yoast SEO plugin v22.9 - https:\/\/yoast.com\/wordpress\/plugins\/seo\/ -->\n<title>Samba Junino arrasta multid\u00e3o na Lavagem do Bonfim - Portal MF<\/title>\n<meta name=\"robots\" content=\"index, follow, max-snippet:-1, max-image-preview:large, max-video-preview:-1\" \/>\n<link rel=\"canonical\" href=\"https:\/\/portalmf.com.br\/index.php\/2023\/01\/17\/samba-junino-arrasta-multidao-na-lavagem-do-bonfim\/\" \/>\n<meta property=\"og:locale\" content=\"pt_BR\" \/>\n<meta property=\"og:type\" content=\"article\" \/>\n<meta property=\"og:title\" content=\"Samba Junino arrasta multid\u00e3o na Lavagem do Bonfim - Portal MF\" \/>\n<meta property=\"og:description\" content=\"Fazendo valer o lema &#8220;quem tem f\u00e9 vai a p\u00e9&#8221;, representantes do Samba Junino arrastaram uma multid\u00e3o na Lavagem do Bonfim na \u00faltima quinta-feira. Durante seis horas, Bob Grilo do Samba Duro de Terreiro, Jorge Fogueir\u00e3o, Nonato Sanskey e Roda de Samba Mucum\u2019G receberam v\u00e1rios convidados e fizeram um grande arrast\u00e3o\/desfile de Samba Junino do [&hellip;]\" \/>\n<meta property=\"og:url\" content=\"https:\/\/portalmf.com.br\/index.php\/2023\/01\/17\/samba-junino-arrasta-multidao-na-lavagem-do-bonfim\/\" \/>\n<meta property=\"og:site_name\" content=\"Portal MF\" \/>\n<meta property=\"article:author\" content=\"https:\/\/www.facebook.com\/portalmfoficial\" \/>\n<meta property=\"article:published_time\" content=\"2023-01-17T17:25:00+00:00\" \/>\n<meta property=\"article:modified_time\" content=\"2023-01-17T17:25:02+00:00\" \/>\n<meta property=\"og:image\" content=\"https:\/\/portalmf.com.br\/wp-content\/uploads\/2023\/01\/Desfile-de-Samba-Junino-na-Lavagem-do-Bonfim.jpg\" \/>\n\t<meta property=\"og:image:width\" content=\"1080\" \/>\n\t<meta property=\"og:image:height\" content=\"810\" \/>\n\t<meta property=\"og:image:type\" content=\"image\/jpeg\" \/>\n<meta name=\"author\" content=\"Reda\u00e7\u00e3o Portal MF\" \/>\n<meta name=\"twitter:card\" content=\"summary_large_image\" \/>\n<meta name=\"twitter:creator\" content=\"@https:\/\/x.com\/portalmfoficial\" \/>\n<meta name=\"twitter:label1\" content=\"Escrito por\" \/>\n\t<meta name=\"twitter:data1\" content=\"Reda\u00e7\u00e3o Portal MF\" \/>\n\t<meta name=\"twitter:label2\" content=\"Est. tempo de leitura\" \/>\n\t<meta name=\"twitter:data2\" content=\"2 minutos\" \/>\n<script type=\"application\/ld+json\" class=\"yoast-schema-graph\">{\"@context\":\"https:\/\/schema.org\",\"@graph\":[{\"@type\":\"WebPage\",\"@id\":\"https:\/\/portalmf.com.br\/index.php\/2023\/01\/17\/samba-junino-arrasta-multidao-na-lavagem-do-bonfim\/\",\"url\":\"https:\/\/portalmf.com.br\/index.php\/2023\/01\/17\/samba-junino-arrasta-multidao-na-lavagem-do-bonfim\/\",\"name\":\"Samba Junino arrasta multid\u00e3o na Lavagem do Bonfim - Portal MF\",\"isPartOf\":{\"@id\":\"https:\/\/portalmf.com.br\/#website\"},\"primaryImageOfPage\":{\"@id\":\"https:\/\/portalmf.com.br\/index.php\/2023\/01\/17\/samba-junino-arrasta-multidao-na-lavagem-do-bonfim\/#primaryimage\"},\"image\":{\"@id\":\"https:\/\/portalmf.com.br\/index.php\/2023\/01\/17\/samba-junino-arrasta-multidao-na-lavagem-do-bonfim\/#primaryimage\"},\"thumbnailUrl\":\"https:\/\/portalmf.com.br\/wp-content\/uploads\/2023\/01\/Desfile-de-Samba-Junino-na-Lavagem-do-Bonfim.jpg\",\"datePublished\":\"2023-01-17T17:25:00+00:00\",\"dateModified\":\"2023-01-17T17:25:02+00:00\",\"author\":{\"@id\":\"https:\/\/portalmf.com.br\/#\/schema\/person\/9ec101baf56233e53520c26de5d6f6f0\"},\"breadcrumb\":{\"@id\":\"https:\/\/portalmf.com.br\/index.php\/2023\/01\/17\/samba-junino-arrasta-multidao-na-lavagem-do-bonfim\/#breadcrumb\"},\"inLanguage\":\"pt-BR\",\"potentialAction\":[{\"@type\":\"ReadAction\",\"target\":[\"https:\/\/portalmf.com.br\/index.php\/2023\/01\/17\/samba-junino-arrasta-multidao-na-lavagem-do-bonfim\/\"]}]},{\"@type\":\"ImageObject\",\"inLanguage\":\"pt-BR\",\"@id\":\"https:\/\/portalmf.com.br\/index.php\/2023\/01\/17\/samba-junino-arrasta-multidao-na-lavagem-do-bonfim\/#primaryimage\",\"url\":\"https:\/\/portalmf.com.br\/wp-content\/uploads\/2023\/01\/Desfile-de-Samba-Junino-na-Lavagem-do-Bonfim.jpg\",\"contentUrl\":\"https:\/\/portalmf.com.br\/wp-content\/uploads\/2023\/01\/Desfile-de-Samba-Junino-na-Lavagem-do-Bonfim.jpg\",\"width\":1080,\"height\":810},{\"@type\":\"BreadcrumbList\",\"@id\":\"https:\/\/portalmf.com.br\/index.php\/2023\/01\/17\/samba-junino-arrasta-multidao-na-lavagem-do-bonfim\/#breadcrumb\",\"itemListElement\":[{\"@type\":\"ListItem\",\"position\":1,\"name\":\"In\u00edcio\",\"item\":\"https:\/\/portalmf.com.br\/\"},{\"@type\":\"ListItem\",\"position\":2,\"name\":\"Samba Junino arrasta multid\u00e3o na Lavagem do Bonfim\"}]},{\"@type\":\"WebSite\",\"@id\":\"https:\/\/portalmf.com.br\/#website\",\"url\":\"https:\/\/portalmf.com.br\/\",\"name\":\"Portal MF\",\"description\":\"Voc\u00ea conectado com a informa\u00e7\u00e3o\",\"potentialAction\":[{\"@type\":\"SearchAction\",\"target\":{\"@type\":\"EntryPoint\",\"urlTemplate\":\"https:\/\/portalmf.com.br\/?s={search_term_string}\"},\"query-input\":\"required name=search_term_string\"}],\"inLanguage\":\"pt-BR\"},{\"@type\":\"Person\",\"@id\":\"https:\/\/portalmf.com.br\/#\/schema\/person\/9ec101baf56233e53520c26de5d6f6f0\",\"name\":\"Reda\u00e7\u00e3o Portal MF\",\"image\":{\"@type\":\"ImageObject\",\"inLanguage\":\"pt-BR\",\"@id\":\"https:\/\/portalmf.com.br\/#\/schema\/person\/image\/\",\"url\":\"https:\/\/secure.gravatar.com\/avatar\/41b9aaeb2100835f7c64362330f74c7f?s=96&d=mm&r=g\",\"contentUrl\":\"https:\/\/secure.gravatar.com\/avatar\/41b9aaeb2100835f7c64362330f74c7f?s=96&d=mm&r=g\",\"caption\":\"Reda\u00e7\u00e3o Portal MF\"},\"description\":\"Sejam bem-vindos o portal de informa\u00e7\u00f5es de entretenimento de Feira de Santana, desde 2006 realiza coberturas dos principais eventos com entrevistas exclusivas com as principais personalidades mundiais. Fique conectado tamb\u00e9m nas redes sociais.\",\"sameAs\":[\"http:\/\/www.portalmf.com.br\/\",\"https:\/\/www.facebook.com\/portalmfoficial\",\"https:\/\/www.instagram.com\/portalmf\/\",\"https:\/\/x.com\/https:\/\/x.com\/portalmfoficial\",\"https:\/\/www.youtube.com\/@portalmfoficial\"],\"url\":\"https:\/\/portalmf.com.br\/index.php\/author\/junior\/\"}]}<\/script>\n<!-- \/ Yoast SEO plugin. -->","yoast_head_json":{"title":"Samba Junino arrasta multid\u00e3o na Lavagem do Bonfim - Portal MF","robots":{"index":"index","follow":"follow","max-snippet":"max-snippet:-1","max-image-preview":"max-image-preview:large","max-video-preview":"max-video-preview:-1"},"canonical":"https:\/\/portalmf.com.br\/index.php\/2023\/01\/17\/samba-junino-arrasta-multidao-na-lavagem-do-bonfim\/","og_locale":"pt_BR","og_type":"article","og_title":"Samba Junino arrasta multid\u00e3o na Lavagem do Bonfim - Portal MF","og_description":"Fazendo valer o lema &#8220;quem tem f\u00e9 vai a p\u00e9&#8221;, representantes do Samba Junino arrastaram uma multid\u00e3o na Lavagem do Bonfim na \u00faltima quinta-feira. Durante seis horas, Bob Grilo do Samba Duro de Terreiro, Jorge Fogueir\u00e3o, Nonato Sanskey e Roda de Samba Mucum\u2019G receberam v\u00e1rios convidados e fizeram um grande arrast\u00e3o\/desfile de Samba Junino do [&hellip;]","og_url":"https:\/\/portalmf.com.br\/index.php\/2023\/01\/17\/samba-junino-arrasta-multidao-na-lavagem-do-bonfim\/","og_site_name":"Portal MF","article_author":"https:\/\/www.facebook.com\/portalmfoficial","article_published_time":"2023-01-17T17:25:00+00:00","article_modified_time":"2023-01-17T17:25:02+00:00","og_image":[{"width":1080,"height":810,"url":"https:\/\/portalmf.com.br\/wp-content\/uploads\/2023\/01\/Desfile-de-Samba-Junino-na-Lavagem-do-Bonfim.jpg","type":"image\/jpeg"}],"author":"Reda\u00e7\u00e3o Portal MF","twitter_card":"summary_large_image","twitter_creator":"@https:\/\/x.com\/portalmfoficial","twitter_misc":{"Escrito por":"Reda\u00e7\u00e3o Portal MF","Est. tempo de leitura":"2 minutos"},"schema":{"@context":"https:\/\/schema.org","@graph":[{"@type":"WebPage","@id":"https:\/\/portalmf.com.br\/index.php\/2023\/01\/17\/samba-junino-arrasta-multidao-na-lavagem-do-bonfim\/","url":"https:\/\/portalmf.com.br\/index.php\/2023\/01\/17\/samba-junino-arrasta-multidao-na-lavagem-do-bonfim\/","name":"Samba Junino arrasta multid\u00e3o na Lavagem do Bonfim - Portal MF","isPartOf":{"@id":"https:\/\/portalmf.com.br\/#website"},"primaryImageOfPage":{"@id":"https:\/\/portalmf.com.br\/index.php\/2023\/01\/17\/samba-junino-arrasta-multidao-na-lavagem-do-bonfim\/#primaryimage"},"image":{"@id":"https:\/\/portalmf.com.br\/index.php\/2023\/01\/17\/samba-junino-arrasta-multidao-na-lavagem-do-bonfim\/#primaryimage"},"thumbnailUrl":"https:\/\/portalmf.com.br\/wp-content\/uploads\/2023\/01\/Desfile-de-Samba-Junino-na-Lavagem-do-Bonfim.jpg","datePublished":"2023-01-17T17:25:00+00:00","dateModified":"2023-01-17T17:25:02+00:00","author":{"@id":"https:\/\/portalmf.com.br\/#\/schema\/person\/9ec101baf56233e53520c26de5d6f6f0"},"breadcrumb":{"@id":"https:\/\/portalmf.com.br\/index.php\/2023\/01\/17\/samba-junino-arrasta-multidao-na-lavagem-do-bonfim\/#breadcrumb"},"inLanguage":"pt-BR","potentialAction":[{"@type":"ReadAction","target":["https:\/\/portalmf.com.br\/index.php\/2023\/01\/17\/samba-junino-arrasta-multidao-na-lavagem-do-bonfim\/"]}]},{"@type":"ImageObject","inLanguage":"pt-BR","@id":"https:\/\/portalmf.com.br\/index.php\/2023\/01\/17\/samba-junino-arrasta-multidao-na-lavagem-do-bonfim\/#primaryimage","url":"https:\/\/portalmf.com.br\/wp-content\/uploads\/2023\/01\/Desfile-de-Samba-Junino-na-Lavagem-do-Bonfim.jpg","contentUrl":"https:\/\/portalmf.com.br\/wp-content\/uploads\/2023\/01\/Desfile-de-Samba-Junino-na-Lavagem-do-Bonfim.jpg","width":1080,"height":810},{"@type":"BreadcrumbList","@id":"https:\/\/portalmf.com.br\/index.php\/2023\/01\/17\/samba-junino-arrasta-multidao-na-lavagem-do-bonfim\/#breadcrumb","itemListElement":[{"@type":"ListItem","position":1,"name":"In\u00edcio","item":"https:\/\/portalmf.com.br\/"},{"@type":"ListItem","position":2,"name":"Samba Junino arrasta multid\u00e3o na Lavagem do Bonfim"}]},{"@type":"WebSite","@id":"https:\/\/portalmf.com.br\/#website","url":"https:\/\/portalmf.com.br\/","name":"Portal MF","description":"Voc\u00ea conectado com a informa\u00e7\u00e3o","potentialAction":[{"@type":"SearchAction","target":{"@type":"EntryPoint","urlTemplate":"https:\/\/portalmf.com.br\/?s={search_term_string}"},"query-input":"required name=search_term_string"}],"inLanguage":"pt-BR"},{"@type":"Person","@id":"https:\/\/portalmf.com.br\/#\/schema\/person\/9ec101baf56233e53520c26de5d6f6f0","name":"Reda\u00e7\u00e3o Portal MF","image":{"@type":"ImageObject","inLanguage":"pt-BR","@id":"https:\/\/portalmf.com.br\/#\/schema\/person\/image\/","url":"https:\/\/secure.gravatar.com\/avatar\/41b9aaeb2100835f7c64362330f74c7f?s=96&d=mm&r=g","contentUrl":"https:\/\/secure.gravatar.com\/avatar\/41b9aaeb2100835f7c64362330f74c7f?s=96&d=mm&r=g","caption":"Reda\u00e7\u00e3o Portal MF"},"description":"Sejam bem-vindos o portal de informa\u00e7\u00f5es de entretenimento de Feira de Santana, desde 2006 realiza coberturas dos principais eventos com entrevistas exclusivas com as principais personalidades mundiais. Fique conectado tamb\u00e9m nas redes sociais.","sameAs":["http:\/\/www.portalmf.com.br\/","https:\/\/www.facebook.com\/portalmfoficial","https:\/\/www.instagram.com\/portalmf\/","https:\/\/x.com\/https:\/\/x.com\/portalmfoficial","https:\/\/www.youtube.com\/@portalmfoficial"],"url":"https:\/\/portalmf.com.br\/index.php\/author\/junior\/"}]}},"_links":{"self":[{"href":"https:\/\/portalmf.com.br\/index.php\/wp-json\/wp\/v2\/posts\/8014"}],"collection":[{"href":"https:\/\/portalmf.com.br\/index.php\/wp-json\/wp\/v2\/posts"}],"about":[{"href":"https:\/\/portalmf.com.br\/index.php\/wp-json\/wp\/v2\/types\/post"}],"author":[{"embeddable":true,"href":"https:\/\/portalmf.com.br\/index.php\/wp-json\/wp\/v2\/users\/3"}],"replies":[{"embeddable":true,"href":"https:\/\/portalmf.com.br\/index.php\/wp-json\/wp\/v2\/comments?post=8014"}],"version-history":[{"count":1,"href":"https:\/\/portalmf.com.br\/index.php\/wp-json\/wp\/v2\/posts\/8014\/revisions"}],"predecessor-version":[{"id":8016,"href":"https:\/\/portalmf.com.br\/index.php\/wp-json\/wp\/v2\/posts\/8014\/revisions\/8016"}],"wp:featuredmedia":[{"embeddable":true,"href":"https:\/\/portalmf.com.br\/index.php\/wp-json\/wp\/v2\/media\/8015"}],"wp:attachment":[{"href":"https:\/\/portalmf.com.br\/index.php\/wp-json\/wp\/v2\/media?parent=8014"}],"wp:term":[{"taxonomy":"category","embeddable":true,"href":"https:\/\/portalmf.com.br\/index.php\/wp-json\/wp\/v2\/categories?post=8014"},{"taxonomy":"post_tag","embeddable":true,"href":"https:\/\/portalmf.com.br\/index.php\/wp-json\/wp\/v2\/tags?post=8014"}],"curies":[{"name":"wp","href":"https:\/\/api.w.org\/{rel}","templated":true}]}}