{"id":8007,"date":"2023-01-17T14:19:32","date_gmt":"2023-01-17T17:19:32","guid":{"rendered":"https:\/\/portalmf.com.br\/?p=8007"},"modified":"2023-01-17T14:19:33","modified_gmt":"2023-01-17T17:19:33","slug":"festa-a-moquecada-acontece-neste-sabado-em-salvador","status":"publish","type":"post","link":"https:\/\/portalmf.com.br\/index.php\/2023\/01\/17\/festa-a-moquecada-acontece-neste-sabado-em-salvador\/","title":{"rendered":"Festa \u2018A Moquecada\u2019 acontece neste s\u00e1bado em Salvador"},"content":{"rendered":"\n<p>A festa \u201cA Moquecada\u201d, assinada pela Diva Entretenimento, ser\u00e1 realizada neste s\u00e1bado, dia 21 de janeiro, na Pupileira. A festa promete marcar o fim de semana com muito agito e m\u00fasica boa. <\/p>\n\n\n\n<p>O evento, que come\u00e7a \u00e0s 13 horas, vai oferecer servi\u00e7o\u00a0<em>all inclusive<\/em>\u00a0com direito a um buffet com diversos tipos de moqueca, al\u00e9m de outras del\u00edcias da gastronomia regional; cerveja Eisenbahn, vodka Ketel One, whisky Johnnie Walker Red Label e Blonde, gin Tanqueray, \u00e1gua e refrigerante. A anima\u00e7\u00e3o ficar\u00e1 por conta do cantor Jau, e das bandas Negra Cor e Batifun, que prometem o melhor da m\u00fasica baiana. <\/p>\n\n\n\n<p><em>\u201cN\u00f3s pretendemos transformar A Moquecada em um evento oficial do ver\u00e3o soteropolitano. Estamos organizando tudo com muito cuidado e carinho para receber o p\u00fablico nessa, que ser\u00e1 a primeira edi\u00e7\u00e3o de muitas outras que vir\u00e3o por a\u00ed!\u201d<\/em>, comenta Michel Cohen, s\u00f3cio da Diva Entretenimento. <\/p>\n\n\n\n<figure class=\"wp-block-image size-full\"><img fetchpriority=\"high\" decoding=\"async\" width=\"900\" height=\"900\" src=\"https:\/\/portalmf.com.br\/wp-content\/uploads\/2023\/01\/Negra-Cor.jpg\" alt=\"\" class=\"wp-image-8009\" srcset=\"https:\/\/portalmf.com.br\/wp-content\/uploads\/2023\/01\/Negra-Cor.jpg 900w, https:\/\/portalmf.com.br\/wp-content\/uploads\/2023\/01\/Negra-Cor-300x300.jpg 300w, https:\/\/portalmf.com.br\/wp-content\/uploads\/2023\/01\/Negra-Cor-150x150.jpg 150w, https:\/\/portalmf.com.br\/wp-content\/uploads\/2023\/01\/Negra-Cor-768x768.jpg 768w, https:\/\/portalmf.com.br\/wp-content\/uploads\/2023\/01\/Negra-Cor-585x585.jpg 585w\" sizes=\"(max-width: 900px) 100vw, 900px\" \/><\/figure>\n\n\n\n<p>Os ingressos ainda est\u00e3o \u00e0 venda e podem ser adquiridos pelo site Ticket Maker, ou na loja da Diva, no L1 do Salvador Shopping.<\/p>\n","protected":false},"excerpt":{"rendered":"<p>A festa \u201cA Moquecada\u201d, assinada pela Diva Entretenimento, ser\u00e1 realizada neste s\u00e1bado, dia 21 de janeiro, na Pupileira. A festa promete marcar o fim de semana com muito agito e m\u00fasica boa. O evento, que come\u00e7a \u00e0s 13 horas, vai oferecer servi\u00e7o\u00a0all inclusive\u00a0com direito a um buffet com diversos tipos de moqueca, al\u00e9m de outras [&hellip;]<\/p>\n","protected":false},"author":3,"featured_media":8008,"comment_status":"open","ping_status":"open","sticky":false,"template":"","format":"standard","meta":{"_monsterinsights_skip_tracking":false,"_monsterinsights_sitenote_active":false,"_monsterinsights_sitenote_note":"","_monsterinsights_sitenote_category":0,"footnotes":""},"categories":[44,45],"tags":[],"yoast_head":"<!-- This site is optimized with the Yoast SEO plugin v22.9 - https:\/\/yoast.com\/wordpress\/plugins\/seo\/ -->\n<title>Festa \u2018A Moquecada\u2019 acontece neste s\u00e1bado em Salvador - Portal MF<\/title>\n<meta name=\"robots\" content=\"index, follow, max-snippet:-1, max-image-preview:large, max-video-preview:-1\" \/>\n<link rel=\"canonical\" href=\"https:\/\/portalmf.com.br\/index.php\/2023\/01\/17\/festa-a-moquecada-acontece-neste-sabado-em-salvador\/\" \/>\n<meta property=\"og:locale\" content=\"pt_BR\" \/>\n<meta property=\"og:type\" content=\"article\" \/>\n<meta property=\"og:title\" content=\"Festa \u2018A Moquecada\u2019 acontece neste s\u00e1bado em Salvador - Portal MF\" \/>\n<meta property=\"og:description\" content=\"A festa \u201cA Moquecada\u201d, assinada pela Diva Entretenimento, ser\u00e1 realizada neste s\u00e1bado, dia 21 de janeiro, na Pupileira. A festa promete marcar o fim de semana com muito agito e m\u00fasica boa. O evento, que come\u00e7a \u00e0s 13 horas, vai oferecer servi\u00e7o\u00a0all inclusive\u00a0com direito a um buffet com diversos tipos de moqueca, al\u00e9m de outras [&hellip;]\" \/>\n<meta property=\"og:url\" content=\"https:\/\/portalmf.com.br\/index.php\/2023\/01\/17\/festa-a-moquecada-acontece-neste-sabado-em-salvador\/\" \/>\n<meta property=\"og:site_name\" content=\"Portal MF\" \/>\n<meta property=\"article:author\" content=\"https:\/\/www.facebook.com\/portalmfoficial\" \/>\n<meta property=\"article:published_time\" content=\"2023-01-17T17:19:32+00:00\" \/>\n<meta property=\"article:modified_time\" content=\"2023-01-17T17:19:33+00:00\" \/>\n<meta property=\"og:image\" content=\"https:\/\/portalmf.com.br\/wp-content\/uploads\/2023\/01\/Batifun.jpg\" \/>\n\t<meta property=\"og:image:width\" content=\"1170\" \/>\n\t<meta property=\"og:image:height\" content=\"779\" \/>\n\t<meta property=\"og:image:type\" content=\"image\/jpeg\" \/>\n<meta name=\"author\" content=\"Reda\u00e7\u00e3o Portal MF\" \/>\n<meta name=\"twitter:card\" content=\"summary_large_image\" \/>\n<meta name=\"twitter:creator\" content=\"@https:\/\/x.com\/portalmfoficial\" \/>\n<meta name=\"twitter:label1\" content=\"Escrito por\" \/>\n\t<meta name=\"twitter:data1\" content=\"Reda\u00e7\u00e3o Portal MF\" \/>\n\t<meta name=\"twitter:label2\" content=\"Est. tempo de leitura\" \/>\n\t<meta name=\"twitter:data2\" content=\"2 minutos\" \/>\n<script type=\"application\/ld+json\" class=\"yoast-schema-graph\">{\"@context\":\"https:\/\/schema.org\",\"@graph\":[{\"@type\":\"WebPage\",\"@id\":\"https:\/\/portalmf.com.br\/index.php\/2023\/01\/17\/festa-a-moquecada-acontece-neste-sabado-em-salvador\/\",\"url\":\"https:\/\/portalmf.com.br\/index.php\/2023\/01\/17\/festa-a-moquecada-acontece-neste-sabado-em-salvador\/\",\"name\":\"Festa \u2018A Moquecada\u2019 acontece neste s\u00e1bado em Salvador - Portal MF\",\"isPartOf\":{\"@id\":\"https:\/\/portalmf.com.br\/#website\"},\"primaryImageOfPage\":{\"@id\":\"https:\/\/portalmf.com.br\/index.php\/2023\/01\/17\/festa-a-moquecada-acontece-neste-sabado-em-salvador\/#primaryimage\"},\"image\":{\"@id\":\"https:\/\/portalmf.com.br\/index.php\/2023\/01\/17\/festa-a-moquecada-acontece-neste-sabado-em-salvador\/#primaryimage\"},\"thumbnailUrl\":\"https:\/\/portalmf.com.br\/wp-content\/uploads\/2023\/01\/Batifun.jpg\",\"datePublished\":\"2023-01-17T17:19:32+00:00\",\"dateModified\":\"2023-01-17T17:19:33+00:00\",\"author\":{\"@id\":\"https:\/\/portalmf.com.br\/#\/schema\/person\/9ec101baf56233e53520c26de5d6f6f0\"},\"breadcrumb\":{\"@id\":\"https:\/\/portalmf.com.br\/index.php\/2023\/01\/17\/festa-a-moquecada-acontece-neste-sabado-em-salvador\/#breadcrumb\"},\"inLanguage\":\"pt-BR\",\"potentialAction\":[{\"@type\":\"ReadAction\",\"target\":[\"https:\/\/portalmf.com.br\/index.php\/2023\/01\/17\/festa-a-moquecada-acontece-neste-sabado-em-salvador\/\"]}]},{\"@type\":\"ImageObject\",\"inLanguage\":\"pt-BR\",\"@id\":\"https:\/\/portalmf.com.br\/index.php\/2023\/01\/17\/festa-a-moquecada-acontece-neste-sabado-em-salvador\/#primaryimage\",\"url\":\"https:\/\/portalmf.com.br\/wp-content\/uploads\/2023\/01\/Batifun.jpg\",\"contentUrl\":\"https:\/\/portalmf.com.br\/wp-content\/uploads\/2023\/01\/Batifun.jpg\",\"width\":1170,\"height\":779},{\"@type\":\"BreadcrumbList\",\"@id\":\"https:\/\/portalmf.com.br\/index.php\/2023\/01\/17\/festa-a-moquecada-acontece-neste-sabado-em-salvador\/#breadcrumb\",\"itemListElement\":[{\"@type\":\"ListItem\",\"position\":1,\"name\":\"In\u00edcio\",\"item\":\"https:\/\/portalmf.com.br\/\"},{\"@type\":\"ListItem\",\"position\":2,\"name\":\"Festa \u2018A Moquecada\u2019 acontece neste s\u00e1bado em Salvador\"}]},{\"@type\":\"WebSite\",\"@id\":\"https:\/\/portalmf.com.br\/#website\",\"url\":\"https:\/\/portalmf.com.br\/\",\"name\":\"Portal MF\",\"description\":\"Voc\u00ea conectado com a informa\u00e7\u00e3o\",\"potentialAction\":[{\"@type\":\"SearchAction\",\"target\":{\"@type\":\"EntryPoint\",\"urlTemplate\":\"https:\/\/portalmf.com.br\/?s={search_term_string}\"},\"query-input\":\"required name=search_term_string\"}],\"inLanguage\":\"pt-BR\"},{\"@type\":\"Person\",\"@id\":\"https:\/\/portalmf.com.br\/#\/schema\/person\/9ec101baf56233e53520c26de5d6f6f0\",\"name\":\"Reda\u00e7\u00e3o Portal MF\",\"image\":{\"@type\":\"ImageObject\",\"inLanguage\":\"pt-BR\",\"@id\":\"https:\/\/portalmf.com.br\/#\/schema\/person\/image\/\",\"url\":\"https:\/\/secure.gravatar.com\/avatar\/41b9aaeb2100835f7c64362330f74c7f?s=96&d=mm&r=g\",\"contentUrl\":\"https:\/\/secure.gravatar.com\/avatar\/41b9aaeb2100835f7c64362330f74c7f?s=96&d=mm&r=g\",\"caption\":\"Reda\u00e7\u00e3o Portal MF\"},\"description\":\"Sejam bem-vindos o portal de informa\u00e7\u00f5es de entretenimento de Feira de Santana, desde 2006 realiza coberturas dos principais eventos com entrevistas exclusivas com as principais personalidades mundiais. Fique conectado tamb\u00e9m nas redes sociais.\",\"sameAs\":[\"http:\/\/www.portalmf.com.br\/\",\"https:\/\/www.facebook.com\/portalmfoficial\",\"https:\/\/www.instagram.com\/portalmf\/\",\"https:\/\/x.com\/https:\/\/x.com\/portalmfoficial\",\"https:\/\/www.youtube.com\/@portalmfoficial\"],\"url\":\"https:\/\/portalmf.com.br\/index.php\/author\/junior\/\"}]}<\/script>\n<!-- \/ Yoast SEO plugin. -->","yoast_head_json":{"title":"Festa \u2018A Moquecada\u2019 acontece neste s\u00e1bado em Salvador - Portal MF","robots":{"index":"index","follow":"follow","max-snippet":"max-snippet:-1","max-image-preview":"max-image-preview:large","max-video-preview":"max-video-preview:-1"},"canonical":"https:\/\/portalmf.com.br\/index.php\/2023\/01\/17\/festa-a-moquecada-acontece-neste-sabado-em-salvador\/","og_locale":"pt_BR","og_type":"article","og_title":"Festa \u2018A Moquecada\u2019 acontece neste s\u00e1bado em Salvador - Portal MF","og_description":"A festa \u201cA Moquecada\u201d, assinada pela Diva Entretenimento, ser\u00e1 realizada neste s\u00e1bado, dia 21 de janeiro, na Pupileira. A festa promete marcar o fim de semana com muito agito e m\u00fasica boa. O evento, que come\u00e7a \u00e0s 13 horas, vai oferecer servi\u00e7o\u00a0all inclusive\u00a0com direito a um buffet com diversos tipos de moqueca, al\u00e9m de outras [&hellip;]","og_url":"https:\/\/portalmf.com.br\/index.php\/2023\/01\/17\/festa-a-moquecada-acontece-neste-sabado-em-salvador\/","og_site_name":"Portal MF","article_author":"https:\/\/www.facebook.com\/portalmfoficial","article_published_time":"2023-01-17T17:19:32+00:00","article_modified_time":"2023-01-17T17:19:33+00:00","og_image":[{"width":1170,"height":779,"url":"https:\/\/portalmf.com.br\/wp-content\/uploads\/2023\/01\/Batifun.jpg","type":"image\/jpeg"}],"author":"Reda\u00e7\u00e3o Portal MF","twitter_card":"summary_large_image","twitter_creator":"@https:\/\/x.com\/portalmfoficial","twitter_misc":{"Escrito por":"Reda\u00e7\u00e3o Portal MF","Est. tempo de leitura":"2 minutos"},"schema":{"@context":"https:\/\/schema.org","@graph":[{"@type":"WebPage","@id":"https:\/\/portalmf.com.br\/index.php\/2023\/01\/17\/festa-a-moquecada-acontece-neste-sabado-em-salvador\/","url":"https:\/\/portalmf.com.br\/index.php\/2023\/01\/17\/festa-a-moquecada-acontece-neste-sabado-em-salvador\/","name":"Festa \u2018A Moquecada\u2019 acontece neste s\u00e1bado em Salvador - Portal MF","isPartOf":{"@id":"https:\/\/portalmf.com.br\/#website"},"primaryImageOfPage":{"@id":"https:\/\/portalmf.com.br\/index.php\/2023\/01\/17\/festa-a-moquecada-acontece-neste-sabado-em-salvador\/#primaryimage"},"image":{"@id":"https:\/\/portalmf.com.br\/index.php\/2023\/01\/17\/festa-a-moquecada-acontece-neste-sabado-em-salvador\/#primaryimage"},"thumbnailUrl":"https:\/\/portalmf.com.br\/wp-content\/uploads\/2023\/01\/Batifun.jpg","datePublished":"2023-01-17T17:19:32+00:00","dateModified":"2023-01-17T17:19:33+00:00","author":{"@id":"https:\/\/portalmf.com.br\/#\/schema\/person\/9ec101baf56233e53520c26de5d6f6f0"},"breadcrumb":{"@id":"https:\/\/portalmf.com.br\/index.php\/2023\/01\/17\/festa-a-moquecada-acontece-neste-sabado-em-salvador\/#breadcrumb"},"inLanguage":"pt-BR","potentialAction":[{"@type":"ReadAction","target":["https:\/\/portalmf.com.br\/index.php\/2023\/01\/17\/festa-a-moquecada-acontece-neste-sabado-em-salvador\/"]}]},{"@type":"ImageObject","inLanguage":"pt-BR","@id":"https:\/\/portalmf.com.br\/index.php\/2023\/01\/17\/festa-a-moquecada-acontece-neste-sabado-em-salvador\/#primaryimage","url":"https:\/\/portalmf.com.br\/wp-content\/uploads\/2023\/01\/Batifun.jpg","contentUrl":"https:\/\/portalmf.com.br\/wp-content\/uploads\/2023\/01\/Batifun.jpg","width":1170,"height":779},{"@type":"BreadcrumbList","@id":"https:\/\/portalmf.com.br\/index.php\/2023\/01\/17\/festa-a-moquecada-acontece-neste-sabado-em-salvador\/#breadcrumb","itemListElement":[{"@type":"ListItem","position":1,"name":"In\u00edcio","item":"https:\/\/portalmf.com.br\/"},{"@type":"ListItem","position":2,"name":"Festa \u2018A Moquecada\u2019 acontece neste s\u00e1bado em Salvador"}]},{"@type":"WebSite","@id":"https:\/\/portalmf.com.br\/#website","url":"https:\/\/portalmf.com.br\/","name":"Portal MF","description":"Voc\u00ea conectado com a informa\u00e7\u00e3o","potentialAction":[{"@type":"SearchAction","target":{"@type":"EntryPoint","urlTemplate":"https:\/\/portalmf.com.br\/?s={search_term_string}"},"query-input":"required name=search_term_string"}],"inLanguage":"pt-BR"},{"@type":"Person","@id":"https:\/\/portalmf.com.br\/#\/schema\/person\/9ec101baf56233e53520c26de5d6f6f0","name":"Reda\u00e7\u00e3o Portal MF","image":{"@type":"ImageObject","inLanguage":"pt-BR","@id":"https:\/\/portalmf.com.br\/#\/schema\/person\/image\/","url":"https:\/\/secure.gravatar.com\/avatar\/41b9aaeb2100835f7c64362330f74c7f?s=96&d=mm&r=g","contentUrl":"https:\/\/secure.gravatar.com\/avatar\/41b9aaeb2100835f7c64362330f74c7f?s=96&d=mm&r=g","caption":"Reda\u00e7\u00e3o Portal MF"},"description":"Sejam bem-vindos o portal de informa\u00e7\u00f5es de entretenimento de Feira de Santana, desde 2006 realiza coberturas dos principais eventos com entrevistas exclusivas com as principais personalidades mundiais. Fique conectado tamb\u00e9m nas redes sociais.","sameAs":["http:\/\/www.portalmf.com.br\/","https:\/\/www.facebook.com\/portalmfoficial","https:\/\/www.instagram.com\/portalmf\/","https:\/\/x.com\/https:\/\/x.com\/portalmfoficial","https:\/\/www.youtube.com\/@portalmfoficial"],"url":"https:\/\/portalmf.com.br\/index.php\/author\/junior\/"}]}},"_links":{"self":[{"href":"https:\/\/portalmf.com.br\/index.php\/wp-json\/wp\/v2\/posts\/8007"}],"collection":[{"href":"https:\/\/portalmf.com.br\/index.php\/wp-json\/wp\/v2\/posts"}],"about":[{"href":"https:\/\/portalmf.com.br\/index.php\/wp-json\/wp\/v2\/types\/post"}],"author":[{"embeddable":true,"href":"https:\/\/portalmf.com.br\/index.php\/wp-json\/wp\/v2\/users\/3"}],"replies":[{"embeddable":true,"href":"https:\/\/portalmf.com.br\/index.php\/wp-json\/wp\/v2\/comments?post=8007"}],"version-history":[{"count":1,"href":"https:\/\/portalmf.com.br\/index.php\/wp-json\/wp\/v2\/posts\/8007\/revisions"}],"predecessor-version":[{"id":8010,"href":"https:\/\/portalmf.com.br\/index.php\/wp-json\/wp\/v2\/posts\/8007\/revisions\/8010"}],"wp:featuredmedia":[{"embeddable":true,"href":"https:\/\/portalmf.com.br\/index.php\/wp-json\/wp\/v2\/media\/8008"}],"wp:attachment":[{"href":"https:\/\/portalmf.com.br\/index.php\/wp-json\/wp\/v2\/media?parent=8007"}],"wp:term":[{"taxonomy":"category","embeddable":true,"href":"https:\/\/portalmf.com.br\/index.php\/wp-json\/wp\/v2\/categories?post=8007"},{"taxonomy":"post_tag","embeddable":true,"href":"https:\/\/portalmf.com.br\/index.php\/wp-json\/wp\/v2\/tags?post=8007"}],"curies":[{"name":"wp","href":"https:\/\/api.w.org\/{rel}","templated":true}]}}