{"id":7995,"date":"2023-01-17T14:08:39","date_gmt":"2023-01-17T17:08:39","guid":{"rendered":"https:\/\/portalmf.com.br\/?p=7995"},"modified":"2023-01-17T14:08:40","modified_gmt":"2023-01-17T17:08:40","slug":"piso-nacional-dos-professores-sobe-para-r-4-42055","status":"publish","type":"post","link":"https:\/\/portalmf.com.br\/index.php\/2023\/01\/17\/piso-nacional-dos-professores-sobe-para-r-4-42055\/","title":{"rendered":"Piso nacional dos professores sobe para R$ 4.420,55"},"content":{"rendered":"\n<p>O piso nacional dos professores subir\u00e1 para R$ 4.420,55 em 2023, um reajuste de 15% em rela\u00e7\u00e3o ao piso do ano passado, que era de R$ 3.845,63. A portaria com o novo valor foi assinada hoje (16) \u00e0 noite pelo ministro da Educa\u00e7\u00e3o, Camilo Santana.<img decoding=\"async\" src=\"https:\/\/agenciabrasil.ebc.com.br\/ebc.png?id=1504637&amp;o=node\"><img decoding=\"async\" src=\"https:\/\/agenciabrasil.ebc.com.br\/ebc.gif?id=1504637&amp;o=node\"><\/p>\n\n\n\n<p>&#8220;A valoriza\u00e7\u00e3o dos nossos profissionais da educa\u00e7\u00e3o \u00e9 fator determinante para o crescimento do nosso pa\u00eds&#8221;, escreveu o ministro, ao anunciar o novo valor nas redes sociais.<\/p>\n\n\n\n<p>O piso nacional do magist\u00e9rio representa o sal\u00e1rio inicial das carreiras do magist\u00e9rio p\u00fablico da educa\u00e7\u00e3o b\u00e1sica para a forma\u00e7\u00e3o em n\u00edvel m\u00e9dio. O valor considera uma jornada de 40 horas semanais na modalidade normal de ensino.<\/p>\n\n\n\n<p>A cada ano, o piso do magist\u00e9rio deve ser corrigido todos os anos pelo crescimento do valor anual m\u00ednimo por aluno referente aos anos iniciais do ensino fundamental urbano, estabelecido pelo Fundo de Manuten\u00e7\u00e3o e Desenvolvimento da Educa\u00e7\u00e3o B\u00e1sica (Fundeb). Para 2023, o Fundeb estabelecia o reajuste de 15% no valor.<\/p>\n\n\n\n<figure class=\"wp-block-embed is-type-rich is-provider-twitter wp-block-embed-twitter\"><div class=\"wp-block-embed__wrapper\">\n<blockquote class=\"twitter-tweet\" data-width=\"550\" data-dnt=\"true\"><p lang=\"pt\" dir=\"ltr\">Anuncio aos nossos professores e professoras que assinei portaria que estabelece o novo Piso Magist\u00e9rio 2023: R$ 4.420,55. O piso de 2022 era R$ 3.845,63. A valoriza\u00e7\u00e3o dos nossos profissionais da educa\u00e7\u00e3o \u00e9 fator determinante para o crescimento do nosso pa\u00eds. <a href=\"https:\/\/t.co\/7rRoCmzIMZ\">pic.twitter.com\/7rRoCmzIMZ<\/a><\/p>&mdash; Camilo Santana (@CamiloSantanaCE) <a href=\"https:\/\/twitter.com\/CamiloSantanaCE\/status\/1615141291607658499?ref_src=twsrc%5Etfw\">January 17, 2023<\/a><\/blockquote><script async src=\"https:\/\/platform.twitter.com\/widgets.js\" charset=\"utf-8\"><\/script>\n<\/div><\/figure>\n\n\n\n<p>Com informa\u00e7\u00f5es da Ag\u00eancia Brasil<\/p>\n","protected":false},"excerpt":{"rendered":"<p>O piso nacional dos professores subir\u00e1 para R$ 4.420,55 em 2023, um reajuste de 15% em rela\u00e7\u00e3o ao piso do ano passado, que era de R$ 3.845,63. A portaria com o novo valor foi assinada hoje (16) \u00e0 noite pelo ministro da Educa\u00e7\u00e3o, Camilo Santana. &#8220;A valoriza\u00e7\u00e3o dos nossos profissionais da educa\u00e7\u00e3o \u00e9 fator determinante [&hellip;]<\/p>\n","protected":false},"author":3,"featured_media":7996,"comment_status":"open","ping_status":"open","sticky":false,"template":"","format":"standard","meta":{"_monsterinsights_skip_tracking":false,"_monsterinsights_sitenote_active":false,"_monsterinsights_sitenote_note":"","_monsterinsights_sitenote_category":0,"footnotes":""},"categories":[34],"tags":[],"yoast_head":"<!-- This site is optimized with the Yoast SEO plugin v22.9 - https:\/\/yoast.com\/wordpress\/plugins\/seo\/ -->\n<title>Piso nacional dos professores sobe para R$ 4.420,55 - Portal MF<\/title>\n<meta name=\"robots\" content=\"index, follow, max-snippet:-1, max-image-preview:large, max-video-preview:-1\" \/>\n<link rel=\"canonical\" href=\"https:\/\/portalmf.com.br\/index.php\/2023\/01\/17\/piso-nacional-dos-professores-sobe-para-r-4-42055\/\" \/>\n<meta property=\"og:locale\" content=\"pt_BR\" \/>\n<meta property=\"og:type\" content=\"article\" \/>\n<meta property=\"og:title\" content=\"Piso nacional dos professores sobe para R$ 4.420,55 - Portal MF\" \/>\n<meta property=\"og:description\" content=\"O piso nacional dos professores subir\u00e1 para R$ 4.420,55 em 2023, um reajuste de 15% em rela\u00e7\u00e3o ao piso do ano passado, que era de R$ 3.845,63. A portaria com o novo valor foi assinada hoje (16) \u00e0 noite pelo ministro da Educa\u00e7\u00e3o, Camilo Santana. &#8220;A valoriza\u00e7\u00e3o dos nossos profissionais da educa\u00e7\u00e3o \u00e9 fator determinante [&hellip;]\" \/>\n<meta property=\"og:url\" content=\"https:\/\/portalmf.com.br\/index.php\/2023\/01\/17\/piso-nacional-dos-professores-sobe-para-r-4-42055\/\" \/>\n<meta property=\"og:site_name\" content=\"Portal MF\" \/>\n<meta property=\"article:author\" content=\"https:\/\/www.facebook.com\/portalmfoficial\" \/>\n<meta property=\"article:published_time\" content=\"2023-01-17T17:08:39+00:00\" \/>\n<meta property=\"article:modified_time\" content=\"2023-01-17T17:08:40+00:00\" \/>\n<meta property=\"og:image\" content=\"https:\/\/portalmf.com.br\/wp-content\/uploads\/2023\/01\/52602116737_9b548a7475_o.jpg\" \/>\n\t<meta property=\"og:image:width\" content=\"1170\" \/>\n\t<meta property=\"og:image:height\" content=\"700\" \/>\n\t<meta property=\"og:image:type\" content=\"image\/jpeg\" \/>\n<meta name=\"author\" content=\"Reda\u00e7\u00e3o Portal MF\" \/>\n<meta name=\"twitter:card\" content=\"summary_large_image\" \/>\n<meta name=\"twitter:creator\" content=\"@https:\/\/x.com\/portalmfoficial\" \/>\n<meta name=\"twitter:label1\" content=\"Escrito por\" \/>\n\t<meta name=\"twitter:data1\" content=\"Reda\u00e7\u00e3o Portal MF\" \/>\n\t<meta name=\"twitter:label2\" content=\"Est. tempo de leitura\" \/>\n\t<meta name=\"twitter:data2\" content=\"2 minutos\" \/>\n<script type=\"application\/ld+json\" class=\"yoast-schema-graph\">{\"@context\":\"https:\/\/schema.org\",\"@graph\":[{\"@type\":\"WebPage\",\"@id\":\"https:\/\/portalmf.com.br\/index.php\/2023\/01\/17\/piso-nacional-dos-professores-sobe-para-r-4-42055\/\",\"url\":\"https:\/\/portalmf.com.br\/index.php\/2023\/01\/17\/piso-nacional-dos-professores-sobe-para-r-4-42055\/\",\"name\":\"Piso nacional dos professores sobe para R$ 4.420,55 - Portal MF\",\"isPartOf\":{\"@id\":\"https:\/\/portalmf.com.br\/#website\"},\"primaryImageOfPage\":{\"@id\":\"https:\/\/portalmf.com.br\/index.php\/2023\/01\/17\/piso-nacional-dos-professores-sobe-para-r-4-42055\/#primaryimage\"},\"image\":{\"@id\":\"https:\/\/portalmf.com.br\/index.php\/2023\/01\/17\/piso-nacional-dos-professores-sobe-para-r-4-42055\/#primaryimage\"},\"thumbnailUrl\":\"https:\/\/portalmf.com.br\/wp-content\/uploads\/2023\/01\/52602116737_9b548a7475_o.jpg\",\"datePublished\":\"2023-01-17T17:08:39+00:00\",\"dateModified\":\"2023-01-17T17:08:40+00:00\",\"author\":{\"@id\":\"https:\/\/portalmf.com.br\/#\/schema\/person\/9ec101baf56233e53520c26de5d6f6f0\"},\"breadcrumb\":{\"@id\":\"https:\/\/portalmf.com.br\/index.php\/2023\/01\/17\/piso-nacional-dos-professores-sobe-para-r-4-42055\/#breadcrumb\"},\"inLanguage\":\"pt-BR\",\"potentialAction\":[{\"@type\":\"ReadAction\",\"target\":[\"https:\/\/portalmf.com.br\/index.php\/2023\/01\/17\/piso-nacional-dos-professores-sobe-para-r-4-42055\/\"]}]},{\"@type\":\"ImageObject\",\"inLanguage\":\"pt-BR\",\"@id\":\"https:\/\/portalmf.com.br\/index.php\/2023\/01\/17\/piso-nacional-dos-professores-sobe-para-r-4-42055\/#primaryimage\",\"url\":\"https:\/\/portalmf.com.br\/wp-content\/uploads\/2023\/01\/52602116737_9b548a7475_o.jpg\",\"contentUrl\":\"https:\/\/portalmf.com.br\/wp-content\/uploads\/2023\/01\/52602116737_9b548a7475_o.jpg\",\"width\":1170,\"height\":700},{\"@type\":\"BreadcrumbList\",\"@id\":\"https:\/\/portalmf.com.br\/index.php\/2023\/01\/17\/piso-nacional-dos-professores-sobe-para-r-4-42055\/#breadcrumb\",\"itemListElement\":[{\"@type\":\"ListItem\",\"position\":1,\"name\":\"In\u00edcio\",\"item\":\"https:\/\/portalmf.com.br\/\"},{\"@type\":\"ListItem\",\"position\":2,\"name\":\"Piso nacional dos professores sobe para R$ 4.420,55\"}]},{\"@type\":\"WebSite\",\"@id\":\"https:\/\/portalmf.com.br\/#website\",\"url\":\"https:\/\/portalmf.com.br\/\",\"name\":\"Portal MF\",\"description\":\"Voc\u00ea conectado com a informa\u00e7\u00e3o\",\"potentialAction\":[{\"@type\":\"SearchAction\",\"target\":{\"@type\":\"EntryPoint\",\"urlTemplate\":\"https:\/\/portalmf.com.br\/?s={search_term_string}\"},\"query-input\":\"required name=search_term_string\"}],\"inLanguage\":\"pt-BR\"},{\"@type\":\"Person\",\"@id\":\"https:\/\/portalmf.com.br\/#\/schema\/person\/9ec101baf56233e53520c26de5d6f6f0\",\"name\":\"Reda\u00e7\u00e3o Portal MF\",\"image\":{\"@type\":\"ImageObject\",\"inLanguage\":\"pt-BR\",\"@id\":\"https:\/\/portalmf.com.br\/#\/schema\/person\/image\/\",\"url\":\"https:\/\/secure.gravatar.com\/avatar\/41b9aaeb2100835f7c64362330f74c7f?s=96&d=mm&r=g\",\"contentUrl\":\"https:\/\/secure.gravatar.com\/avatar\/41b9aaeb2100835f7c64362330f74c7f?s=96&d=mm&r=g\",\"caption\":\"Reda\u00e7\u00e3o Portal MF\"},\"description\":\"Sejam bem-vindos o portal de informa\u00e7\u00f5es de entretenimento de Feira de Santana, desde 2006 realiza coberturas dos principais eventos com entrevistas exclusivas com as principais personalidades mundiais. Fique conectado tamb\u00e9m nas redes sociais.\",\"sameAs\":[\"http:\/\/www.portalmf.com.br\/\",\"https:\/\/www.facebook.com\/portalmfoficial\",\"https:\/\/www.instagram.com\/portalmf\/\",\"https:\/\/x.com\/https:\/\/x.com\/portalmfoficial\",\"https:\/\/www.youtube.com\/@portalmfoficial\"],\"url\":\"https:\/\/portalmf.com.br\/index.php\/author\/junior\/\"}]}<\/script>\n<!-- \/ Yoast SEO plugin. -->","yoast_head_json":{"title":"Piso nacional dos professores sobe para R$ 4.420,55 - Portal MF","robots":{"index":"index","follow":"follow","max-snippet":"max-snippet:-1","max-image-preview":"max-image-preview:large","max-video-preview":"max-video-preview:-1"},"canonical":"https:\/\/portalmf.com.br\/index.php\/2023\/01\/17\/piso-nacional-dos-professores-sobe-para-r-4-42055\/","og_locale":"pt_BR","og_type":"article","og_title":"Piso nacional dos professores sobe para R$ 4.420,55 - Portal MF","og_description":"O piso nacional dos professores subir\u00e1 para R$ 4.420,55 em 2023, um reajuste de 15% em rela\u00e7\u00e3o ao piso do ano passado, que era de R$ 3.845,63. A portaria com o novo valor foi assinada hoje (16) \u00e0 noite pelo ministro da Educa\u00e7\u00e3o, Camilo Santana. &#8220;A valoriza\u00e7\u00e3o dos nossos profissionais da educa\u00e7\u00e3o \u00e9 fator determinante [&hellip;]","og_url":"https:\/\/portalmf.com.br\/index.php\/2023\/01\/17\/piso-nacional-dos-professores-sobe-para-r-4-42055\/","og_site_name":"Portal MF","article_author":"https:\/\/www.facebook.com\/portalmfoficial","article_published_time":"2023-01-17T17:08:39+00:00","article_modified_time":"2023-01-17T17:08:40+00:00","og_image":[{"width":1170,"height":700,"url":"https:\/\/portalmf.com.br\/wp-content\/uploads\/2023\/01\/52602116737_9b548a7475_o.jpg","type":"image\/jpeg"}],"author":"Reda\u00e7\u00e3o Portal MF","twitter_card":"summary_large_image","twitter_creator":"@https:\/\/x.com\/portalmfoficial","twitter_misc":{"Escrito por":"Reda\u00e7\u00e3o Portal MF","Est. tempo de leitura":"2 minutos"},"schema":{"@context":"https:\/\/schema.org","@graph":[{"@type":"WebPage","@id":"https:\/\/portalmf.com.br\/index.php\/2023\/01\/17\/piso-nacional-dos-professores-sobe-para-r-4-42055\/","url":"https:\/\/portalmf.com.br\/index.php\/2023\/01\/17\/piso-nacional-dos-professores-sobe-para-r-4-42055\/","name":"Piso nacional dos professores sobe para R$ 4.420,55 - Portal MF","isPartOf":{"@id":"https:\/\/portalmf.com.br\/#website"},"primaryImageOfPage":{"@id":"https:\/\/portalmf.com.br\/index.php\/2023\/01\/17\/piso-nacional-dos-professores-sobe-para-r-4-42055\/#primaryimage"},"image":{"@id":"https:\/\/portalmf.com.br\/index.php\/2023\/01\/17\/piso-nacional-dos-professores-sobe-para-r-4-42055\/#primaryimage"},"thumbnailUrl":"https:\/\/portalmf.com.br\/wp-content\/uploads\/2023\/01\/52602116737_9b548a7475_o.jpg","datePublished":"2023-01-17T17:08:39+00:00","dateModified":"2023-01-17T17:08:40+00:00","author":{"@id":"https:\/\/portalmf.com.br\/#\/schema\/person\/9ec101baf56233e53520c26de5d6f6f0"},"breadcrumb":{"@id":"https:\/\/portalmf.com.br\/index.php\/2023\/01\/17\/piso-nacional-dos-professores-sobe-para-r-4-42055\/#breadcrumb"},"inLanguage":"pt-BR","potentialAction":[{"@type":"ReadAction","target":["https:\/\/portalmf.com.br\/index.php\/2023\/01\/17\/piso-nacional-dos-professores-sobe-para-r-4-42055\/"]}]},{"@type":"ImageObject","inLanguage":"pt-BR","@id":"https:\/\/portalmf.com.br\/index.php\/2023\/01\/17\/piso-nacional-dos-professores-sobe-para-r-4-42055\/#primaryimage","url":"https:\/\/portalmf.com.br\/wp-content\/uploads\/2023\/01\/52602116737_9b548a7475_o.jpg","contentUrl":"https:\/\/portalmf.com.br\/wp-content\/uploads\/2023\/01\/52602116737_9b548a7475_o.jpg","width":1170,"height":700},{"@type":"BreadcrumbList","@id":"https:\/\/portalmf.com.br\/index.php\/2023\/01\/17\/piso-nacional-dos-professores-sobe-para-r-4-42055\/#breadcrumb","itemListElement":[{"@type":"ListItem","position":1,"name":"In\u00edcio","item":"https:\/\/portalmf.com.br\/"},{"@type":"ListItem","position":2,"name":"Piso nacional dos professores sobe para R$ 4.420,55"}]},{"@type":"WebSite","@id":"https:\/\/portalmf.com.br\/#website","url":"https:\/\/portalmf.com.br\/","name":"Portal MF","description":"Voc\u00ea conectado com a informa\u00e7\u00e3o","potentialAction":[{"@type":"SearchAction","target":{"@type":"EntryPoint","urlTemplate":"https:\/\/portalmf.com.br\/?s={search_term_string}"},"query-input":"required name=search_term_string"}],"inLanguage":"pt-BR"},{"@type":"Person","@id":"https:\/\/portalmf.com.br\/#\/schema\/person\/9ec101baf56233e53520c26de5d6f6f0","name":"Reda\u00e7\u00e3o Portal MF","image":{"@type":"ImageObject","inLanguage":"pt-BR","@id":"https:\/\/portalmf.com.br\/#\/schema\/person\/image\/","url":"https:\/\/secure.gravatar.com\/avatar\/41b9aaeb2100835f7c64362330f74c7f?s=96&d=mm&r=g","contentUrl":"https:\/\/secure.gravatar.com\/avatar\/41b9aaeb2100835f7c64362330f74c7f?s=96&d=mm&r=g","caption":"Reda\u00e7\u00e3o Portal MF"},"description":"Sejam bem-vindos o portal de informa\u00e7\u00f5es de entretenimento de Feira de Santana, desde 2006 realiza coberturas dos principais eventos com entrevistas exclusivas com as principais personalidades mundiais. Fique conectado tamb\u00e9m nas redes sociais.","sameAs":["http:\/\/www.portalmf.com.br\/","https:\/\/www.facebook.com\/portalmfoficial","https:\/\/www.instagram.com\/portalmf\/","https:\/\/x.com\/https:\/\/x.com\/portalmfoficial","https:\/\/www.youtube.com\/@portalmfoficial"],"url":"https:\/\/portalmf.com.br\/index.php\/author\/junior\/"}]}},"_links":{"self":[{"href":"https:\/\/portalmf.com.br\/index.php\/wp-json\/wp\/v2\/posts\/7995"}],"collection":[{"href":"https:\/\/portalmf.com.br\/index.php\/wp-json\/wp\/v2\/posts"}],"about":[{"href":"https:\/\/portalmf.com.br\/index.php\/wp-json\/wp\/v2\/types\/post"}],"author":[{"embeddable":true,"href":"https:\/\/portalmf.com.br\/index.php\/wp-json\/wp\/v2\/users\/3"}],"replies":[{"embeddable":true,"href":"https:\/\/portalmf.com.br\/index.php\/wp-json\/wp\/v2\/comments?post=7995"}],"version-history":[{"count":1,"href":"https:\/\/portalmf.com.br\/index.php\/wp-json\/wp\/v2\/posts\/7995\/revisions"}],"predecessor-version":[{"id":7997,"href":"https:\/\/portalmf.com.br\/index.php\/wp-json\/wp\/v2\/posts\/7995\/revisions\/7997"}],"wp:featuredmedia":[{"embeddable":true,"href":"https:\/\/portalmf.com.br\/index.php\/wp-json\/wp\/v2\/media\/7996"}],"wp:attachment":[{"href":"https:\/\/portalmf.com.br\/index.php\/wp-json\/wp\/v2\/media?parent=7995"}],"wp:term":[{"taxonomy":"category","embeddable":true,"href":"https:\/\/portalmf.com.br\/index.php\/wp-json\/wp\/v2\/categories?post=7995"},{"taxonomy":"post_tag","embeddable":true,"href":"https:\/\/portalmf.com.br\/index.php\/wp-json\/wp\/v2\/tags?post=7995"}],"curies":[{"name":"wp","href":"https:\/\/api.w.org\/{rel}","templated":true}]}}