{"id":7991,"date":"2023-01-17T12:01:49","date_gmt":"2023-01-17T15:01:49","guid":{"rendered":"https:\/\/portalmf.com.br\/?p=7991"},"modified":"2023-01-17T12:01:50","modified_gmt":"2023-01-17T15:01:50","slug":"presidente-do-pt-bahia-rebate-acm-neto-perdeu-para-um-coletivo","status":"publish","type":"post","link":"https:\/\/portalmf.com.br\/index.php\/2023\/01\/17\/presidente-do-pt-bahia-rebate-acm-neto-perdeu-para-um-coletivo\/","title":{"rendered":"Presidente do PT Bahia rebate ACM Neto: &#8220;Perdeu para um coletivo&#8221;"},"content":{"rendered":"\n<p>Presidente do Partido dos Trabalhadores da Bahia, \u00c9den Valadares rebateu nesta segunda-feira, 16, a declara\u00e7\u00e3o de ACM Neto, que foi derrotado na disputa ao Governo do Estado por Jer\u00f4nimo Rodrigues. Em entrevista, o ex-prefeito de Salvador afirmou que s\u00f3 perdeu a elei\u00e7\u00e3o por causa de Lula.<\/p>\n\n\n\n<p><em>&#8220;Perdeu para Jer\u00f4nimo, para Lula, Wagner, Rui, Otto, perdeu pro 13, para um projeto, perdeu para um coletivo. Perdeu porque trata a pol\u00edtica como algo pessoal, individual &#8211; e n\u00e3o de grupo&#8221;<\/em>, respondeu o presidente estadual do PT Bahia.<\/p>\n\n\n\n<figure class=\"wp-block-image size-large\"><img fetchpriority=\"high\" decoding=\"async\" width=\"1024\" height=\"1010\" src=\"https:\/\/portalmf.com.br\/wp-content\/uploads\/2023\/01\/Presidente-do-Partido-dos-Trabalhadores-da-Bahia-Eden-Valadares-r-1024x1010.jpeg\" alt=\"\" class=\"wp-image-7992\" srcset=\"https:\/\/portalmf.com.br\/wp-content\/uploads\/2023\/01\/Presidente-do-Partido-dos-Trabalhadores-da-Bahia-Eden-Valadares-r-1024x1010.jpeg 1024w, https:\/\/portalmf.com.br\/wp-content\/uploads\/2023\/01\/Presidente-do-Partido-dos-Trabalhadores-da-Bahia-Eden-Valadares-r-300x296.jpeg 300w, https:\/\/portalmf.com.br\/wp-content\/uploads\/2023\/01\/Presidente-do-Partido-dos-Trabalhadores-da-Bahia-Eden-Valadares-r-768x757.jpeg 768w, https:\/\/portalmf.com.br\/wp-content\/uploads\/2023\/01\/Presidente-do-Partido-dos-Trabalhadores-da-Bahia-Eden-Valadares-r-585x577.jpeg 585w, https:\/\/portalmf.com.br\/wp-content\/uploads\/2023\/01\/Presidente-do-Partido-dos-Trabalhadores-da-Bahia-Eden-Valadares-r.jpeg 1080w\" sizes=\"(max-width: 1024px) 100vw, 1024px\" \/><\/figure>\n\n\n\n<p>\u00c9den criticou ainda o tom da declara\u00e7\u00e3o de ACM Neto, classificando-a como &#8220;arrogante e prepotente&#8221;. <em>&#8220;Al\u00e9m do mais, esse tipo de fala n\u00e3o \u00e9 s\u00f3 deselegante; \u00e9 arrogante e prepotente. Melhore&#8221;<\/em>, finalizou o dirigente estadual.<\/p>\n","protected":false},"excerpt":{"rendered":"<p>Presidente do Partido dos Trabalhadores da Bahia, \u00c9den Valadares rebateu nesta segunda-feira, 16, a declara\u00e7\u00e3o de ACM Neto, que foi derrotado na disputa ao Governo do Estado por Jer\u00f4nimo Rodrigues. Em entrevista, o ex-prefeito de Salvador afirmou que s\u00f3 perdeu a elei\u00e7\u00e3o por causa de Lula. &#8220;Perdeu para Jer\u00f4nimo, para Lula, Wagner, Rui, Otto, perdeu [&hellip;]<\/p>\n","protected":false},"author":3,"featured_media":7993,"comment_status":"open","ping_status":"open","sticky":false,"template":"","format":"standard","meta":{"_monsterinsights_skip_tracking":false,"_monsterinsights_sitenote_active":false,"_monsterinsights_sitenote_note":"","_monsterinsights_sitenote_category":0,"footnotes":""},"categories":[34],"tags":[],"yoast_head":"<!-- This site is optimized with the Yoast SEO plugin v22.9 - https:\/\/yoast.com\/wordpress\/plugins\/seo\/ -->\n<title>Presidente do PT Bahia rebate ACM Neto: &quot;Perdeu para um coletivo&quot; - Portal MF<\/title>\n<meta name=\"robots\" content=\"index, follow, max-snippet:-1, max-image-preview:large, max-video-preview:-1\" \/>\n<link rel=\"canonical\" href=\"https:\/\/portalmf.com.br\/index.php\/2023\/01\/17\/presidente-do-pt-bahia-rebate-acm-neto-perdeu-para-um-coletivo\/\" \/>\n<meta property=\"og:locale\" content=\"pt_BR\" \/>\n<meta property=\"og:type\" content=\"article\" \/>\n<meta property=\"og:title\" content=\"Presidente do PT Bahia rebate ACM Neto: &quot;Perdeu para um coletivo&quot; - Portal MF\" \/>\n<meta property=\"og:description\" content=\"Presidente do Partido dos Trabalhadores da Bahia, \u00c9den Valadares rebateu nesta segunda-feira, 16, a declara\u00e7\u00e3o de ACM Neto, que foi derrotado na disputa ao Governo do Estado por Jer\u00f4nimo Rodrigues. Em entrevista, o ex-prefeito de Salvador afirmou que s\u00f3 perdeu a elei\u00e7\u00e3o por causa de Lula. &#8220;Perdeu para Jer\u00f4nimo, para Lula, Wagner, Rui, Otto, perdeu [&hellip;]\" \/>\n<meta property=\"og:url\" content=\"https:\/\/portalmf.com.br\/index.php\/2023\/01\/17\/presidente-do-pt-bahia-rebate-acm-neto-perdeu-para-um-coletivo\/\" \/>\n<meta property=\"og:site_name\" content=\"Portal MF\" \/>\n<meta property=\"article:author\" content=\"https:\/\/www.facebook.com\/portalmfoficial\" \/>\n<meta property=\"article:published_time\" content=\"2023-01-17T15:01:49+00:00\" \/>\n<meta property=\"article:modified_time\" content=\"2023-01-17T15:01:50+00:00\" \/>\n<meta property=\"og:image\" content=\"https:\/\/portalmf.com.br\/wp-content\/uploads\/2023\/01\/Presidente-do-Partido-dos-Trabalhadores-da-Bahia-Eden-Valadares.jpeg\" \/>\n\t<meta property=\"og:image:width\" content=\"1082\" \/>\n\t<meta property=\"og:image:height\" content=\"740\" \/>\n\t<meta property=\"og:image:type\" content=\"image\/jpeg\" \/>\n<meta name=\"author\" content=\"Reda\u00e7\u00e3o Portal MF\" \/>\n<meta name=\"twitter:card\" content=\"summary_large_image\" \/>\n<meta name=\"twitter:creator\" content=\"@https:\/\/x.com\/portalmfoficial\" \/>\n<meta name=\"twitter:label1\" content=\"Escrito por\" \/>\n\t<meta name=\"twitter:data1\" content=\"Reda\u00e7\u00e3o Portal MF\" \/>\n\t<meta name=\"twitter:label2\" content=\"Est. tempo de leitura\" \/>\n\t<meta name=\"twitter:data2\" content=\"1 minuto\" \/>\n<script type=\"application\/ld+json\" class=\"yoast-schema-graph\">{\"@context\":\"https:\/\/schema.org\",\"@graph\":[{\"@type\":\"WebPage\",\"@id\":\"https:\/\/portalmf.com.br\/index.php\/2023\/01\/17\/presidente-do-pt-bahia-rebate-acm-neto-perdeu-para-um-coletivo\/\",\"url\":\"https:\/\/portalmf.com.br\/index.php\/2023\/01\/17\/presidente-do-pt-bahia-rebate-acm-neto-perdeu-para-um-coletivo\/\",\"name\":\"Presidente do PT Bahia rebate ACM Neto: \\\"Perdeu para um coletivo\\\" - Portal MF\",\"isPartOf\":{\"@id\":\"https:\/\/portalmf.com.br\/#website\"},\"primaryImageOfPage\":{\"@id\":\"https:\/\/portalmf.com.br\/index.php\/2023\/01\/17\/presidente-do-pt-bahia-rebate-acm-neto-perdeu-para-um-coletivo\/#primaryimage\"},\"image\":{\"@id\":\"https:\/\/portalmf.com.br\/index.php\/2023\/01\/17\/presidente-do-pt-bahia-rebate-acm-neto-perdeu-para-um-coletivo\/#primaryimage\"},\"thumbnailUrl\":\"https:\/\/portalmf.com.br\/wp-content\/uploads\/2023\/01\/Presidente-do-Partido-dos-Trabalhadores-da-Bahia-Eden-Valadares.jpeg\",\"datePublished\":\"2023-01-17T15:01:49+00:00\",\"dateModified\":\"2023-01-17T15:01:50+00:00\",\"author\":{\"@id\":\"https:\/\/portalmf.com.br\/#\/schema\/person\/9ec101baf56233e53520c26de5d6f6f0\"},\"breadcrumb\":{\"@id\":\"https:\/\/portalmf.com.br\/index.php\/2023\/01\/17\/presidente-do-pt-bahia-rebate-acm-neto-perdeu-para-um-coletivo\/#breadcrumb\"},\"inLanguage\":\"pt-BR\",\"potentialAction\":[{\"@type\":\"ReadAction\",\"target\":[\"https:\/\/portalmf.com.br\/index.php\/2023\/01\/17\/presidente-do-pt-bahia-rebate-acm-neto-perdeu-para-um-coletivo\/\"]}]},{\"@type\":\"ImageObject\",\"inLanguage\":\"pt-BR\",\"@id\":\"https:\/\/portalmf.com.br\/index.php\/2023\/01\/17\/presidente-do-pt-bahia-rebate-acm-neto-perdeu-para-um-coletivo\/#primaryimage\",\"url\":\"https:\/\/portalmf.com.br\/wp-content\/uploads\/2023\/01\/Presidente-do-Partido-dos-Trabalhadores-da-Bahia-Eden-Valadares.jpeg\",\"contentUrl\":\"https:\/\/portalmf.com.br\/wp-content\/uploads\/2023\/01\/Presidente-do-Partido-dos-Trabalhadores-da-Bahia-Eden-Valadares.jpeg\",\"width\":1082,\"height\":740},{\"@type\":\"BreadcrumbList\",\"@id\":\"https:\/\/portalmf.com.br\/index.php\/2023\/01\/17\/presidente-do-pt-bahia-rebate-acm-neto-perdeu-para-um-coletivo\/#breadcrumb\",\"itemListElement\":[{\"@type\":\"ListItem\",\"position\":1,\"name\":\"In\u00edcio\",\"item\":\"https:\/\/portalmf.com.br\/\"},{\"@type\":\"ListItem\",\"position\":2,\"name\":\"Presidente do PT Bahia rebate ACM Neto: &#8220;Perdeu para um coletivo&#8221;\"}]},{\"@type\":\"WebSite\",\"@id\":\"https:\/\/portalmf.com.br\/#website\",\"url\":\"https:\/\/portalmf.com.br\/\",\"name\":\"Portal MF\",\"description\":\"Voc\u00ea conectado com a informa\u00e7\u00e3o\",\"potentialAction\":[{\"@type\":\"SearchAction\",\"target\":{\"@type\":\"EntryPoint\",\"urlTemplate\":\"https:\/\/portalmf.com.br\/?s={search_term_string}\"},\"query-input\":\"required name=search_term_string\"}],\"inLanguage\":\"pt-BR\"},{\"@type\":\"Person\",\"@id\":\"https:\/\/portalmf.com.br\/#\/schema\/person\/9ec101baf56233e53520c26de5d6f6f0\",\"name\":\"Reda\u00e7\u00e3o Portal MF\",\"image\":{\"@type\":\"ImageObject\",\"inLanguage\":\"pt-BR\",\"@id\":\"https:\/\/portalmf.com.br\/#\/schema\/person\/image\/\",\"url\":\"https:\/\/secure.gravatar.com\/avatar\/41b9aaeb2100835f7c64362330f74c7f?s=96&d=mm&r=g\",\"contentUrl\":\"https:\/\/secure.gravatar.com\/avatar\/41b9aaeb2100835f7c64362330f74c7f?s=96&d=mm&r=g\",\"caption\":\"Reda\u00e7\u00e3o Portal MF\"},\"description\":\"Sejam bem-vindos o portal de informa\u00e7\u00f5es de entretenimento de Feira de Santana, desde 2006 realiza coberturas dos principais eventos com entrevistas exclusivas com as principais personalidades mundiais. Fique conectado tamb\u00e9m nas redes sociais.\",\"sameAs\":[\"http:\/\/www.portalmf.com.br\/\",\"https:\/\/www.facebook.com\/portalmfoficial\",\"https:\/\/www.instagram.com\/portalmf\/\",\"https:\/\/x.com\/https:\/\/x.com\/portalmfoficial\",\"https:\/\/www.youtube.com\/@portalmfoficial\"],\"url\":\"https:\/\/portalmf.com.br\/index.php\/author\/junior\/\"}]}<\/script>\n<!-- \/ Yoast SEO plugin. -->","yoast_head_json":{"title":"Presidente do PT Bahia rebate ACM Neto: \"Perdeu para um coletivo\" - Portal MF","robots":{"index":"index","follow":"follow","max-snippet":"max-snippet:-1","max-image-preview":"max-image-preview:large","max-video-preview":"max-video-preview:-1"},"canonical":"https:\/\/portalmf.com.br\/index.php\/2023\/01\/17\/presidente-do-pt-bahia-rebate-acm-neto-perdeu-para-um-coletivo\/","og_locale":"pt_BR","og_type":"article","og_title":"Presidente do PT Bahia rebate ACM Neto: \"Perdeu para um coletivo\" - Portal MF","og_description":"Presidente do Partido dos Trabalhadores da Bahia, \u00c9den Valadares rebateu nesta segunda-feira, 16, a declara\u00e7\u00e3o de ACM Neto, que foi derrotado na disputa ao Governo do Estado por Jer\u00f4nimo Rodrigues. Em entrevista, o ex-prefeito de Salvador afirmou que s\u00f3 perdeu a elei\u00e7\u00e3o por causa de Lula. &#8220;Perdeu para Jer\u00f4nimo, para Lula, Wagner, Rui, Otto, perdeu [&hellip;]","og_url":"https:\/\/portalmf.com.br\/index.php\/2023\/01\/17\/presidente-do-pt-bahia-rebate-acm-neto-perdeu-para-um-coletivo\/","og_site_name":"Portal MF","article_author":"https:\/\/www.facebook.com\/portalmfoficial","article_published_time":"2023-01-17T15:01:49+00:00","article_modified_time":"2023-01-17T15:01:50+00:00","og_image":[{"width":1082,"height":740,"url":"https:\/\/portalmf.com.br\/wp-content\/uploads\/2023\/01\/Presidente-do-Partido-dos-Trabalhadores-da-Bahia-Eden-Valadares.jpeg","type":"image\/jpeg"}],"author":"Reda\u00e7\u00e3o Portal MF","twitter_card":"summary_large_image","twitter_creator":"@https:\/\/x.com\/portalmfoficial","twitter_misc":{"Escrito por":"Reda\u00e7\u00e3o Portal MF","Est. tempo de leitura":"1 minuto"},"schema":{"@context":"https:\/\/schema.org","@graph":[{"@type":"WebPage","@id":"https:\/\/portalmf.com.br\/index.php\/2023\/01\/17\/presidente-do-pt-bahia-rebate-acm-neto-perdeu-para-um-coletivo\/","url":"https:\/\/portalmf.com.br\/index.php\/2023\/01\/17\/presidente-do-pt-bahia-rebate-acm-neto-perdeu-para-um-coletivo\/","name":"Presidente do PT Bahia rebate ACM Neto: \"Perdeu para um coletivo\" - Portal MF","isPartOf":{"@id":"https:\/\/portalmf.com.br\/#website"},"primaryImageOfPage":{"@id":"https:\/\/portalmf.com.br\/index.php\/2023\/01\/17\/presidente-do-pt-bahia-rebate-acm-neto-perdeu-para-um-coletivo\/#primaryimage"},"image":{"@id":"https:\/\/portalmf.com.br\/index.php\/2023\/01\/17\/presidente-do-pt-bahia-rebate-acm-neto-perdeu-para-um-coletivo\/#primaryimage"},"thumbnailUrl":"https:\/\/portalmf.com.br\/wp-content\/uploads\/2023\/01\/Presidente-do-Partido-dos-Trabalhadores-da-Bahia-Eden-Valadares.jpeg","datePublished":"2023-01-17T15:01:49+00:00","dateModified":"2023-01-17T15:01:50+00:00","author":{"@id":"https:\/\/portalmf.com.br\/#\/schema\/person\/9ec101baf56233e53520c26de5d6f6f0"},"breadcrumb":{"@id":"https:\/\/portalmf.com.br\/index.php\/2023\/01\/17\/presidente-do-pt-bahia-rebate-acm-neto-perdeu-para-um-coletivo\/#breadcrumb"},"inLanguage":"pt-BR","potentialAction":[{"@type":"ReadAction","target":["https:\/\/portalmf.com.br\/index.php\/2023\/01\/17\/presidente-do-pt-bahia-rebate-acm-neto-perdeu-para-um-coletivo\/"]}]},{"@type":"ImageObject","inLanguage":"pt-BR","@id":"https:\/\/portalmf.com.br\/index.php\/2023\/01\/17\/presidente-do-pt-bahia-rebate-acm-neto-perdeu-para-um-coletivo\/#primaryimage","url":"https:\/\/portalmf.com.br\/wp-content\/uploads\/2023\/01\/Presidente-do-Partido-dos-Trabalhadores-da-Bahia-Eden-Valadares.jpeg","contentUrl":"https:\/\/portalmf.com.br\/wp-content\/uploads\/2023\/01\/Presidente-do-Partido-dos-Trabalhadores-da-Bahia-Eden-Valadares.jpeg","width":1082,"height":740},{"@type":"BreadcrumbList","@id":"https:\/\/portalmf.com.br\/index.php\/2023\/01\/17\/presidente-do-pt-bahia-rebate-acm-neto-perdeu-para-um-coletivo\/#breadcrumb","itemListElement":[{"@type":"ListItem","position":1,"name":"In\u00edcio","item":"https:\/\/portalmf.com.br\/"},{"@type":"ListItem","position":2,"name":"Presidente do PT Bahia rebate ACM Neto: &#8220;Perdeu para um coletivo&#8221;"}]},{"@type":"WebSite","@id":"https:\/\/portalmf.com.br\/#website","url":"https:\/\/portalmf.com.br\/","name":"Portal MF","description":"Voc\u00ea conectado com a informa\u00e7\u00e3o","potentialAction":[{"@type":"SearchAction","target":{"@type":"EntryPoint","urlTemplate":"https:\/\/portalmf.com.br\/?s={search_term_string}"},"query-input":"required name=search_term_string"}],"inLanguage":"pt-BR"},{"@type":"Person","@id":"https:\/\/portalmf.com.br\/#\/schema\/person\/9ec101baf56233e53520c26de5d6f6f0","name":"Reda\u00e7\u00e3o Portal MF","image":{"@type":"ImageObject","inLanguage":"pt-BR","@id":"https:\/\/portalmf.com.br\/#\/schema\/person\/image\/","url":"https:\/\/secure.gravatar.com\/avatar\/41b9aaeb2100835f7c64362330f74c7f?s=96&d=mm&r=g","contentUrl":"https:\/\/secure.gravatar.com\/avatar\/41b9aaeb2100835f7c64362330f74c7f?s=96&d=mm&r=g","caption":"Reda\u00e7\u00e3o Portal MF"},"description":"Sejam bem-vindos o portal de informa\u00e7\u00f5es de entretenimento de Feira de Santana, desde 2006 realiza coberturas dos principais eventos com entrevistas exclusivas com as principais personalidades mundiais. Fique conectado tamb\u00e9m nas redes sociais.","sameAs":["http:\/\/www.portalmf.com.br\/","https:\/\/www.facebook.com\/portalmfoficial","https:\/\/www.instagram.com\/portalmf\/","https:\/\/x.com\/https:\/\/x.com\/portalmfoficial","https:\/\/www.youtube.com\/@portalmfoficial"],"url":"https:\/\/portalmf.com.br\/index.php\/author\/junior\/"}]}},"_links":{"self":[{"href":"https:\/\/portalmf.com.br\/index.php\/wp-json\/wp\/v2\/posts\/7991"}],"collection":[{"href":"https:\/\/portalmf.com.br\/index.php\/wp-json\/wp\/v2\/posts"}],"about":[{"href":"https:\/\/portalmf.com.br\/index.php\/wp-json\/wp\/v2\/types\/post"}],"author":[{"embeddable":true,"href":"https:\/\/portalmf.com.br\/index.php\/wp-json\/wp\/v2\/users\/3"}],"replies":[{"embeddable":true,"href":"https:\/\/portalmf.com.br\/index.php\/wp-json\/wp\/v2\/comments?post=7991"}],"version-history":[{"count":1,"href":"https:\/\/portalmf.com.br\/index.php\/wp-json\/wp\/v2\/posts\/7991\/revisions"}],"predecessor-version":[{"id":7994,"href":"https:\/\/portalmf.com.br\/index.php\/wp-json\/wp\/v2\/posts\/7991\/revisions\/7994"}],"wp:featuredmedia":[{"embeddable":true,"href":"https:\/\/portalmf.com.br\/index.php\/wp-json\/wp\/v2\/media\/7993"}],"wp:attachment":[{"href":"https:\/\/portalmf.com.br\/index.php\/wp-json\/wp\/v2\/media?parent=7991"}],"wp:term":[{"taxonomy":"category","embeddable":true,"href":"https:\/\/portalmf.com.br\/index.php\/wp-json\/wp\/v2\/categories?post=7991"},{"taxonomy":"post_tag","embeddable":true,"href":"https:\/\/portalmf.com.br\/index.php\/wp-json\/wp\/v2\/tags?post=7991"}],"curies":[{"name":"wp","href":"https:\/\/api.w.org\/{rel}","templated":true}]}}